{"id":512,"date":"2015-06-19T14:04:35","date_gmt":"2015-06-19T12:04:35","guid":{"rendered":"http:\/\/projectes.fundesplai.org\/esplaismessostenibles\/?p=490"},"modified":"2023-07-12T13:34:42","modified_gmt":"2023-07-12T11:34:42","slug":"cabana-sostenible-realitzada-pels-infants-del-centre-esplai-endinsat","status":"publish","type":"post","link":"https:\/\/fundesplai.org\/esplaismessostenibles\/2015\/06\/19\/cabana-sostenible-realitzada-pels-infants-del-centre-esplai-endinsat\/","title":{"rendered":"Cabana Sostenible realitzada pels infants del Centre Esplai Endinsa&#8217;t"},"content":{"rendered":"<p><span style=\"color: #000000\"><a href=\"https:\/\/fundesplai.org\/esplaismessostenibles\/wp-content\/uploads\/sites\/12\/2015\/06\/Cabana-Reciclada-ENDINSAT1.jpg\"><img loading=\"lazy\" decoding=\"async\" class=\"alignleft size-medium wp-image-489\" src=\"https:\/\/fundesplai.org\/esplaismessostenibles\/wp-content\/uploads\/sites\/12\/2015\/06\/Cabana-Reciclada-ENDINSAT1-300x275.jpg\" alt=\"Cabana Reciclada ENDINSA'T1\" width=\"300\" height=\"275\" \/><\/a><a style=\"color: #000000\" href=\"http:\/\/www.endinsat.org\/\">L&#8217;esplai Endinsa&#8217;t<\/a> , aquest curs ten\u00edem com objectiu apropiar-nos de l&#8217;espai que ens envolta i el pati, un pati sense vida i amb moltes herbes. Un mat\u00ed vam seure amb els infants i vam fer una pluja d&#8217;idees sobre activitats que ens agradaria fer durant el curs. Algunes de les idees que van apar\u00e8ixer van ser: excursions, col\u00f2nies, tallers\u2026i\u00a0fer coses al pati. Aleshores vam centrar-nos en que podr\u00edem\u00a0 fer al pati i van sorgir moltes propostes per\u00f2 la m\u00e9s viable va ser la de fer una cabana amb material reciclat. Per tal de poder engegar i realitzar aquesta activitat ha estat molt important, en tot aquest treball realitzat, la implicaci\u00f3 de les fam\u00edlies i la motivaci\u00f3 i entusiasme dels infants a l&#8217;hora de fer el disseny, buscar el material, realitzar els &#8220;ciments&#8221;&#8230;<\/span><\/p>\n<p><span style=\"color: #000000\">Tots els dissabtes, a mida que anava arribant el material, ens pos\u00e0vem a treballar de valent, per tal de poder, a dia d&#8217;avui, gaudir d&#8217;una cabana que porta un granet de sorra de totes aquelles persones que han participat en aquest curs al centre d&#8217;esplai endinsa&#8217;t.<\/span><\/p>\n<p><span style=\"color: #000000\">Aquest projecte s\u2019emmarca en la proposta educativa <a href=\"https:\/\/projectes.fundesplai.org\/esplaismessostenibles\">Esplais m\u00e9s Sostenibles!<\/a><\/span><\/p>\n","protected":false},"excerpt":{"rendered":"<p>L&#8217;esplai Endinsa&#8217;t , aquest curs ten\u00edem com objectiu apropiar-nos de l&#8217;espai que ens envolta i el pati, un pati sense vida i amb moltes herbes. Un mat\u00ed vam seure amb els infants i vam fer una pluja d&#8217;idees sobre activitats que ens agradaria fer durant el curs. Algunes de les idees que van apar\u00e8ixer van [&hellip;]<\/p>\n","protected":false},"author":4,"featured_media":488,"comment_status":"open","ping_status":"open","sticky":false,"template":"","format":"standard","meta":{"_et_pb_use_builder":"","_et_pb_old_content":"","_et_gb_content_width":"","footnotes":""},"categories":[20],"tags":[],"class_list":["post-512","post","type-post","status-publish","format-standard","has-post-thumbnail","hentry","category-experiencies-llista"],"yoast_head":"<!-- This site is optimized with the Yoast SEO plugin v27.5 - https:\/\/yoast.com\/product\/yoast-seo-wordpress\/ -->\n<title>Cabana Sostenible realitzada pels infants del Centre Esplai Endinsa&#039;t - Esplais M\u00e9s Sostenibles<\/title>\n<meta name=\"robots\" content=\"index, follow, max-snippet:-1, max-image-preview:large, max-video-preview:-1\" \/>\n<link rel=\"canonical\" href=\"https:\/\/fundesplai.org\/esplaismessostenibles\/2015\/06\/19\/cabana-sostenible-realitzada-pels-infants-del-centre-esplai-endinsat\/\" \/>\n<meta property=\"og:locale\" content=\"ca_ES\" \/>\n<meta property=\"og:type\" content=\"article\" \/>\n<meta property=\"og:title\" content=\"Cabana Sostenible realitzada pels infants del Centre Esplai Endinsa&#039;t - Esplais M\u00e9s Sostenibles\" \/>\n<meta property=\"og:description\" content=\"L&#8217;esplai Endinsa&#8217;t , aquest curs ten\u00edem com objectiu apropiar-nos de l&#8217;espai que ens envolta i el pati, un pati sense vida i amb moltes herbes. Un mat\u00ed vam seure amb els infants i vam fer una pluja d&#8217;idees sobre activitats que ens agradaria fer durant el curs. Algunes de les idees que van apar\u00e8ixer van [&hellip;]\" \/>\n<meta property=\"og:url\" content=\"https:\/\/fundesplai.org\/esplaismessostenibles\/2015\/06\/19\/cabana-sostenible-realitzada-pels-infants-del-centre-esplai-endinsat\/\" \/>\n<meta property=\"og:site_name\" content=\"Esplais M\u00e9s Sostenibles\" \/>\n<meta property=\"article:published_time\" content=\"2015-06-19T12:04:35+00:00\" \/>\n<meta property=\"article:modified_time\" content=\"2023-07-12T11:34:42+00:00\" \/>\n<meta property=\"og:image\" content=\"https:\/\/fundesplai.org\/esplaismessostenibles\/wp-content\/uploads\/sites\/12\/2015\/06\/Cabana-Reciclada-ENDINSAT.jpg\" \/>\n\t<meta property=\"og:image:width\" content=\"960\" \/>\n\t<meta property=\"og:image:height\" content=\"782\" \/>\n\t<meta property=\"og:image:type\" content=\"image\/jpeg\" \/>\n<meta name=\"author\" content=\"Ferran\" \/>\n<meta name=\"twitter:card\" content=\"summary_large_image\" \/>\n<meta name=\"twitter:label1\" content=\"Escrit per\" \/>\n\t<meta name=\"twitter:data1\" content=\"Ferran\" \/>\n\t<meta name=\"twitter:label2\" content=\"Temps estimat de lectura\" \/>\n\t<meta name=\"twitter:data2\" content=\"2 minuts\" \/>\n<script type=\"application\/ld+json\" class=\"yoast-schema-graph\">{\"@context\":\"https:\\\/\\\/schema.org\",\"@graph\":[{\"@type\":\"Article\",\"@id\":\"https:\\\/\\\/fundesplai.org\\\/esplaismessostenibles\\\/2015\\\/06\\\/19\\\/cabana-sostenible-realitzada-pels-infants-del-centre-esplai-endinsat\\\/#article\",\"isPartOf\":{\"@id\":\"https:\\\/\\\/fundesplai.org\\\/esplaismessostenibles\\\/2015\\\/06\\\/19\\\/cabana-sostenible-realitzada-pels-infants-del-centre-esplai-endinsat\\\/\"},\"author\":{\"name\":\"Ferran\",\"@id\":\"https:\\\/\\\/fundesplai.org\\\/esplaismessostenibles\\\/#\\\/schema\\\/person\\\/67e7825d8ec54561cc24e36ba6b0f633\"},\"headline\":\"Cabana Sostenible realitzada pels infants del Centre Esplai Endinsa&#8217;t\",\"datePublished\":\"2015-06-19T12:04:35+00:00\",\"dateModified\":\"2023-07-12T11:34:42+00:00\",\"mainEntityOfPage\":{\"@id\":\"https:\\\/\\\/fundesplai.org\\\/esplaismessostenibles\\\/2015\\\/06\\\/19\\\/cabana-sostenible-realitzada-pels-infants-del-centre-esplai-endinsat\\\/\"},\"wordCount\":217,\"commentCount\":0,\"image\":{\"@id\":\"https:\\\/\\\/fundesplai.org\\\/esplaismessostenibles\\\/2015\\\/06\\\/19\\\/cabana-sostenible-realitzada-pels-infants-del-centre-esplai-endinsat\\\/#primaryimage\"},\"thumbnailUrl\":\"https:\\\/\\\/fundesplai.org\\\/esplaismessostenibles\\\/wp-content\\\/uploads\\\/sites\\\/12\\\/2015\\\/06\\\/Cabana-Reciclada-ENDINSAT.jpg\",\"articleSection\":[\"Experi\u00e8ncies\"],\"inLanguage\":\"ca\",\"potentialAction\":[{\"@type\":\"CommentAction\",\"name\":\"Comment\",\"target\":[\"https:\\\/\\\/fundesplai.org\\\/esplaismessostenibles\\\/2015\\\/06\\\/19\\\/cabana-sostenible-realitzada-pels-infants-del-centre-esplai-endinsat\\\/#respond\"]}]},{\"@type\":\"WebPage\",\"@id\":\"https:\\\/\\\/fundesplai.org\\\/esplaismessostenibles\\\/2015\\\/06\\\/19\\\/cabana-sostenible-realitzada-pels-infants-del-centre-esplai-endinsat\\\/\",\"url\":\"https:\\\/\\\/fundesplai.org\\\/esplaismessostenibles\\\/2015\\\/06\\\/19\\\/cabana-sostenible-realitzada-pels-infants-del-centre-esplai-endinsat\\\/\",\"name\":\"Cabana Sostenible realitzada pels infants del Centre Esplai Endinsa't - Esplais M\u00e9s Sostenibles\",\"isPartOf\":{\"@id\":\"https:\\\/\\\/fundesplai.org\\\/esplaismessostenibles\\\/#website\"},\"primaryImageOfPage\":{\"@id\":\"https:\\\/\\\/fundesplai.org\\\/esplaismessostenibles\\\/2015\\\/06\\\/19\\\/cabana-sostenible-realitzada-pels-infants-del-centre-esplai-endinsat\\\/#primaryimage\"},\"image\":{\"@id\":\"https:\\\/\\\/fundesplai.org\\\/esplaismessostenibles\\\/2015\\\/06\\\/19\\\/cabana-sostenible-realitzada-pels-infants-del-centre-esplai-endinsat\\\/#primaryimage\"},\"thumbnailUrl\":\"https:\\\/\\\/fundesplai.org\\\/esplaismessostenibles\\\/wp-content\\\/uploads\\\/sites\\\/12\\\/2015\\\/06\\\/Cabana-Reciclada-ENDINSAT.jpg\",\"datePublished\":\"2015-06-19T12:04:35+00:00\",\"dateModified\":\"2023-07-12T11:34:42+00:00\",\"author\":{\"@id\":\"https:\\\/\\\/fundesplai.org\\\/esplaismessostenibles\\\/#\\\/schema\\\/person\\\/67e7825d8ec54561cc24e36ba6b0f633\"},\"breadcrumb\":{\"@id\":\"https:\\\/\\\/fundesplai.org\\\/esplaismessostenibles\\\/2015\\\/06\\\/19\\\/cabana-sostenible-realitzada-pels-infants-del-centre-esplai-endinsat\\\/#breadcrumb\"},\"inLanguage\":\"ca\",\"potentialAction\":[{\"@type\":\"ReadAction\",\"target\":[\"https:\\\/\\\/fundesplai.org\\\/esplaismessostenibles\\\/2015\\\/06\\\/19\\\/cabana-sostenible-realitzada-pels-infants-del-centre-esplai-endinsat\\\/\"]}]},{\"@type\":\"ImageObject\",\"inLanguage\":\"ca\",\"@id\":\"https:\\\/\\\/fundesplai.org\\\/esplaismessostenibles\\\/2015\\\/06\\\/19\\\/cabana-sostenible-realitzada-pels-infants-del-centre-esplai-endinsat\\\/#primaryimage\",\"url\":\"https:\\\/\\\/fundesplai.org\\\/esplaismessostenibles\\\/wp-content\\\/uploads\\\/sites\\\/12\\\/2015\\\/06\\\/Cabana-Reciclada-ENDINSAT.jpg\",\"contentUrl\":\"https:\\\/\\\/fundesplai.org\\\/esplaismessostenibles\\\/wp-content\\\/uploads\\\/sites\\\/12\\\/2015\\\/06\\\/Cabana-Reciclada-ENDINSAT.jpg\",\"width\":960,\"height\":782},{\"@type\":\"BreadcrumbList\",\"@id\":\"https:\\\/\\\/fundesplai.org\\\/esplaismessostenibles\\\/2015\\\/06\\\/19\\\/cabana-sostenible-realitzada-pels-infants-del-centre-esplai-endinsat\\\/#breadcrumb\",\"itemListElement\":[{\"@type\":\"ListItem\",\"position\":1,\"name\":\"Inici\",\"item\":\"\\\/\"},{\"@type\":\"ListItem\",\"position\":2,\"name\":\"Esplais M\u00e9s Sostenibles\",\"item\":\"https:\\\/\\\/fundesplai.org\\\/esplaismessostenibles\"},{\"@type\":\"ListItem\",\"position\":3,\"name\":\"Cabana Sostenible realitzada pels infants del Centre Esplai Endinsa&#8217;t\"}]},{\"@type\":\"WebSite\",\"@id\":\"https:\\\/\\\/fundesplai.org\\\/esplaismessostenibles\\\/#website\",\"url\":\"https:\\\/\\\/fundesplai.org\\\/esplaismessostenibles\\\/\",\"name\":\"Esplais M\u00e9s Sostenibles\",\"description\":\"Proposta educativa de Fundesplai\",\"potentialAction\":[{\"@type\":\"SearchAction\",\"target\":{\"@type\":\"EntryPoint\",\"urlTemplate\":\"https:\\\/\\\/fundesplai.org\\\/esplaismessostenibles\\\/?s={search_term_string}\"},\"query-input\":{\"@type\":\"PropertyValueSpecification\",\"valueRequired\":true,\"valueName\":\"search_term_string\"}}],\"inLanguage\":\"ca\"},{\"@type\":\"Person\",\"@id\":\"https:\\\/\\\/fundesplai.org\\\/esplaismessostenibles\\\/#\\\/schema\\\/person\\\/67e7825d8ec54561cc24e36ba6b0f633\",\"name\":\"Ferran\",\"image\":{\"@type\":\"ImageObject\",\"inLanguage\":\"ca\",\"@id\":\"https:\\\/\\\/secure.gravatar.com\\\/avatar\\\/a3510350976b58aae6eccd1e36f066b660a69ef63f97fde3cba8205db7db816a?s=96&d=mm&r=g\",\"url\":\"https:\\\/\\\/secure.gravatar.com\\\/avatar\\\/a3510350976b58aae6eccd1e36f066b660a69ef63f97fde3cba8205db7db816a?s=96&d=mm&r=g\",\"contentUrl\":\"https:\\\/\\\/secure.gravatar.com\\\/avatar\\\/a3510350976b58aae6eccd1e36f066b660a69ef63f97fde3cba8205db7db816a?s=96&d=mm&r=g\",\"caption\":\"Ferran\"},\"url\":\"https:\\\/\\\/fundesplai.org\\\/esplaismessostenibles\\\/author\\\/fvidal\\\/\"}]}<\/script>\n<!-- \/ Yoast SEO plugin. -->","yoast_head_json":{"title":"Cabana Sostenible realitzada pels infants del Centre Esplai Endinsa't - Esplais M\u00e9s Sostenibles","robots":{"index":"index","follow":"follow","max-snippet":"max-snippet:-1","max-image-preview":"max-image-preview:large","max-video-preview":"max-video-preview:-1"},"canonical":"https:\/\/fundesplai.org\/esplaismessostenibles\/2015\/06\/19\/cabana-sostenible-realitzada-pels-infants-del-centre-esplai-endinsat\/","og_locale":"ca_ES","og_type":"article","og_title":"Cabana Sostenible realitzada pels infants del Centre Esplai Endinsa't - Esplais M\u00e9s Sostenibles","og_description":"L&#8217;esplai Endinsa&#8217;t , aquest curs ten\u00edem com objectiu apropiar-nos de l&#8217;espai que ens envolta i el pati, un pati sense vida i amb moltes herbes. Un mat\u00ed vam seure amb els infants i vam fer una pluja d&#8217;idees sobre activitats que ens agradaria fer durant el curs. Algunes de les idees que van apar\u00e8ixer van [&hellip;]","og_url":"https:\/\/fundesplai.org\/esplaismessostenibles\/2015\/06\/19\/cabana-sostenible-realitzada-pels-infants-del-centre-esplai-endinsat\/","og_site_name":"Esplais M\u00e9s Sostenibles","article_published_time":"2015-06-19T12:04:35+00:00","article_modified_time":"2023-07-12T11:34:42+00:00","og_image":[{"width":960,"height":782,"url":"https:\/\/fundesplai.org\/esplaismessostenibles\/wp-content\/uploads\/sites\/12\/2015\/06\/Cabana-Reciclada-ENDINSAT.jpg","type":"image\/jpeg"}],"author":"Ferran","twitter_card":"summary_large_image","twitter_misc":{"Escrit per":"Ferran","Temps estimat de lectura":"2 minuts"},"schema":{"@context":"https:\/\/schema.org","@graph":[{"@type":"Article","@id":"https:\/\/fundesplai.org\/esplaismessostenibles\/2015\/06\/19\/cabana-sostenible-realitzada-pels-infants-del-centre-esplai-endinsat\/#article","isPartOf":{"@id":"https:\/\/fundesplai.org\/esplaismessostenibles\/2015\/06\/19\/cabana-sostenible-realitzada-pels-infants-del-centre-esplai-endinsat\/"},"author":{"name":"Ferran","@id":"https:\/\/fundesplai.org\/esplaismessostenibles\/#\/schema\/person\/67e7825d8ec54561cc24e36ba6b0f633"},"headline":"Cabana Sostenible realitzada pels infants del Centre Esplai Endinsa&#8217;t","datePublished":"2015-06-19T12:04:35+00:00","dateModified":"2023-07-12T11:34:42+00:00","mainEntityOfPage":{"@id":"https:\/\/fundesplai.org\/esplaismessostenibles\/2015\/06\/19\/cabana-sostenible-realitzada-pels-infants-del-centre-esplai-endinsat\/"},"wordCount":217,"commentCount":0,"image":{"@id":"https:\/\/fundesplai.org\/esplaismessostenibles\/2015\/06\/19\/cabana-sostenible-realitzada-pels-infants-del-centre-esplai-endinsat\/#primaryimage"},"thumbnailUrl":"https:\/\/fundesplai.org\/esplaismessostenibles\/wp-content\/uploads\/sites\/12\/2015\/06\/Cabana-Reciclada-ENDINSAT.jpg","articleSection":["Experi\u00e8ncies"],"inLanguage":"ca","potentialAction":[{"@type":"CommentAction","name":"Comment","target":["https:\/\/fundesplai.org\/esplaismessostenibles\/2015\/06\/19\/cabana-sostenible-realitzada-pels-infants-del-centre-esplai-endinsat\/#respond"]}]},{"@type":"WebPage","@id":"https:\/\/fundesplai.org\/esplaismessostenibles\/2015\/06\/19\/cabana-sostenible-realitzada-pels-infants-del-centre-esplai-endinsat\/","url":"https:\/\/fundesplai.org\/esplaismessostenibles\/2015\/06\/19\/cabana-sostenible-realitzada-pels-infants-del-centre-esplai-endinsat\/","name":"Cabana Sostenible realitzada pels infants del Centre Esplai Endinsa't - Esplais M\u00e9s Sostenibles","isPartOf":{"@id":"https:\/\/fundesplai.org\/esplaismessostenibles\/#website"},"primaryImageOfPage":{"@id":"https:\/\/fundesplai.org\/esplaismessostenibles\/2015\/06\/19\/cabana-sostenible-realitzada-pels-infants-del-centre-esplai-endinsat\/#primaryimage"},"image":{"@id":"https:\/\/fundesplai.org\/esplaismessostenibles\/2015\/06\/19\/cabana-sostenible-realitzada-pels-infants-del-centre-esplai-endinsat\/#primaryimage"},"thumbnailUrl":"https:\/\/fundesplai.org\/esplaismessostenibles\/wp-content\/uploads\/sites\/12\/2015\/06\/Cabana-Reciclada-ENDINSAT.jpg","datePublished":"2015-06-19T12:04:35+00:00","dateModified":"2023-07-12T11:34:42+00:00","author":{"@id":"https:\/\/fundesplai.org\/esplaismessostenibles\/#\/schema\/person\/67e7825d8ec54561cc24e36ba6b0f633"},"breadcrumb":{"@id":"https:\/\/fundesplai.org\/esplaismessostenibles\/2015\/06\/19\/cabana-sostenible-realitzada-pels-infants-del-centre-esplai-endinsat\/#breadcrumb"},"inLanguage":"ca","potentialAction":[{"@type":"ReadAction","target":["https:\/\/fundesplai.org\/esplaismessostenibles\/2015\/06\/19\/cabana-sostenible-realitzada-pels-infants-del-centre-esplai-endinsat\/"]}]},{"@type":"ImageObject","inLanguage":"ca","@id":"https:\/\/fundesplai.org\/esplaismessostenibles\/2015\/06\/19\/cabana-sostenible-realitzada-pels-infants-del-centre-esplai-endinsat\/#primaryimage","url":"https:\/\/fundesplai.org\/esplaismessostenibles\/wp-content\/uploads\/sites\/12\/2015\/06\/Cabana-Reciclada-ENDINSAT.jpg","contentUrl":"https:\/\/fundesplai.org\/esplaismessostenibles\/wp-content\/uploads\/sites\/12\/2015\/06\/Cabana-Reciclada-ENDINSAT.jpg","width":960,"height":782},{"@type":"BreadcrumbList","@id":"https:\/\/fundesplai.org\/esplaismessostenibles\/2015\/06\/19\/cabana-sostenible-realitzada-pels-infants-del-centre-esplai-endinsat\/#breadcrumb","itemListElement":[{"@type":"ListItem","position":1,"name":"Inici","item":"\/"},{"@type":"ListItem","position":2,"name":"Esplais M\u00e9s Sostenibles","item":"https:\/\/fundesplai.org\/esplaismessostenibles"},{"@type":"ListItem","position":3,"name":"Cabana Sostenible realitzada pels infants del Centre Esplai Endinsa&#8217;t"}]},{"@type":"WebSite","@id":"https:\/\/fundesplai.org\/esplaismessostenibles\/#website","url":"https:\/\/fundesplai.org\/esplaismessostenibles\/","name":"Esplais M\u00e9s Sostenibles","description":"Proposta educativa de Fundesplai","potentialAction":[{"@type":"SearchAction","target":{"@type":"EntryPoint","urlTemplate":"https:\/\/fundesplai.org\/esplaismessostenibles\/?s={search_term_string}"},"query-input":{"@type":"PropertyValueSpecification","valueRequired":true,"valueName":"search_term_string"}}],"inLanguage":"ca"},{"@type":"Person","@id":"https:\/\/fundesplai.org\/esplaismessostenibles\/#\/schema\/person\/67e7825d8ec54561cc24e36ba6b0f633","name":"Ferran","image":{"@type":"ImageObject","inLanguage":"ca","@id":"https:\/\/secure.gravatar.com\/avatar\/a3510350976b58aae6eccd1e36f066b660a69ef63f97fde3cba8205db7db816a?s=96&d=mm&r=g","url":"https:\/\/secure.gravatar.com\/avatar\/a3510350976b58aae6eccd1e36f066b660a69ef63f97fde3cba8205db7db816a?s=96&d=mm&r=g","contentUrl":"https:\/\/secure.gravatar.com\/avatar\/a3510350976b58aae6eccd1e36f066b660a69ef63f97fde3cba8205db7db816a?s=96&d=mm&r=g","caption":"Ferran"},"url":"https:\/\/fundesplai.org\/esplaismessostenibles\/author\/fvidal\/"}]}},"_links":{"self":[{"href":"https:\/\/fundesplai.org\/esplaismessostenibles\/wp-json\/wp\/v2\/posts\/512","targetHints":{"allow":["GET"]}}],"collection":[{"href":"https:\/\/fundesplai.org\/esplaismessostenibles\/wp-json\/wp\/v2\/posts"}],"about":[{"href":"https:\/\/fundesplai.org\/esplaismessostenibles\/wp-json\/wp\/v2\/types\/post"}],"author":[{"embeddable":true,"href":"https:\/\/fundesplai.org\/esplaismessostenibles\/wp-json\/wp\/v2\/users\/4"}],"replies":[{"embeddable":true,"href":"https:\/\/fundesplai.org\/esplaismessostenibles\/wp-json\/wp\/v2\/comments?post=512"}],"version-history":[{"count":1,"href":"https:\/\/fundesplai.org\/esplaismessostenibles\/wp-json\/wp\/v2\/posts\/512\/revisions"}],"predecessor-version":[{"id":633,"href":"https:\/\/fundesplai.org\/esplaismessostenibles\/wp-json\/wp\/v2\/posts\/512\/revisions\/633"}],"wp:featuredmedia":[{"embeddable":true,"href":"https:\/\/fundesplai.org\/esplaismessostenibles\/wp-json\/wp\/v2\/media\/488"}],"wp:attachment":[{"href":"https:\/\/fundesplai.org\/esplaismessostenibles\/wp-json\/wp\/v2\/media?parent=512"}],"wp:term":[{"taxonomy":"category","embeddable":true,"href":"https:\/\/fundesplai.org\/esplaismessostenibles\/wp-json\/wp\/v2\/categories?post=512"},{"taxonomy":"post_tag","embeddable":true,"href":"https:\/\/fundesplai.org\/esplaismessostenibles\/wp-json\/wp\/v2\/tags?post=512"}],"curies":[{"name":"wp","href":"https:\/\/api.w.org\/{rel}","templated":true}]}}