{"id":451,"date":"2015-03-06T13:48:42","date_gmt":"2015-03-06T12:48:42","guid":{"rendered":"http:\/\/projectes.fundesplai.org\/esplaismessostenibles\/?p=451"},"modified":"2023-07-12T13:35:28","modified_gmt":"2023-07-12T11:35:28","slug":"dema-dissabte-7-de-marc-festa-de-larbre-amb-campiquipugui","status":"publish","type":"post","link":"https:\/\/fundesplai.org\/esplaismessostenibles\/2015\/03\/06\/dema-dissabte-7-de-marc-festa-de-larbre-amb-campiquipugui\/","title":{"rendered":"Dem\u00e0 dissabte, 7 de mar\u00e7, FESTA DE L&#8217;ARBRE! Amb Campiquipugui"},"content":{"rendered":"<p>Fon not\u00edciat: <a href=\"http:\/\/www.riugaia.cat\/info\/7-de-marc-festa-de-larbre-a-la-riera-de-gaia-apadrina-un-arbre\/\">http:\/\/www.riugaia.cat\/info\/7-de-marc-festa-de-larbre-a-la-riera-de-gaia-apadrina-un-arbre\/<\/a><\/p>\n<p><span style=\"color: #000000\"><a href=\"https:\/\/fundesplai.org\/esplaismessostenibles\/wp-content\/uploads\/sites\/12\/2015\/03\/7-de-marc.jpg\"><img loading=\"lazy\" decoding=\"async\" class=\"alignleft size-medium wp-image-450\" src=\"https:\/\/fundesplai.org\/esplaismessostenibles\/wp-content\/uploads\/sites\/12\/2015\/03\/7-de-marc-300x225.jpg\" alt=\"7 de mar\u00e7\" width=\"300\" height=\"225\" \/><\/a>Al Baix Gai\u00e0, la tradici\u00f3 de celebrar la\u00a0Festa de l\u2019Arbre\u00a0s\u2019ha mantingut en alguns pobles, sobretot aquests darrers anys a La Riera i Altafulla. Aquest any, conjuntament amb l\u2019\u00a0Ajuntament de La Riera de Gai\u00e0\u00a0i<strong> l\u2019Esplai Campiquipugui<\/strong>\u00a0hem organitzat\u00a0la Festa de l\u2019Arbre de La Riera de Gai\u00e0 en un tram del Gai\u00e0, concretament en el tram de riu que \u00e9s paral\u00b7lel al cam\u00ed del Castellot. Aquest cam\u00ed \u00e9s molt utilitzat pels ve\u00efns del municipi i amb la plantada que proposem, volem afavorir la recuperaci\u00f3 ambiental del riu i alhora, fent m\u00e9s amable el passeig per aquest itinerari. Sobretot, plantarem arbres que d\u2019aqu\u00ed uns quants anys, per una banda ens donaran una ombra molt agradable i que de pas, ens ajudar\u00e0 a minimitzar el rebrot de la canya que ara ocupa una part important del riu en aquest tram.<\/span><\/p>\n<p><span style=\"color: #000000\">La Festa de l\u2019Arbre ser\u00e0 el proper dia\u00a07 de mar\u00e7. A les\u00a010:30 del mat\u00ed, sortirem caminant des de la pla\u00e7a Major de La Riera i fins el riu Gai\u00e0. Despr\u00e9s de plantar, tornarem a La Riera.\u00a0A les dues del migdia, dinarem tots plegats un arr\u00f2s popular que s\u2019organitza per l\u2019ocasi\u00f3. Tamb\u00e9 i com a novetat d\u2019enguany, teniu la possibilitat d\u2019apadrinar un arbre o un arbust. Podeu col\u00b7laborar a la Festa de l\u2019Arbre, plantant un arbre i\/o apadrinant-lo.<\/span><\/p>\n<p><strong>Molt bona iniciativa!<\/strong><\/p>\n<p><span style=\"color: #000000\">I si vols saber quins s\u00f3n els arbres m\u00e9s singulars de Catalunya&#8230; fes una ullada a aquesta web:\u00a0<\/span><\/p>\n<p><a href=\"http:\/\/www.catpaisatge.net\/dossiers\/arbres\/cat\/directori.php\">http:\/\/www.catpaisatge.net\/dossiers\/arbres\/cat\/directori.php<\/a><\/p>\n<p>&nbsp;<\/p>\n<p>&nbsp;<\/p>\n","protected":false},"excerpt":{"rendered":"<p>Fon not\u00edciat: http:\/\/www.riugaia.cat\/info\/7-de-marc-festa-de-larbre-a-la-riera-de-gaia-apadrina-un-arbre\/ Al Baix Gai\u00e0, la tradici\u00f3 de celebrar la\u00a0Festa de l\u2019Arbre\u00a0s\u2019ha mantingut en alguns pobles, sobretot aquests darrers anys a La Riera i Altafulla. Aquest any, conjuntament amb l\u2019\u00a0Ajuntament de La Riera de Gai\u00e0\u00a0i l\u2019Esplai Campiquipugui\u00a0hem organitzat\u00a0la Festa de l\u2019Arbre de La Riera de Gai\u00e0 en un tram del Gai\u00e0, concretament en el [&hellip;]<\/p>\n","protected":false},"author":4,"featured_media":450,"comment_status":"open","ping_status":"open","sticky":false,"template":"","format":"standard","meta":{"_et_pb_use_builder":"","_et_pb_old_content":"","_et_gb_content_width":"","footnotes":""},"categories":[20],"tags":[],"class_list":["post-451","post","type-post","status-publish","format-standard","has-post-thumbnail","hentry","category-experiencies-llista"],"yoast_head":"<!-- This site is optimized with the Yoast SEO plugin v27.5 - https:\/\/yoast.com\/product\/yoast-seo-wordpress\/ -->\n<title>Dem\u00e0 dissabte, 7 de mar\u00e7, FESTA DE L&#039;ARBRE! Amb Campiquipugui - Esplais M\u00e9s Sostenibles<\/title>\n<meta name=\"robots\" content=\"index, follow, max-snippet:-1, max-image-preview:large, max-video-preview:-1\" \/>\n<link rel=\"canonical\" href=\"https:\/\/fundesplai.org\/esplaismessostenibles\/2015\/03\/06\/dema-dissabte-7-de-marc-festa-de-larbre-amb-campiquipugui\/\" \/>\n<meta property=\"og:locale\" content=\"ca_ES\" \/>\n<meta property=\"og:type\" content=\"article\" \/>\n<meta property=\"og:title\" content=\"Dem\u00e0 dissabte, 7 de mar\u00e7, FESTA DE L&#039;ARBRE! Amb Campiquipugui - Esplais M\u00e9s Sostenibles\" \/>\n<meta property=\"og:description\" content=\"Fon not\u00edciat: http:\/\/www.riugaia.cat\/info\/7-de-marc-festa-de-larbre-a-la-riera-de-gaia-apadrina-un-arbre\/ Al Baix Gai\u00e0, la tradici\u00f3 de celebrar la\u00a0Festa de l\u2019Arbre\u00a0s\u2019ha mantingut en alguns pobles, sobretot aquests darrers anys a La Riera i Altafulla. Aquest any, conjuntament amb l\u2019\u00a0Ajuntament de La Riera de Gai\u00e0\u00a0i l\u2019Esplai Campiquipugui\u00a0hem organitzat\u00a0la Festa de l\u2019Arbre de La Riera de Gai\u00e0 en un tram del Gai\u00e0, concretament en el [&hellip;]\" \/>\n<meta property=\"og:url\" content=\"https:\/\/fundesplai.org\/esplaismessostenibles\/2015\/03\/06\/dema-dissabte-7-de-marc-festa-de-larbre-amb-campiquipugui\/\" \/>\n<meta property=\"og:site_name\" content=\"Esplais M\u00e9s Sostenibles\" \/>\n<meta property=\"article:published_time\" content=\"2015-03-06T12:48:42+00:00\" \/>\n<meta property=\"article:modified_time\" content=\"2023-07-12T11:35:28+00:00\" \/>\n<meta property=\"og:image\" content=\"https:\/\/fundesplai.org\/esplaismessostenibles\/wp-content\/uploads\/sites\/12\/2015\/03\/7-de-marc.jpg\" \/>\n\t<meta property=\"og:image:width\" content=\"960\" \/>\n\t<meta property=\"og:image:height\" content=\"720\" \/>\n\t<meta property=\"og:image:type\" content=\"image\/jpeg\" \/>\n<meta name=\"author\" content=\"Ferran\" \/>\n<meta name=\"twitter:card\" content=\"summary_large_image\" \/>\n<meta name=\"twitter:label1\" content=\"Escrit per\" \/>\n\t<meta name=\"twitter:data1\" content=\"Ferran\" \/>\n\t<meta name=\"twitter:label2\" content=\"Temps estimat de lectura\" \/>\n\t<meta name=\"twitter:data2\" content=\"2 minuts\" \/>\n<script type=\"application\/ld+json\" class=\"yoast-schema-graph\">{\"@context\":\"https:\\\/\\\/schema.org\",\"@graph\":[{\"@type\":\"Article\",\"@id\":\"https:\\\/\\\/fundesplai.org\\\/esplaismessostenibles\\\/2015\\\/03\\\/06\\\/dema-dissabte-7-de-marc-festa-de-larbre-amb-campiquipugui\\\/#article\",\"isPartOf\":{\"@id\":\"https:\\\/\\\/fundesplai.org\\\/esplaismessostenibles\\\/2015\\\/03\\\/06\\\/dema-dissabte-7-de-marc-festa-de-larbre-amb-campiquipugui\\\/\"},\"author\":{\"name\":\"Ferran\",\"@id\":\"https:\\\/\\\/fundesplai.org\\\/esplaismessostenibles\\\/#\\\/schema\\\/person\\\/67e7825d8ec54561cc24e36ba6b0f633\"},\"headline\":\"Dem\u00e0 dissabte, 7 de mar\u00e7, FESTA DE L&#8217;ARBRE! Amb Campiquipugui\",\"datePublished\":\"2015-03-06T12:48:42+00:00\",\"dateModified\":\"2023-07-12T11:35:28+00:00\",\"mainEntityOfPage\":{\"@id\":\"https:\\\/\\\/fundesplai.org\\\/esplaismessostenibles\\\/2015\\\/03\\\/06\\\/dema-dissabte-7-de-marc-festa-de-larbre-amb-campiquipugui\\\/\"},\"wordCount\":291,\"commentCount\":0,\"image\":{\"@id\":\"https:\\\/\\\/fundesplai.org\\\/esplaismessostenibles\\\/2015\\\/03\\\/06\\\/dema-dissabte-7-de-marc-festa-de-larbre-amb-campiquipugui\\\/#primaryimage\"},\"thumbnailUrl\":\"https:\\\/\\\/fundesplai.org\\\/esplaismessostenibles\\\/wp-content\\\/uploads\\\/sites\\\/12\\\/2015\\\/03\\\/7-de-marc.jpg\",\"articleSection\":[\"Experi\u00e8ncies\"],\"inLanguage\":\"ca\",\"potentialAction\":[{\"@type\":\"CommentAction\",\"name\":\"Comment\",\"target\":[\"https:\\\/\\\/fundesplai.org\\\/esplaismessostenibles\\\/2015\\\/03\\\/06\\\/dema-dissabte-7-de-marc-festa-de-larbre-amb-campiquipugui\\\/#respond\"]}]},{\"@type\":\"WebPage\",\"@id\":\"https:\\\/\\\/fundesplai.org\\\/esplaismessostenibles\\\/2015\\\/03\\\/06\\\/dema-dissabte-7-de-marc-festa-de-larbre-amb-campiquipugui\\\/\",\"url\":\"https:\\\/\\\/fundesplai.org\\\/esplaismessostenibles\\\/2015\\\/03\\\/06\\\/dema-dissabte-7-de-marc-festa-de-larbre-amb-campiquipugui\\\/\",\"name\":\"Dem\u00e0 dissabte, 7 de mar\u00e7, FESTA DE L'ARBRE! Amb Campiquipugui - Esplais M\u00e9s Sostenibles\",\"isPartOf\":{\"@id\":\"https:\\\/\\\/fundesplai.org\\\/esplaismessostenibles\\\/#website\"},\"primaryImageOfPage\":{\"@id\":\"https:\\\/\\\/fundesplai.org\\\/esplaismessostenibles\\\/2015\\\/03\\\/06\\\/dema-dissabte-7-de-marc-festa-de-larbre-amb-campiquipugui\\\/#primaryimage\"},\"image\":{\"@id\":\"https:\\\/\\\/fundesplai.org\\\/esplaismessostenibles\\\/2015\\\/03\\\/06\\\/dema-dissabte-7-de-marc-festa-de-larbre-amb-campiquipugui\\\/#primaryimage\"},\"thumbnailUrl\":\"https:\\\/\\\/fundesplai.org\\\/esplaismessostenibles\\\/wp-content\\\/uploads\\\/sites\\\/12\\\/2015\\\/03\\\/7-de-marc.jpg\",\"datePublished\":\"2015-03-06T12:48:42+00:00\",\"dateModified\":\"2023-07-12T11:35:28+00:00\",\"author\":{\"@id\":\"https:\\\/\\\/fundesplai.org\\\/esplaismessostenibles\\\/#\\\/schema\\\/person\\\/67e7825d8ec54561cc24e36ba6b0f633\"},\"breadcrumb\":{\"@id\":\"https:\\\/\\\/fundesplai.org\\\/esplaismessostenibles\\\/2015\\\/03\\\/06\\\/dema-dissabte-7-de-marc-festa-de-larbre-amb-campiquipugui\\\/#breadcrumb\"},\"inLanguage\":\"ca\",\"potentialAction\":[{\"@type\":\"ReadAction\",\"target\":[\"https:\\\/\\\/fundesplai.org\\\/esplaismessostenibles\\\/2015\\\/03\\\/06\\\/dema-dissabte-7-de-marc-festa-de-larbre-amb-campiquipugui\\\/\"]}]},{\"@type\":\"ImageObject\",\"inLanguage\":\"ca\",\"@id\":\"https:\\\/\\\/fundesplai.org\\\/esplaismessostenibles\\\/2015\\\/03\\\/06\\\/dema-dissabte-7-de-marc-festa-de-larbre-amb-campiquipugui\\\/#primaryimage\",\"url\":\"https:\\\/\\\/fundesplai.org\\\/esplaismessostenibles\\\/wp-content\\\/uploads\\\/sites\\\/12\\\/2015\\\/03\\\/7-de-marc.jpg\",\"contentUrl\":\"https:\\\/\\\/fundesplai.org\\\/esplaismessostenibles\\\/wp-content\\\/uploads\\\/sites\\\/12\\\/2015\\\/03\\\/7-de-marc.jpg\",\"width\":960,\"height\":720},{\"@type\":\"BreadcrumbList\",\"@id\":\"https:\\\/\\\/fundesplai.org\\\/esplaismessostenibles\\\/2015\\\/03\\\/06\\\/dema-dissabte-7-de-marc-festa-de-larbre-amb-campiquipugui\\\/#breadcrumb\",\"itemListElement\":[{\"@type\":\"ListItem\",\"position\":1,\"name\":\"Inici\",\"item\":\"\\\/\"},{\"@type\":\"ListItem\",\"position\":2,\"name\":\"Esplais M\u00e9s Sostenibles\",\"item\":\"https:\\\/\\\/fundesplai.org\\\/esplaismessostenibles\"},{\"@type\":\"ListItem\",\"position\":3,\"name\":\"Dem\u00e0 dissabte, 7 de mar\u00e7, FESTA DE L&#8217;ARBRE! Amb Campiquipugui\"}]},{\"@type\":\"WebSite\",\"@id\":\"https:\\\/\\\/fundesplai.org\\\/esplaismessostenibles\\\/#website\",\"url\":\"https:\\\/\\\/fundesplai.org\\\/esplaismessostenibles\\\/\",\"name\":\"Esplais M\u00e9s Sostenibles\",\"description\":\"Proposta educativa de Fundesplai\",\"potentialAction\":[{\"@type\":\"SearchAction\",\"target\":{\"@type\":\"EntryPoint\",\"urlTemplate\":\"https:\\\/\\\/fundesplai.org\\\/esplaismessostenibles\\\/?s={search_term_string}\"},\"query-input\":{\"@type\":\"PropertyValueSpecification\",\"valueRequired\":true,\"valueName\":\"search_term_string\"}}],\"inLanguage\":\"ca\"},{\"@type\":\"Person\",\"@id\":\"https:\\\/\\\/fundesplai.org\\\/esplaismessostenibles\\\/#\\\/schema\\\/person\\\/67e7825d8ec54561cc24e36ba6b0f633\",\"name\":\"Ferran\",\"image\":{\"@type\":\"ImageObject\",\"inLanguage\":\"ca\",\"@id\":\"https:\\\/\\\/secure.gravatar.com\\\/avatar\\\/a3510350976b58aae6eccd1e36f066b660a69ef63f97fde3cba8205db7db816a?s=96&d=mm&r=g\",\"url\":\"https:\\\/\\\/secure.gravatar.com\\\/avatar\\\/a3510350976b58aae6eccd1e36f066b660a69ef63f97fde3cba8205db7db816a?s=96&d=mm&r=g\",\"contentUrl\":\"https:\\\/\\\/secure.gravatar.com\\\/avatar\\\/a3510350976b58aae6eccd1e36f066b660a69ef63f97fde3cba8205db7db816a?s=96&d=mm&r=g\",\"caption\":\"Ferran\"},\"url\":\"https:\\\/\\\/fundesplai.org\\\/esplaismessostenibles\\\/author\\\/fvidal\\\/\"}]}<\/script>\n<!-- \/ Yoast SEO plugin. -->","yoast_head_json":{"title":"Dem\u00e0 dissabte, 7 de mar\u00e7, FESTA DE L'ARBRE! Amb Campiquipugui - Esplais M\u00e9s Sostenibles","robots":{"index":"index","follow":"follow","max-snippet":"max-snippet:-1","max-image-preview":"max-image-preview:large","max-video-preview":"max-video-preview:-1"},"canonical":"https:\/\/fundesplai.org\/esplaismessostenibles\/2015\/03\/06\/dema-dissabte-7-de-marc-festa-de-larbre-amb-campiquipugui\/","og_locale":"ca_ES","og_type":"article","og_title":"Dem\u00e0 dissabte, 7 de mar\u00e7, FESTA DE L'ARBRE! Amb Campiquipugui - Esplais M\u00e9s Sostenibles","og_description":"Fon not\u00edciat: http:\/\/www.riugaia.cat\/info\/7-de-marc-festa-de-larbre-a-la-riera-de-gaia-apadrina-un-arbre\/ Al Baix Gai\u00e0, la tradici\u00f3 de celebrar la\u00a0Festa de l\u2019Arbre\u00a0s\u2019ha mantingut en alguns pobles, sobretot aquests darrers anys a La Riera i Altafulla. Aquest any, conjuntament amb l\u2019\u00a0Ajuntament de La Riera de Gai\u00e0\u00a0i l\u2019Esplai Campiquipugui\u00a0hem organitzat\u00a0la Festa de l\u2019Arbre de La Riera de Gai\u00e0 en un tram del Gai\u00e0, concretament en el [&hellip;]","og_url":"https:\/\/fundesplai.org\/esplaismessostenibles\/2015\/03\/06\/dema-dissabte-7-de-marc-festa-de-larbre-amb-campiquipugui\/","og_site_name":"Esplais M\u00e9s Sostenibles","article_published_time":"2015-03-06T12:48:42+00:00","article_modified_time":"2023-07-12T11:35:28+00:00","og_image":[{"width":960,"height":720,"url":"https:\/\/fundesplai.org\/esplaismessostenibles\/wp-content\/uploads\/sites\/12\/2015\/03\/7-de-marc.jpg","type":"image\/jpeg"}],"author":"Ferran","twitter_card":"summary_large_image","twitter_misc":{"Escrit per":"Ferran","Temps estimat de lectura":"2 minuts"},"schema":{"@context":"https:\/\/schema.org","@graph":[{"@type":"Article","@id":"https:\/\/fundesplai.org\/esplaismessostenibles\/2015\/03\/06\/dema-dissabte-7-de-marc-festa-de-larbre-amb-campiquipugui\/#article","isPartOf":{"@id":"https:\/\/fundesplai.org\/esplaismessostenibles\/2015\/03\/06\/dema-dissabte-7-de-marc-festa-de-larbre-amb-campiquipugui\/"},"author":{"name":"Ferran","@id":"https:\/\/fundesplai.org\/esplaismessostenibles\/#\/schema\/person\/67e7825d8ec54561cc24e36ba6b0f633"},"headline":"Dem\u00e0 dissabte, 7 de mar\u00e7, FESTA DE L&#8217;ARBRE! Amb Campiquipugui","datePublished":"2015-03-06T12:48:42+00:00","dateModified":"2023-07-12T11:35:28+00:00","mainEntityOfPage":{"@id":"https:\/\/fundesplai.org\/esplaismessostenibles\/2015\/03\/06\/dema-dissabte-7-de-marc-festa-de-larbre-amb-campiquipugui\/"},"wordCount":291,"commentCount":0,"image":{"@id":"https:\/\/fundesplai.org\/esplaismessostenibles\/2015\/03\/06\/dema-dissabte-7-de-marc-festa-de-larbre-amb-campiquipugui\/#primaryimage"},"thumbnailUrl":"https:\/\/fundesplai.org\/esplaismessostenibles\/wp-content\/uploads\/sites\/12\/2015\/03\/7-de-marc.jpg","articleSection":["Experi\u00e8ncies"],"inLanguage":"ca","potentialAction":[{"@type":"CommentAction","name":"Comment","target":["https:\/\/fundesplai.org\/esplaismessostenibles\/2015\/03\/06\/dema-dissabte-7-de-marc-festa-de-larbre-amb-campiquipugui\/#respond"]}]},{"@type":"WebPage","@id":"https:\/\/fundesplai.org\/esplaismessostenibles\/2015\/03\/06\/dema-dissabte-7-de-marc-festa-de-larbre-amb-campiquipugui\/","url":"https:\/\/fundesplai.org\/esplaismessostenibles\/2015\/03\/06\/dema-dissabte-7-de-marc-festa-de-larbre-amb-campiquipugui\/","name":"Dem\u00e0 dissabte, 7 de mar\u00e7, FESTA DE L'ARBRE! Amb Campiquipugui - Esplais M\u00e9s Sostenibles","isPartOf":{"@id":"https:\/\/fundesplai.org\/esplaismessostenibles\/#website"},"primaryImageOfPage":{"@id":"https:\/\/fundesplai.org\/esplaismessostenibles\/2015\/03\/06\/dema-dissabte-7-de-marc-festa-de-larbre-amb-campiquipugui\/#primaryimage"},"image":{"@id":"https:\/\/fundesplai.org\/esplaismessostenibles\/2015\/03\/06\/dema-dissabte-7-de-marc-festa-de-larbre-amb-campiquipugui\/#primaryimage"},"thumbnailUrl":"https:\/\/fundesplai.org\/esplaismessostenibles\/wp-content\/uploads\/sites\/12\/2015\/03\/7-de-marc.jpg","datePublished":"2015-03-06T12:48:42+00:00","dateModified":"2023-07-12T11:35:28+00:00","author":{"@id":"https:\/\/fundesplai.org\/esplaismessostenibles\/#\/schema\/person\/67e7825d8ec54561cc24e36ba6b0f633"},"breadcrumb":{"@id":"https:\/\/fundesplai.org\/esplaismessostenibles\/2015\/03\/06\/dema-dissabte-7-de-marc-festa-de-larbre-amb-campiquipugui\/#breadcrumb"},"inLanguage":"ca","potentialAction":[{"@type":"ReadAction","target":["https:\/\/fundesplai.org\/esplaismessostenibles\/2015\/03\/06\/dema-dissabte-7-de-marc-festa-de-larbre-amb-campiquipugui\/"]}]},{"@type":"ImageObject","inLanguage":"ca","@id":"https:\/\/fundesplai.org\/esplaismessostenibles\/2015\/03\/06\/dema-dissabte-7-de-marc-festa-de-larbre-amb-campiquipugui\/#primaryimage","url":"https:\/\/fundesplai.org\/esplaismessostenibles\/wp-content\/uploads\/sites\/12\/2015\/03\/7-de-marc.jpg","contentUrl":"https:\/\/fundesplai.org\/esplaismessostenibles\/wp-content\/uploads\/sites\/12\/2015\/03\/7-de-marc.jpg","width":960,"height":720},{"@type":"BreadcrumbList","@id":"https:\/\/fundesplai.org\/esplaismessostenibles\/2015\/03\/06\/dema-dissabte-7-de-marc-festa-de-larbre-amb-campiquipugui\/#breadcrumb","itemListElement":[{"@type":"ListItem","position":1,"name":"Inici","item":"\/"},{"@type":"ListItem","position":2,"name":"Esplais M\u00e9s Sostenibles","item":"https:\/\/fundesplai.org\/esplaismessostenibles"},{"@type":"ListItem","position":3,"name":"Dem\u00e0 dissabte, 7 de mar\u00e7, FESTA DE L&#8217;ARBRE! Amb Campiquipugui"}]},{"@type":"WebSite","@id":"https:\/\/fundesplai.org\/esplaismessostenibles\/#website","url":"https:\/\/fundesplai.org\/esplaismessostenibles\/","name":"Esplais M\u00e9s Sostenibles","description":"Proposta educativa de Fundesplai","potentialAction":[{"@type":"SearchAction","target":{"@type":"EntryPoint","urlTemplate":"https:\/\/fundesplai.org\/esplaismessostenibles\/?s={search_term_string}"},"query-input":{"@type":"PropertyValueSpecification","valueRequired":true,"valueName":"search_term_string"}}],"inLanguage":"ca"},{"@type":"Person","@id":"https:\/\/fundesplai.org\/esplaismessostenibles\/#\/schema\/person\/67e7825d8ec54561cc24e36ba6b0f633","name":"Ferran","image":{"@type":"ImageObject","inLanguage":"ca","@id":"https:\/\/secure.gravatar.com\/avatar\/a3510350976b58aae6eccd1e36f066b660a69ef63f97fde3cba8205db7db816a?s=96&d=mm&r=g","url":"https:\/\/secure.gravatar.com\/avatar\/a3510350976b58aae6eccd1e36f066b660a69ef63f97fde3cba8205db7db816a?s=96&d=mm&r=g","contentUrl":"https:\/\/secure.gravatar.com\/avatar\/a3510350976b58aae6eccd1e36f066b660a69ef63f97fde3cba8205db7db816a?s=96&d=mm&r=g","caption":"Ferran"},"url":"https:\/\/fundesplai.org\/esplaismessostenibles\/author\/fvidal\/"}]}},"_links":{"self":[{"href":"https:\/\/fundesplai.org\/esplaismessostenibles\/wp-json\/wp\/v2\/posts\/451","targetHints":{"allow":["GET"]}}],"collection":[{"href":"https:\/\/fundesplai.org\/esplaismessostenibles\/wp-json\/wp\/v2\/posts"}],"about":[{"href":"https:\/\/fundesplai.org\/esplaismessostenibles\/wp-json\/wp\/v2\/types\/post"}],"author":[{"embeddable":true,"href":"https:\/\/fundesplai.org\/esplaismessostenibles\/wp-json\/wp\/v2\/users\/4"}],"replies":[{"embeddable":true,"href":"https:\/\/fundesplai.org\/esplaismessostenibles\/wp-json\/wp\/v2\/comments?post=451"}],"version-history":[{"count":1,"href":"https:\/\/fundesplai.org\/esplaismessostenibles\/wp-json\/wp\/v2\/posts\/451\/revisions"}],"predecessor-version":[{"id":635,"href":"https:\/\/fundesplai.org\/esplaismessostenibles\/wp-json\/wp\/v2\/posts\/451\/revisions\/635"}],"wp:featuredmedia":[{"embeddable":true,"href":"https:\/\/fundesplai.org\/esplaismessostenibles\/wp-json\/wp\/v2\/media\/450"}],"wp:attachment":[{"href":"https:\/\/fundesplai.org\/esplaismessostenibles\/wp-json\/wp\/v2\/media?parent=451"}],"wp:term":[{"taxonomy":"category","embeddable":true,"href":"https:\/\/fundesplai.org\/esplaismessostenibles\/wp-json\/wp\/v2\/categories?post=451"},{"taxonomy":"post_tag","embeddable":true,"href":"https:\/\/fundesplai.org\/esplaismessostenibles\/wp-json\/wp\/v2\/tags?post=451"}],"curies":[{"name":"wp","href":"https:\/\/api.w.org\/{rel}","templated":true}]}}