{"id":79890,"date":"2025-11-20T18:13:14","date_gmt":"2025-11-20T17:13:14","guid":{"rendered":"https:\/\/fundesplai.org\/informa-t\/\/ninos-ninas-y-jovenes-reclaman-un-mundo-de-paz-ante-la-sindica-de-greuges-de-catalunya\/"},"modified":"2025-12-18T09:48:05","modified_gmt":"2025-12-18T08:48:05","slug":"ninos-ninas-y-jovenes-reclaman-un-mundo-de-paz-ante-la-sindica-de-greuges-de-catalunya","status":"publish","type":"post","link":"https:\/\/fundesplai.org\/es\/informa-t\/actualitat-es\/ninos-ninas-y-jovenes-reclaman-un-mundo-de-paz-ante-la-sindica-de-greuges-de-catalunya\/","title":{"rendered":"Ni\u00f1os, ni\u00f1as y j\u00f3venes reclaman un mundo de paz ante la S\u00edndica de Greuges de Catalunya"},"content":{"rendered":"<p>[et_pb_section fb_built=\u00bb1&#8243; admin_label=\u00bbsection\u00bb _builder_version=\u00bb4.16&#8243; global_colors_info=\u00bb{}\u00bb][et_pb_row admin_label=\u00bbrow\u00bb _builder_version=\u00bb4.16&#8243; background_size=\u00bbinitial\u00bb background_position=\u00bbtop_left\u00bb background_repeat=\u00bbrepeat\u00bb global_colors_info=\u00bb{}\u00bb][et_pb_column type=\u00bb4_4&#8243; _builder_version=\u00bb4.16&#8243; custom_padding=\u00bb|||\u00bb global_colors_info=\u00bb{}\u00bb custom_padding__hover=\u00bb|||\u00bb][et_pb_text _builder_version=\u00bb4.27.5&#8243; _module_preset=\u00bbdefault\u00bb global_colors_info=\u00bb{}\u00bb]<\/p>\n<p>M\u00e1s de <strong>20.000 ni\u00f1as, ni\u00f1os y j\u00f3venes<\/strong> de colegios y esplais donde Fundesplai est\u00e1 presente han participado en la campa\u00f1a para <strong>reivindicar un mundo de paz<\/strong> en el marco del <strong>D\u00eda Universal de los Derechos de la Infancia <\/strong>que se ha celebrado este jueves 20 de noviembre. Un grupo de ni\u00f1os y ni\u00f1as, en representaci\u00f3n de los colegios y esplais donde trabajamos, han dado un manifiesto en la <strong>S\u00edndica de Greuges de Catalu\u00f1a<\/strong> pidiendo un entorno seguro donde crecer para todas las ni\u00f1as y ni\u00f1os.<\/p>\n<p>Ni\u00f1os, ni\u00f1as, j\u00f3venes y educadoras y educadores <strong>han reivindicado el #DretAlLleure<\/strong> recogido en la Convenci\u00f3n de los Derechos de la Infancia (1989), pero este 2025 tambi\u00e9n han reclamado el art\u00edculo 55 de la Convenci\u00f3n, que no existe en el documento, y que quiere ser un llamamiento por el<strong> derecho a vivir en un mundo de paz<\/strong>.<\/p>\n<p>La campa\u00f1a quiere sensibilizar a ni\u00f1as y ni\u00f1os sobre la importancia de poder crecer en un mundo de paz, libro de violencias, conflictos armados, miedo e injusticias. Reclaman poder jugar, querer y ser queridos\/as, y so\u00f1ar en un entorno seguro y pac\u00edfico. Esta acci\u00f3n se enmarca en \u201c<a href=\"https:\/\/fundesplai.org\/amb-veu-i-en-peu\/\" target=\"_blank\" rel=\"noopener\">Amb Veu i En Peu<\/a>\u201d, la propuesta educativa de Fundesplai y Fundipau para los cursos 2025-2027. Una <strong>propuesta educativa para la paz y la democracia<\/strong> que tiene el objetivo de contribuir a la construcci\u00f3n de una paz justa y positiva y al fortalecimiento de una democracia participativa mediante la educaci\u00f3n transformadora de los ni\u00f1os, ni\u00f1as y j\u00f3venes.<\/p>\n<table class=\"aligncenter\" style=\"width: 39.3466%;border-collapse: collapse;height: 326px\" border=\"0\">\n<tbody>\n<tr>\n<td style=\"width: 50%\"><a href=\"https:\/\/www.instagram.com\/fundesplai\/reel\/DRMoZ8bDwgR\/\"><img loading=\"lazy\" decoding=\"async\" class=\"wp-image-79339 size-medium alignleft\" src=\"https:\/\/fundesplai.org\/wp-content\/uploads\/2025\/11\/Captura-de-pantalla-2025-11-19-210428-166x300.png\" alt=\"\" width=\"166\" height=\"300\" srcset=\"https:\/\/fundesplai.org\/wp-content\/uploads\/2025\/11\/Captura-de-pantalla-2025-11-19-210428-166x300.png 166w, https:\/\/fundesplai.org\/wp-content\/uploads\/2025\/11\/Captura-de-pantalla-2025-11-19-210428.png 462w\" sizes=\"(max-width: 166px) 100vw, 166px\" \/><\/a><\/td>\n<td style=\"width: 50%\"><a href=\"https:\/\/www.instagram.com\/fundesplai\/reel\/DRKXSoIj2OW\/\"><img loading=\"lazy\" decoding=\"async\" class=\"wp-image-79335 size-medium alignleft\" src=\"https:\/\/fundesplai.org\/wp-content\/uploads\/2025\/11\/Captura-de-pantalla-2025-11-19-210449-227x300.png\" alt=\"\" width=\"227\" height=\"300\" \/><\/a><\/td>\n<\/tr>\n<\/tbody>\n<\/table>\n<h3>Ni\u00f1as y ni\u00f1os dan un manifiesto a la S\u00edndica para reivindicar un mundo de paz<\/h3>\n<p>El jueves 20 de noviembre un grupo de ni\u00f1as y ni\u00f1os de colegios de Barcelona: Cervantes, Baixeres y Pere Vila han librado un manifiesto a Esther Gim\u00e9nez-Salinas i Colomer, S\u00edndica de Greuges de Catalu\u00f1a, y a Aida C. Rodr\u00edguez, adjunta para la Defensa de los Derechos de la Infancia y la Adolescencia, para reivindicar un mundo de paz.<\/p>\n<p>La entrega del manifiesto ha incluido una acci\u00f3n simb\u00f3lica con la entrega de unas gr\u00faas hechas en papel que una superviviente de la bomba de Hiroshima en Jap\u00f3n convirti\u00f3 en un s\u00edmbolo de la paz.<\/p>\n<h3>Colegios y esplais reclaman un mundo de paz<\/h3>\n<p><img loading=\"lazy\" decoding=\"async\" class=\"wp-image-79355 size-medium alignleft\" src=\"https:\/\/fundesplai.org\/wp-content\/uploads\/2025\/11\/escola-drets4-300x224.jpg\" alt=\"\" width=\"300\" height=\"224\" \/> <img loading=\"lazy\" decoding=\"async\" class=\"wp-image-79351 size-medium alignleft\" src=\"https:\/\/fundesplai.org\/wp-content\/uploads\/2025\/11\/escola-drets-300x225.jpg\" alt=\"\" width=\"300\" height=\"225\" \/> <img loading=\"lazy\" decoding=\"async\" class=\"wp-image-79347 alignleft\" src=\"https:\/\/fundesplai.org\/wp-content\/uploads\/2025\/11\/escola-drets2-300x169.jpg\" alt=\"\" width=\"396\" height=\"223\" \/><\/p>\n<p>&nbsp;<\/p>\n<p>&nbsp;<\/p>\n<p>&nbsp;<\/p>\n<p>&nbsp;<\/p>\n<p>&nbsp;<\/p>\n<p>Adem\u00e1s, se han organizado varias <a href=\"https:\/\/escoles.fundesplai.org\/blog\/menjador-escolar\/20n-dret-mon-pau\/\">actividades de sensibilizaci\u00f3n<\/a> en el tiempo educativo del mediod\u00eda de diferentes centros donde Fundesplai est\u00e1 presente y en centros de esplais de la <a href=\"https:\/\/esplai.fundesplai.org\/\" target=\"_blank\" rel=\"noopener\">Federaci\u00f3 Catalana de l&#8217;Esplai<\/a>.<\/p>\n<p>En el caso de los esplais, las actividades se est\u00e1n desarrollando desde el s\u00e1bado 15 hasta el 22 de noviembre en diferentes localidades, como Sant Joan Desp\u00ed, Esplugues de Llobregat, L&#8217;Hospitalet de Llobregat, Sant Andreu de la Barca o Terrassa. Muchas de las actividades han permitido a ni\u00f1as, ni\u00f1os y j\u00f3venes identificar y conocer las emociones para poder mejorar la regulaci\u00f3n, gesti\u00f3n y la identificaci\u00f3n con el resto de personas que nos rodean.<\/p>\n<p>As\u00ed, por ejemplo, el Esplai Ping\u00fc\u00ed (Sant Andreu de la Barca) participar\u00e1 en la fiesta de la ciudad dinamizando un taller de manualidades \u201cHacemos un p\u00e1jaro de la Paz\u201d y el espacio motriz con estructuras de madera \u201cZarandillos\u201d para ni\u00f1os de 2 a 6 a\u00f1os.\u00a0El Esplai Mowgli (Cornell\u00e0 de Llobregat) ha organizado una carrera solidaria por la infancia el s\u00e1bado 22 de noviembre. Tambi\u00e9n el Esplai Insoc-Guadalhorce (Terrassa) har\u00e1 su tradicional cursa por la infancia, en este caso el domingo 23 de noviembre.<\/p>\n<p>El Club de Esplai Bellvitge (L&#8217;Hospitalet de Llobregat) har\u00e1 un acto conjunto con todos los ni\u00f1os, ni\u00f1as y j\u00f3venes con la lectura de un manifiesto conjunto. Tambi\u00e9n el Esplai Can Serra (L&#8217;Hospitalet de Llobregat) dinamizar\u00e1 actividades para sensibilizar a los ni\u00f1os y ni\u00f1as de la entidad sobre el derecho al ocio educativo, en un mundo en paz y a la participaci\u00f3n.<\/p>\n<p>[\/et_pb_text][\/et_pb_column][\/et_pb_row][\/et_pb_section]<\/p>\n","protected":false},"excerpt":{"rendered":"<p>M\u00e1s de 20.000 ni\u00f1as, ni\u00f1os y j\u00f3venes de colegios y esplais donde Fundesplai est\u00e1 presente han participado en la campa\u00f1a para reivindicar un mundo de paz en el marco del D\u00eda Universal de los Derechos de la Infancia que se ha celebrado este jueves 20 de noviembre. Un grupo de ni\u00f1os y ni\u00f1as, en representaci\u00f3n [&hellip;]<\/p>\n","protected":false},"author":9,"featured_media":79390,"comment_status":"closed","ping_status":"closed","sticky":false,"template":"","format":"standard","meta":{"_et_pb_use_builder":"on","_et_pb_old_content":"","_et_gb_content_width":"","footnotes":""},"categories":[937,990],"tags":[],"class_list":["post-79890","post","type-post","status-publish","format-standard","has-post-thumbnail","hentry","category-actualitat-es","category-educacion-en-el-tiempo-libre"],"yoast_head":"<!-- This site is optimized with the Yoast SEO plugin v27.5 - https:\/\/yoast.com\/product\/yoast-seo-wordpress\/ -->\n<title>Ni\u00f1os, ni\u00f1as y j\u00f3venes reclaman un mundo de paz ante la S\u00edndica de Greuges de Catalunya - Fundesplai<\/title>\n<meta name=\"description\" content=\"El 20 de noviembre un grupo de ni\u00f1os y ni\u00f1as han entregado un manifiesto a la S\u00edndica de Greuges para pedir un mundo de paz.\" \/>\n<meta name=\"robots\" content=\"index, follow, max-snippet:-1, max-image-preview:large, max-video-preview:-1\" \/>\n<link rel=\"canonical\" href=\"https:\/\/fundesplai.org\/es\/informa-t\/actualitat-es\/ninos-ninas-y-jovenes-reclaman-un-mundo-de-paz-ante-la-sindica-de-greuges-de-catalunya\/\" \/>\n<meta property=\"og:locale\" content=\"es_ES\" \/>\n<meta property=\"og:type\" content=\"article\" \/>\n<meta property=\"og:title\" content=\"Ni\u00f1os, ni\u00f1as y j\u00f3venes reclaman un mundo de paz ante la S\u00edndica de Greuges de Catalunya - Fundesplai\" \/>\n<meta property=\"og:description\" content=\"El 20 de noviembre un grupo de ni\u00f1os y ni\u00f1as han entregado un manifiesto a la S\u00edndica de Greuges para pedir un mundo de paz.\" \/>\n<meta property=\"og:url\" content=\"https:\/\/fundesplai.org\/es\/informa-t\/actualitat-es\/ninos-ninas-y-jovenes-reclaman-un-mundo-de-paz-ante-la-sindica-de-greuges-de-catalunya\/\" \/>\n<meta property=\"og:site_name\" content=\"Fundesplai\" \/>\n<meta property=\"article:published_time\" content=\"2025-11-20T17:13:14+00:00\" \/>\n<meta property=\"article:modified_time\" content=\"2025-12-18T08:48:05+00:00\" \/>\n<meta property=\"og:image\" content=\"https:\/\/fundesplai.org\/wp-content\/uploads\/2025\/11\/Sindica-manifest-web.jpg\" \/>\n\t<meta property=\"og:image:width\" content=\"1888\" \/>\n\t<meta property=\"og:image:height\" content=\"900\" \/>\n\t<meta property=\"og:image:type\" content=\"image\/jpeg\" \/>\n<meta name=\"author\" content=\"Alfons Valle\" \/>\n<meta name=\"twitter:card\" content=\"summary_large_image\" \/>\n<meta name=\"twitter:label1\" content=\"Escrito por\" \/>\n\t<meta name=\"twitter:data1\" content=\"Alfons Valle\" \/>\n\t<meta name=\"twitter:label2\" content=\"Tiempo de lectura\" \/>\n\t<meta name=\"twitter:data2\" content=\"5 minutos\" \/>\n<script type=\"application\/ld+json\" class=\"yoast-schema-graph\">{\"@context\":\"https:\\\/\\\/schema.org\",\"@graph\":[{\"@type\":\"Article\",\"@id\":\"https:\\\/\\\/fundesplai.org\\\/es\\\/informa-t\\\/actualitat-es\\\/ninos-ninas-y-jovenes-reclaman-un-mundo-de-paz-ante-la-sindica-de-greuges-de-catalunya\\\/#article\",\"isPartOf\":{\"@id\":\"https:\\\/\\\/fundesplai.org\\\/es\\\/informa-t\\\/actualitat-es\\\/ninos-ninas-y-jovenes-reclaman-un-mundo-de-paz-ante-la-sindica-de-greuges-de-catalunya\\\/\"},\"author\":{\"name\":\"Alfons Valle\",\"@id\":\"https:\\\/\\\/fundesplai.org\\\/es\\\/#\\\/schema\\\/person\\\/c0e9e7466bb8ac06f5264324a6109733\"},\"headline\":\"Ni\u00f1os, ni\u00f1as y j\u00f3venes reclaman un mundo de paz ante la S\u00edndica de Greuges de Catalunya\",\"datePublished\":\"2025-11-20T17:13:14+00:00\",\"dateModified\":\"2025-12-18T08:48:05+00:00\",\"mainEntityOfPage\":{\"@id\":\"https:\\\/\\\/fundesplai.org\\\/es\\\/informa-t\\\/actualitat-es\\\/ninos-ninas-y-jovenes-reclaman-un-mundo-de-paz-ante-la-sindica-de-greuges-de-catalunya\\\/\"},\"wordCount\":768,\"image\":{\"@id\":\"https:\\\/\\\/fundesplai.org\\\/es\\\/informa-t\\\/actualitat-es\\\/ninos-ninas-y-jovenes-reclaman-un-mundo-de-paz-ante-la-sindica-de-greuges-de-catalunya\\\/#primaryimage\"},\"thumbnailUrl\":\"https:\\\/\\\/fundesplai.org\\\/wp-content\\\/uploads\\\/2025\\\/11\\\/Sindica-manifest-web.jpg\",\"articleSection\":[\"Actualitat\",\"Educaci\u00f3n en el tiempo libre\"],\"inLanguage\":\"es\"},{\"@type\":\"WebPage\",\"@id\":\"https:\\\/\\\/fundesplai.org\\\/es\\\/informa-t\\\/actualitat-es\\\/ninos-ninas-y-jovenes-reclaman-un-mundo-de-paz-ante-la-sindica-de-greuges-de-catalunya\\\/\",\"url\":\"https:\\\/\\\/fundesplai.org\\\/es\\\/informa-t\\\/actualitat-es\\\/ninos-ninas-y-jovenes-reclaman-un-mundo-de-paz-ante-la-sindica-de-greuges-de-catalunya\\\/\",\"name\":\"Ni\u00f1os, ni\u00f1as y j\u00f3venes reclaman un mundo de paz ante la S\u00edndica de Greuges de Catalunya - Fundesplai\",\"isPartOf\":{\"@id\":\"https:\\\/\\\/fundesplai.org\\\/es\\\/#website\"},\"primaryImageOfPage\":{\"@id\":\"https:\\\/\\\/fundesplai.org\\\/es\\\/informa-t\\\/actualitat-es\\\/ninos-ninas-y-jovenes-reclaman-un-mundo-de-paz-ante-la-sindica-de-greuges-de-catalunya\\\/#primaryimage\"},\"image\":{\"@id\":\"https:\\\/\\\/fundesplai.org\\\/es\\\/informa-t\\\/actualitat-es\\\/ninos-ninas-y-jovenes-reclaman-un-mundo-de-paz-ante-la-sindica-de-greuges-de-catalunya\\\/#primaryimage\"},\"thumbnailUrl\":\"https:\\\/\\\/fundesplai.org\\\/wp-content\\\/uploads\\\/2025\\\/11\\\/Sindica-manifest-web.jpg\",\"datePublished\":\"2025-11-20T17:13:14+00:00\",\"dateModified\":\"2025-12-18T08:48:05+00:00\",\"author\":{\"@id\":\"https:\\\/\\\/fundesplai.org\\\/es\\\/#\\\/schema\\\/person\\\/c0e9e7466bb8ac06f5264324a6109733\"},\"description\":\"El 20 de noviembre un grupo de ni\u00f1os y ni\u00f1as han entregado un manifiesto a la S\u00edndica de Greuges para pedir un mundo de paz.\",\"breadcrumb\":{\"@id\":\"https:\\\/\\\/fundesplai.org\\\/es\\\/informa-t\\\/actualitat-es\\\/ninos-ninas-y-jovenes-reclaman-un-mundo-de-paz-ante-la-sindica-de-greuges-de-catalunya\\\/#breadcrumb\"},\"inLanguage\":\"es\",\"potentialAction\":[{\"@type\":\"ReadAction\",\"target\":[\"https:\\\/\\\/fundesplai.org\\\/es\\\/informa-t\\\/actualitat-es\\\/ninos-ninas-y-jovenes-reclaman-un-mundo-de-paz-ante-la-sindica-de-greuges-de-catalunya\\\/\"]}]},{\"@type\":\"ImageObject\",\"inLanguage\":\"es\",\"@id\":\"https:\\\/\\\/fundesplai.org\\\/es\\\/informa-t\\\/actualitat-es\\\/ninos-ninas-y-jovenes-reclaman-un-mundo-de-paz-ante-la-sindica-de-greuges-de-catalunya\\\/#primaryimage\",\"url\":\"https:\\\/\\\/fundesplai.org\\\/wp-content\\\/uploads\\\/2025\\\/11\\\/Sindica-manifest-web.jpg\",\"contentUrl\":\"https:\\\/\\\/fundesplai.org\\\/wp-content\\\/uploads\\\/2025\\\/11\\\/Sindica-manifest-web.jpg\",\"width\":1888,\"height\":900,\"caption\":\"Derechos de la Infancia 2025\"},{\"@type\":\"BreadcrumbList\",\"@id\":\"https:\\\/\\\/fundesplai.org\\\/es\\\/informa-t\\\/actualitat-es\\\/ninos-ninas-y-jovenes-reclaman-un-mundo-de-paz-ante-la-sindica-de-greuges-de-catalunya\\\/#breadcrumb\",\"itemListElement\":[{\"@type\":\"ListItem\",\"position\":1,\"name\":\"Inici\",\"item\":\"https:\\\/\\\/fundesplai.org\\\/es\\\/inicio\\\/\"},{\"@type\":\"ListItem\",\"position\":2,\"name\":\"Inf\u00f3rmate\",\"item\":\"https:\\\/\\\/fundesplai.org\\\/es\\\/informate\\\/\"},{\"@type\":\"ListItem\",\"position\":3,\"name\":\"Actualitat\",\"item\":\"https:\\\/\\\/fundesplai.org\\\/es\\\/informa-t\\\/category\\\/actualitat-es\\\/\"},{\"@type\":\"ListItem\",\"position\":4,\"name\":\"Ni\u00f1os, ni\u00f1as y j\u00f3venes reclaman un mundo de paz ante la S\u00edndica de Greuges de Catalunya\"}]},{\"@type\":\"WebSite\",\"@id\":\"https:\\\/\\\/fundesplai.org\\\/es\\\/#website\",\"url\":\"https:\\\/\\\/fundesplai.org\\\/es\\\/\",\"name\":\"Fundesplai\",\"description\":\"Eduquem per la conviv\u00e8ncia i la sostenibilitat\",\"potentialAction\":[{\"@type\":\"SearchAction\",\"target\":{\"@type\":\"EntryPoint\",\"urlTemplate\":\"https:\\\/\\\/fundesplai.org\\\/es\\\/?s={search_term_string}\"},\"query-input\":{\"@type\":\"PropertyValueSpecification\",\"valueRequired\":true,\"valueName\":\"search_term_string\"}}],\"inLanguage\":\"es\"},{\"@type\":\"Person\",\"@id\":\"https:\\\/\\\/fundesplai.org\\\/es\\\/#\\\/schema\\\/person\\\/c0e9e7466bb8ac06f5264324a6109733\",\"name\":\"Alfons Valle\",\"image\":{\"@type\":\"ImageObject\",\"inLanguage\":\"es\",\"@id\":\"https:\\\/\\\/secure.gravatar.com\\\/avatar\\\/71d95a3f99a068ba570ac1314ed6911a59c5ae3f22ffcf23631cd1a861a640bc?s=96&d=mm&r=g\",\"url\":\"https:\\\/\\\/secure.gravatar.com\\\/avatar\\\/71d95a3f99a068ba570ac1314ed6911a59c5ae3f22ffcf23631cd1a861a640bc?s=96&d=mm&r=g\",\"contentUrl\":\"https:\\\/\\\/secure.gravatar.com\\\/avatar\\\/71d95a3f99a068ba570ac1314ed6911a59c5ae3f22ffcf23631cd1a861a640bc?s=96&d=mm&r=g\",\"caption\":\"Alfons Valle\"},\"url\":\"https:\\\/\\\/fundesplai.org\\\/es\\\/informa-t\\\/author\\\/avalle\\\/\"}]}<\/script>\n<!-- \/ Yoast SEO plugin. -->","yoast_head_json":{"title":"Ni\u00f1os, ni\u00f1as y j\u00f3venes reclaman un mundo de paz ante la S\u00edndica de Greuges de Catalunya - Fundesplai","description":"El 20 de noviembre un grupo de ni\u00f1os y ni\u00f1as han entregado un manifiesto a la S\u00edndica de Greuges para pedir un mundo de paz.","robots":{"index":"index","follow":"follow","max-snippet":"max-snippet:-1","max-image-preview":"max-image-preview:large","max-video-preview":"max-video-preview:-1"},"canonical":"https:\/\/fundesplai.org\/es\/informa-t\/actualitat-es\/ninos-ninas-y-jovenes-reclaman-un-mundo-de-paz-ante-la-sindica-de-greuges-de-catalunya\/","og_locale":"es_ES","og_type":"article","og_title":"Ni\u00f1os, ni\u00f1as y j\u00f3venes reclaman un mundo de paz ante la S\u00edndica de Greuges de Catalunya - Fundesplai","og_description":"El 20 de noviembre un grupo de ni\u00f1os y ni\u00f1as han entregado un manifiesto a la S\u00edndica de Greuges para pedir un mundo de paz.","og_url":"https:\/\/fundesplai.org\/es\/informa-t\/actualitat-es\/ninos-ninas-y-jovenes-reclaman-un-mundo-de-paz-ante-la-sindica-de-greuges-de-catalunya\/","og_site_name":"Fundesplai","article_published_time":"2025-11-20T17:13:14+00:00","article_modified_time":"2025-12-18T08:48:05+00:00","og_image":[{"width":1888,"height":900,"url":"https:\/\/fundesplai.org\/wp-content\/uploads\/2025\/11\/Sindica-manifest-web.jpg","type":"image\/jpeg"}],"author":"Alfons Valle","twitter_card":"summary_large_image","twitter_misc":{"Escrito por":"Alfons Valle","Tiempo de lectura":"5 minutos"},"schema":{"@context":"https:\/\/schema.org","@graph":[{"@type":"Article","@id":"https:\/\/fundesplai.org\/es\/informa-t\/actualitat-es\/ninos-ninas-y-jovenes-reclaman-un-mundo-de-paz-ante-la-sindica-de-greuges-de-catalunya\/#article","isPartOf":{"@id":"https:\/\/fundesplai.org\/es\/informa-t\/actualitat-es\/ninos-ninas-y-jovenes-reclaman-un-mundo-de-paz-ante-la-sindica-de-greuges-de-catalunya\/"},"author":{"name":"Alfons Valle","@id":"https:\/\/fundesplai.org\/es\/#\/schema\/person\/c0e9e7466bb8ac06f5264324a6109733"},"headline":"Ni\u00f1os, ni\u00f1as y j\u00f3venes reclaman un mundo de paz ante la S\u00edndica de Greuges de Catalunya","datePublished":"2025-11-20T17:13:14+00:00","dateModified":"2025-12-18T08:48:05+00:00","mainEntityOfPage":{"@id":"https:\/\/fundesplai.org\/es\/informa-t\/actualitat-es\/ninos-ninas-y-jovenes-reclaman-un-mundo-de-paz-ante-la-sindica-de-greuges-de-catalunya\/"},"wordCount":768,"image":{"@id":"https:\/\/fundesplai.org\/es\/informa-t\/actualitat-es\/ninos-ninas-y-jovenes-reclaman-un-mundo-de-paz-ante-la-sindica-de-greuges-de-catalunya\/#primaryimage"},"thumbnailUrl":"https:\/\/fundesplai.org\/wp-content\/uploads\/2025\/11\/Sindica-manifest-web.jpg","articleSection":["Actualitat","Educaci\u00f3n en el tiempo libre"],"inLanguage":"es"},{"@type":"WebPage","@id":"https:\/\/fundesplai.org\/es\/informa-t\/actualitat-es\/ninos-ninas-y-jovenes-reclaman-un-mundo-de-paz-ante-la-sindica-de-greuges-de-catalunya\/","url":"https:\/\/fundesplai.org\/es\/informa-t\/actualitat-es\/ninos-ninas-y-jovenes-reclaman-un-mundo-de-paz-ante-la-sindica-de-greuges-de-catalunya\/","name":"Ni\u00f1os, ni\u00f1as y j\u00f3venes reclaman un mundo de paz ante la S\u00edndica de Greuges de Catalunya - Fundesplai","isPartOf":{"@id":"https:\/\/fundesplai.org\/es\/#website"},"primaryImageOfPage":{"@id":"https:\/\/fundesplai.org\/es\/informa-t\/actualitat-es\/ninos-ninas-y-jovenes-reclaman-un-mundo-de-paz-ante-la-sindica-de-greuges-de-catalunya\/#primaryimage"},"image":{"@id":"https:\/\/fundesplai.org\/es\/informa-t\/actualitat-es\/ninos-ninas-y-jovenes-reclaman-un-mundo-de-paz-ante-la-sindica-de-greuges-de-catalunya\/#primaryimage"},"thumbnailUrl":"https:\/\/fundesplai.org\/wp-content\/uploads\/2025\/11\/Sindica-manifest-web.jpg","datePublished":"2025-11-20T17:13:14+00:00","dateModified":"2025-12-18T08:48:05+00:00","author":{"@id":"https:\/\/fundesplai.org\/es\/#\/schema\/person\/c0e9e7466bb8ac06f5264324a6109733"},"description":"El 20 de noviembre un grupo de ni\u00f1os y ni\u00f1as han entregado un manifiesto a la S\u00edndica de Greuges para pedir un mundo de paz.","breadcrumb":{"@id":"https:\/\/fundesplai.org\/es\/informa-t\/actualitat-es\/ninos-ninas-y-jovenes-reclaman-un-mundo-de-paz-ante-la-sindica-de-greuges-de-catalunya\/#breadcrumb"},"inLanguage":"es","potentialAction":[{"@type":"ReadAction","target":["https:\/\/fundesplai.org\/es\/informa-t\/actualitat-es\/ninos-ninas-y-jovenes-reclaman-un-mundo-de-paz-ante-la-sindica-de-greuges-de-catalunya\/"]}]},{"@type":"ImageObject","inLanguage":"es","@id":"https:\/\/fundesplai.org\/es\/informa-t\/actualitat-es\/ninos-ninas-y-jovenes-reclaman-un-mundo-de-paz-ante-la-sindica-de-greuges-de-catalunya\/#primaryimage","url":"https:\/\/fundesplai.org\/wp-content\/uploads\/2025\/11\/Sindica-manifest-web.jpg","contentUrl":"https:\/\/fundesplai.org\/wp-content\/uploads\/2025\/11\/Sindica-manifest-web.jpg","width":1888,"height":900,"caption":"Derechos de la Infancia 2025"},{"@type":"BreadcrumbList","@id":"https:\/\/fundesplai.org\/es\/informa-t\/actualitat-es\/ninos-ninas-y-jovenes-reclaman-un-mundo-de-paz-ante-la-sindica-de-greuges-de-catalunya\/#breadcrumb","itemListElement":[{"@type":"ListItem","position":1,"name":"Inici","item":"https:\/\/fundesplai.org\/es\/inicio\/"},{"@type":"ListItem","position":2,"name":"Inf\u00f3rmate","item":"https:\/\/fundesplai.org\/es\/informate\/"},{"@type":"ListItem","position":3,"name":"Actualitat","item":"https:\/\/fundesplai.org\/es\/informa-t\/category\/actualitat-es\/"},{"@type":"ListItem","position":4,"name":"Ni\u00f1os, ni\u00f1as y j\u00f3venes reclaman un mundo de paz ante la S\u00edndica de Greuges de Catalunya"}]},{"@type":"WebSite","@id":"https:\/\/fundesplai.org\/es\/#website","url":"https:\/\/fundesplai.org\/es\/","name":"Fundesplai","description":"Eduquem per la conviv\u00e8ncia i la sostenibilitat","potentialAction":[{"@type":"SearchAction","target":{"@type":"EntryPoint","urlTemplate":"https:\/\/fundesplai.org\/es\/?s={search_term_string}"},"query-input":{"@type":"PropertyValueSpecification","valueRequired":true,"valueName":"search_term_string"}}],"inLanguage":"es"},{"@type":"Person","@id":"https:\/\/fundesplai.org\/es\/#\/schema\/person\/c0e9e7466bb8ac06f5264324a6109733","name":"Alfons Valle","image":{"@type":"ImageObject","inLanguage":"es","@id":"https:\/\/secure.gravatar.com\/avatar\/71d95a3f99a068ba570ac1314ed6911a59c5ae3f22ffcf23631cd1a861a640bc?s=96&d=mm&r=g","url":"https:\/\/secure.gravatar.com\/avatar\/71d95a3f99a068ba570ac1314ed6911a59c5ae3f22ffcf23631cd1a861a640bc?s=96&d=mm&r=g","contentUrl":"https:\/\/secure.gravatar.com\/avatar\/71d95a3f99a068ba570ac1314ed6911a59c5ae3f22ffcf23631cd1a861a640bc?s=96&d=mm&r=g","caption":"Alfons Valle"},"url":"https:\/\/fundesplai.org\/es\/informa-t\/author\/avalle\/"}]}},"_links":{"self":[{"href":"https:\/\/fundesplai.org\/es\/wp-json\/wp\/v2\/posts\/79890","targetHints":{"allow":["GET"]}}],"collection":[{"href":"https:\/\/fundesplai.org\/es\/wp-json\/wp\/v2\/posts"}],"about":[{"href":"https:\/\/fundesplai.org\/es\/wp-json\/wp\/v2\/types\/post"}],"author":[{"embeddable":true,"href":"https:\/\/fundesplai.org\/es\/wp-json\/wp\/v2\/users\/9"}],"replies":[{"embeddable":true,"href":"https:\/\/fundesplai.org\/es\/wp-json\/wp\/v2\/comments?post=79890"}],"version-history":[{"count":9,"href":"https:\/\/fundesplai.org\/es\/wp-json\/wp\/v2\/posts\/79890\/revisions"}],"predecessor-version":[{"id":79908,"href":"https:\/\/fundesplai.org\/es\/wp-json\/wp\/v2\/posts\/79890\/revisions\/79908"}],"wp:featuredmedia":[{"embeddable":true,"href":"https:\/\/fundesplai.org\/es\/wp-json\/wp\/v2\/media\/79390"}],"wp:attachment":[{"href":"https:\/\/fundesplai.org\/es\/wp-json\/wp\/v2\/media?parent=79890"}],"wp:term":[{"taxonomy":"category","embeddable":true,"href":"https:\/\/fundesplai.org\/es\/wp-json\/wp\/v2\/categories?post=79890"},{"taxonomy":"post_tag","embeddable":true,"href":"https:\/\/fundesplai.org\/es\/wp-json\/wp\/v2\/tags?post=79890"}],"curies":[{"name":"wp","href":"https:\/\/api.w.org\/{rel}","templated":true}]}}