{"id":75895,"date":"2025-06-23T16:13:42","date_gmt":"2025-06-23T14:13:42","guid":{"rendered":"https:\/\/fundesplai.org\/informa-t\/\/fundesplai-sincorpora-a-la-xarxa-europea-tandem-plus-que-promou-la-inclusio-social-i-lacces-a-locupacio\/"},"modified":"2025-09-12T12:51:56","modified_gmt":"2025-09-12T10:51:56","slug":"fundesplai-sincorpora-a-la-xarxa-europea-tandem-plus-que-promou-la-inclusio-social-i-lacces-a-locupacio","status":"publish","type":"post","link":"https:\/\/fundesplai.org\/es\/informa-t\/actualidad\/fundesplai-sincorpora-a-la-xarxa-europea-tandem-plus-que-promou-la-inclusio-social-i-lacces-a-locupacio\/","title":{"rendered":"Fundesplai se incorpora a la red europea Tandem Plus, que promueve la inclusi\u00f3n social y el acceso al empleo"},"content":{"rendered":"<p>[et_pb_section fb_built=\u00bb1&#8243; _builder_version=\u00bb4.21.0&#8243; _module_preset=\u00bbdefault\u00bb global_colors_info=\u00bb{}\u00bb][et_pb_row _builder_version=\u00bb4.21.0&#8243; _module_preset=\u00bbdefault\u00bb global_colors_info=\u00bb{}\u00bb][et_pb_column type=\u00bb4_4&#8243; _builder_version=\u00bb4.21.0&#8243; _module_preset=\u00bbdefault\u00bb global_colors_info=\u00bb{}\u00bb][et_pb_text _builder_version=\u00bb4.21.0&#8243; _module_preset=\u00bbdefault\u00bb global_colors_info=\u00bb{}\u00bb]<\/p>\n<p>Fundesplai sigue avanzando en la apuesta por la internacionalizaci\u00f3n y la justicia social con su adhesi\u00f3n a la <strong><a href=\"https:\/\/www.tandem-plus.eu\/en\/\" target=\"_blank\" rel=\"noopener\">red europea Tandem Plus<\/a><\/strong>. Se trata de una alianza que trabaja para promover la <strong>cohesi\u00f3n social<\/strong> y garantizar el <strong>acceso a la ocupaci\u00f3n<\/strong> para todos. <\/p>\n<p>Tandem Plus est\u00e1 formada por 23 entidades de 15 pa\u00edses europeos. En este sentido, el objetivo es impulsar acciones conjuntas para afrontar los principales retos de inclusi\u00f3n social, econ\u00f3mica y pol\u00edtica de las personas en situaciones de vulnerabilidad. <\/p>\n<h3>Primer encuentro con Tandem Plus<\/h3>\n<p>Los d\u00edas 19 y 20 de junio, Fundesplai particip\u00f3 por primera vez en la Asamblea General de la red Tandem Plus, que se celebr\u00f3 en Varsovia (Polonia). Adem\u00e1s, este encuentro fue una gran oportunidad para conocer a otras organizaciones miembros, compartir buenas pr\u00e1cticas, y debatir sobre los <strong>nuevos retos sociales y laborales<\/strong> a escala europea. <\/p>\n<p>La entrada a Tandem Plus es un paso importante para fortalecer la acci\u00f3n internacional y contribuir activamente a una Europa m\u00e1s inclusiva y cohesionada.<\/p>\n<h3>Fundesplai participa en proyectos europeos<\/h3>\n<p>Con esta incorporaci\u00f3n, Fundesplai consolida su presencia en redes y alianzas europeas vinculadas en la educaci\u00f3n, la inclusi\u00f3n y la ocupaci\u00f3n. La entidad ya participa en iniciativas como <a href=\"https:\/\/fundesplai.org\/informa-t\/english-conferences\/entry-into-eurochild-cefec-social-firms-europe-and-school-meals-coalition\/\">Eurochild<\/a>, CEFEC-Social Firms Europe, School Meals Coalition y European Alliance for Apprenticeships, entre otras. <\/p>\n<p>[\/et_pb_text][et_pb_button button_url=\u00bbhttps:\/\/fundesplai.org\/projectes-i-serveis\/projectes-europeus\/\u00bb button_text=\u00bbProyectos europeos\u00bb button_alignment=\u00bbcenter\u00bb _builder_version=\u00bb4.21.0&#8243; _module_preset=\u00bbdefault\u00bb custom_margin=\u00bb30px||||false|false\u00bb global_colors_info=\u00bb{}\u00bb][\/et_pb_button][\/et_pb_column][\/et_pb_row][\/et_pb_section]<\/p>\n","protected":false},"excerpt":{"rendered":"<p>Fundesplai sigue avanzando en la apuesta por la internacionalizaci\u00f3n y la justicia social con su adhesi\u00f3n a la red europea Tandem Plus. Se trata de una alianza que trabaja para promover la cohesi\u00f3n social y garantizar el acceso a la ocupaci\u00f3n para todos. Tandem Plus est\u00e1 formada por 23 entidades de 15 pa\u00edses europeos. En [&hellip;]<\/p>\n","protected":false},"author":35,"featured_media":75892,"comment_status":"closed","ping_status":"closed","sticky":false,"template":"","format":"standard","meta":{"_et_pb_use_builder":"on","_et_pb_old_content":"","_et_gb_content_width":"","footnotes":""},"categories":[937],"tags":[],"class_list":["post-75895","post","type-post","status-publish","format-standard","has-post-thumbnail","hentry","category-actualidad"],"yoast_head":"<!-- This site is optimized with the Yoast SEO plugin v27.5 - https:\/\/yoast.com\/product\/yoast-seo-wordpress\/ -->\n<title>Fundesplai se incorpora a la red europea Tandem Plus, que promueve la inclusi\u00f3n social y el acceso al empleo - Fundesplai<\/title>\n<meta name=\"description\" content=\"Fundesplai se une a la red europea Tandem Plus para impulsar la inclusi\u00f3n social y el acceso al empleo para todos a nivel europeo.\" \/>\n<meta name=\"robots\" content=\"index, follow, max-snippet:-1, max-image-preview:large, max-video-preview:-1\" \/>\n<link rel=\"canonical\" href=\"https:\/\/fundesplai.org\/es\/informa-t\/actualidad\/fundesplai-sincorpora-a-la-xarxa-europea-tandem-plus-que-promou-la-inclusio-social-i-lacces-a-locupacio\/\" \/>\n<meta property=\"og:locale\" content=\"es_ES\" \/>\n<meta property=\"og:type\" content=\"article\" \/>\n<meta property=\"og:title\" content=\"Fundesplai se incorpora a la red europea Tandem Plus, que promueve la inclusi\u00f3n social y el acceso al empleo - Fundesplai\" \/>\n<meta property=\"og:description\" content=\"Fundesplai se une a la red europea Tandem Plus para impulsar la inclusi\u00f3n social y el acceso al empleo para todos a nivel europeo.\" \/>\n<meta property=\"og:url\" content=\"https:\/\/fundesplai.org\/es\/informa-t\/actualidad\/fundesplai-sincorpora-a-la-xarxa-europea-tandem-plus-que-promou-la-inclusio-social-i-lacces-a-locupacio\/\" \/>\n<meta property=\"og:site_name\" content=\"Fundesplai\" \/>\n<meta property=\"article:published_time\" content=\"2025-06-23T14:13:42+00:00\" \/>\n<meta property=\"article:modified_time\" content=\"2025-09-12T10:51:56+00:00\" \/>\n<meta property=\"og:image\" content=\"https:\/\/fundesplai.org\/wp-content\/uploads\/2025\/06\/xarxa-tandem-plus-fundesplai.jpeg\" \/>\n\t<meta property=\"og:image:width\" content=\"1920\" \/>\n\t<meta property=\"og:image:height\" content=\"1601\" \/>\n\t<meta property=\"og:image:type\" content=\"image\/jpeg\" \/>\n<meta name=\"author\" content=\"spulido\" \/>\n<meta name=\"twitter:card\" content=\"summary_large_image\" \/>\n<meta name=\"twitter:label1\" content=\"Escrito por\" \/>\n\t<meta name=\"twitter:data1\" content=\"spulido\" \/>\n\t<meta name=\"twitter:label2\" content=\"Tiempo de lectura\" \/>\n\t<meta name=\"twitter:data2\" content=\"2 minutos\" \/>\n<script type=\"application\/ld+json\" class=\"yoast-schema-graph\">{\"@context\":\"https:\\\/\\\/schema.org\",\"@graph\":[{\"@type\":\"Article\",\"@id\":\"https:\\\/\\\/fundesplai.org\\\/es\\\/informa-t\\\/actualidad\\\/fundesplai-sincorpora-a-la-xarxa-europea-tandem-plus-que-promou-la-inclusio-social-i-lacces-a-locupacio\\\/#article\",\"isPartOf\":{\"@id\":\"https:\\\/\\\/fundesplai.org\\\/es\\\/informa-t\\\/actualidad\\\/fundesplai-sincorpora-a-la-xarxa-europea-tandem-plus-que-promou-la-inclusio-social-i-lacces-a-locupacio\\\/\"},\"author\":{\"name\":\"spulido\",\"@id\":\"https:\\\/\\\/fundesplai.org\\\/es\\\/#\\\/schema\\\/person\\\/fde1650fd0ecab0771758451d70d9542\"},\"headline\":\"Fundesplai se incorpora a la red europea Tandem Plus, que promueve la inclusi\u00f3n social y el acceso al empleo\",\"datePublished\":\"2025-06-23T14:13:42+00:00\",\"dateModified\":\"2025-09-12T10:51:56+00:00\",\"mainEntityOfPage\":{\"@id\":\"https:\\\/\\\/fundesplai.org\\\/es\\\/informa-t\\\/actualidad\\\/fundesplai-sincorpora-a-la-xarxa-europea-tandem-plus-que-promou-la-inclusio-social-i-lacces-a-locupacio\\\/\"},\"wordCount\":337,\"image\":{\"@id\":\"https:\\\/\\\/fundesplai.org\\\/es\\\/informa-t\\\/actualidad\\\/fundesplai-sincorpora-a-la-xarxa-europea-tandem-plus-que-promou-la-inclusio-social-i-lacces-a-locupacio\\\/#primaryimage\"},\"thumbnailUrl\":\"https:\\\/\\\/fundesplai.org\\\/wp-content\\\/uploads\\\/2025\\\/06\\\/xarxa-tandem-plus-fundesplai.jpeg\",\"articleSection\":[\"Actualidad\"],\"inLanguage\":\"es\"},{\"@type\":\"WebPage\",\"@id\":\"https:\\\/\\\/fundesplai.org\\\/es\\\/informa-t\\\/actualidad\\\/fundesplai-sincorpora-a-la-xarxa-europea-tandem-plus-que-promou-la-inclusio-social-i-lacces-a-locupacio\\\/\",\"url\":\"https:\\\/\\\/fundesplai.org\\\/es\\\/informa-t\\\/actualidad\\\/fundesplai-sincorpora-a-la-xarxa-europea-tandem-plus-que-promou-la-inclusio-social-i-lacces-a-locupacio\\\/\",\"name\":\"Fundesplai se incorpora a la red europea Tandem Plus, que promueve la inclusi\u00f3n social y el acceso al empleo - Fundesplai\",\"isPartOf\":{\"@id\":\"https:\\\/\\\/fundesplai.org\\\/es\\\/#website\"},\"primaryImageOfPage\":{\"@id\":\"https:\\\/\\\/fundesplai.org\\\/es\\\/informa-t\\\/actualidad\\\/fundesplai-sincorpora-a-la-xarxa-europea-tandem-plus-que-promou-la-inclusio-social-i-lacces-a-locupacio\\\/#primaryimage\"},\"image\":{\"@id\":\"https:\\\/\\\/fundesplai.org\\\/es\\\/informa-t\\\/actualidad\\\/fundesplai-sincorpora-a-la-xarxa-europea-tandem-plus-que-promou-la-inclusio-social-i-lacces-a-locupacio\\\/#primaryimage\"},\"thumbnailUrl\":\"https:\\\/\\\/fundesplai.org\\\/wp-content\\\/uploads\\\/2025\\\/06\\\/xarxa-tandem-plus-fundesplai.jpeg\",\"datePublished\":\"2025-06-23T14:13:42+00:00\",\"dateModified\":\"2025-09-12T10:51:56+00:00\",\"author\":{\"@id\":\"https:\\\/\\\/fundesplai.org\\\/es\\\/#\\\/schema\\\/person\\\/fde1650fd0ecab0771758451d70d9542\"},\"description\":\"Fundesplai se une a la red europea Tandem Plus para impulsar la inclusi\u00f3n social y el acceso al empleo para todos a nivel europeo.\",\"breadcrumb\":{\"@id\":\"https:\\\/\\\/fundesplai.org\\\/es\\\/informa-t\\\/actualidad\\\/fundesplai-sincorpora-a-la-xarxa-europea-tandem-plus-que-promou-la-inclusio-social-i-lacces-a-locupacio\\\/#breadcrumb\"},\"inLanguage\":\"es\",\"potentialAction\":[{\"@type\":\"ReadAction\",\"target\":[\"https:\\\/\\\/fundesplai.org\\\/es\\\/informa-t\\\/actualidad\\\/fundesplai-sincorpora-a-la-xarxa-europea-tandem-plus-que-promou-la-inclusio-social-i-lacces-a-locupacio\\\/\"]}]},{\"@type\":\"ImageObject\",\"inLanguage\":\"es\",\"@id\":\"https:\\\/\\\/fundesplai.org\\\/es\\\/informa-t\\\/actualidad\\\/fundesplai-sincorpora-a-la-xarxa-europea-tandem-plus-que-promou-la-inclusio-social-i-lacces-a-locupacio\\\/#primaryimage\",\"url\":\"https:\\\/\\\/fundesplai.org\\\/wp-content\\\/uploads\\\/2025\\\/06\\\/xarxa-tandem-plus-fundesplai.jpeg\",\"contentUrl\":\"https:\\\/\\\/fundesplai.org\\\/wp-content\\\/uploads\\\/2025\\\/06\\\/xarxa-tandem-plus-fundesplai.jpeg\",\"width\":1920,\"height\":1601,\"caption\":\"Fundesplai se suma a la xarxa Tandem plus.\"},{\"@type\":\"BreadcrumbList\",\"@id\":\"https:\\\/\\\/fundesplai.org\\\/es\\\/informa-t\\\/actualidad\\\/fundesplai-sincorpora-a-la-xarxa-europea-tandem-plus-que-promou-la-inclusio-social-i-lacces-a-locupacio\\\/#breadcrumb\",\"itemListElement\":[{\"@type\":\"ListItem\",\"position\":1,\"name\":\"Inici\",\"item\":\"https:\\\/\\\/fundesplai.org\\\/es\\\/inicio\\\/\"},{\"@type\":\"ListItem\",\"position\":2,\"name\":\"Inf\u00f3rmate\",\"item\":\"https:\\\/\\\/fundesplai.org\\\/es\\\/informate\\\/\"},{\"@type\":\"ListItem\",\"position\":3,\"name\":\"Actualidad\",\"item\":\"https:\\\/\\\/fundesplai.org\\\/es\\\/informa-t\\\/category\\\/actualidad\\\/\"},{\"@type\":\"ListItem\",\"position\":4,\"name\":\"Fundesplai se incorpora a la red europea Tandem Plus, que promueve la inclusi\u00f3n social y el acceso al empleo\"}]},{\"@type\":\"WebSite\",\"@id\":\"https:\\\/\\\/fundesplai.org\\\/es\\\/#website\",\"url\":\"https:\\\/\\\/fundesplai.org\\\/es\\\/\",\"name\":\"Fundesplai\",\"description\":\"Eduquem per la conviv\u00e8ncia i la sostenibilitat\",\"potentialAction\":[{\"@type\":\"SearchAction\",\"target\":{\"@type\":\"EntryPoint\",\"urlTemplate\":\"https:\\\/\\\/fundesplai.org\\\/es\\\/?s={search_term_string}\"},\"query-input\":{\"@type\":\"PropertyValueSpecification\",\"valueRequired\":true,\"valueName\":\"search_term_string\"}}],\"inLanguage\":\"es\"},{\"@type\":\"Person\",\"@id\":\"https:\\\/\\\/fundesplai.org\\\/es\\\/#\\\/schema\\\/person\\\/fde1650fd0ecab0771758451d70d9542\",\"name\":\"spulido\",\"image\":{\"@type\":\"ImageObject\",\"inLanguage\":\"es\",\"@id\":\"https:\\\/\\\/secure.gravatar.com\\\/avatar\\\/efd3238af867ca2ea7ff51cd3989f365e8f2a9e617574ce9b528f93010322b3d?s=96&d=mm&r=g\",\"url\":\"https:\\\/\\\/secure.gravatar.com\\\/avatar\\\/efd3238af867ca2ea7ff51cd3989f365e8f2a9e617574ce9b528f93010322b3d?s=96&d=mm&r=g\",\"contentUrl\":\"https:\\\/\\\/secure.gravatar.com\\\/avatar\\\/efd3238af867ca2ea7ff51cd3989f365e8f2a9e617574ce9b528f93010322b3d?s=96&d=mm&r=g\",\"caption\":\"spulido\"},\"url\":\"https:\\\/\\\/fundesplai.org\\\/es\\\/informa-t\\\/author\\\/spulido\\\/\"}]}<\/script>\n<!-- \/ Yoast SEO plugin. -->","yoast_head_json":{"title":"Fundesplai se incorpora a la red europea Tandem Plus, que promueve la inclusi\u00f3n social y el acceso al empleo - Fundesplai","description":"Fundesplai se une a la red europea Tandem Plus para impulsar la inclusi\u00f3n social y el acceso al empleo para todos a nivel europeo.","robots":{"index":"index","follow":"follow","max-snippet":"max-snippet:-1","max-image-preview":"max-image-preview:large","max-video-preview":"max-video-preview:-1"},"canonical":"https:\/\/fundesplai.org\/es\/informa-t\/actualidad\/fundesplai-sincorpora-a-la-xarxa-europea-tandem-plus-que-promou-la-inclusio-social-i-lacces-a-locupacio\/","og_locale":"es_ES","og_type":"article","og_title":"Fundesplai se incorpora a la red europea Tandem Plus, que promueve la inclusi\u00f3n social y el acceso al empleo - Fundesplai","og_description":"Fundesplai se une a la red europea Tandem Plus para impulsar la inclusi\u00f3n social y el acceso al empleo para todos a nivel europeo.","og_url":"https:\/\/fundesplai.org\/es\/informa-t\/actualidad\/fundesplai-sincorpora-a-la-xarxa-europea-tandem-plus-que-promou-la-inclusio-social-i-lacces-a-locupacio\/","og_site_name":"Fundesplai","article_published_time":"2025-06-23T14:13:42+00:00","article_modified_time":"2025-09-12T10:51:56+00:00","og_image":[{"width":1920,"height":1601,"url":"https:\/\/fundesplai.org\/wp-content\/uploads\/2025\/06\/xarxa-tandem-plus-fundesplai.jpeg","type":"image\/jpeg"}],"author":"spulido","twitter_card":"summary_large_image","twitter_misc":{"Escrito por":"spulido","Tiempo de lectura":"2 minutos"},"schema":{"@context":"https:\/\/schema.org","@graph":[{"@type":"Article","@id":"https:\/\/fundesplai.org\/es\/informa-t\/actualidad\/fundesplai-sincorpora-a-la-xarxa-europea-tandem-plus-que-promou-la-inclusio-social-i-lacces-a-locupacio\/#article","isPartOf":{"@id":"https:\/\/fundesplai.org\/es\/informa-t\/actualidad\/fundesplai-sincorpora-a-la-xarxa-europea-tandem-plus-que-promou-la-inclusio-social-i-lacces-a-locupacio\/"},"author":{"name":"spulido","@id":"https:\/\/fundesplai.org\/es\/#\/schema\/person\/fde1650fd0ecab0771758451d70d9542"},"headline":"Fundesplai se incorpora a la red europea Tandem Plus, que promueve la inclusi\u00f3n social y el acceso al empleo","datePublished":"2025-06-23T14:13:42+00:00","dateModified":"2025-09-12T10:51:56+00:00","mainEntityOfPage":{"@id":"https:\/\/fundesplai.org\/es\/informa-t\/actualidad\/fundesplai-sincorpora-a-la-xarxa-europea-tandem-plus-que-promou-la-inclusio-social-i-lacces-a-locupacio\/"},"wordCount":337,"image":{"@id":"https:\/\/fundesplai.org\/es\/informa-t\/actualidad\/fundesplai-sincorpora-a-la-xarxa-europea-tandem-plus-que-promou-la-inclusio-social-i-lacces-a-locupacio\/#primaryimage"},"thumbnailUrl":"https:\/\/fundesplai.org\/wp-content\/uploads\/2025\/06\/xarxa-tandem-plus-fundesplai.jpeg","articleSection":["Actualidad"],"inLanguage":"es"},{"@type":"WebPage","@id":"https:\/\/fundesplai.org\/es\/informa-t\/actualidad\/fundesplai-sincorpora-a-la-xarxa-europea-tandem-plus-que-promou-la-inclusio-social-i-lacces-a-locupacio\/","url":"https:\/\/fundesplai.org\/es\/informa-t\/actualidad\/fundesplai-sincorpora-a-la-xarxa-europea-tandem-plus-que-promou-la-inclusio-social-i-lacces-a-locupacio\/","name":"Fundesplai se incorpora a la red europea Tandem Plus, que promueve la inclusi\u00f3n social y el acceso al empleo - Fundesplai","isPartOf":{"@id":"https:\/\/fundesplai.org\/es\/#website"},"primaryImageOfPage":{"@id":"https:\/\/fundesplai.org\/es\/informa-t\/actualidad\/fundesplai-sincorpora-a-la-xarxa-europea-tandem-plus-que-promou-la-inclusio-social-i-lacces-a-locupacio\/#primaryimage"},"image":{"@id":"https:\/\/fundesplai.org\/es\/informa-t\/actualidad\/fundesplai-sincorpora-a-la-xarxa-europea-tandem-plus-que-promou-la-inclusio-social-i-lacces-a-locupacio\/#primaryimage"},"thumbnailUrl":"https:\/\/fundesplai.org\/wp-content\/uploads\/2025\/06\/xarxa-tandem-plus-fundesplai.jpeg","datePublished":"2025-06-23T14:13:42+00:00","dateModified":"2025-09-12T10:51:56+00:00","author":{"@id":"https:\/\/fundesplai.org\/es\/#\/schema\/person\/fde1650fd0ecab0771758451d70d9542"},"description":"Fundesplai se une a la red europea Tandem Plus para impulsar la inclusi\u00f3n social y el acceso al empleo para todos a nivel europeo.","breadcrumb":{"@id":"https:\/\/fundesplai.org\/es\/informa-t\/actualidad\/fundesplai-sincorpora-a-la-xarxa-europea-tandem-plus-que-promou-la-inclusio-social-i-lacces-a-locupacio\/#breadcrumb"},"inLanguage":"es","potentialAction":[{"@type":"ReadAction","target":["https:\/\/fundesplai.org\/es\/informa-t\/actualidad\/fundesplai-sincorpora-a-la-xarxa-europea-tandem-plus-que-promou-la-inclusio-social-i-lacces-a-locupacio\/"]}]},{"@type":"ImageObject","inLanguage":"es","@id":"https:\/\/fundesplai.org\/es\/informa-t\/actualidad\/fundesplai-sincorpora-a-la-xarxa-europea-tandem-plus-que-promou-la-inclusio-social-i-lacces-a-locupacio\/#primaryimage","url":"https:\/\/fundesplai.org\/wp-content\/uploads\/2025\/06\/xarxa-tandem-plus-fundesplai.jpeg","contentUrl":"https:\/\/fundesplai.org\/wp-content\/uploads\/2025\/06\/xarxa-tandem-plus-fundesplai.jpeg","width":1920,"height":1601,"caption":"Fundesplai se suma a la xarxa Tandem plus."},{"@type":"BreadcrumbList","@id":"https:\/\/fundesplai.org\/es\/informa-t\/actualidad\/fundesplai-sincorpora-a-la-xarxa-europea-tandem-plus-que-promou-la-inclusio-social-i-lacces-a-locupacio\/#breadcrumb","itemListElement":[{"@type":"ListItem","position":1,"name":"Inici","item":"https:\/\/fundesplai.org\/es\/inicio\/"},{"@type":"ListItem","position":2,"name":"Inf\u00f3rmate","item":"https:\/\/fundesplai.org\/es\/informate\/"},{"@type":"ListItem","position":3,"name":"Actualidad","item":"https:\/\/fundesplai.org\/es\/informa-t\/category\/actualidad\/"},{"@type":"ListItem","position":4,"name":"Fundesplai se incorpora a la red europea Tandem Plus, que promueve la inclusi\u00f3n social y el acceso al empleo"}]},{"@type":"WebSite","@id":"https:\/\/fundesplai.org\/es\/#website","url":"https:\/\/fundesplai.org\/es\/","name":"Fundesplai","description":"Eduquem per la conviv\u00e8ncia i la sostenibilitat","potentialAction":[{"@type":"SearchAction","target":{"@type":"EntryPoint","urlTemplate":"https:\/\/fundesplai.org\/es\/?s={search_term_string}"},"query-input":{"@type":"PropertyValueSpecification","valueRequired":true,"valueName":"search_term_string"}}],"inLanguage":"es"},{"@type":"Person","@id":"https:\/\/fundesplai.org\/es\/#\/schema\/person\/fde1650fd0ecab0771758451d70d9542","name":"spulido","image":{"@type":"ImageObject","inLanguage":"es","@id":"https:\/\/secure.gravatar.com\/avatar\/efd3238af867ca2ea7ff51cd3989f365e8f2a9e617574ce9b528f93010322b3d?s=96&d=mm&r=g","url":"https:\/\/secure.gravatar.com\/avatar\/efd3238af867ca2ea7ff51cd3989f365e8f2a9e617574ce9b528f93010322b3d?s=96&d=mm&r=g","contentUrl":"https:\/\/secure.gravatar.com\/avatar\/efd3238af867ca2ea7ff51cd3989f365e8f2a9e617574ce9b528f93010322b3d?s=96&d=mm&r=g","caption":"spulido"},"url":"https:\/\/fundesplai.org\/es\/informa-t\/author\/spulido\/"}]}},"_links":{"self":[{"href":"https:\/\/fundesplai.org\/es\/wp-json\/wp\/v2\/posts\/75895","targetHints":{"allow":["GET"]}}],"collection":[{"href":"https:\/\/fundesplai.org\/es\/wp-json\/wp\/v2\/posts"}],"about":[{"href":"https:\/\/fundesplai.org\/es\/wp-json\/wp\/v2\/types\/post"}],"author":[{"embeddable":true,"href":"https:\/\/fundesplai.org\/es\/wp-json\/wp\/v2\/users\/35"}],"replies":[{"embeddable":true,"href":"https:\/\/fundesplai.org\/es\/wp-json\/wp\/v2\/comments?post=75895"}],"version-history":[{"count":7,"href":"https:\/\/fundesplai.org\/es\/wp-json\/wp\/v2\/posts\/75895\/revisions"}],"predecessor-version":[{"id":77415,"href":"https:\/\/fundesplai.org\/es\/wp-json\/wp\/v2\/posts\/75895\/revisions\/77415"}],"wp:featuredmedia":[{"embeddable":true,"href":"https:\/\/fundesplai.org\/es\/wp-json\/wp\/v2\/media\/75892"}],"wp:attachment":[{"href":"https:\/\/fundesplai.org\/es\/wp-json\/wp\/v2\/media?parent=75895"}],"wp:term":[{"taxonomy":"category","embeddable":true,"href":"https:\/\/fundesplai.org\/es\/wp-json\/wp\/v2\/categories?post=75895"},{"taxonomy":"post_tag","embeddable":true,"href":"https:\/\/fundesplai.org\/es\/wp-json\/wp\/v2\/tags?post=75895"}],"curies":[{"name":"wp","href":"https:\/\/api.w.org\/{rel}","templated":true}]}}