{"id":74876,"date":"2025-02-22T17:12:55","date_gmt":"2025-02-22T16:12:55","guid":{"rendered":"https:\/\/fundesplai.org\/informa-t\/\/participamos-en-la-jornada-la-educacion-vence-a-la-pobreza-para-mostrar-como-trabajamos-para-reducir-la-pobreza-infantil-y-juvenil\/"},"modified":"2025-06-04T13:48:58","modified_gmt":"2025-06-04T11:48:58","slug":"participamos-en-la-jornada-la-educacion-vence-a-la-pobreza-para-mostrar-como-trabajamos-para-reducir-la-pobreza-infantil-y-juvenil","status":"publish","type":"post","link":"https:\/\/fundesplai.org\/es\/informa-t\/actualitat-es\/participamos-en-la-jornada-la-educacion-vence-a-la-pobreza-para-mostrar-como-trabajamos-para-reducir-la-pobreza-infantil-y-juvenil\/","title":{"rendered":"Participamos en la jornada &#8216;La educaci\u00f3n vence a la pobreza&#8217; para mostrar c\u00f3mo trabajamos para reducir la pobreza infantil y juvenil"},"content":{"rendered":"<p>[et_pb_section fb_built=\u00bb1&#8243; _builder_version=\u00bb4.21.0&#8243; _module_preset=\u00bbdefault\u00bb global_colors_info=\u00bb{}\u00bb][et_pb_row _builder_version=\u00bb4.21.0&#8243; _module_preset=\u00bbdefault\u00bb global_colors_info=\u00bb{}\u00bb][et_pb_column type=\u00bb4_4&#8243; _builder_version=\u00bb4.21.0&#8243; _module_preset=\u00bbdefault\u00bb global_colors_info=\u00bb{}\u00bb][et_pb_text _builder_version=\u00bb4.21.0&#8243; _module_preset=\u00bbdefault\u00bb global_colors_info=\u00bb{}\u00bb]<\/p>\n<p>La <a href=\"https:\/\/fundaciobofill.cat\/\" target=\"_blank\" rel=\"noopener\">Fundaci\u00f3n Bofill<\/a> y la <a href=\"https:\/\/www.tercersector.cat\/pincat\" target=\"_blank\" rel=\"noopener\">Plataforma de Infancia de Catalu\u00f1a<\/a> (PINCat) de la <a href=\"https:\/\/www.tercersector.cat\/\" target=\"_blank\" rel=\"noopener\">Taula de entidades del Tercer Sector Social<\/a> presentaron &#8216;<a href=\"https:\/\/www.tercersector.cat\/sites\/default\/files\/2025-02\/2025-02_leducacio_venc_la_pobresa_resum_executiu.pdf\" target=\"_blank\" rel=\"noopener\"><strong>La educaci\u00f3n vence a la pobreza<\/strong><\/a>&#8216;. Se trata de una propuesta de <strong>10 pol\u00edticas educativas<\/strong> para romper el c\u00edrculo hereditario de la <strong>pobreza desde la infancia<\/strong>. <\/p>\n<h3>El espacio del mediod\u00eda como derecho a la educaci\u00f3n<\/h3>\n<p>Susagna Escard\u00edbul, pedagoga en el \u00e1rea de Innovaci\u00f3n y Contenidos de Fundesplai, puso de manifiesto la importancia del <a href=\"https:\/\/escoles.fundesplai.org\/es\/actividades-escuela\/comedor-tiempo-educativo-del-mediodia\/\" target=\"_blank\" rel=\"noopener\">tiempo educativo del mediod\u00eda<\/a>, especialmente en situaciones de vulnerabilidad.<\/p>\n<p>Este espacio garantiza una <strong>alimentaci\u00f3n adecuada y equilibrada<\/strong>, que para muchos ni\u00f1os y ni\u00f1as es la \u00fanica garant\u00eda. Pero el tiempo educativo del mediod\u00eda va m\u00e1s all\u00e1 y ofrece momentos de ocio, descanso, relaci\u00f3n con iguales, aprendizaje de valores&#8230; que favorecen la igualdad de oportunidades entre ni\u00f1os y ni\u00f1as. <\/p>\n<h3>Acompa\u00f1amiento y oferta formativa y laboral para la juventud<\/h3>\n<p>Una de las pol\u00edticas presentadas se centra en poder dar respuesta a las <strong>personas j\u00f3venes<\/strong> que se han desvinculado de la educaci\u00f3n y, adem\u00e1s, tienen dificultades para acceder al mercado laboral. En la jornada, Mariona Sala S\u00e1nchez, del \u00e1rea de Acci\u00f3n Social y Educativa de Fundesplai, y Emma Doncel P\u00e9rez, participante del <a href=\"https:\/\/fundesplai.org\/programes-socials-i-joves\/es\/dema-jove\/\" target=\"_blank\" rel=\"noopener\">Dem\u00e0 Jove<\/a> <span style=\"font-family: 'Segoe UI',sans-serif;background: white\">2, explicaron su experiencia como referente y joven participante.<\/span> <\/p>\n<p>Su caso muestra el <strong>v\u00ednculo<\/strong> tan fuerte y positivo que se genera con programas como el Dem\u00e0 Jove de FPO dual. Formarse y tener un contrato de trabajo fueron un impulso para Emma, \u200b\u200bque fue contratada donde realiz\u00f3 las pr\u00e1cticas como monitora. En este camino, adem\u00e1s, cont\u00f3 con el acompa\u00f1amiento de personas como Mariona, quien cada d\u00eda trabaja con las personas j\u00f3venes para ayudar a potenciar sus capacidades.  <\/p>\n<p>En la jornada tambi\u00e9n se hizo referencia a otros espacios educativos fuera de las horas lectivas, como el <a href=\"https:\/\/estiu.fundesplai.org\/\" target=\"_blank\" rel=\"noopener\">verano<\/a>, las <a href=\"https:\/\/escoles.fundesplai.org\/es\/actividades-escuela\/extraescolares-y-acogidas\/\">actividades extraescolares<\/a> y la educaci\u00f3n en la <a href=\"https:\/\/escoles.fundesplai.org\/es\/servicios-para-la-pequena-infancia\/\">peque\u00f1a infancia<\/a>. En este sentido, en 2023 otorgamos <strong>25.595 becas y ayudas<\/strong> para garantizar la igualdad de oportunidades de ni\u00f1as, ni\u00f1os y j\u00f3venes. <\/p>\n<h3>Un problema que se mantiene<\/h3>\n<p>Seg\u00fan los datos recogidos, la tasa de menores en <strong>riesgo de pobreza o exclusi\u00f3n social<\/strong> de Catalu\u00f1a es del <strong>34,8%<\/strong> en 2024. Esta cifra, que se mantiene desde hace a\u00f1os, supone m\u00e1s de diez puntos por encima de la tasa del conjunto de la poblaci\u00f3n catalana (24%). En palabras de Jos\u00e9 Antonio Ruiz, coordinador de la PINCat: \u201cUn pa\u00eds como el nuestro no puede permitirse este \u00edndice de pobreza\u201d.  <\/p>\n<p>En la jornada, se puso sobre la mesa la necesidad de aplicar pol\u00edticas educativas que permitan generar oportunidades y <strong>romper con el ciclo de desigualdad<\/strong> y exclusi\u00f3n social. Esto, a trav\u00e9s de 10 pol\u00edticas que abordan cuestiones como el acceso a la educaci\u00f3n desde la peque\u00f1a infancia, las ayudas y el acompa\u00f1amiento a los ni\u00f1os, ni\u00f1as y j\u00f3venes en situaciones de riesgo, el derecho a acceder al espacio educativo del mediod\u00eda o a las actividades de verano, entre otras muchas acciones. <\/p>\n<p>[\/et_pb_text][et_pb_button button_url=\u00bbhttps:\/\/fundesplai.org\/es\/colabora\/campana-solidaria-de-verano\/\u00bb button_text=\u00bbCampa\u00f1a solidaria de verano\u00bb button_alignment=\u00bbcenter\u00bb _builder_version=\u00bb4.21.0&#8243; _module_preset=\u00bbdefault\u00bb custom_margin=\u00bb30px||||false|false\u00bb global_colors_info=\u00bb{}\u00bb][\/et_pb_button][et_pb_gallery gallery_ids=\u00bb72455,72459,72463&#8243; posts_number=\u00bb3&#8243; show_title_and_caption=\u00bboff\u00bb show_pagination=\u00bboff\u00bb _builder_version=\u00bb4.21.0&#8243; _module_preset=\u00bbdefault\u00bb custom_margin=\u00bb30px||||false|false\u00bb global_colors_info=\u00bb{}\u00bb][\/et_pb_gallery][\/et_pb_column][\/et_pb_row][\/et_pb_section]<\/p>\n","protected":false},"excerpt":{"rendered":"<p>La Fundaci\u00f3n Bofill y la Plataforma de Infancia de Catalu\u00f1a (PINCat) de la Taula de entidades del Tercer Sector Social presentaron &#8216;La educaci\u00f3n vence a la pobreza&#8217;. Se trata de una propuesta de 10 pol\u00edticas educativas para romper el c\u00edrculo hereditario de la pobreza desde la infancia. El espacio del mediod\u00eda como derecho a la [&hellip;]<\/p>\n","protected":false},"author":35,"featured_media":72449,"comment_status":"closed","ping_status":"open","sticky":false,"template":"","format":"standard","meta":{"_et_pb_use_builder":"on","_et_pb_old_content":"","_et_gb_content_width":"","footnotes":""},"categories":[937,938],"tags":[],"class_list":["post-74876","post","type-post","status-publish","format-standard","has-post-thumbnail","hentry","category-actualitat-es","category-igualtat-oportunitats-es"],"yoast_head":"<!-- This site is optimized with the Yoast SEO plugin v27.5 - https:\/\/yoast.com\/product\/yoast-seo-wordpress\/ -->\n<title>Participamos en la jornada &#039;La educaci\u00f3n vence a la pobreza&#039; para mostrar c\u00f3mo trabajamos para reducir la pobreza infantil y juvenil - Fundesplai<\/title>\n<meta name=\"description\" content=\"Abordamos la pobreza infantil y juvenil a trav\u00e9s de los proyectos de comedores escolares y programas como el Ma\u00f1ana Joven.\" \/>\n<meta name=\"robots\" content=\"index, follow, max-snippet:-1, max-image-preview:large, max-video-preview:-1\" \/>\n<link rel=\"canonical\" href=\"https:\/\/fundesplai.org\/es\/informa-t\/actualitat-es\/participamos-en-la-jornada-la-educacion-vence-a-la-pobreza-para-mostrar-como-trabajamos-para-reducir-la-pobreza-infantil-y-juvenil\/\" \/>\n<meta property=\"og:locale\" content=\"es_ES\" \/>\n<meta property=\"og:type\" content=\"article\" \/>\n<meta property=\"og:title\" content=\"Participamos en la jornada &#039;La educaci\u00f3n vence a la pobreza&#039; para mostrar c\u00f3mo trabajamos para reducir la pobreza infantil y juvenil - Fundesplai\" \/>\n<meta property=\"og:description\" content=\"Abordamos la pobreza infantil y juvenil a trav\u00e9s de los proyectos de comedores escolares y programas como el Ma\u00f1ana Joven.\" \/>\n<meta property=\"og:url\" content=\"https:\/\/fundesplai.org\/es\/informa-t\/actualitat-es\/participamos-en-la-jornada-la-educacion-vence-a-la-pobreza-para-mostrar-como-trabajamos-para-reducir-la-pobreza-infantil-y-juvenil\/\" \/>\n<meta property=\"og:site_name\" content=\"Fundesplai\" \/>\n<meta property=\"article:published_time\" content=\"2025-02-22T16:12:55+00:00\" \/>\n<meta property=\"article:modified_time\" content=\"2025-06-04T11:48:58+00:00\" \/>\n<meta property=\"og:image\" content=\"https:\/\/fundesplai.org\/wp-content\/uploads\/2025\/02\/pobresa-infantil-fundesplai.jpg\" \/>\n\t<meta property=\"og:image:width\" content=\"1887\" \/>\n\t<meta property=\"og:image:height\" content=\"901\" \/>\n\t<meta property=\"og:image:type\" content=\"image\/jpeg\" \/>\n<meta name=\"author\" content=\"spulido\" \/>\n<meta name=\"twitter:card\" content=\"summary_large_image\" \/>\n<meta name=\"twitter:label1\" content=\"Escrito por\" \/>\n\t<meta name=\"twitter:data1\" content=\"spulido\" \/>\n\t<meta name=\"twitter:label2\" content=\"Tiempo de lectura\" \/>\n\t<meta name=\"twitter:data2\" content=\"4 minutos\" \/>\n<script type=\"application\/ld+json\" class=\"yoast-schema-graph\">{\"@context\":\"https:\\\/\\\/schema.org\",\"@graph\":[{\"@type\":\"Article\",\"@id\":\"https:\\\/\\\/fundesplai.org\\\/es\\\/informa-t\\\/actualitat-es\\\/participamos-en-la-jornada-la-educacion-vence-a-la-pobreza-para-mostrar-como-trabajamos-para-reducir-la-pobreza-infantil-y-juvenil\\\/#article\",\"isPartOf\":{\"@id\":\"https:\\\/\\\/fundesplai.org\\\/es\\\/informa-t\\\/actualitat-es\\\/participamos-en-la-jornada-la-educacion-vence-a-la-pobreza-para-mostrar-como-trabajamos-para-reducir-la-pobreza-infantil-y-juvenil\\\/\"},\"author\":{\"name\":\"spulido\",\"@id\":\"https:\\\/\\\/fundesplai.org\\\/es\\\/#\\\/schema\\\/person\\\/fde1650fd0ecab0771758451d70d9542\"},\"headline\":\"Participamos en la jornada &#8216;La educaci\u00f3n vence a la pobreza&#8217; para mostrar c\u00f3mo trabajamos para reducir la pobreza infantil y juvenil\",\"datePublished\":\"2025-02-22T16:12:55+00:00\",\"dateModified\":\"2025-06-04T11:48:58+00:00\",\"mainEntityOfPage\":{\"@id\":\"https:\\\/\\\/fundesplai.org\\\/es\\\/informa-t\\\/actualitat-es\\\/participamos-en-la-jornada-la-educacion-vence-a-la-pobreza-para-mostrar-como-trabajamos-para-reducir-la-pobreza-infantil-y-juvenil\\\/\"},\"wordCount\":676,\"image\":{\"@id\":\"https:\\\/\\\/fundesplai.org\\\/es\\\/informa-t\\\/actualitat-es\\\/participamos-en-la-jornada-la-educacion-vence-a-la-pobreza-para-mostrar-como-trabajamos-para-reducir-la-pobreza-infantil-y-juvenil\\\/#primaryimage\"},\"thumbnailUrl\":\"https:\\\/\\\/fundesplai.org\\\/wp-content\\\/uploads\\\/2025\\\/02\\\/pobresa-infantil-fundesplai.jpg\",\"articleSection\":[\"Actualitat\",\"Igualdad de oportunidades\"],\"inLanguage\":\"es\"},{\"@type\":\"WebPage\",\"@id\":\"https:\\\/\\\/fundesplai.org\\\/es\\\/informa-t\\\/actualitat-es\\\/participamos-en-la-jornada-la-educacion-vence-a-la-pobreza-para-mostrar-como-trabajamos-para-reducir-la-pobreza-infantil-y-juvenil\\\/\",\"url\":\"https:\\\/\\\/fundesplai.org\\\/es\\\/informa-t\\\/actualitat-es\\\/participamos-en-la-jornada-la-educacion-vence-a-la-pobreza-para-mostrar-como-trabajamos-para-reducir-la-pobreza-infantil-y-juvenil\\\/\",\"name\":\"Participamos en la jornada 'La educaci\u00f3n vence a la pobreza' para mostrar c\u00f3mo trabajamos para reducir la pobreza infantil y juvenil - Fundesplai\",\"isPartOf\":{\"@id\":\"https:\\\/\\\/fundesplai.org\\\/es\\\/#website\"},\"primaryImageOfPage\":{\"@id\":\"https:\\\/\\\/fundesplai.org\\\/es\\\/informa-t\\\/actualitat-es\\\/participamos-en-la-jornada-la-educacion-vence-a-la-pobreza-para-mostrar-como-trabajamos-para-reducir-la-pobreza-infantil-y-juvenil\\\/#primaryimage\"},\"image\":{\"@id\":\"https:\\\/\\\/fundesplai.org\\\/es\\\/informa-t\\\/actualitat-es\\\/participamos-en-la-jornada-la-educacion-vence-a-la-pobreza-para-mostrar-como-trabajamos-para-reducir-la-pobreza-infantil-y-juvenil\\\/#primaryimage\"},\"thumbnailUrl\":\"https:\\\/\\\/fundesplai.org\\\/wp-content\\\/uploads\\\/2025\\\/02\\\/pobresa-infantil-fundesplai.jpg\",\"datePublished\":\"2025-02-22T16:12:55+00:00\",\"dateModified\":\"2025-06-04T11:48:58+00:00\",\"author\":{\"@id\":\"https:\\\/\\\/fundesplai.org\\\/es\\\/#\\\/schema\\\/person\\\/fde1650fd0ecab0771758451d70d9542\"},\"description\":\"Abordamos la pobreza infantil y juvenil a trav\u00e9s de los proyectos de comedores escolares y programas como el Ma\u00f1ana Joven.\",\"breadcrumb\":{\"@id\":\"https:\\\/\\\/fundesplai.org\\\/es\\\/informa-t\\\/actualitat-es\\\/participamos-en-la-jornada-la-educacion-vence-a-la-pobreza-para-mostrar-como-trabajamos-para-reducir-la-pobreza-infantil-y-juvenil\\\/#breadcrumb\"},\"inLanguage\":\"es\",\"potentialAction\":[{\"@type\":\"ReadAction\",\"target\":[\"https:\\\/\\\/fundesplai.org\\\/es\\\/informa-t\\\/actualitat-es\\\/participamos-en-la-jornada-la-educacion-vence-a-la-pobreza-para-mostrar-como-trabajamos-para-reducir-la-pobreza-infantil-y-juvenil\\\/\"]}]},{\"@type\":\"ImageObject\",\"inLanguage\":\"es\",\"@id\":\"https:\\\/\\\/fundesplai.org\\\/es\\\/informa-t\\\/actualitat-es\\\/participamos-en-la-jornada-la-educacion-vence-a-la-pobreza-para-mostrar-como-trabajamos-para-reducir-la-pobreza-infantil-y-juvenil\\\/#primaryimage\",\"url\":\"https:\\\/\\\/fundesplai.org\\\/wp-content\\\/uploads\\\/2025\\\/02\\\/pobresa-infantil-fundesplai.jpg\",\"contentUrl\":\"https:\\\/\\\/fundesplai.org\\\/wp-content\\\/uploads\\\/2025\\\/02\\\/pobresa-infantil-fundesplai.jpg\",\"width\":1887,\"height\":901,\"caption\":\"Pobresa infantil.\"},{\"@type\":\"BreadcrumbList\",\"@id\":\"https:\\\/\\\/fundesplai.org\\\/es\\\/informa-t\\\/actualitat-es\\\/participamos-en-la-jornada-la-educacion-vence-a-la-pobreza-para-mostrar-como-trabajamos-para-reducir-la-pobreza-infantil-y-juvenil\\\/#breadcrumb\",\"itemListElement\":[{\"@type\":\"ListItem\",\"position\":1,\"name\":\"Inici\",\"item\":\"https:\\\/\\\/fundesplai.org\\\/es\\\/inicio\\\/\"},{\"@type\":\"ListItem\",\"position\":2,\"name\":\"Inf\u00f3rmate\",\"item\":\"https:\\\/\\\/fundesplai.org\\\/es\\\/informate\\\/\"},{\"@type\":\"ListItem\",\"position\":3,\"name\":\"Actualitat\",\"item\":\"https:\\\/\\\/fundesplai.org\\\/es\\\/informa-t\\\/category\\\/actualitat-es\\\/\"},{\"@type\":\"ListItem\",\"position\":4,\"name\":\"Participamos en la jornada &#8216;La educaci\u00f3n vence a la pobreza&#8217; para mostrar c\u00f3mo trabajamos para reducir la pobreza infantil y juvenil\"}]},{\"@type\":\"WebSite\",\"@id\":\"https:\\\/\\\/fundesplai.org\\\/es\\\/#website\",\"url\":\"https:\\\/\\\/fundesplai.org\\\/es\\\/\",\"name\":\"Fundesplai\",\"description\":\"Eduquem per la conviv\u00e8ncia i la sostenibilitat\",\"potentialAction\":[{\"@type\":\"SearchAction\",\"target\":{\"@type\":\"EntryPoint\",\"urlTemplate\":\"https:\\\/\\\/fundesplai.org\\\/es\\\/?s={search_term_string}\"},\"query-input\":{\"@type\":\"PropertyValueSpecification\",\"valueRequired\":true,\"valueName\":\"search_term_string\"}}],\"inLanguage\":\"es\"},{\"@type\":\"Person\",\"@id\":\"https:\\\/\\\/fundesplai.org\\\/es\\\/#\\\/schema\\\/person\\\/fde1650fd0ecab0771758451d70d9542\",\"name\":\"spulido\",\"image\":{\"@type\":\"ImageObject\",\"inLanguage\":\"es\",\"@id\":\"https:\\\/\\\/secure.gravatar.com\\\/avatar\\\/efd3238af867ca2ea7ff51cd3989f365e8f2a9e617574ce9b528f93010322b3d?s=96&d=mm&r=g\",\"url\":\"https:\\\/\\\/secure.gravatar.com\\\/avatar\\\/efd3238af867ca2ea7ff51cd3989f365e8f2a9e617574ce9b528f93010322b3d?s=96&d=mm&r=g\",\"contentUrl\":\"https:\\\/\\\/secure.gravatar.com\\\/avatar\\\/efd3238af867ca2ea7ff51cd3989f365e8f2a9e617574ce9b528f93010322b3d?s=96&d=mm&r=g\",\"caption\":\"spulido\"},\"url\":\"https:\\\/\\\/fundesplai.org\\\/es\\\/informa-t\\\/author\\\/spulido\\\/\"}]}<\/script>\n<!-- \/ Yoast SEO plugin. -->","yoast_head_json":{"title":"Participamos en la jornada 'La educaci\u00f3n vence a la pobreza' para mostrar c\u00f3mo trabajamos para reducir la pobreza infantil y juvenil - Fundesplai","description":"Abordamos la pobreza infantil y juvenil a trav\u00e9s de los proyectos de comedores escolares y programas como el Ma\u00f1ana Joven.","robots":{"index":"index","follow":"follow","max-snippet":"max-snippet:-1","max-image-preview":"max-image-preview:large","max-video-preview":"max-video-preview:-1"},"canonical":"https:\/\/fundesplai.org\/es\/informa-t\/actualitat-es\/participamos-en-la-jornada-la-educacion-vence-a-la-pobreza-para-mostrar-como-trabajamos-para-reducir-la-pobreza-infantil-y-juvenil\/","og_locale":"es_ES","og_type":"article","og_title":"Participamos en la jornada 'La educaci\u00f3n vence a la pobreza' para mostrar c\u00f3mo trabajamos para reducir la pobreza infantil y juvenil - Fundesplai","og_description":"Abordamos la pobreza infantil y juvenil a trav\u00e9s de los proyectos de comedores escolares y programas como el Ma\u00f1ana Joven.","og_url":"https:\/\/fundesplai.org\/es\/informa-t\/actualitat-es\/participamos-en-la-jornada-la-educacion-vence-a-la-pobreza-para-mostrar-como-trabajamos-para-reducir-la-pobreza-infantil-y-juvenil\/","og_site_name":"Fundesplai","article_published_time":"2025-02-22T16:12:55+00:00","article_modified_time":"2025-06-04T11:48:58+00:00","og_image":[{"width":1887,"height":901,"url":"https:\/\/fundesplai.org\/wp-content\/uploads\/2025\/02\/pobresa-infantil-fundesplai.jpg","type":"image\/jpeg"}],"author":"spulido","twitter_card":"summary_large_image","twitter_misc":{"Escrito por":"spulido","Tiempo de lectura":"4 minutos"},"schema":{"@context":"https:\/\/schema.org","@graph":[{"@type":"Article","@id":"https:\/\/fundesplai.org\/es\/informa-t\/actualitat-es\/participamos-en-la-jornada-la-educacion-vence-a-la-pobreza-para-mostrar-como-trabajamos-para-reducir-la-pobreza-infantil-y-juvenil\/#article","isPartOf":{"@id":"https:\/\/fundesplai.org\/es\/informa-t\/actualitat-es\/participamos-en-la-jornada-la-educacion-vence-a-la-pobreza-para-mostrar-como-trabajamos-para-reducir-la-pobreza-infantil-y-juvenil\/"},"author":{"name":"spulido","@id":"https:\/\/fundesplai.org\/es\/#\/schema\/person\/fde1650fd0ecab0771758451d70d9542"},"headline":"Participamos en la jornada &#8216;La educaci\u00f3n vence a la pobreza&#8217; para mostrar c\u00f3mo trabajamos para reducir la pobreza infantil y juvenil","datePublished":"2025-02-22T16:12:55+00:00","dateModified":"2025-06-04T11:48:58+00:00","mainEntityOfPage":{"@id":"https:\/\/fundesplai.org\/es\/informa-t\/actualitat-es\/participamos-en-la-jornada-la-educacion-vence-a-la-pobreza-para-mostrar-como-trabajamos-para-reducir-la-pobreza-infantil-y-juvenil\/"},"wordCount":676,"image":{"@id":"https:\/\/fundesplai.org\/es\/informa-t\/actualitat-es\/participamos-en-la-jornada-la-educacion-vence-a-la-pobreza-para-mostrar-como-trabajamos-para-reducir-la-pobreza-infantil-y-juvenil\/#primaryimage"},"thumbnailUrl":"https:\/\/fundesplai.org\/wp-content\/uploads\/2025\/02\/pobresa-infantil-fundesplai.jpg","articleSection":["Actualitat","Igualdad de oportunidades"],"inLanguage":"es"},{"@type":"WebPage","@id":"https:\/\/fundesplai.org\/es\/informa-t\/actualitat-es\/participamos-en-la-jornada-la-educacion-vence-a-la-pobreza-para-mostrar-como-trabajamos-para-reducir-la-pobreza-infantil-y-juvenil\/","url":"https:\/\/fundesplai.org\/es\/informa-t\/actualitat-es\/participamos-en-la-jornada-la-educacion-vence-a-la-pobreza-para-mostrar-como-trabajamos-para-reducir-la-pobreza-infantil-y-juvenil\/","name":"Participamos en la jornada 'La educaci\u00f3n vence a la pobreza' para mostrar c\u00f3mo trabajamos para reducir la pobreza infantil y juvenil - Fundesplai","isPartOf":{"@id":"https:\/\/fundesplai.org\/es\/#website"},"primaryImageOfPage":{"@id":"https:\/\/fundesplai.org\/es\/informa-t\/actualitat-es\/participamos-en-la-jornada-la-educacion-vence-a-la-pobreza-para-mostrar-como-trabajamos-para-reducir-la-pobreza-infantil-y-juvenil\/#primaryimage"},"image":{"@id":"https:\/\/fundesplai.org\/es\/informa-t\/actualitat-es\/participamos-en-la-jornada-la-educacion-vence-a-la-pobreza-para-mostrar-como-trabajamos-para-reducir-la-pobreza-infantil-y-juvenil\/#primaryimage"},"thumbnailUrl":"https:\/\/fundesplai.org\/wp-content\/uploads\/2025\/02\/pobresa-infantil-fundesplai.jpg","datePublished":"2025-02-22T16:12:55+00:00","dateModified":"2025-06-04T11:48:58+00:00","author":{"@id":"https:\/\/fundesplai.org\/es\/#\/schema\/person\/fde1650fd0ecab0771758451d70d9542"},"description":"Abordamos la pobreza infantil y juvenil a trav\u00e9s de los proyectos de comedores escolares y programas como el Ma\u00f1ana Joven.","breadcrumb":{"@id":"https:\/\/fundesplai.org\/es\/informa-t\/actualitat-es\/participamos-en-la-jornada-la-educacion-vence-a-la-pobreza-para-mostrar-como-trabajamos-para-reducir-la-pobreza-infantil-y-juvenil\/#breadcrumb"},"inLanguage":"es","potentialAction":[{"@type":"ReadAction","target":["https:\/\/fundesplai.org\/es\/informa-t\/actualitat-es\/participamos-en-la-jornada-la-educacion-vence-a-la-pobreza-para-mostrar-como-trabajamos-para-reducir-la-pobreza-infantil-y-juvenil\/"]}]},{"@type":"ImageObject","inLanguage":"es","@id":"https:\/\/fundesplai.org\/es\/informa-t\/actualitat-es\/participamos-en-la-jornada-la-educacion-vence-a-la-pobreza-para-mostrar-como-trabajamos-para-reducir-la-pobreza-infantil-y-juvenil\/#primaryimage","url":"https:\/\/fundesplai.org\/wp-content\/uploads\/2025\/02\/pobresa-infantil-fundesplai.jpg","contentUrl":"https:\/\/fundesplai.org\/wp-content\/uploads\/2025\/02\/pobresa-infantil-fundesplai.jpg","width":1887,"height":901,"caption":"Pobresa infantil."},{"@type":"BreadcrumbList","@id":"https:\/\/fundesplai.org\/es\/informa-t\/actualitat-es\/participamos-en-la-jornada-la-educacion-vence-a-la-pobreza-para-mostrar-como-trabajamos-para-reducir-la-pobreza-infantil-y-juvenil\/#breadcrumb","itemListElement":[{"@type":"ListItem","position":1,"name":"Inici","item":"https:\/\/fundesplai.org\/es\/inicio\/"},{"@type":"ListItem","position":2,"name":"Inf\u00f3rmate","item":"https:\/\/fundesplai.org\/es\/informate\/"},{"@type":"ListItem","position":3,"name":"Actualitat","item":"https:\/\/fundesplai.org\/es\/informa-t\/category\/actualitat-es\/"},{"@type":"ListItem","position":4,"name":"Participamos en la jornada &#8216;La educaci\u00f3n vence a la pobreza&#8217; para mostrar c\u00f3mo trabajamos para reducir la pobreza infantil y juvenil"}]},{"@type":"WebSite","@id":"https:\/\/fundesplai.org\/es\/#website","url":"https:\/\/fundesplai.org\/es\/","name":"Fundesplai","description":"Eduquem per la conviv\u00e8ncia i la sostenibilitat","potentialAction":[{"@type":"SearchAction","target":{"@type":"EntryPoint","urlTemplate":"https:\/\/fundesplai.org\/es\/?s={search_term_string}"},"query-input":{"@type":"PropertyValueSpecification","valueRequired":true,"valueName":"search_term_string"}}],"inLanguage":"es"},{"@type":"Person","@id":"https:\/\/fundesplai.org\/es\/#\/schema\/person\/fde1650fd0ecab0771758451d70d9542","name":"spulido","image":{"@type":"ImageObject","inLanguage":"es","@id":"https:\/\/secure.gravatar.com\/avatar\/efd3238af867ca2ea7ff51cd3989f365e8f2a9e617574ce9b528f93010322b3d?s=96&d=mm&r=g","url":"https:\/\/secure.gravatar.com\/avatar\/efd3238af867ca2ea7ff51cd3989f365e8f2a9e617574ce9b528f93010322b3d?s=96&d=mm&r=g","contentUrl":"https:\/\/secure.gravatar.com\/avatar\/efd3238af867ca2ea7ff51cd3989f365e8f2a9e617574ce9b528f93010322b3d?s=96&d=mm&r=g","caption":"spulido"},"url":"https:\/\/fundesplai.org\/es\/informa-t\/author\/spulido\/"}]}},"_links":{"self":[{"href":"https:\/\/fundesplai.org\/es\/wp-json\/wp\/v2\/posts\/74876","targetHints":{"allow":["GET"]}}],"collection":[{"href":"https:\/\/fundesplai.org\/es\/wp-json\/wp\/v2\/posts"}],"about":[{"href":"https:\/\/fundesplai.org\/es\/wp-json\/wp\/v2\/types\/post"}],"author":[{"embeddable":true,"href":"https:\/\/fundesplai.org\/es\/wp-json\/wp\/v2\/users\/35"}],"replies":[{"embeddable":true,"href":"https:\/\/fundesplai.org\/es\/wp-json\/wp\/v2\/comments?post=74876"}],"version-history":[{"count":4,"href":"https:\/\/fundesplai.org\/es\/wp-json\/wp\/v2\/posts\/74876\/revisions"}],"predecessor-version":[{"id":75647,"href":"https:\/\/fundesplai.org\/es\/wp-json\/wp\/v2\/posts\/74876\/revisions\/75647"}],"wp:featuredmedia":[{"embeddable":true,"href":"https:\/\/fundesplai.org\/es\/wp-json\/wp\/v2\/media\/72449"}],"wp:attachment":[{"href":"https:\/\/fundesplai.org\/es\/wp-json\/wp\/v2\/media?parent=74876"}],"wp:term":[{"taxonomy":"category","embeddable":true,"href":"https:\/\/fundesplai.org\/es\/wp-json\/wp\/v2\/categories?post=74876"},{"taxonomy":"post_tag","embeddable":true,"href":"https:\/\/fundesplai.org\/es\/wp-json\/wp\/v2\/tags?post=74876"}],"curies":[{"name":"wp","href":"https:\/\/api.w.org\/{rel}","templated":true}]}}