{"id":54445,"date":"2023-09-04T13:47:01","date_gmt":"2023-09-04T11:47:01","guid":{"rendered":"https:\/\/fundesplai.org\/informa-t\/sense-categoria\/presentacion-de-la-propuesta-educativa-estima-a-los-equipos-educativos-de-fundesplai\/"},"modified":"2026-01-05T13:54:51","modified_gmt":"2026-01-05T12:54:51","slug":"presentacion-de-la-propuesta-educativa-estima-a-los-equipos-educativos-de-fundesplai","status":"publish","type":"post","link":"https:\/\/fundesplai.org\/es\/informa-t\/actualitat-es\/presentacion-de-la-propuesta-educativa-estima-a-los-equipos-educativos-de-fundesplai\/","title":{"rendered":"Presentaci\u00f3n de la propuesta educativa \u00abEstima\u00bb a los equipos educativos de Fundesplai"},"content":{"rendered":"<p>[et_pb_section fb_built=\u00bb1&#8243; _builder_version=\u00bb4.16&#8243; global_colors_info=\u00bb{}\u00bb][et_pb_row _builder_version=\u00bb4.16&#8243; background_size=\u00bbinitial\u00bb background_position=\u00bbtop_left\u00bb background_repeat=\u00bbrepeat\u00bb global_colors_info=\u00bb{}\u00bb][et_pb_column type=\u00bb4_4&#8243; _builder_version=\u00bb4.16&#8243; custom_padding=\u00bb|||\u00bb global_colors_info=\u00bb{}\u00bb custom_padding__hover=\u00bb|||\u00bb][et_pb_text _builder_version=\u00bb4.21.0&#8243; background_size=\u00bbinitial\u00bb background_position=\u00bbtop_left\u00bb background_repeat=\u00bbrepeat\u00bb hover_enabled=\u00bb0&#8243; global_colors_info=\u00bb{}\u00bb sticky_enabled=\u00bb0&#8243;]<\/p>\n<p>Este lunes 4 de septiembre de 2023 m\u00e1s de 350 coordinadoras y coordinadores y cocineras y cocineros de los equipos del mediod\u00eda de Fundesplai han participado en el encuentro de inicio de curso celebrado en Centre Esplai (El Prat de Llobregat). Esta jornada ha servido para dar el pistoletazo de salida a las presentaciones de <a href=\"https:\/\/fundesplai.org\/estima\"><strong>\u00abEstima, la propuesta educativa para celebrar la vida\u00bb<\/strong><\/a> centrada en el bienestar emocional y que se desarrollar\u00e1 durante los cursos 2023-25. Adem\u00e1s, el acto ayudar\u00e1 a crear sinergias y v\u00ednculos entre los equipos del tiempo educativo del mediod\u00eda.<\/p>\n<p><img loading=\"lazy\" decoding=\"async\" class=\"wp-image-52884 size-large aligncenter\" src=\"https:\/\/fundesplai.org\/wp-content\/uploads\/2023\/09\/TrobadaEquipsMigdia2023_00-1024x488.jpg\" alt=\"Charla de N\u00faria Tom\u00e0s en el encuentro de los equipos del mediod\u00eda de Fundesplai\" width=\"1024\" height=\"488\" srcset=\"https:\/\/fundesplai.org\/wp-content\/uploads\/2023\/09\/TrobadaEquipsMigdia2023_00-980x467.jpg 980w, https:\/\/fundesplai.org\/wp-content\/uploads\/2023\/09\/TrobadaEquipsMigdia2023_00-480x229.jpg 480w\" sizes=\"(min-width: 0px) and (max-width: 480px) 480px, (min-width: 481px) and (max-width: 980px) 980px, (min-width: 981px) 1024px, 100vw\" \/><\/p>\n<p><strong>N\u00faria Tom\u00e0s<\/strong>, profesora y catedr\u00e1tica del Instituto de Ense\u00f1anza &#8211; Neuroeducaci\u00f3n y Educaci\u00f3n emocional, ha impartido la conferencia \u00ab\u00a1Crecer en salud y bienestar emocional: todo un reto!\u00bb, donde ha destacado la importancia de los espacios del comedor escolar, extraescolares, etc. para el desarrollo f\u00edsico y bienestar emocional de los ni\u00f1os. Previamente, <strong>Froilan Salgado<\/strong>, director operativo de Fundesplai, ha agradecido el compromiso de todos los equipos y ha destacado la labor educativa que desarrollan con ni\u00f1os y j\u00f3venes en las escuelas.<\/p>\n<p><img loading=\"lazy\" decoding=\"async\" class=\"aligncenter wp-image-52881 size-large\" src=\"https:\/\/fundesplai.org\/wp-content\/uploads\/2023\/09\/FormacioEquipsMigdia2023-1024x488.jpg\" alt=\"Formaci\u00f3n de los equipos del mediod\u00eda de Fundesplai\" width=\"1024\" height=\"488\" srcset=\"https:\/\/fundesplai.org\/wp-content\/uploads\/2023\/09\/FormacioEquipsMigdia2023-980x467.jpg 980w, https:\/\/fundesplai.org\/wp-content\/uploads\/2023\/09\/FormacioEquipsMigdia2023-480x229.jpg 480w\" sizes=\"(min-width: 0px) and (max-width: 480px) 480px, (min-width: 481px) and (max-width: 980px) 980px, (min-width: 981px) 1024px, 100vw\" \/><\/p>\n<p>La jornada ha contado con una importante parte formativa. Tras la presentaci\u00f3n inicial, los participantes se han dividido en grupos y han tomado parte en diferentes talleres como los de gesti\u00f3n de recursos humanos, el de aplicaci\u00f3n de los proyectos educativos y los momentos claves del curso, el de seguridad alim\u00e9ntaria, el de nuevas tendencias alimentarias o el de aprovisionamiento e inventarios.<\/p>\n<p><strong>\u00abEstima, la propuesta educativa para celebrar la vida\u00bb<\/strong><\/p>\n<p><a href=\"https:\/\/fundesplai.org\/estima\/\"><img loading=\"lazy\" decoding=\"async\" class=\"aligncenter wp-image-52891 size-large\" src=\"https:\/\/fundesplai.org\/wp-content\/uploads\/2023\/09\/Estima-1024x488.jpg\" width=\"1024\" height=\"488\" srcset=\"https:\/\/fundesplai.org\/wp-content\/uploads\/2023\/09\/Estima-980x467.jpg 980w, https:\/\/fundesplai.org\/wp-content\/uploads\/2023\/09\/Estima-480x229.jpg 480w\" sizes=\"(min-width: 0px) and (max-width: 480px) 480px, (min-width: 481px) and (max-width: 980px) 980px, (min-width: 981px) 1024px, 100vw\" \/><\/a><\/p>\n<p>La <a href=\"https:\/\/fundesplai.org\/estima\">nueva propuesta educativa de Fundesplai<\/a> para los cursos 2023-24 y 2024-25 parte de la base de que desde la acci\u00f3n socioeducativa se deben crear y promover entornos donde ni\u00f1os, j\u00f3venes y familias puedan cuidar su bienestar emocional y desarrollar la capacidad de cuidar de los dem\u00e1s. En este sentido, los equipos educativos del tiempo del mediod\u00eda de las escuelas, de los esplais, de las colonias, etc. tendr\u00e1n un papel fundamental. Por ello, la propuesta incluye un mont\u00f3n de recursos para facilitar su despliegue: un cuaderno pedag\u00f3gico, unos ejes de animaci\u00f3n adaptados por edades, unos retos colectivos para dinamizar acciones conjuntas en todo el territorio, la propuesta de diferentes actividades que poder hacer en los esplais, las escuelas o las casas de colonias y un banco de recursos pedag\u00f3gicos. Todos estos elementos est\u00e1n agrupados en la web <a href=\"https:\/\/fundesplai.org\/estima\">https:\/\/fundesplai.org\/estima<\/a>.<\/p>\n<p>El equipo de Innovaci\u00f3n y Contenidos de Fundesplai con la colaboraci\u00f3n de decenas de personas de la Comisi\u00f3n Pedag\u00f3gica de la entidad han elaborado la propuesta educativa <a href=\"https:\/\/fundesplai.org\/estima\">\u00abEstima\u00bb a<\/a> lo largo del primer semestre de 2023.<\/p>\n<p>[\/et_pb_text][et_pb_button button_url=\u00bbhttps:\/\/fundesplai.org\/estima\/\u00bb button_text=\u00bb\u00a1Descubre la propuesta ESTIMA!\u00bb button_alignment=\u00bbcenter\u00bb _builder_version=\u00bb4.21.0&#8243; _module_preset=\u00bbdefault\u00bb custom_margin=\u00bb30px||||false|false\u00bb global_colors_info=\u00bb{}\u00bb][\/et_pb_button][\/et_pb_column][\/et_pb_row][\/et_pb_section]<\/p>\n","protected":false},"excerpt":{"rendered":"<p>Este lunes 4 de septiembre de 2023 m\u00e1s de 350 coordinadoras y coordinadores y cocineras y cocineros de los equipos del mediod\u00eda de Fundesplai han participado en el encuentro de inicio de curso celebrado en Centre Esplai (El Prat de Llobregat). Esta jornada ha servido para dar el pistoletazo de salida a las presentaciones de [&hellip;]<\/p>\n","protected":false},"author":9,"featured_media":52889,"comment_status":"closed","ping_status":"closed","sticky":false,"template":"","format":"standard","meta":{"_et_pb_use_builder":"on","_et_pb_old_content":"","_et_gb_content_width":"","footnotes":""},"categories":[937],"tags":[],"class_list":["post-54445","post","type-post","status-publish","format-standard","has-post-thumbnail","hentry","category-actualitat-es"],"yoast_head":"<!-- This site is optimized with the Yoast SEO plugin v27.5 - https:\/\/yoast.com\/product\/yoast-seo-wordpress\/ -->\n<title>Presentaci\u00f3n de la propuesta educativa &quot;Estima&quot; a los equipos educativos de Fundesplai - Fundesplai<\/title>\n<meta name=\"description\" content=\"Este lunes 04\/09 m\u00e1s de 350 personas de los equipos del tiempo educativo de mediod\u00eda de Fundesplai han participado en el encuentro de inicio de curso.\" \/>\n<meta name=\"robots\" content=\"index, follow, max-snippet:-1, max-image-preview:large, max-video-preview:-1\" \/>\n<link rel=\"canonical\" href=\"https:\/\/fundesplai.org\/es\/informa-t\/actualitat-es\/presentacion-de-la-propuesta-educativa-estima-a-los-equipos-educativos-de-fundesplai\/\" \/>\n<meta property=\"og:locale\" content=\"es_ES\" \/>\n<meta property=\"og:type\" content=\"article\" \/>\n<meta property=\"og:title\" content=\"Presentaci\u00f3n de la propuesta educativa &quot;Estima&quot; a los equipos educativos de Fundesplai - Fundesplai\" \/>\n<meta property=\"og:description\" content=\"Este lunes 04\/09 m\u00e1s de 350 personas de los equipos del tiempo educativo de mediod\u00eda de Fundesplai han participado en el encuentro de inicio de curso.\" \/>\n<meta property=\"og:url\" content=\"https:\/\/fundesplai.org\/es\/informa-t\/actualitat-es\/presentacion-de-la-propuesta-educativa-estima-a-los-equipos-educativos-de-fundesplai\/\" \/>\n<meta property=\"og:site_name\" content=\"Fundesplai\" \/>\n<meta property=\"article:published_time\" content=\"2023-09-04T11:47:01+00:00\" \/>\n<meta property=\"article:modified_time\" content=\"2026-01-05T12:54:51+00:00\" \/>\n<meta property=\"og:image\" content=\"https:\/\/fundesplai.org\/wp-content\/uploads\/2023\/09\/TrobadaEquipsMigdia2023_0.jpg\" \/>\n\t<meta property=\"og:image:width\" content=\"1888\" \/>\n\t<meta property=\"og:image:height\" content=\"900\" \/>\n\t<meta property=\"og:image:type\" content=\"image\/jpeg\" \/>\n<meta name=\"author\" content=\"Alfons Valle\" \/>\n<meta name=\"twitter:card\" content=\"summary_large_image\" \/>\n<meta name=\"twitter:label1\" content=\"Escrito por\" \/>\n\t<meta name=\"twitter:data1\" content=\"Alfons Valle\" \/>\n\t<meta name=\"twitter:label2\" content=\"Tiempo de lectura\" \/>\n\t<meta name=\"twitter:data2\" content=\"4 minutos\" \/>\n<script type=\"application\/ld+json\" class=\"yoast-schema-graph\">{\"@context\":\"https:\\\/\\\/schema.org\",\"@graph\":[{\"@type\":\"Article\",\"@id\":\"https:\\\/\\\/fundesplai.org\\\/es\\\/informa-t\\\/actualitat-es\\\/presentacion-de-la-propuesta-educativa-estima-a-los-equipos-educativos-de-fundesplai\\\/#article\",\"isPartOf\":{\"@id\":\"https:\\\/\\\/fundesplai.org\\\/es\\\/informa-t\\\/actualitat-es\\\/presentacion-de-la-propuesta-educativa-estima-a-los-equipos-educativos-de-fundesplai\\\/\"},\"author\":{\"name\":\"Alfons Valle\",\"@id\":\"https:\\\/\\\/fundesplai.org\\\/es\\\/#\\\/schema\\\/person\\\/c0e9e7466bb8ac06f5264324a6109733\"},\"headline\":\"Presentaci\u00f3n de la propuesta educativa \u00abEstima\u00bb a los equipos educativos de Fundesplai\",\"datePublished\":\"2023-09-04T11:47:01+00:00\",\"dateModified\":\"2026-01-05T12:54:51+00:00\",\"mainEntityOfPage\":{\"@id\":\"https:\\\/\\\/fundesplai.org\\\/es\\\/informa-t\\\/actualitat-es\\\/presentacion-de-la-propuesta-educativa-estima-a-los-equipos-educativos-de-fundesplai\\\/\"},\"wordCount\":573,\"image\":{\"@id\":\"https:\\\/\\\/fundesplai.org\\\/es\\\/informa-t\\\/actualitat-es\\\/presentacion-de-la-propuesta-educativa-estima-a-los-equipos-educativos-de-fundesplai\\\/#primaryimage\"},\"thumbnailUrl\":\"https:\\\/\\\/fundesplai.org\\\/wp-content\\\/uploads\\\/2023\\\/09\\\/TrobadaEquipsMigdia2023_0.jpg\",\"articleSection\":[\"Actualitat\"],\"inLanguage\":\"es\"},{\"@type\":\"WebPage\",\"@id\":\"https:\\\/\\\/fundesplai.org\\\/es\\\/informa-t\\\/actualitat-es\\\/presentacion-de-la-propuesta-educativa-estima-a-los-equipos-educativos-de-fundesplai\\\/\",\"url\":\"https:\\\/\\\/fundesplai.org\\\/es\\\/informa-t\\\/actualitat-es\\\/presentacion-de-la-propuesta-educativa-estima-a-los-equipos-educativos-de-fundesplai\\\/\",\"name\":\"Presentaci\u00f3n de la propuesta educativa \\\"Estima\\\" a los equipos educativos de Fundesplai - Fundesplai\",\"isPartOf\":{\"@id\":\"https:\\\/\\\/fundesplai.org\\\/es\\\/#website\"},\"primaryImageOfPage\":{\"@id\":\"https:\\\/\\\/fundesplai.org\\\/es\\\/informa-t\\\/actualitat-es\\\/presentacion-de-la-propuesta-educativa-estima-a-los-equipos-educativos-de-fundesplai\\\/#primaryimage\"},\"image\":{\"@id\":\"https:\\\/\\\/fundesplai.org\\\/es\\\/informa-t\\\/actualitat-es\\\/presentacion-de-la-propuesta-educativa-estima-a-los-equipos-educativos-de-fundesplai\\\/#primaryimage\"},\"thumbnailUrl\":\"https:\\\/\\\/fundesplai.org\\\/wp-content\\\/uploads\\\/2023\\\/09\\\/TrobadaEquipsMigdia2023_0.jpg\",\"datePublished\":\"2023-09-04T11:47:01+00:00\",\"dateModified\":\"2026-01-05T12:54:51+00:00\",\"author\":{\"@id\":\"https:\\\/\\\/fundesplai.org\\\/es\\\/#\\\/schema\\\/person\\\/c0e9e7466bb8ac06f5264324a6109733\"},\"description\":\"Este lunes 04\\\/09 m\u00e1s de 350 personas de los equipos del tiempo educativo de mediod\u00eda de Fundesplai han participado en el encuentro de inicio de curso.\",\"breadcrumb\":{\"@id\":\"https:\\\/\\\/fundesplai.org\\\/es\\\/informa-t\\\/actualitat-es\\\/presentacion-de-la-propuesta-educativa-estima-a-los-equipos-educativos-de-fundesplai\\\/#breadcrumb\"},\"inLanguage\":\"es\",\"potentialAction\":[{\"@type\":\"ReadAction\",\"target\":[\"https:\\\/\\\/fundesplai.org\\\/es\\\/informa-t\\\/actualitat-es\\\/presentacion-de-la-propuesta-educativa-estima-a-los-equipos-educativos-de-fundesplai\\\/\"]}]},{\"@type\":\"ImageObject\",\"inLanguage\":\"es\",\"@id\":\"https:\\\/\\\/fundesplai.org\\\/es\\\/informa-t\\\/actualitat-es\\\/presentacion-de-la-propuesta-educativa-estima-a-los-equipos-educativos-de-fundesplai\\\/#primaryimage\",\"url\":\"https:\\\/\\\/fundesplai.org\\\/wp-content\\\/uploads\\\/2023\\\/09\\\/TrobadaEquipsMigdia2023_0.jpg\",\"contentUrl\":\"https:\\\/\\\/fundesplai.org\\\/wp-content\\\/uploads\\\/2023\\\/09\\\/TrobadaEquipsMigdia2023_0.jpg\",\"width\":1888,\"height\":900,\"caption\":\"Imatge conjunta dels participants a la trobada dels equips del migdia de Fundesplai 2023\"},{\"@type\":\"BreadcrumbList\",\"@id\":\"https:\\\/\\\/fundesplai.org\\\/es\\\/informa-t\\\/actualitat-es\\\/presentacion-de-la-propuesta-educativa-estima-a-los-equipos-educativos-de-fundesplai\\\/#breadcrumb\",\"itemListElement\":[{\"@type\":\"ListItem\",\"position\":1,\"name\":\"Inici\",\"item\":\"https:\\\/\\\/fundesplai.org\\\/es\\\/inicio\\\/\"},{\"@type\":\"ListItem\",\"position\":2,\"name\":\"Inf\u00f3rmate\",\"item\":\"https:\\\/\\\/fundesplai.org\\\/es\\\/informate\\\/\"},{\"@type\":\"ListItem\",\"position\":3,\"name\":\"Actualitat\",\"item\":\"https:\\\/\\\/fundesplai.org\\\/es\\\/informa-t\\\/category\\\/actualitat-es\\\/\"},{\"@type\":\"ListItem\",\"position\":4,\"name\":\"Presentaci\u00f3n de la propuesta educativa &#8220;Estima&#8221; a los equipos educativos de Fundesplai\"}]},{\"@type\":\"WebSite\",\"@id\":\"https:\\\/\\\/fundesplai.org\\\/es\\\/#website\",\"url\":\"https:\\\/\\\/fundesplai.org\\\/es\\\/\",\"name\":\"Fundesplai\",\"description\":\"Eduquem per la conviv\u00e8ncia i la sostenibilitat\",\"potentialAction\":[{\"@type\":\"SearchAction\",\"target\":{\"@type\":\"EntryPoint\",\"urlTemplate\":\"https:\\\/\\\/fundesplai.org\\\/es\\\/?s={search_term_string}\"},\"query-input\":{\"@type\":\"PropertyValueSpecification\",\"valueRequired\":true,\"valueName\":\"search_term_string\"}}],\"inLanguage\":\"es\"},{\"@type\":\"Person\",\"@id\":\"https:\\\/\\\/fundesplai.org\\\/es\\\/#\\\/schema\\\/person\\\/c0e9e7466bb8ac06f5264324a6109733\",\"name\":\"Alfons Valle\",\"image\":{\"@type\":\"ImageObject\",\"inLanguage\":\"es\",\"@id\":\"https:\\\/\\\/secure.gravatar.com\\\/avatar\\\/71d95a3f99a068ba570ac1314ed6911a59c5ae3f22ffcf23631cd1a861a640bc?s=96&d=mm&r=g\",\"url\":\"https:\\\/\\\/secure.gravatar.com\\\/avatar\\\/71d95a3f99a068ba570ac1314ed6911a59c5ae3f22ffcf23631cd1a861a640bc?s=96&d=mm&r=g\",\"contentUrl\":\"https:\\\/\\\/secure.gravatar.com\\\/avatar\\\/71d95a3f99a068ba570ac1314ed6911a59c5ae3f22ffcf23631cd1a861a640bc?s=96&d=mm&r=g\",\"caption\":\"Alfons Valle\"},\"url\":\"https:\\\/\\\/fundesplai.org\\\/es\\\/informa-t\\\/author\\\/avalle\\\/\"}]}<\/script>\n<!-- \/ Yoast SEO plugin. -->","yoast_head_json":{"title":"Presentaci\u00f3n de la propuesta educativa \"Estima\" a los equipos educativos de Fundesplai - Fundesplai","description":"Este lunes 04\/09 m\u00e1s de 350 personas de los equipos del tiempo educativo de mediod\u00eda de Fundesplai han participado en el encuentro de inicio de curso.","robots":{"index":"index","follow":"follow","max-snippet":"max-snippet:-1","max-image-preview":"max-image-preview:large","max-video-preview":"max-video-preview:-1"},"canonical":"https:\/\/fundesplai.org\/es\/informa-t\/actualitat-es\/presentacion-de-la-propuesta-educativa-estima-a-los-equipos-educativos-de-fundesplai\/","og_locale":"es_ES","og_type":"article","og_title":"Presentaci\u00f3n de la propuesta educativa \"Estima\" a los equipos educativos de Fundesplai - Fundesplai","og_description":"Este lunes 04\/09 m\u00e1s de 350 personas de los equipos del tiempo educativo de mediod\u00eda de Fundesplai han participado en el encuentro de inicio de curso.","og_url":"https:\/\/fundesplai.org\/es\/informa-t\/actualitat-es\/presentacion-de-la-propuesta-educativa-estima-a-los-equipos-educativos-de-fundesplai\/","og_site_name":"Fundesplai","article_published_time":"2023-09-04T11:47:01+00:00","article_modified_time":"2026-01-05T12:54:51+00:00","og_image":[{"width":1888,"height":900,"url":"https:\/\/fundesplai.org\/wp-content\/uploads\/2023\/09\/TrobadaEquipsMigdia2023_0.jpg","type":"image\/jpeg"}],"author":"Alfons Valle","twitter_card":"summary_large_image","twitter_misc":{"Escrito por":"Alfons Valle","Tiempo de lectura":"4 minutos"},"schema":{"@context":"https:\/\/schema.org","@graph":[{"@type":"Article","@id":"https:\/\/fundesplai.org\/es\/informa-t\/actualitat-es\/presentacion-de-la-propuesta-educativa-estima-a-los-equipos-educativos-de-fundesplai\/#article","isPartOf":{"@id":"https:\/\/fundesplai.org\/es\/informa-t\/actualitat-es\/presentacion-de-la-propuesta-educativa-estima-a-los-equipos-educativos-de-fundesplai\/"},"author":{"name":"Alfons Valle","@id":"https:\/\/fundesplai.org\/es\/#\/schema\/person\/c0e9e7466bb8ac06f5264324a6109733"},"headline":"Presentaci\u00f3n de la propuesta educativa \u00abEstima\u00bb a los equipos educativos de Fundesplai","datePublished":"2023-09-04T11:47:01+00:00","dateModified":"2026-01-05T12:54:51+00:00","mainEntityOfPage":{"@id":"https:\/\/fundesplai.org\/es\/informa-t\/actualitat-es\/presentacion-de-la-propuesta-educativa-estima-a-los-equipos-educativos-de-fundesplai\/"},"wordCount":573,"image":{"@id":"https:\/\/fundesplai.org\/es\/informa-t\/actualitat-es\/presentacion-de-la-propuesta-educativa-estima-a-los-equipos-educativos-de-fundesplai\/#primaryimage"},"thumbnailUrl":"https:\/\/fundesplai.org\/wp-content\/uploads\/2023\/09\/TrobadaEquipsMigdia2023_0.jpg","articleSection":["Actualitat"],"inLanguage":"es"},{"@type":"WebPage","@id":"https:\/\/fundesplai.org\/es\/informa-t\/actualitat-es\/presentacion-de-la-propuesta-educativa-estima-a-los-equipos-educativos-de-fundesplai\/","url":"https:\/\/fundesplai.org\/es\/informa-t\/actualitat-es\/presentacion-de-la-propuesta-educativa-estima-a-los-equipos-educativos-de-fundesplai\/","name":"Presentaci\u00f3n de la propuesta educativa \"Estima\" a los equipos educativos de Fundesplai - Fundesplai","isPartOf":{"@id":"https:\/\/fundesplai.org\/es\/#website"},"primaryImageOfPage":{"@id":"https:\/\/fundesplai.org\/es\/informa-t\/actualitat-es\/presentacion-de-la-propuesta-educativa-estima-a-los-equipos-educativos-de-fundesplai\/#primaryimage"},"image":{"@id":"https:\/\/fundesplai.org\/es\/informa-t\/actualitat-es\/presentacion-de-la-propuesta-educativa-estima-a-los-equipos-educativos-de-fundesplai\/#primaryimage"},"thumbnailUrl":"https:\/\/fundesplai.org\/wp-content\/uploads\/2023\/09\/TrobadaEquipsMigdia2023_0.jpg","datePublished":"2023-09-04T11:47:01+00:00","dateModified":"2026-01-05T12:54:51+00:00","author":{"@id":"https:\/\/fundesplai.org\/es\/#\/schema\/person\/c0e9e7466bb8ac06f5264324a6109733"},"description":"Este lunes 04\/09 m\u00e1s de 350 personas de los equipos del tiempo educativo de mediod\u00eda de Fundesplai han participado en el encuentro de inicio de curso.","breadcrumb":{"@id":"https:\/\/fundesplai.org\/es\/informa-t\/actualitat-es\/presentacion-de-la-propuesta-educativa-estima-a-los-equipos-educativos-de-fundesplai\/#breadcrumb"},"inLanguage":"es","potentialAction":[{"@type":"ReadAction","target":["https:\/\/fundesplai.org\/es\/informa-t\/actualitat-es\/presentacion-de-la-propuesta-educativa-estima-a-los-equipos-educativos-de-fundesplai\/"]}]},{"@type":"ImageObject","inLanguage":"es","@id":"https:\/\/fundesplai.org\/es\/informa-t\/actualitat-es\/presentacion-de-la-propuesta-educativa-estima-a-los-equipos-educativos-de-fundesplai\/#primaryimage","url":"https:\/\/fundesplai.org\/wp-content\/uploads\/2023\/09\/TrobadaEquipsMigdia2023_0.jpg","contentUrl":"https:\/\/fundesplai.org\/wp-content\/uploads\/2023\/09\/TrobadaEquipsMigdia2023_0.jpg","width":1888,"height":900,"caption":"Imatge conjunta dels participants a la trobada dels equips del migdia de Fundesplai 2023"},{"@type":"BreadcrumbList","@id":"https:\/\/fundesplai.org\/es\/informa-t\/actualitat-es\/presentacion-de-la-propuesta-educativa-estima-a-los-equipos-educativos-de-fundesplai\/#breadcrumb","itemListElement":[{"@type":"ListItem","position":1,"name":"Inici","item":"https:\/\/fundesplai.org\/es\/inicio\/"},{"@type":"ListItem","position":2,"name":"Inf\u00f3rmate","item":"https:\/\/fundesplai.org\/es\/informate\/"},{"@type":"ListItem","position":3,"name":"Actualitat","item":"https:\/\/fundesplai.org\/es\/informa-t\/category\/actualitat-es\/"},{"@type":"ListItem","position":4,"name":"Presentaci\u00f3n de la propuesta educativa &#8220;Estima&#8221; a los equipos educativos de Fundesplai"}]},{"@type":"WebSite","@id":"https:\/\/fundesplai.org\/es\/#website","url":"https:\/\/fundesplai.org\/es\/","name":"Fundesplai","description":"Eduquem per la conviv\u00e8ncia i la sostenibilitat","potentialAction":[{"@type":"SearchAction","target":{"@type":"EntryPoint","urlTemplate":"https:\/\/fundesplai.org\/es\/?s={search_term_string}"},"query-input":{"@type":"PropertyValueSpecification","valueRequired":true,"valueName":"search_term_string"}}],"inLanguage":"es"},{"@type":"Person","@id":"https:\/\/fundesplai.org\/es\/#\/schema\/person\/c0e9e7466bb8ac06f5264324a6109733","name":"Alfons Valle","image":{"@type":"ImageObject","inLanguage":"es","@id":"https:\/\/secure.gravatar.com\/avatar\/71d95a3f99a068ba570ac1314ed6911a59c5ae3f22ffcf23631cd1a861a640bc?s=96&d=mm&r=g","url":"https:\/\/secure.gravatar.com\/avatar\/71d95a3f99a068ba570ac1314ed6911a59c5ae3f22ffcf23631cd1a861a640bc?s=96&d=mm&r=g","contentUrl":"https:\/\/secure.gravatar.com\/avatar\/71d95a3f99a068ba570ac1314ed6911a59c5ae3f22ffcf23631cd1a861a640bc?s=96&d=mm&r=g","caption":"Alfons Valle"},"url":"https:\/\/fundesplai.org\/es\/informa-t\/author\/avalle\/"}]}},"_links":{"self":[{"href":"https:\/\/fundesplai.org\/es\/wp-json\/wp\/v2\/posts\/54445","targetHints":{"allow":["GET"]}}],"collection":[{"href":"https:\/\/fundesplai.org\/es\/wp-json\/wp\/v2\/posts"}],"about":[{"href":"https:\/\/fundesplai.org\/es\/wp-json\/wp\/v2\/types\/post"}],"author":[{"embeddable":true,"href":"https:\/\/fundesplai.org\/es\/wp-json\/wp\/v2\/users\/9"}],"replies":[{"embeddable":true,"href":"https:\/\/fundesplai.org\/es\/wp-json\/wp\/v2\/comments?post=54445"}],"version-history":[{"count":5,"href":"https:\/\/fundesplai.org\/es\/wp-json\/wp\/v2\/posts\/54445\/revisions"}],"predecessor-version":[{"id":80112,"href":"https:\/\/fundesplai.org\/es\/wp-json\/wp\/v2\/posts\/54445\/revisions\/80112"}],"wp:featuredmedia":[{"embeddable":true,"href":"https:\/\/fundesplai.org\/es\/wp-json\/wp\/v2\/media\/52889"}],"wp:attachment":[{"href":"https:\/\/fundesplai.org\/es\/wp-json\/wp\/v2\/media?parent=54445"}],"wp:term":[{"taxonomy":"category","embeddable":true,"href":"https:\/\/fundesplai.org\/es\/wp-json\/wp\/v2\/categories?post=54445"},{"taxonomy":"post_tag","embeddable":true,"href":"https:\/\/fundesplai.org\/es\/wp-json\/wp\/v2\/tags?post=54445"}],"curies":[{"name":"wp","href":"https:\/\/api.w.org\/{rel}","templated":true}]}}