{"id":48709,"date":"2022-04-28T13:07:36","date_gmt":"2022-04-28T11:07:36","guid":{"rendered":"https:\/\/fundesplai.org\/informa-t\/\/actividades-de-estimulacion-sensorial-para-ninos-con-nee\/"},"modified":"2022-04-28T13:07:36","modified_gmt":"2022-04-28T11:07:36","slug":"actividades-de-estimulacion-sensorial-para-ninos-con-nee","status":"publish","type":"post","link":"https:\/\/fundesplai.org\/es\/informa-t\/formacion-de-adultos\/actividades-de-estimulacion-sensorial-para-ninos-con-nee\/","title":{"rendered":"Actividades de estimulaci\u00f3n sensorial para ni\u00f1os con nee"},"content":{"rendered":"<p>La forma en que recibimos los est\u00edmulos cada uno y cada una de nosotros es totalmente diferente. Nuestro entorno est\u00e1 lleno de est\u00edmulos que nuestro cerebro percibe, procesa y que nos afectan de una manera u otra. Las personas con alg\u00fan tipo de Necesidad Educativa Especial acostumbran a ser personas mucho m\u00e1s sensibles a los est\u00edmulos externos, sobre todo aquellas personas con Trastorno del Espectro Autista. Algunas de estas personas con necesidades educativas especiales pueden recibir los est\u00edmulos de manera hipersensible, con una percepci\u00f3n muy aumentada de los est\u00edmulos, o hiponensible, con una percepci\u00f3n muy baja. Atenci\u00f3n, porque tambi\u00e9n puede haber personas hipersensibles en&#8230;<\/p>\n<p class=\"planet-fundesplai-llegeix-mes-wrapper et_pb_module et_pb_button_module_wrapper\"><a href=\"https:\/\/formacio.fundesplai.org\/blog\/activitats-estimulacio-infants-nee\/\" class=\"et_pb_button planet-fundesplai-llegeix-mes\">Lee m\u00e1s en el blog de Formaci\u00f3n<\/a><\/p>\n","protected":false},"excerpt":{"rendered":"<p>Hablar de estimulaci\u00f3n sensorial significa hablar de diversas \u00e1reas: visual, t\u00e1ctil, auditiva, gustativa, olfativa, vestibular y propioceptiva, es por eso que cada una de ellas capta unos est\u00edmulos que permiten desarrollarnos como personas y que es necesario trabajar de forma diversa. A continuaci\u00f3n te queremos presentar algunas actividades que puedes llevar a cabo para realizar estimulaci\u00f3n sensorial, usando aquellas que m\u00e1s necesiten tus ni\u00f1os o j\u00f3venes.<\/p>\n","protected":false},"author":2,"featured_media":51225,"comment_status":"closed","ping_status":"closed","sticky":false,"template":"","format":"standard","meta":{"_et_pb_use_builder":"","_et_pb_old_content":"","_et_gb_content_width":"","footnotes":""},"categories":[992],"tags":[],"class_list":["post-48709","post","type-post","status-publish","format-standard","has-post-thumbnail","hentry","category-formacion-de-adultos"],"yoast_head":"<!-- This site is optimized with the Yoast SEO plugin v27.5 - https:\/\/yoast.com\/product\/yoast-seo-wordpress\/ -->\n<title>Actividades de estimulaci\u00f3n sensorial para ni\u00f1os con nee - Fundesplai<\/title>\n<meta name=\"robots\" content=\"noindex, follow\" \/>\n<meta property=\"og:locale\" content=\"es_ES\" \/>\n<meta property=\"og:type\" content=\"article\" \/>\n<meta property=\"og:title\" content=\"Actividades de estimulaci\u00f3n sensorial para ni\u00f1os con nee - Fundesplai\" \/>\n<meta property=\"og:description\" content=\"Hablar de estimulaci\u00f3n sensorial significa hablar de diversas \u00e1reas: visual, t\u00e1ctil, auditiva, gustativa, olfativa, vestibular y propioceptiva, es por eso que cada una de ellas capta unos est\u00edmulos que permiten desarrollarnos como personas y que es necesario trabajar de forma diversa. A continuaci\u00f3n te queremos presentar algunas actividades que puedes llevar a cabo para realizar estimulaci\u00f3n sensorial, usando aquellas que m\u00e1s necesiten tus ni\u00f1os o j\u00f3venes.\" \/>\n<meta property=\"og:url\" content=\"https:\/\/fundesplai.org\/es\/informa-t\/formacion-de-adultos\/actividades-de-estimulacion-sensorial-para-ninos-con-nee\/\" \/>\n<meta property=\"og:site_name\" content=\"Fundesplai\" \/>\n<meta property=\"article:published_time\" content=\"2022-04-28T11:07:36+00:00\" \/>\n<meta name=\"author\" content=\"jpasquier\" \/>\n<meta name=\"twitter:card\" content=\"summary_large_image\" \/>\n<meta name=\"twitter:label1\" content=\"Escrito por\" \/>\n\t<meta name=\"twitter:data1\" content=\"jpasquier\" \/>\n\t<meta name=\"twitter:label2\" content=\"Tiempo de lectura\" \/>\n\t<meta name=\"twitter:data2\" content=\"1 minuto\" \/>\n<script type=\"application\/ld+json\" class=\"yoast-schema-graph\">{\"@context\":\"https:\\\/\\\/schema.org\",\"@graph\":[{\"@type\":\"Article\",\"@id\":\"https:\\\/\\\/fundesplai.org\\\/es\\\/informa-t\\\/formacion-de-adultos\\\/actividades-de-estimulacion-sensorial-para-ninos-con-nee\\\/#article\",\"isPartOf\":{\"@id\":\"https:\\\/\\\/fundesplai.org\\\/es\\\/informa-t\\\/formacion-de-adultos\\\/actividades-de-estimulacion-sensorial-para-ninos-con-nee\\\/\"},\"author\":{\"name\":\"jpasquier\",\"@id\":\"https:\\\/\\\/fundesplai.org\\\/es\\\/#\\\/schema\\\/person\\\/dc7af2fbad61a0644ec89f4df8f08854\"},\"headline\":\"Actividades de estimulaci\u00f3n sensorial para ni\u00f1os con nee\",\"datePublished\":\"2022-04-28T11:07:36+00:00\",\"mainEntityOfPage\":{\"@id\":\"https:\\\/\\\/fundesplai.org\\\/es\\\/informa-t\\\/formacion-de-adultos\\\/actividades-de-estimulacion-sensorial-para-ninos-con-nee\\\/\"},\"wordCount\":134,\"image\":{\"@id\":\"https:\\\/\\\/fundesplai.org\\\/es\\\/informa-t\\\/formacion-de-adultos\\\/actividades-de-estimulacion-sensorial-para-ninos-con-nee\\\/#primaryimage\"},\"thumbnailUrl\":\"https:\\\/\\\/fundesplai.org\\\/wp-content\\\/uploads\\\/2022\\\/04\\\/Estimulacio-sensorial-Fundesplai-1-1.jpg\",\"articleSection\":[\"Formaci\u00f3n de adultos\"],\"inLanguage\":\"es\"},{\"@type\":\"WebPage\",\"@id\":\"https:\\\/\\\/fundesplai.org\\\/es\\\/informa-t\\\/formacion-de-adultos\\\/actividades-de-estimulacion-sensorial-para-ninos-con-nee\\\/\",\"url\":\"https:\\\/\\\/fundesplai.org\\\/es\\\/informa-t\\\/formacion-de-adultos\\\/actividades-de-estimulacion-sensorial-para-ninos-con-nee\\\/\",\"name\":\"Actividades de estimulaci\u00f3n sensorial para ni\u00f1os con nee - Fundesplai\",\"isPartOf\":{\"@id\":\"https:\\\/\\\/fundesplai.org\\\/es\\\/#website\"},\"primaryImageOfPage\":{\"@id\":\"https:\\\/\\\/fundesplai.org\\\/es\\\/informa-t\\\/formacion-de-adultos\\\/actividades-de-estimulacion-sensorial-para-ninos-con-nee\\\/#primaryimage\"},\"image\":{\"@id\":\"https:\\\/\\\/fundesplai.org\\\/es\\\/informa-t\\\/formacion-de-adultos\\\/actividades-de-estimulacion-sensorial-para-ninos-con-nee\\\/#primaryimage\"},\"thumbnailUrl\":\"https:\\\/\\\/fundesplai.org\\\/wp-content\\\/uploads\\\/2022\\\/04\\\/Estimulacio-sensorial-Fundesplai-1-1.jpg\",\"datePublished\":\"2022-04-28T11:07:36+00:00\",\"author\":{\"@id\":\"https:\\\/\\\/fundesplai.org\\\/es\\\/#\\\/schema\\\/person\\\/dc7af2fbad61a0644ec89f4df8f08854\"},\"breadcrumb\":{\"@id\":\"https:\\\/\\\/fundesplai.org\\\/es\\\/informa-t\\\/formacion-de-adultos\\\/actividades-de-estimulacion-sensorial-para-ninos-con-nee\\\/#breadcrumb\"},\"inLanguage\":\"es\",\"potentialAction\":[{\"@type\":\"ReadAction\",\"target\":[\"https:\\\/\\\/fundesplai.org\\\/es\\\/informa-t\\\/formacion-de-adultos\\\/actividades-de-estimulacion-sensorial-para-ninos-con-nee\\\/\"]}]},{\"@type\":\"ImageObject\",\"inLanguage\":\"es\",\"@id\":\"https:\\\/\\\/fundesplai.org\\\/es\\\/informa-t\\\/formacion-de-adultos\\\/actividades-de-estimulacion-sensorial-para-ninos-con-nee\\\/#primaryimage\",\"url\":\"https:\\\/\\\/fundesplai.org\\\/wp-content\\\/uploads\\\/2022\\\/04\\\/Estimulacio-sensorial-Fundesplai-1-1.jpg\",\"contentUrl\":\"https:\\\/\\\/fundesplai.org\\\/wp-content\\\/uploads\\\/2022\\\/04\\\/Estimulacio-sensorial-Fundesplai-1-1.jpg\",\"width\":1920,\"height\":916},{\"@type\":\"BreadcrumbList\",\"@id\":\"https:\\\/\\\/fundesplai.org\\\/es\\\/informa-t\\\/formacion-de-adultos\\\/actividades-de-estimulacion-sensorial-para-ninos-con-nee\\\/#breadcrumb\",\"itemListElement\":[{\"@type\":\"ListItem\",\"position\":1,\"name\":\"Inici\",\"item\":\"https:\\\/\\\/fundesplai.org\\\/es\\\/inicio\\\/\"},{\"@type\":\"ListItem\",\"position\":2,\"name\":\"Inf\u00f3rmate\",\"item\":\"https:\\\/\\\/fundesplai.org\\\/es\\\/informate\\\/\"},{\"@type\":\"ListItem\",\"position\":3,\"name\":\"Actividades de estimulaci\u00f3n sensorial para ni\u00f1os con nee\"}]},{\"@type\":\"WebSite\",\"@id\":\"https:\\\/\\\/fundesplai.org\\\/es\\\/#website\",\"url\":\"https:\\\/\\\/fundesplai.org\\\/es\\\/\",\"name\":\"Fundesplai\",\"description\":\"Eduquem per la conviv\u00e8ncia i la sostenibilitat\",\"potentialAction\":[{\"@type\":\"SearchAction\",\"target\":{\"@type\":\"EntryPoint\",\"urlTemplate\":\"https:\\\/\\\/fundesplai.org\\\/es\\\/?s={search_term_string}\"},\"query-input\":{\"@type\":\"PropertyValueSpecification\",\"valueRequired\":true,\"valueName\":\"search_term_string\"}}],\"inLanguage\":\"es\"},{\"@type\":\"Person\",\"@id\":\"https:\\\/\\\/fundesplai.org\\\/es\\\/#\\\/schema\\\/person\\\/dc7af2fbad61a0644ec89f4df8f08854\",\"name\":\"jpasquier\",\"image\":{\"@type\":\"ImageObject\",\"inLanguage\":\"es\",\"@id\":\"https:\\\/\\\/secure.gravatar.com\\\/avatar\\\/e20ef130c6707e41cf2bfba9d7fddcbe2dbb8f8cb76952c65cdd3e6432ff7a52?s=96&d=mm&r=g\",\"url\":\"https:\\\/\\\/secure.gravatar.com\\\/avatar\\\/e20ef130c6707e41cf2bfba9d7fddcbe2dbb8f8cb76952c65cdd3e6432ff7a52?s=96&d=mm&r=g\",\"contentUrl\":\"https:\\\/\\\/secure.gravatar.com\\\/avatar\\\/e20ef130c6707e41cf2bfba9d7fddcbe2dbb8f8cb76952c65cdd3e6432ff7a52?s=96&d=mm&r=g\",\"caption\":\"jpasquier\"},\"url\":\"https:\\\/\\\/fundesplai.org\\\/es\\\/informa-t\\\/author\\\/jpasquier\\\/\"}]}<\/script>\n<!-- \/ Yoast SEO plugin. -->","yoast_head_json":{"title":"Actividades de estimulaci\u00f3n sensorial para ni\u00f1os con nee - Fundesplai","robots":{"index":"noindex","follow":"follow"},"og_locale":"es_ES","og_type":"article","og_title":"Actividades de estimulaci\u00f3n sensorial para ni\u00f1os con nee - Fundesplai","og_description":"Hablar de estimulaci\u00f3n sensorial significa hablar de diversas \u00e1reas: visual, t\u00e1ctil, auditiva, gustativa, olfativa, vestibular y propioceptiva, es por eso que cada una de ellas capta unos est\u00edmulos que permiten desarrollarnos como personas y que es necesario trabajar de forma diversa. A continuaci\u00f3n te queremos presentar algunas actividades que puedes llevar a cabo para realizar estimulaci\u00f3n sensorial, usando aquellas que m\u00e1s necesiten tus ni\u00f1os o j\u00f3venes.","og_url":"https:\/\/fundesplai.org\/es\/informa-t\/formacion-de-adultos\/actividades-de-estimulacion-sensorial-para-ninos-con-nee\/","og_site_name":"Fundesplai","article_published_time":"2022-04-28T11:07:36+00:00","author":"jpasquier","twitter_card":"summary_large_image","twitter_misc":{"Escrito por":"jpasquier","Tiempo de lectura":"1 minuto"},"schema":{"@context":"https:\/\/schema.org","@graph":[{"@type":"Article","@id":"https:\/\/fundesplai.org\/es\/informa-t\/formacion-de-adultos\/actividades-de-estimulacion-sensorial-para-ninos-con-nee\/#article","isPartOf":{"@id":"https:\/\/fundesplai.org\/es\/informa-t\/formacion-de-adultos\/actividades-de-estimulacion-sensorial-para-ninos-con-nee\/"},"author":{"name":"jpasquier","@id":"https:\/\/fundesplai.org\/es\/#\/schema\/person\/dc7af2fbad61a0644ec89f4df8f08854"},"headline":"Actividades de estimulaci\u00f3n sensorial para ni\u00f1os con nee","datePublished":"2022-04-28T11:07:36+00:00","mainEntityOfPage":{"@id":"https:\/\/fundesplai.org\/es\/informa-t\/formacion-de-adultos\/actividades-de-estimulacion-sensorial-para-ninos-con-nee\/"},"wordCount":134,"image":{"@id":"https:\/\/fundesplai.org\/es\/informa-t\/formacion-de-adultos\/actividades-de-estimulacion-sensorial-para-ninos-con-nee\/#primaryimage"},"thumbnailUrl":"https:\/\/fundesplai.org\/wp-content\/uploads\/2022\/04\/Estimulacio-sensorial-Fundesplai-1-1.jpg","articleSection":["Formaci\u00f3n de adultos"],"inLanguage":"es"},{"@type":"WebPage","@id":"https:\/\/fundesplai.org\/es\/informa-t\/formacion-de-adultos\/actividades-de-estimulacion-sensorial-para-ninos-con-nee\/","url":"https:\/\/fundesplai.org\/es\/informa-t\/formacion-de-adultos\/actividades-de-estimulacion-sensorial-para-ninos-con-nee\/","name":"Actividades de estimulaci\u00f3n sensorial para ni\u00f1os con nee - Fundesplai","isPartOf":{"@id":"https:\/\/fundesplai.org\/es\/#website"},"primaryImageOfPage":{"@id":"https:\/\/fundesplai.org\/es\/informa-t\/formacion-de-adultos\/actividades-de-estimulacion-sensorial-para-ninos-con-nee\/#primaryimage"},"image":{"@id":"https:\/\/fundesplai.org\/es\/informa-t\/formacion-de-adultos\/actividades-de-estimulacion-sensorial-para-ninos-con-nee\/#primaryimage"},"thumbnailUrl":"https:\/\/fundesplai.org\/wp-content\/uploads\/2022\/04\/Estimulacio-sensorial-Fundesplai-1-1.jpg","datePublished":"2022-04-28T11:07:36+00:00","author":{"@id":"https:\/\/fundesplai.org\/es\/#\/schema\/person\/dc7af2fbad61a0644ec89f4df8f08854"},"breadcrumb":{"@id":"https:\/\/fundesplai.org\/es\/informa-t\/formacion-de-adultos\/actividades-de-estimulacion-sensorial-para-ninos-con-nee\/#breadcrumb"},"inLanguage":"es","potentialAction":[{"@type":"ReadAction","target":["https:\/\/fundesplai.org\/es\/informa-t\/formacion-de-adultos\/actividades-de-estimulacion-sensorial-para-ninos-con-nee\/"]}]},{"@type":"ImageObject","inLanguage":"es","@id":"https:\/\/fundesplai.org\/es\/informa-t\/formacion-de-adultos\/actividades-de-estimulacion-sensorial-para-ninos-con-nee\/#primaryimage","url":"https:\/\/fundesplai.org\/wp-content\/uploads\/2022\/04\/Estimulacio-sensorial-Fundesplai-1-1.jpg","contentUrl":"https:\/\/fundesplai.org\/wp-content\/uploads\/2022\/04\/Estimulacio-sensorial-Fundesplai-1-1.jpg","width":1920,"height":916},{"@type":"BreadcrumbList","@id":"https:\/\/fundesplai.org\/es\/informa-t\/formacion-de-adultos\/actividades-de-estimulacion-sensorial-para-ninos-con-nee\/#breadcrumb","itemListElement":[{"@type":"ListItem","position":1,"name":"Inici","item":"https:\/\/fundesplai.org\/es\/inicio\/"},{"@type":"ListItem","position":2,"name":"Inf\u00f3rmate","item":"https:\/\/fundesplai.org\/es\/informate\/"},{"@type":"ListItem","position":3,"name":"Actividades de estimulaci\u00f3n sensorial para ni\u00f1os con nee"}]},{"@type":"WebSite","@id":"https:\/\/fundesplai.org\/es\/#website","url":"https:\/\/fundesplai.org\/es\/","name":"Fundesplai","description":"Eduquem per la conviv\u00e8ncia i la sostenibilitat","potentialAction":[{"@type":"SearchAction","target":{"@type":"EntryPoint","urlTemplate":"https:\/\/fundesplai.org\/es\/?s={search_term_string}"},"query-input":{"@type":"PropertyValueSpecification","valueRequired":true,"valueName":"search_term_string"}}],"inLanguage":"es"},{"@type":"Person","@id":"https:\/\/fundesplai.org\/es\/#\/schema\/person\/dc7af2fbad61a0644ec89f4df8f08854","name":"jpasquier","image":{"@type":"ImageObject","inLanguage":"es","@id":"https:\/\/secure.gravatar.com\/avatar\/e20ef130c6707e41cf2bfba9d7fddcbe2dbb8f8cb76952c65cdd3e6432ff7a52?s=96&d=mm&r=g","url":"https:\/\/secure.gravatar.com\/avatar\/e20ef130c6707e41cf2bfba9d7fddcbe2dbb8f8cb76952c65cdd3e6432ff7a52?s=96&d=mm&r=g","contentUrl":"https:\/\/secure.gravatar.com\/avatar\/e20ef130c6707e41cf2bfba9d7fddcbe2dbb8f8cb76952c65cdd3e6432ff7a52?s=96&d=mm&r=g","caption":"jpasquier"},"url":"https:\/\/fundesplai.org\/es\/informa-t\/author\/jpasquier\/"}]}},"_links":{"self":[{"href":"https:\/\/fundesplai.org\/es\/wp-json\/wp\/v2\/posts\/48709","targetHints":{"allow":["GET"]}}],"collection":[{"href":"https:\/\/fundesplai.org\/es\/wp-json\/wp\/v2\/posts"}],"about":[{"href":"https:\/\/fundesplai.org\/es\/wp-json\/wp\/v2\/types\/post"}],"author":[{"embeddable":true,"href":"https:\/\/fundesplai.org\/es\/wp-json\/wp\/v2\/users\/2"}],"replies":[{"embeddable":true,"href":"https:\/\/fundesplai.org\/es\/wp-json\/wp\/v2\/comments?post=48709"}],"version-history":[{"count":0,"href":"https:\/\/fundesplai.org\/es\/wp-json\/wp\/v2\/posts\/48709\/revisions"}],"wp:featuredmedia":[{"embeddable":true,"href":"https:\/\/fundesplai.org\/es\/wp-json\/wp\/v2\/media\/51225"}],"wp:attachment":[{"href":"https:\/\/fundesplai.org\/es\/wp-json\/wp\/v2\/media?parent=48709"}],"wp:term":[{"taxonomy":"category","embeddable":true,"href":"https:\/\/fundesplai.org\/es\/wp-json\/wp\/v2\/categories?post=48709"},{"taxonomy":"post_tag","embeddable":true,"href":"https:\/\/fundesplai.org\/es\/wp-json\/wp\/v2\/tags?post=48709"}],"curies":[{"name":"wp","href":"https:\/\/api.w.org\/{rel}","templated":true}]}}