{"id":48382,"date":"2023-03-14T12:01:33","date_gmt":"2023-03-14T11:01:33","guid":{"rendered":"https:\/\/fundesplai.org\/informa-t\/sense-categoria\/tenemos-en-marcha-el-programa-espora-para-mujeres-migradas\/"},"modified":"2026-01-21T16:07:36","modified_gmt":"2026-01-21T15:07:36","slug":"tenemos-en-marcha-el-programa-espora-para-mujeres-migradas","status":"publish","type":"post","link":"https:\/\/fundesplai.org\/es\/informa-t\/actualitat-es\/tenemos-en-marcha-el-programa-espora-para-mujeres-migradas\/","title":{"rendered":"Tenemos en marcha el programa Espora, para mujeres migradas"},"content":{"rendered":"<p>[et_pb_section fb_built=\u00bb1&#8243; _builder_version=\u00bb4.16&#8243; global_colors_info=\u00bb{}\u00bb][et_pb_row _builder_version=\u00bb4.16&#8243; background_size=\u00bbinitial\u00bb background_position=\u00bbtop_left\u00bb background_repeat=\u00bbrepeat\u00bb global_colors_info=\u00bb{}\u00bb][et_pb_column type=\u00bb4_4&#8243; _builder_version=\u00bb4.16&#8243; custom_padding=\u00bb|||\u00bb global_colors_info=\u00bb{}\u00bb custom_padding__hover=\u00bb|||\u00bb][et_pb_text _builder_version=\u00bb4.20.2&#8243; background_size=\u00bbinitial\u00bb background_position=\u00bbtop_left\u00bb background_repeat=\u00bbrepeat\u00bb global_colors_info=\u00bb{}\u00bb]<\/p>\n<p>El 1 de marzo iniciamos el <strong>programa Espora<\/strong> con un grupo de quince mujeres en el espacio Penya Domin\u00f3, cedido por el Ayuntamiento de Cornell\u00e0. Es un programa para mujeres en el que fomentamos la igualdad de derechos y el reconocimiento. Tambi\u00e9n promovemos las oportunidades y participaci\u00f3n en el \u00e1mbito de las migraciones, el refugio y el antirracismo.<\/p>\n<p><img loading=\"lazy\" decoding=\"async\" class=\"size-medium wp-image-44060 aligncenter\" src=\"https:\/\/fundesplai.org\/wp-content\/uploads\/2023\/03\/programa-espora-fundesplai-300x225.jpg\" alt=\"Programa Espora para j\u00f3venes migradas.\" width=\"300\" height=\"225\">Las personas destinatarias son mujeres j\u00f3venes migradas de entre 18 y 29 a\u00f1os en situaciones espec\u00edficas de vulnerabilidad, que destacan en un aspecto clave: son j\u00f3venes con capacidades y potencialidades detectadas que, a partir de la participaci\u00f3n en el proyecto, podr\u00e1n profundizar y potenciar competencias con el fin de garantizar procesos de inclusi\u00f3n social a trav\u00e9s de la formaci\u00f3n que cursar\u00e1n como ayudantes de cocina.<\/p>\n<p>El proyecto tambi\u00e9n apoya a trav\u00e9s del acompa\u00f1amiento emocional y la orientaci\u00f3n personalizada, tanto individual como grupal. Tambi\u00e9n incide en la mejora de las competencias personales y profesionales de las mujeres j\u00f3venes con una formaci\u00f3n a medida, que les facilite la entrada al mundo laboral.<\/p>\n<p>[\/et_pb_text][\/et_pb_column][\/et_pb_row][et_pb_row _builder_version=\u00bb4.19.0&#8243; _module_preset=\u00bbdefault\u00bb custom_margin=\u00bb40px||||false|false\u00bb global_colors_info=\u00bb{}\u00bb][et_pb_column type=\u00bb4_4&#8243; _builder_version=\u00bb4.19.0&#8243; _module_preset=\u00bbdefault\u00bb global_colors_info=\u00bb{}\u00bb][et_pb_button button_url=\u00bbhttps:\/\/fundesplai.org\/es\/programas-sociales-y-para-jovenes\/espora\/\u00bb button_text=\u00bbM\u00e1s informaci\u00f3n sobre el proyecto Espora\u00bb button_alignment=\u00bbcenter\u00bb _builder_version=\u00bb4.19.0&#8243; _module_preset=\u00bbdefault\u00bb global_colors_info=\u00bb{}\u00bb][\/et_pb_button][\/et_pb_column][\/et_pb_row][\/et_pb_section]<\/p>\n","protected":false},"excerpt":{"rendered":"<p>Desde Fundesplai llevamos a cabo el programa Espora para mujeres j\u00f3venes migradas, para mejorar sus posibilidades de inclusi\u00f3n social.<\/p>\n","protected":false},"author":35,"featured_media":51385,"comment_status":"closed","ping_status":"closed","sticky":false,"template":"","format":"standard","meta":{"_et_pb_use_builder":"on","_et_pb_old_content":"","_et_gb_content_width":"","footnotes":""},"categories":[937],"tags":[],"class_list":["post-48382","post","type-post","status-publish","format-standard","has-post-thumbnail","hentry","category-actualitat-es"],"yoast_head":"<!-- This site is optimized with the Yoast SEO plugin v27.5 - https:\/\/yoast.com\/product\/yoast-seo-wordpress\/ -->\n<title>Iniciamos el programa Espora, para mujeres migradas - Fundesplai<\/title>\n<meta name=\"description\" content=\"Desde Fundesplai ponemos en marcha el programa Espora, para mujeres j\u00f3venes migradas con el objetivo de garantizar procesos de inclusi\u00f3n social.\" \/>\n<meta name=\"robots\" content=\"index, follow, max-snippet:-1, max-image-preview:large, max-video-preview:-1\" \/>\n<link rel=\"canonical\" href=\"https:\/\/fundesplai.org\/es\/informa-t\/actualitat-es\/tenemos-en-marcha-el-programa-espora-para-mujeres-migradas\/\" \/>\n<meta property=\"og:locale\" content=\"es_ES\" \/>\n<meta property=\"og:type\" content=\"article\" \/>\n<meta property=\"og:title\" content=\"Iniciamos el programa Espora, para mujeres migradas - Fundesplai\" \/>\n<meta property=\"og:description\" content=\"Desde Fundesplai ponemos en marcha el programa Espora, para mujeres j\u00f3venes migradas con el objetivo de garantizar procesos de inclusi\u00f3n social.\" \/>\n<meta property=\"og:url\" content=\"https:\/\/fundesplai.org\/es\/informa-t\/actualitat-es\/tenemos-en-marcha-el-programa-espora-para-mujeres-migradas\/\" \/>\n<meta property=\"og:site_name\" content=\"Fundesplai\" \/>\n<meta property=\"article:published_time\" content=\"2023-03-14T11:01:33+00:00\" \/>\n<meta property=\"article:modified_time\" content=\"2026-01-21T15:07:36+00:00\" \/>\n<meta property=\"og:image\" content=\"https:\/\/fundesplai.org\/wp-content\/uploads\/2023\/03\/projecte-espora-fundesplai.jpg\" \/>\n\t<meta property=\"og:image:width\" content=\"1888\" \/>\n\t<meta property=\"og:image:height\" content=\"901\" \/>\n\t<meta property=\"og:image:type\" content=\"image\/jpeg\" \/>\n<meta name=\"author\" content=\"spulido\" \/>\n<meta name=\"twitter:card\" content=\"summary_large_image\" \/>\n<meta name=\"twitter:label1\" content=\"Escrito por\" \/>\n\t<meta name=\"twitter:data1\" content=\"spulido\" \/>\n\t<meta name=\"twitter:label2\" content=\"Tiempo de lectura\" \/>\n\t<meta name=\"twitter:data2\" content=\"2 minutos\" \/>\n<script type=\"application\/ld+json\" class=\"yoast-schema-graph\">{\"@context\":\"https:\\\/\\\/schema.org\",\"@graph\":[{\"@type\":\"Article\",\"@id\":\"https:\\\/\\\/fundesplai.org\\\/es\\\/informa-t\\\/actualitat-es\\\/tenemos-en-marcha-el-programa-espora-para-mujeres-migradas\\\/#article\",\"isPartOf\":{\"@id\":\"https:\\\/\\\/fundesplai.org\\\/es\\\/informa-t\\\/actualitat-es\\\/tenemos-en-marcha-el-programa-espora-para-mujeres-migradas\\\/\"},\"author\":{\"name\":\"spulido\",\"@id\":\"https:\\\/\\\/fundesplai.org\\\/es\\\/#\\\/schema\\\/person\\\/fde1650fd0ecab0771758451d70d9542\"},\"headline\":\"Tenemos en marcha el programa Espora, para mujeres migradas\",\"datePublished\":\"2023-03-14T11:01:33+00:00\",\"dateModified\":\"2026-01-21T15:07:36+00:00\",\"mainEntityOfPage\":{\"@id\":\"https:\\\/\\\/fundesplai.org\\\/es\\\/informa-t\\\/actualitat-es\\\/tenemos-en-marcha-el-programa-espora-para-mujeres-migradas\\\/\"},\"wordCount\":334,\"image\":{\"@id\":\"https:\\\/\\\/fundesplai.org\\\/es\\\/informa-t\\\/actualitat-es\\\/tenemos-en-marcha-el-programa-espora-para-mujeres-migradas\\\/#primaryimage\"},\"thumbnailUrl\":\"https:\\\/\\\/fundesplai.org\\\/wp-content\\\/uploads\\\/2023\\\/03\\\/projecte-espora-fundesplai.jpg\",\"articleSection\":[\"Actualitat\"],\"inLanguage\":\"es\"},{\"@type\":\"WebPage\",\"@id\":\"https:\\\/\\\/fundesplai.org\\\/es\\\/informa-t\\\/actualitat-es\\\/tenemos-en-marcha-el-programa-espora-para-mujeres-migradas\\\/\",\"url\":\"https:\\\/\\\/fundesplai.org\\\/es\\\/informa-t\\\/actualitat-es\\\/tenemos-en-marcha-el-programa-espora-para-mujeres-migradas\\\/\",\"name\":\"Iniciamos el programa Espora, para mujeres migradas - Fundesplai\",\"isPartOf\":{\"@id\":\"https:\\\/\\\/fundesplai.org\\\/es\\\/#website\"},\"primaryImageOfPage\":{\"@id\":\"https:\\\/\\\/fundesplai.org\\\/es\\\/informa-t\\\/actualitat-es\\\/tenemos-en-marcha-el-programa-espora-para-mujeres-migradas\\\/#primaryimage\"},\"image\":{\"@id\":\"https:\\\/\\\/fundesplai.org\\\/es\\\/informa-t\\\/actualitat-es\\\/tenemos-en-marcha-el-programa-espora-para-mujeres-migradas\\\/#primaryimage\"},\"thumbnailUrl\":\"https:\\\/\\\/fundesplai.org\\\/wp-content\\\/uploads\\\/2023\\\/03\\\/projecte-espora-fundesplai.jpg\",\"datePublished\":\"2023-03-14T11:01:33+00:00\",\"dateModified\":\"2026-01-21T15:07:36+00:00\",\"author\":{\"@id\":\"https:\\\/\\\/fundesplai.org\\\/es\\\/#\\\/schema\\\/person\\\/fde1650fd0ecab0771758451d70d9542\"},\"description\":\"Desde Fundesplai ponemos en marcha el programa Espora, para mujeres j\u00f3venes migradas con el objetivo de garantizar procesos de inclusi\u00f3n social.\",\"breadcrumb\":{\"@id\":\"https:\\\/\\\/fundesplai.org\\\/es\\\/informa-t\\\/actualitat-es\\\/tenemos-en-marcha-el-programa-espora-para-mujeres-migradas\\\/#breadcrumb\"},\"inLanguage\":\"es\",\"potentialAction\":[{\"@type\":\"ReadAction\",\"target\":[\"https:\\\/\\\/fundesplai.org\\\/es\\\/informa-t\\\/actualitat-es\\\/tenemos-en-marcha-el-programa-espora-para-mujeres-migradas\\\/\"]}]},{\"@type\":\"ImageObject\",\"inLanguage\":\"es\",\"@id\":\"https:\\\/\\\/fundesplai.org\\\/es\\\/informa-t\\\/actualitat-es\\\/tenemos-en-marcha-el-programa-espora-para-mujeres-migradas\\\/#primaryimage\",\"url\":\"https:\\\/\\\/fundesplai.org\\\/wp-content\\\/uploads\\\/2023\\\/03\\\/projecte-espora-fundesplai.jpg\",\"contentUrl\":\"https:\\\/\\\/fundesplai.org\\\/wp-content\\\/uploads\\\/2023\\\/03\\\/projecte-espora-fundesplai.jpg\",\"width\":1888,\"height\":901},{\"@type\":\"BreadcrumbList\",\"@id\":\"https:\\\/\\\/fundesplai.org\\\/es\\\/informa-t\\\/actualitat-es\\\/tenemos-en-marcha-el-programa-espora-para-mujeres-migradas\\\/#breadcrumb\",\"itemListElement\":[{\"@type\":\"ListItem\",\"position\":1,\"name\":\"Inici\",\"item\":\"https:\\\/\\\/fundesplai.org\\\/es\\\/inicio\\\/\"},{\"@type\":\"ListItem\",\"position\":2,\"name\":\"Inf\u00f3rmate\",\"item\":\"https:\\\/\\\/fundesplai.org\\\/es\\\/informate\\\/\"},{\"@type\":\"ListItem\",\"position\":3,\"name\":\"Actualitat\",\"item\":\"https:\\\/\\\/fundesplai.org\\\/es\\\/informa-t\\\/category\\\/actualitat-es\\\/\"},{\"@type\":\"ListItem\",\"position\":4,\"name\":\"Tenemos en marcha el programa Espora, para mujeres migradas\"}]},{\"@type\":\"WebSite\",\"@id\":\"https:\\\/\\\/fundesplai.org\\\/es\\\/#website\",\"url\":\"https:\\\/\\\/fundesplai.org\\\/es\\\/\",\"name\":\"Fundesplai\",\"description\":\"Eduquem per la conviv\u00e8ncia i la sostenibilitat\",\"potentialAction\":[{\"@type\":\"SearchAction\",\"target\":{\"@type\":\"EntryPoint\",\"urlTemplate\":\"https:\\\/\\\/fundesplai.org\\\/es\\\/?s={search_term_string}\"},\"query-input\":{\"@type\":\"PropertyValueSpecification\",\"valueRequired\":true,\"valueName\":\"search_term_string\"}}],\"inLanguage\":\"es\"},{\"@type\":\"Person\",\"@id\":\"https:\\\/\\\/fundesplai.org\\\/es\\\/#\\\/schema\\\/person\\\/fde1650fd0ecab0771758451d70d9542\",\"name\":\"spulido\",\"image\":{\"@type\":\"ImageObject\",\"inLanguage\":\"es\",\"@id\":\"https:\\\/\\\/secure.gravatar.com\\\/avatar\\\/efd3238af867ca2ea7ff51cd3989f365e8f2a9e617574ce9b528f93010322b3d?s=96&d=mm&r=g\",\"url\":\"https:\\\/\\\/secure.gravatar.com\\\/avatar\\\/efd3238af867ca2ea7ff51cd3989f365e8f2a9e617574ce9b528f93010322b3d?s=96&d=mm&r=g\",\"contentUrl\":\"https:\\\/\\\/secure.gravatar.com\\\/avatar\\\/efd3238af867ca2ea7ff51cd3989f365e8f2a9e617574ce9b528f93010322b3d?s=96&d=mm&r=g\",\"caption\":\"spulido\"},\"url\":\"https:\\\/\\\/fundesplai.org\\\/es\\\/informa-t\\\/author\\\/spulido\\\/\"}]}<\/script>\n<!-- \/ Yoast SEO plugin. -->","yoast_head_json":{"title":"Iniciamos el programa Espora, para mujeres migradas - Fundesplai","description":"Desde Fundesplai ponemos en marcha el programa Espora, para mujeres j\u00f3venes migradas con el objetivo de garantizar procesos de inclusi\u00f3n social.","robots":{"index":"index","follow":"follow","max-snippet":"max-snippet:-1","max-image-preview":"max-image-preview:large","max-video-preview":"max-video-preview:-1"},"canonical":"https:\/\/fundesplai.org\/es\/informa-t\/actualitat-es\/tenemos-en-marcha-el-programa-espora-para-mujeres-migradas\/","og_locale":"es_ES","og_type":"article","og_title":"Iniciamos el programa Espora, para mujeres migradas - Fundesplai","og_description":"Desde Fundesplai ponemos en marcha el programa Espora, para mujeres j\u00f3venes migradas con el objetivo de garantizar procesos de inclusi\u00f3n social.","og_url":"https:\/\/fundesplai.org\/es\/informa-t\/actualitat-es\/tenemos-en-marcha-el-programa-espora-para-mujeres-migradas\/","og_site_name":"Fundesplai","article_published_time":"2023-03-14T11:01:33+00:00","article_modified_time":"2026-01-21T15:07:36+00:00","og_image":[{"width":1888,"height":901,"url":"https:\/\/fundesplai.org\/wp-content\/uploads\/2023\/03\/projecte-espora-fundesplai.jpg","type":"image\/jpeg"}],"author":"spulido","twitter_card":"summary_large_image","twitter_misc":{"Escrito por":"spulido","Tiempo de lectura":"2 minutos"},"schema":{"@context":"https:\/\/schema.org","@graph":[{"@type":"Article","@id":"https:\/\/fundesplai.org\/es\/informa-t\/actualitat-es\/tenemos-en-marcha-el-programa-espora-para-mujeres-migradas\/#article","isPartOf":{"@id":"https:\/\/fundesplai.org\/es\/informa-t\/actualitat-es\/tenemos-en-marcha-el-programa-espora-para-mujeres-migradas\/"},"author":{"name":"spulido","@id":"https:\/\/fundesplai.org\/es\/#\/schema\/person\/fde1650fd0ecab0771758451d70d9542"},"headline":"Tenemos en marcha el programa Espora, para mujeres migradas","datePublished":"2023-03-14T11:01:33+00:00","dateModified":"2026-01-21T15:07:36+00:00","mainEntityOfPage":{"@id":"https:\/\/fundesplai.org\/es\/informa-t\/actualitat-es\/tenemos-en-marcha-el-programa-espora-para-mujeres-migradas\/"},"wordCount":334,"image":{"@id":"https:\/\/fundesplai.org\/es\/informa-t\/actualitat-es\/tenemos-en-marcha-el-programa-espora-para-mujeres-migradas\/#primaryimage"},"thumbnailUrl":"https:\/\/fundesplai.org\/wp-content\/uploads\/2023\/03\/projecte-espora-fundesplai.jpg","articleSection":["Actualitat"],"inLanguage":"es"},{"@type":"WebPage","@id":"https:\/\/fundesplai.org\/es\/informa-t\/actualitat-es\/tenemos-en-marcha-el-programa-espora-para-mujeres-migradas\/","url":"https:\/\/fundesplai.org\/es\/informa-t\/actualitat-es\/tenemos-en-marcha-el-programa-espora-para-mujeres-migradas\/","name":"Iniciamos el programa Espora, para mujeres migradas - Fundesplai","isPartOf":{"@id":"https:\/\/fundesplai.org\/es\/#website"},"primaryImageOfPage":{"@id":"https:\/\/fundesplai.org\/es\/informa-t\/actualitat-es\/tenemos-en-marcha-el-programa-espora-para-mujeres-migradas\/#primaryimage"},"image":{"@id":"https:\/\/fundesplai.org\/es\/informa-t\/actualitat-es\/tenemos-en-marcha-el-programa-espora-para-mujeres-migradas\/#primaryimage"},"thumbnailUrl":"https:\/\/fundesplai.org\/wp-content\/uploads\/2023\/03\/projecte-espora-fundesplai.jpg","datePublished":"2023-03-14T11:01:33+00:00","dateModified":"2026-01-21T15:07:36+00:00","author":{"@id":"https:\/\/fundesplai.org\/es\/#\/schema\/person\/fde1650fd0ecab0771758451d70d9542"},"description":"Desde Fundesplai ponemos en marcha el programa Espora, para mujeres j\u00f3venes migradas con el objetivo de garantizar procesos de inclusi\u00f3n social.","breadcrumb":{"@id":"https:\/\/fundesplai.org\/es\/informa-t\/actualitat-es\/tenemos-en-marcha-el-programa-espora-para-mujeres-migradas\/#breadcrumb"},"inLanguage":"es","potentialAction":[{"@type":"ReadAction","target":["https:\/\/fundesplai.org\/es\/informa-t\/actualitat-es\/tenemos-en-marcha-el-programa-espora-para-mujeres-migradas\/"]}]},{"@type":"ImageObject","inLanguage":"es","@id":"https:\/\/fundesplai.org\/es\/informa-t\/actualitat-es\/tenemos-en-marcha-el-programa-espora-para-mujeres-migradas\/#primaryimage","url":"https:\/\/fundesplai.org\/wp-content\/uploads\/2023\/03\/projecte-espora-fundesplai.jpg","contentUrl":"https:\/\/fundesplai.org\/wp-content\/uploads\/2023\/03\/projecte-espora-fundesplai.jpg","width":1888,"height":901},{"@type":"BreadcrumbList","@id":"https:\/\/fundesplai.org\/es\/informa-t\/actualitat-es\/tenemos-en-marcha-el-programa-espora-para-mujeres-migradas\/#breadcrumb","itemListElement":[{"@type":"ListItem","position":1,"name":"Inici","item":"https:\/\/fundesplai.org\/es\/inicio\/"},{"@type":"ListItem","position":2,"name":"Inf\u00f3rmate","item":"https:\/\/fundesplai.org\/es\/informate\/"},{"@type":"ListItem","position":3,"name":"Actualitat","item":"https:\/\/fundesplai.org\/es\/informa-t\/category\/actualitat-es\/"},{"@type":"ListItem","position":4,"name":"Tenemos en marcha el programa Espora, para mujeres migradas"}]},{"@type":"WebSite","@id":"https:\/\/fundesplai.org\/es\/#website","url":"https:\/\/fundesplai.org\/es\/","name":"Fundesplai","description":"Eduquem per la conviv\u00e8ncia i la sostenibilitat","potentialAction":[{"@type":"SearchAction","target":{"@type":"EntryPoint","urlTemplate":"https:\/\/fundesplai.org\/es\/?s={search_term_string}"},"query-input":{"@type":"PropertyValueSpecification","valueRequired":true,"valueName":"search_term_string"}}],"inLanguage":"es"},{"@type":"Person","@id":"https:\/\/fundesplai.org\/es\/#\/schema\/person\/fde1650fd0ecab0771758451d70d9542","name":"spulido","image":{"@type":"ImageObject","inLanguage":"es","@id":"https:\/\/secure.gravatar.com\/avatar\/efd3238af867ca2ea7ff51cd3989f365e8f2a9e617574ce9b528f93010322b3d?s=96&d=mm&r=g","url":"https:\/\/secure.gravatar.com\/avatar\/efd3238af867ca2ea7ff51cd3989f365e8f2a9e617574ce9b528f93010322b3d?s=96&d=mm&r=g","contentUrl":"https:\/\/secure.gravatar.com\/avatar\/efd3238af867ca2ea7ff51cd3989f365e8f2a9e617574ce9b528f93010322b3d?s=96&d=mm&r=g","caption":"spulido"},"url":"https:\/\/fundesplai.org\/es\/informa-t\/author\/spulido\/"}]}},"_links":{"self":[{"href":"https:\/\/fundesplai.org\/es\/wp-json\/wp\/v2\/posts\/48382","targetHints":{"allow":["GET"]}}],"collection":[{"href":"https:\/\/fundesplai.org\/es\/wp-json\/wp\/v2\/posts"}],"about":[{"href":"https:\/\/fundesplai.org\/es\/wp-json\/wp\/v2\/types\/post"}],"author":[{"embeddable":true,"href":"https:\/\/fundesplai.org\/es\/wp-json\/wp\/v2\/users\/35"}],"replies":[{"embeddable":true,"href":"https:\/\/fundesplai.org\/es\/wp-json\/wp\/v2\/comments?post=48382"}],"version-history":[{"count":6,"href":"https:\/\/fundesplai.org\/es\/wp-json\/wp\/v2\/posts\/48382\/revisions"}],"predecessor-version":[{"id":80665,"href":"https:\/\/fundesplai.org\/es\/wp-json\/wp\/v2\/posts\/48382\/revisions\/80665"}],"wp:featuredmedia":[{"embeddable":true,"href":"https:\/\/fundesplai.org\/es\/wp-json\/wp\/v2\/media\/51385"}],"wp:attachment":[{"href":"https:\/\/fundesplai.org\/es\/wp-json\/wp\/v2\/media?parent=48382"}],"wp:term":[{"taxonomy":"category","embeddable":true,"href":"https:\/\/fundesplai.org\/es\/wp-json\/wp\/v2\/categories?post=48382"},{"taxonomy":"post_tag","embeddable":true,"href":"https:\/\/fundesplai.org\/es\/wp-json\/wp\/v2\/tags?post=48382"}],"curies":[{"name":"wp","href":"https:\/\/api.w.org\/{rel}","templated":true}]}}