{"id":48134,"date":"2025-05-25T13:31:46","date_gmt":"2025-05-25T11:31:46","guid":{"rendered":"https:\/\/fundesplai.org\/informa-t\/sense-categoria\/como-presentar-las-cuentas-anuales-de-tu-entidad\/"},"modified":"2026-03-31T10:17:31","modified_gmt":"2026-03-31T08:17:31","slug":"como-presentar-las-cuentas-anuales-de-tu-entidad","status":"publish","type":"post","link":"https:\/\/fundesplai.org\/es\/informa-t\/recursos-para-entidades\/como-presentar-las-cuentas-anuales-de-tu-entidad\/","title":{"rendered":"C\u00f3mo presentar las cuentas anuales de tu entidad"},"content":{"rendered":"<p>Las fundaciones tienen hasta el 30 de junio para aprobar sus cuentas anuales, puesto que, para su aprobaci\u00f3n, el Patronato dispone de seis meses a partir de la fecha de cierre del ejercicio anterior (es decir, el 31 de diciembre, si coincide con el a\u00f1o natural). Desde Apoyo Tercer Sector estamos a disposici\u00f3n de las entidades que lo necesiten para resolver dudas sobre este u otros temas. \u00a1Contacta con nosotros! Una vez aprobadas las cuentas, las fundaciones registradas en Catalu\u00f1a tienen treinta d\u00edas para hacer la presentaci\u00f3n correspondiente. Es decir, que todas aquellas entidades que hayan aprobado\u2026<\/p>\n<p class=\"planet-fundesplai-llegeix-mes-wrapper et_pb_module et_pb_button_module_wrapper\"><a class=\"et_pb_button planet-fundesplai-llegeix-mes\" href=\"https:\/\/suport.fundesplai.org\/blog\/economic\/comptes-anuals-entitats\/\">Lee m\u00e1s en el blog de Suport Tercer Sector<\/a><\/p>\n","protected":false},"excerpt":{"rendered":"<p>Hay que tener presente que antes del 30 de junio las fundaciones deben aprobar las cuentas anuales con el patronato y, con la asamblea, las asociaciones.<\/p>\n","protected":false},"author":9,"featured_media":52159,"comment_status":"closed","ping_status":"closed","sticky":false,"template":"","format":"standard","meta":{"_et_pb_use_builder":"","_et_pb_old_content":"","_et_gb_content_width":"","footnotes":""},"categories":[997],"tags":[],"class_list":["post-48134","post","type-post","status-publish","format-standard","has-post-thumbnail","hentry","category-recursos-para-entidades"],"yoast_head":"<!-- This site is optimized with the Yoast SEO plugin v27.5 - https:\/\/yoast.com\/product\/yoast-seo-wordpress\/ -->\n<title>C\u00f3mo presentar las cuentas anuales de tu entidad - Fundesplai<\/title>\n<meta name=\"robots\" content=\"noindex, follow\" \/>\n<meta property=\"og:locale\" content=\"es_ES\" \/>\n<meta property=\"og:type\" content=\"article\" \/>\n<meta property=\"og:title\" content=\"C\u00f3mo presentar las cuentas anuales de tu entidad - Fundesplai\" \/>\n<meta property=\"og:description\" content=\"Hay que tener presente que antes del 30 de junio las fundaciones deben aprobar las cuentas anuales con el patronato y, con la asamblea, las asociaciones.\" \/>\n<meta property=\"og:url\" content=\"https:\/\/fundesplai.org\/es\/informa-t\/recursos-para-entidades\/como-presentar-las-cuentas-anuales-de-tu-entidad\/\" \/>\n<meta property=\"og:site_name\" content=\"Fundesplai\" \/>\n<meta property=\"article:published_time\" content=\"2025-05-25T11:31:46+00:00\" \/>\n<meta property=\"article:modified_time\" content=\"2026-03-31T08:17:31+00:00\" \/>\n<meta property=\"og:image\" content=\"https:\/\/fundesplai.org\/wp-content\/uploads\/2023\/07\/189.png\" \/>\n\t<meta property=\"og:image:width\" content=\"1920\" \/>\n\t<meta property=\"og:image:height\" content=\"1080\" \/>\n\t<meta property=\"og:image:type\" content=\"image\/png\" \/>\n<meta name=\"author\" content=\"Alfons Valle\" \/>\n<meta name=\"twitter:card\" content=\"summary_large_image\" \/>\n<meta name=\"twitter:label1\" content=\"Escrito por\" \/>\n\t<meta name=\"twitter:data1\" content=\"Alfons Valle\" \/>\n\t<meta name=\"twitter:label2\" content=\"Tiempo de lectura\" \/>\n\t<meta name=\"twitter:data2\" content=\"1 minuto\" \/>\n<script type=\"application\/ld+json\" class=\"yoast-schema-graph\">{\"@context\":\"https:\\\/\\\/schema.org\",\"@graph\":[{\"@type\":\"Article\",\"@id\":\"https:\\\/\\\/fundesplai.org\\\/es\\\/informa-t\\\/recursos-para-entidades\\\/como-presentar-las-cuentas-anuales-de-tu-entidad\\\/#article\",\"isPartOf\":{\"@id\":\"https:\\\/\\\/fundesplai.org\\\/es\\\/informa-t\\\/recursos-para-entidades\\\/como-presentar-las-cuentas-anuales-de-tu-entidad\\\/\"},\"author\":{\"name\":\"Alfons Valle\",\"@id\":\"https:\\\/\\\/fundesplai.org\\\/es\\\/#\\\/schema\\\/person\\\/c0e9e7466bb8ac06f5264324a6109733\"},\"headline\":\"C\u00f3mo presentar las cuentas anuales de tu entidad\",\"datePublished\":\"2025-05-25T11:31:46+00:00\",\"dateModified\":\"2026-03-31T08:17:31+00:00\",\"mainEntityOfPage\":{\"@id\":\"https:\\\/\\\/fundesplai.org\\\/es\\\/informa-t\\\/recursos-para-entidades\\\/como-presentar-las-cuentas-anuales-de-tu-entidad\\\/\"},\"wordCount\":120,\"image\":{\"@id\":\"https:\\\/\\\/fundesplai.org\\\/es\\\/informa-t\\\/recursos-para-entidades\\\/como-presentar-las-cuentas-anuales-de-tu-entidad\\\/#primaryimage\"},\"thumbnailUrl\":\"https:\\\/\\\/fundesplai.org\\\/wp-content\\\/uploads\\\/2023\\\/07\\\/189.png\",\"articleSection\":[\"Recursos para entidades\"],\"inLanguage\":\"es\"},{\"@type\":\"WebPage\",\"@id\":\"https:\\\/\\\/fundesplai.org\\\/es\\\/informa-t\\\/recursos-para-entidades\\\/como-presentar-las-cuentas-anuales-de-tu-entidad\\\/\",\"url\":\"https:\\\/\\\/fundesplai.org\\\/es\\\/informa-t\\\/recursos-para-entidades\\\/como-presentar-las-cuentas-anuales-de-tu-entidad\\\/\",\"name\":\"C\u00f3mo presentar las cuentas anuales de tu entidad - Fundesplai\",\"isPartOf\":{\"@id\":\"https:\\\/\\\/fundesplai.org\\\/es\\\/#website\"},\"primaryImageOfPage\":{\"@id\":\"https:\\\/\\\/fundesplai.org\\\/es\\\/informa-t\\\/recursos-para-entidades\\\/como-presentar-las-cuentas-anuales-de-tu-entidad\\\/#primaryimage\"},\"image\":{\"@id\":\"https:\\\/\\\/fundesplai.org\\\/es\\\/informa-t\\\/recursos-para-entidades\\\/como-presentar-las-cuentas-anuales-de-tu-entidad\\\/#primaryimage\"},\"thumbnailUrl\":\"https:\\\/\\\/fundesplai.org\\\/wp-content\\\/uploads\\\/2023\\\/07\\\/189.png\",\"datePublished\":\"2025-05-25T11:31:46+00:00\",\"dateModified\":\"2026-03-31T08:17:31+00:00\",\"author\":{\"@id\":\"https:\\\/\\\/fundesplai.org\\\/es\\\/#\\\/schema\\\/person\\\/c0e9e7466bb8ac06f5264324a6109733\"},\"breadcrumb\":{\"@id\":\"https:\\\/\\\/fundesplai.org\\\/es\\\/informa-t\\\/recursos-para-entidades\\\/como-presentar-las-cuentas-anuales-de-tu-entidad\\\/#breadcrumb\"},\"inLanguage\":\"es\",\"potentialAction\":[{\"@type\":\"ReadAction\",\"target\":[\"https:\\\/\\\/fundesplai.org\\\/es\\\/informa-t\\\/recursos-para-entidades\\\/como-presentar-las-cuentas-anuales-de-tu-entidad\\\/\"]}]},{\"@type\":\"ImageObject\",\"inLanguage\":\"es\",\"@id\":\"https:\\\/\\\/fundesplai.org\\\/es\\\/informa-t\\\/recursos-para-entidades\\\/como-presentar-las-cuentas-anuales-de-tu-entidad\\\/#primaryimage\",\"url\":\"https:\\\/\\\/fundesplai.org\\\/wp-content\\\/uploads\\\/2023\\\/07\\\/189.png\",\"contentUrl\":\"https:\\\/\\\/fundesplai.org\\\/wp-content\\\/uploads\\\/2023\\\/07\\\/189.png\",\"width\":1920,\"height\":1080},{\"@type\":\"BreadcrumbList\",\"@id\":\"https:\\\/\\\/fundesplai.org\\\/es\\\/informa-t\\\/recursos-para-entidades\\\/como-presentar-las-cuentas-anuales-de-tu-entidad\\\/#breadcrumb\",\"itemListElement\":[{\"@type\":\"ListItem\",\"position\":1,\"name\":\"Inici\",\"item\":\"https:\\\/\\\/fundesplai.org\\\/es\\\/inicio\\\/\"},{\"@type\":\"ListItem\",\"position\":2,\"name\":\"Inf\u00f3rmate\",\"item\":\"https:\\\/\\\/fundesplai.org\\\/es\\\/informate\\\/\"},{\"@type\":\"ListItem\",\"position\":3,\"name\":\"Recursos para entidades\",\"item\":\"https:\\\/\\\/fundesplai.org\\\/es\\\/informa-t\\\/category\\\/recursos-para-entidades\\\/\"},{\"@type\":\"ListItem\",\"position\":4,\"name\":\"C\u00f3mo presentar las cuentas anuales de tu entidad\"}]},{\"@type\":\"WebSite\",\"@id\":\"https:\\\/\\\/fundesplai.org\\\/es\\\/#website\",\"url\":\"https:\\\/\\\/fundesplai.org\\\/es\\\/\",\"name\":\"Fundesplai\",\"description\":\"Eduquem per la conviv\u00e8ncia i la sostenibilitat\",\"potentialAction\":[{\"@type\":\"SearchAction\",\"target\":{\"@type\":\"EntryPoint\",\"urlTemplate\":\"https:\\\/\\\/fundesplai.org\\\/es\\\/?s={search_term_string}\"},\"query-input\":{\"@type\":\"PropertyValueSpecification\",\"valueRequired\":true,\"valueName\":\"search_term_string\"}}],\"inLanguage\":\"es\"},{\"@type\":\"Person\",\"@id\":\"https:\\\/\\\/fundesplai.org\\\/es\\\/#\\\/schema\\\/person\\\/c0e9e7466bb8ac06f5264324a6109733\",\"name\":\"Alfons Valle\",\"image\":{\"@type\":\"ImageObject\",\"inLanguage\":\"es\",\"@id\":\"https:\\\/\\\/secure.gravatar.com\\\/avatar\\\/71d95a3f99a068ba570ac1314ed6911a59c5ae3f22ffcf23631cd1a861a640bc?s=96&d=mm&r=g\",\"url\":\"https:\\\/\\\/secure.gravatar.com\\\/avatar\\\/71d95a3f99a068ba570ac1314ed6911a59c5ae3f22ffcf23631cd1a861a640bc?s=96&d=mm&r=g\",\"contentUrl\":\"https:\\\/\\\/secure.gravatar.com\\\/avatar\\\/71d95a3f99a068ba570ac1314ed6911a59c5ae3f22ffcf23631cd1a861a640bc?s=96&d=mm&r=g\",\"caption\":\"Alfons Valle\"},\"url\":\"https:\\\/\\\/fundesplai.org\\\/es\\\/informa-t\\\/author\\\/avalle\\\/\"}]}<\/script>\n<!-- \/ Yoast SEO plugin. -->","yoast_head_json":{"title":"C\u00f3mo presentar las cuentas anuales de tu entidad - Fundesplai","robots":{"index":"noindex","follow":"follow"},"og_locale":"es_ES","og_type":"article","og_title":"C\u00f3mo presentar las cuentas anuales de tu entidad - Fundesplai","og_description":"Hay que tener presente que antes del 30 de junio las fundaciones deben aprobar las cuentas anuales con el patronato y, con la asamblea, las asociaciones.","og_url":"https:\/\/fundesplai.org\/es\/informa-t\/recursos-para-entidades\/como-presentar-las-cuentas-anuales-de-tu-entidad\/","og_site_name":"Fundesplai","article_published_time":"2025-05-25T11:31:46+00:00","article_modified_time":"2026-03-31T08:17:31+00:00","og_image":[{"width":1920,"height":1080,"url":"https:\/\/fundesplai.org\/wp-content\/uploads\/2023\/07\/189.png","type":"image\/png"}],"author":"Alfons Valle","twitter_card":"summary_large_image","twitter_misc":{"Escrito por":"Alfons Valle","Tiempo de lectura":"1 minuto"},"schema":{"@context":"https:\/\/schema.org","@graph":[{"@type":"Article","@id":"https:\/\/fundesplai.org\/es\/informa-t\/recursos-para-entidades\/como-presentar-las-cuentas-anuales-de-tu-entidad\/#article","isPartOf":{"@id":"https:\/\/fundesplai.org\/es\/informa-t\/recursos-para-entidades\/como-presentar-las-cuentas-anuales-de-tu-entidad\/"},"author":{"name":"Alfons Valle","@id":"https:\/\/fundesplai.org\/es\/#\/schema\/person\/c0e9e7466bb8ac06f5264324a6109733"},"headline":"C\u00f3mo presentar las cuentas anuales de tu entidad","datePublished":"2025-05-25T11:31:46+00:00","dateModified":"2026-03-31T08:17:31+00:00","mainEntityOfPage":{"@id":"https:\/\/fundesplai.org\/es\/informa-t\/recursos-para-entidades\/como-presentar-las-cuentas-anuales-de-tu-entidad\/"},"wordCount":120,"image":{"@id":"https:\/\/fundesplai.org\/es\/informa-t\/recursos-para-entidades\/como-presentar-las-cuentas-anuales-de-tu-entidad\/#primaryimage"},"thumbnailUrl":"https:\/\/fundesplai.org\/wp-content\/uploads\/2023\/07\/189.png","articleSection":["Recursos para entidades"],"inLanguage":"es"},{"@type":"WebPage","@id":"https:\/\/fundesplai.org\/es\/informa-t\/recursos-para-entidades\/como-presentar-las-cuentas-anuales-de-tu-entidad\/","url":"https:\/\/fundesplai.org\/es\/informa-t\/recursos-para-entidades\/como-presentar-las-cuentas-anuales-de-tu-entidad\/","name":"C\u00f3mo presentar las cuentas anuales de tu entidad - Fundesplai","isPartOf":{"@id":"https:\/\/fundesplai.org\/es\/#website"},"primaryImageOfPage":{"@id":"https:\/\/fundesplai.org\/es\/informa-t\/recursos-para-entidades\/como-presentar-las-cuentas-anuales-de-tu-entidad\/#primaryimage"},"image":{"@id":"https:\/\/fundesplai.org\/es\/informa-t\/recursos-para-entidades\/como-presentar-las-cuentas-anuales-de-tu-entidad\/#primaryimage"},"thumbnailUrl":"https:\/\/fundesplai.org\/wp-content\/uploads\/2023\/07\/189.png","datePublished":"2025-05-25T11:31:46+00:00","dateModified":"2026-03-31T08:17:31+00:00","author":{"@id":"https:\/\/fundesplai.org\/es\/#\/schema\/person\/c0e9e7466bb8ac06f5264324a6109733"},"breadcrumb":{"@id":"https:\/\/fundesplai.org\/es\/informa-t\/recursos-para-entidades\/como-presentar-las-cuentas-anuales-de-tu-entidad\/#breadcrumb"},"inLanguage":"es","potentialAction":[{"@type":"ReadAction","target":["https:\/\/fundesplai.org\/es\/informa-t\/recursos-para-entidades\/como-presentar-las-cuentas-anuales-de-tu-entidad\/"]}]},{"@type":"ImageObject","inLanguage":"es","@id":"https:\/\/fundesplai.org\/es\/informa-t\/recursos-para-entidades\/como-presentar-las-cuentas-anuales-de-tu-entidad\/#primaryimage","url":"https:\/\/fundesplai.org\/wp-content\/uploads\/2023\/07\/189.png","contentUrl":"https:\/\/fundesplai.org\/wp-content\/uploads\/2023\/07\/189.png","width":1920,"height":1080},{"@type":"BreadcrumbList","@id":"https:\/\/fundesplai.org\/es\/informa-t\/recursos-para-entidades\/como-presentar-las-cuentas-anuales-de-tu-entidad\/#breadcrumb","itemListElement":[{"@type":"ListItem","position":1,"name":"Inici","item":"https:\/\/fundesplai.org\/es\/inicio\/"},{"@type":"ListItem","position":2,"name":"Inf\u00f3rmate","item":"https:\/\/fundesplai.org\/es\/informate\/"},{"@type":"ListItem","position":3,"name":"Recursos para entidades","item":"https:\/\/fundesplai.org\/es\/informa-t\/category\/recursos-para-entidades\/"},{"@type":"ListItem","position":4,"name":"C\u00f3mo presentar las cuentas anuales de tu entidad"}]},{"@type":"WebSite","@id":"https:\/\/fundesplai.org\/es\/#website","url":"https:\/\/fundesplai.org\/es\/","name":"Fundesplai","description":"Eduquem per la conviv\u00e8ncia i la sostenibilitat","potentialAction":[{"@type":"SearchAction","target":{"@type":"EntryPoint","urlTemplate":"https:\/\/fundesplai.org\/es\/?s={search_term_string}"},"query-input":{"@type":"PropertyValueSpecification","valueRequired":true,"valueName":"search_term_string"}}],"inLanguage":"es"},{"@type":"Person","@id":"https:\/\/fundesplai.org\/es\/#\/schema\/person\/c0e9e7466bb8ac06f5264324a6109733","name":"Alfons Valle","image":{"@type":"ImageObject","inLanguage":"es","@id":"https:\/\/secure.gravatar.com\/avatar\/71d95a3f99a068ba570ac1314ed6911a59c5ae3f22ffcf23631cd1a861a640bc?s=96&d=mm&r=g","url":"https:\/\/secure.gravatar.com\/avatar\/71d95a3f99a068ba570ac1314ed6911a59c5ae3f22ffcf23631cd1a861a640bc?s=96&d=mm&r=g","contentUrl":"https:\/\/secure.gravatar.com\/avatar\/71d95a3f99a068ba570ac1314ed6911a59c5ae3f22ffcf23631cd1a861a640bc?s=96&d=mm&r=g","caption":"Alfons Valle"},"url":"https:\/\/fundesplai.org\/es\/informa-t\/author\/avalle\/"}]}},"_links":{"self":[{"href":"https:\/\/fundesplai.org\/es\/wp-json\/wp\/v2\/posts\/48134","targetHints":{"allow":["GET"]}}],"collection":[{"href":"https:\/\/fundesplai.org\/es\/wp-json\/wp\/v2\/posts"}],"about":[{"href":"https:\/\/fundesplai.org\/es\/wp-json\/wp\/v2\/types\/post"}],"author":[{"embeddable":true,"href":"https:\/\/fundesplai.org\/es\/wp-json\/wp\/v2\/users\/9"}],"replies":[{"embeddable":true,"href":"https:\/\/fundesplai.org\/es\/wp-json\/wp\/v2\/comments?post=48134"}],"version-history":[{"count":3,"href":"https:\/\/fundesplai.org\/es\/wp-json\/wp\/v2\/posts\/48134\/revisions"}],"predecessor-version":[{"id":82874,"href":"https:\/\/fundesplai.org\/es\/wp-json\/wp\/v2\/posts\/48134\/revisions\/82874"}],"wp:featuredmedia":[{"embeddable":true,"href":"https:\/\/fundesplai.org\/es\/wp-json\/wp\/v2\/media\/52159"}],"wp:attachment":[{"href":"https:\/\/fundesplai.org\/es\/wp-json\/wp\/v2\/media?parent=48134"}],"wp:term":[{"taxonomy":"category","embeddable":true,"href":"https:\/\/fundesplai.org\/es\/wp-json\/wp\/v2\/categories?post=48134"},{"taxonomy":"post_tag","embeddable":true,"href":"https:\/\/fundesplai.org\/es\/wp-json\/wp\/v2\/tags?post=48134"}],"curies":[{"name":"wp","href":"https:\/\/api.w.org\/{rel}","templated":true}]}}