{"id":48129,"date":"2023-07-14T14:21:54","date_gmt":"2023-07-14T12:21:54","guid":{"rendered":"https:\/\/fundesplai.org\/informa-t\/sense-categoria\/que-es-el-proyecto-dema-jove-y-que-puede-aportar-a-tu-organizacion\/"},"modified":"2026-03-31T10:07:52","modified_gmt":"2026-03-31T08:07:52","slug":"que-es-el-proyecto-dema-jove-y-que-puede-aportar-a-tu-organizacion","status":"publish","type":"post","link":"https:\/\/fundesplai.org\/es\/informa-t\/formacion-de-adultos\/que-es-el-proyecto-dema-jove-y-que-puede-aportar-a-tu-organizacion\/","title":{"rendered":"\u00bfQu\u00e9 es el proyecto &#8216;Dem\u00e0 jove&#8217; y qu\u00e9 puede aportar a tu organizaci\u00f3n?"},"content":{"rendered":"<p>Desde Fundesplai desarrollamos el &#8216;Dem\u00e0 Jove&#8217;, un proyecto que promueve la inserci\u00f3n laboral de la juventud, apostando por un modelo de formaci\u00f3n y trabajo en alternancia, en el que se combina la actividad laboral retribuida con los procesos formativos profesionales. El o la participante, tras un proceso de selecci\u00f3n, se vincula al proyecto con un contrato de formaci\u00f3n en alternancia de doce meses: un 35% del tiempo anual de su jornada laboral formando el 65% restante trabajando. La oportunidad de las entidades y empresas que abren sus puertas a las personas j\u00f3venes es fundamental en este proyecto. Por ello, queremos establecer enlaces con las organizaciones que puedan estar interesadas en incorporar&#8230;<\/p>\n<p class=\"planet-fundesplai-llegeix-mes-wrapper et_pb_module et_pb_button_module_wrapper\"><a class=\"et_pb_button planet-fundesplai-llegeix-mes\" href=\"https:\/\/suport.fundesplai.org\/blog\/laboral\/projecte-dema-jove-entitats\/\">Lee m\u00e1s en el blog de Suport Tercer Sector<\/a><\/p>\n","protected":false},"excerpt":{"rendered":"<p>Desde Fundesplai desarrollamos el &#8216;Dem\u00e0 Jove&#8217;, un proyecto que promueve la inserci\u00f3n laboral de la juventud, apostando por un modelo de formaci\u00f3n y trabajo en alternancia, en el que se combina la actividad laboral retribuida con los procesos formativos profesionales. El o la participante, tras un proceso de selecci\u00f3n, se vincula al proyecto con un contrato de formaci\u00f3n en alternancia de doce meses: un 35% del tiempo anual [&#8230;]<\/p>\n","protected":false},"author":9,"featured_media":46434,"comment_status":"closed","ping_status":"closed","sticky":false,"template":"","format":"standard","meta":{"_et_pb_use_builder":"","_et_pb_old_content":"","_et_gb_content_width":"","footnotes":""},"categories":[992,997],"tags":[],"class_list":["post-48129","post","type-post","status-publish","format-standard","has-post-thumbnail","hentry","category-formacion-de-adultos","category-recursos-para-entidades"],"yoast_head":"<!-- This site is optimized with the Yoast SEO plugin v27.5 - https:\/\/yoast.com\/product\/yoast-seo-wordpress\/ -->\n<title>\u00bfQu\u00e9 es el proyecto &#039;Dem\u00e0 jove&#039; y qu\u00e9 puede aportar a tu organizaci\u00f3n? - Fundesplai<\/title>\n<meta name=\"robots\" content=\"noindex, follow\" \/>\n<meta property=\"og:locale\" content=\"es_ES\" \/>\n<meta property=\"og:type\" content=\"article\" \/>\n<meta property=\"og:title\" content=\"\u00bfQu\u00e9 es el proyecto &#039;Dem\u00e0 jove&#039; y qu\u00e9 puede aportar a tu organizaci\u00f3n? - Fundesplai\" \/>\n<meta property=\"og:description\" content=\"Desde Fundesplai desarrollamos el &#039;Dem\u00e0 Jove&#039;, un proyecto que promueve la inserci\u00f3n laboral de la juventud, apostando por un modelo de formaci\u00f3n y trabajo en alternancia, en el que se combina la actividad laboral retribuida con los procesos formativos profesionales. El o la participante, tras un proceso de selecci\u00f3n, se vincula al proyecto con un contrato de formaci\u00f3n en alternancia de doce meses: un 35% del tiempo anual [...]\" \/>\n<meta property=\"og:url\" content=\"https:\/\/fundesplai.org\/es\/informa-t\/formacion-de-adultos\/que-es-el-proyecto-dema-jove-y-que-puede-aportar-a-tu-organizacion\/\" \/>\n<meta property=\"og:site_name\" content=\"Fundesplai\" \/>\n<meta property=\"article:published_time\" content=\"2023-07-14T12:21:54+00:00\" \/>\n<meta property=\"article:modified_time\" content=\"2026-03-31T08:07:52+00:00\" \/>\n<meta property=\"og:image\" content=\"https:\/\/fundesplai.org\/wp-content\/uploads\/2023\/07\/demajove.jpg\" \/>\n\t<meta property=\"og:image:width\" content=\"945\" \/>\n\t<meta property=\"og:image:height\" content=\"709\" \/>\n\t<meta property=\"og:image:type\" content=\"image\/jpeg\" \/>\n<meta name=\"author\" content=\"Alfons Valle\" \/>\n<meta name=\"twitter:card\" content=\"summary_large_image\" \/>\n<meta name=\"twitter:label1\" content=\"Escrito por\" \/>\n\t<meta name=\"twitter:data1\" content=\"Alfons Valle\" \/>\n\t<meta name=\"twitter:label2\" content=\"Tiempo de lectura\" \/>\n\t<meta name=\"twitter:data2\" content=\"1 minuto\" \/>\n<script type=\"application\/ld+json\" class=\"yoast-schema-graph\">{\"@context\":\"https:\\\/\\\/schema.org\",\"@graph\":[{\"@type\":\"Article\",\"@id\":\"https:\\\/\\\/fundesplai.org\\\/es\\\/informa-t\\\/formacion-de-adultos\\\/que-es-el-proyecto-dema-jove-y-que-puede-aportar-a-tu-organizacion\\\/#article\",\"isPartOf\":{\"@id\":\"https:\\\/\\\/fundesplai.org\\\/es\\\/informa-t\\\/formacion-de-adultos\\\/que-es-el-proyecto-dema-jove-y-que-puede-aportar-a-tu-organizacion\\\/\"},\"author\":{\"name\":\"Alfons Valle\",\"@id\":\"https:\\\/\\\/fundesplai.org\\\/es\\\/#\\\/schema\\\/person\\\/c0e9e7466bb8ac06f5264324a6109733\"},\"headline\":\"\u00bfQu\u00e9 es el proyecto &#8216;Dem\u00e0 jove&#8217; y qu\u00e9 puede aportar a tu organizaci\u00f3n?\",\"datePublished\":\"2023-07-14T12:21:54+00:00\",\"dateModified\":\"2026-03-31T08:07:52+00:00\",\"mainEntityOfPage\":{\"@id\":\"https:\\\/\\\/fundesplai.org\\\/es\\\/informa-t\\\/formacion-de-adultos\\\/que-es-el-proyecto-dema-jove-y-que-puede-aportar-a-tu-organizacion\\\/\"},\"wordCount\":138,\"image\":{\"@id\":\"https:\\\/\\\/fundesplai.org\\\/es\\\/informa-t\\\/formacion-de-adultos\\\/que-es-el-proyecto-dema-jove-y-que-puede-aportar-a-tu-organizacion\\\/#primaryimage\"},\"thumbnailUrl\":\"https:\\\/\\\/fundesplai.org\\\/wp-content\\\/uploads\\\/2023\\\/07\\\/demajove.jpg\",\"articleSection\":[\"Formaci\u00f3n de adultos\",\"Recursos para entidades\"],\"inLanguage\":\"es\"},{\"@type\":\"WebPage\",\"@id\":\"https:\\\/\\\/fundesplai.org\\\/es\\\/informa-t\\\/formacion-de-adultos\\\/que-es-el-proyecto-dema-jove-y-que-puede-aportar-a-tu-organizacion\\\/\",\"url\":\"https:\\\/\\\/fundesplai.org\\\/es\\\/informa-t\\\/formacion-de-adultos\\\/que-es-el-proyecto-dema-jove-y-que-puede-aportar-a-tu-organizacion\\\/\",\"name\":\"\u00bfQu\u00e9 es el proyecto 'Dem\u00e0 jove' y qu\u00e9 puede aportar a tu organizaci\u00f3n? - Fundesplai\",\"isPartOf\":{\"@id\":\"https:\\\/\\\/fundesplai.org\\\/es\\\/#website\"},\"primaryImageOfPage\":{\"@id\":\"https:\\\/\\\/fundesplai.org\\\/es\\\/informa-t\\\/formacion-de-adultos\\\/que-es-el-proyecto-dema-jove-y-que-puede-aportar-a-tu-organizacion\\\/#primaryimage\"},\"image\":{\"@id\":\"https:\\\/\\\/fundesplai.org\\\/es\\\/informa-t\\\/formacion-de-adultos\\\/que-es-el-proyecto-dema-jove-y-que-puede-aportar-a-tu-organizacion\\\/#primaryimage\"},\"thumbnailUrl\":\"https:\\\/\\\/fundesplai.org\\\/wp-content\\\/uploads\\\/2023\\\/07\\\/demajove.jpg\",\"datePublished\":\"2023-07-14T12:21:54+00:00\",\"dateModified\":\"2026-03-31T08:07:52+00:00\",\"author\":{\"@id\":\"https:\\\/\\\/fundesplai.org\\\/es\\\/#\\\/schema\\\/person\\\/c0e9e7466bb8ac06f5264324a6109733\"},\"breadcrumb\":{\"@id\":\"https:\\\/\\\/fundesplai.org\\\/es\\\/informa-t\\\/formacion-de-adultos\\\/que-es-el-proyecto-dema-jove-y-que-puede-aportar-a-tu-organizacion\\\/#breadcrumb\"},\"inLanguage\":\"es\",\"potentialAction\":[{\"@type\":\"ReadAction\",\"target\":[\"https:\\\/\\\/fundesplai.org\\\/es\\\/informa-t\\\/formacion-de-adultos\\\/que-es-el-proyecto-dema-jove-y-que-puede-aportar-a-tu-organizacion\\\/\"]}]},{\"@type\":\"ImageObject\",\"inLanguage\":\"es\",\"@id\":\"https:\\\/\\\/fundesplai.org\\\/es\\\/informa-t\\\/formacion-de-adultos\\\/que-es-el-proyecto-dema-jove-y-que-puede-aportar-a-tu-organizacion\\\/#primaryimage\",\"url\":\"https:\\\/\\\/fundesplai.org\\\/wp-content\\\/uploads\\\/2023\\\/07\\\/demajove.jpg\",\"contentUrl\":\"https:\\\/\\\/fundesplai.org\\\/wp-content\\\/uploads\\\/2023\\\/07\\\/demajove.jpg\",\"width\":945,\"height\":709,\"caption\":\"projecte dem\u00e0 jove Fundesplai\"},{\"@type\":\"BreadcrumbList\",\"@id\":\"https:\\\/\\\/fundesplai.org\\\/es\\\/informa-t\\\/formacion-de-adultos\\\/que-es-el-proyecto-dema-jove-y-que-puede-aportar-a-tu-organizacion\\\/#breadcrumb\",\"itemListElement\":[{\"@type\":\"ListItem\",\"position\":1,\"name\":\"Inici\",\"item\":\"https:\\\/\\\/fundesplai.org\\\/es\\\/inicio\\\/\"},{\"@type\":\"ListItem\",\"position\":2,\"name\":\"Inf\u00f3rmate\",\"item\":\"https:\\\/\\\/fundesplai.org\\\/es\\\/informate\\\/\"},{\"@type\":\"ListItem\",\"position\":3,\"name\":\"Formaci\u00f3n de adultos\",\"item\":\"https:\\\/\\\/fundesplai.org\\\/es\\\/informa-t\\\/category\\\/formacion-de-adultos\\\/\"},{\"@type\":\"ListItem\",\"position\":4,\"name\":\"\u00bfQu\u00e9 es el proyecto &#8216;Dem\u00e0 jove&#8217; y qu\u00e9 puede aportar a tu organizaci\u00f3n?\"}]},{\"@type\":\"WebSite\",\"@id\":\"https:\\\/\\\/fundesplai.org\\\/es\\\/#website\",\"url\":\"https:\\\/\\\/fundesplai.org\\\/es\\\/\",\"name\":\"Fundesplai\",\"description\":\"Eduquem per la conviv\u00e8ncia i la sostenibilitat\",\"potentialAction\":[{\"@type\":\"SearchAction\",\"target\":{\"@type\":\"EntryPoint\",\"urlTemplate\":\"https:\\\/\\\/fundesplai.org\\\/es\\\/?s={search_term_string}\"},\"query-input\":{\"@type\":\"PropertyValueSpecification\",\"valueRequired\":true,\"valueName\":\"search_term_string\"}}],\"inLanguage\":\"es\"},{\"@type\":\"Person\",\"@id\":\"https:\\\/\\\/fundesplai.org\\\/es\\\/#\\\/schema\\\/person\\\/c0e9e7466bb8ac06f5264324a6109733\",\"name\":\"Alfons Valle\",\"image\":{\"@type\":\"ImageObject\",\"inLanguage\":\"es\",\"@id\":\"https:\\\/\\\/secure.gravatar.com\\\/avatar\\\/71d95a3f99a068ba570ac1314ed6911a59c5ae3f22ffcf23631cd1a861a640bc?s=96&d=mm&r=g\",\"url\":\"https:\\\/\\\/secure.gravatar.com\\\/avatar\\\/71d95a3f99a068ba570ac1314ed6911a59c5ae3f22ffcf23631cd1a861a640bc?s=96&d=mm&r=g\",\"contentUrl\":\"https:\\\/\\\/secure.gravatar.com\\\/avatar\\\/71d95a3f99a068ba570ac1314ed6911a59c5ae3f22ffcf23631cd1a861a640bc?s=96&d=mm&r=g\",\"caption\":\"Alfons Valle\"},\"url\":\"https:\\\/\\\/fundesplai.org\\\/es\\\/informa-t\\\/author\\\/avalle\\\/\"}]}<\/script>\n<!-- \/ Yoast SEO plugin. -->","yoast_head_json":{"title":"\u00bfQu\u00e9 es el proyecto 'Dem\u00e0 jove' y qu\u00e9 puede aportar a tu organizaci\u00f3n? - Fundesplai","robots":{"index":"noindex","follow":"follow"},"og_locale":"es_ES","og_type":"article","og_title":"\u00bfQu\u00e9 es el proyecto 'Dem\u00e0 jove' y qu\u00e9 puede aportar a tu organizaci\u00f3n? - Fundesplai","og_description":"Desde Fundesplai desarrollamos el 'Dem\u00e0 Jove', un proyecto que promueve la inserci\u00f3n laboral de la juventud, apostando por un modelo de formaci\u00f3n y trabajo en alternancia, en el que se combina la actividad laboral retribuida con los procesos formativos profesionales. El o la participante, tras un proceso de selecci\u00f3n, se vincula al proyecto con un contrato de formaci\u00f3n en alternancia de doce meses: un 35% del tiempo anual [...]","og_url":"https:\/\/fundesplai.org\/es\/informa-t\/formacion-de-adultos\/que-es-el-proyecto-dema-jove-y-que-puede-aportar-a-tu-organizacion\/","og_site_name":"Fundesplai","article_published_time":"2023-07-14T12:21:54+00:00","article_modified_time":"2026-03-31T08:07:52+00:00","og_image":[{"width":945,"height":709,"url":"https:\/\/fundesplai.org\/wp-content\/uploads\/2023\/07\/demajove.jpg","type":"image\/jpeg"}],"author":"Alfons Valle","twitter_card":"summary_large_image","twitter_misc":{"Escrito por":"Alfons Valle","Tiempo de lectura":"1 minuto"},"schema":{"@context":"https:\/\/schema.org","@graph":[{"@type":"Article","@id":"https:\/\/fundesplai.org\/es\/informa-t\/formacion-de-adultos\/que-es-el-proyecto-dema-jove-y-que-puede-aportar-a-tu-organizacion\/#article","isPartOf":{"@id":"https:\/\/fundesplai.org\/es\/informa-t\/formacion-de-adultos\/que-es-el-proyecto-dema-jove-y-que-puede-aportar-a-tu-organizacion\/"},"author":{"name":"Alfons Valle","@id":"https:\/\/fundesplai.org\/es\/#\/schema\/person\/c0e9e7466bb8ac06f5264324a6109733"},"headline":"\u00bfQu\u00e9 es el proyecto &#8216;Dem\u00e0 jove&#8217; y qu\u00e9 puede aportar a tu organizaci\u00f3n?","datePublished":"2023-07-14T12:21:54+00:00","dateModified":"2026-03-31T08:07:52+00:00","mainEntityOfPage":{"@id":"https:\/\/fundesplai.org\/es\/informa-t\/formacion-de-adultos\/que-es-el-proyecto-dema-jove-y-que-puede-aportar-a-tu-organizacion\/"},"wordCount":138,"image":{"@id":"https:\/\/fundesplai.org\/es\/informa-t\/formacion-de-adultos\/que-es-el-proyecto-dema-jove-y-que-puede-aportar-a-tu-organizacion\/#primaryimage"},"thumbnailUrl":"https:\/\/fundesplai.org\/wp-content\/uploads\/2023\/07\/demajove.jpg","articleSection":["Formaci\u00f3n de adultos","Recursos para entidades"],"inLanguage":"es"},{"@type":"WebPage","@id":"https:\/\/fundesplai.org\/es\/informa-t\/formacion-de-adultos\/que-es-el-proyecto-dema-jove-y-que-puede-aportar-a-tu-organizacion\/","url":"https:\/\/fundesplai.org\/es\/informa-t\/formacion-de-adultos\/que-es-el-proyecto-dema-jove-y-que-puede-aportar-a-tu-organizacion\/","name":"\u00bfQu\u00e9 es el proyecto 'Dem\u00e0 jove' y qu\u00e9 puede aportar a tu organizaci\u00f3n? - Fundesplai","isPartOf":{"@id":"https:\/\/fundesplai.org\/es\/#website"},"primaryImageOfPage":{"@id":"https:\/\/fundesplai.org\/es\/informa-t\/formacion-de-adultos\/que-es-el-proyecto-dema-jove-y-que-puede-aportar-a-tu-organizacion\/#primaryimage"},"image":{"@id":"https:\/\/fundesplai.org\/es\/informa-t\/formacion-de-adultos\/que-es-el-proyecto-dema-jove-y-que-puede-aportar-a-tu-organizacion\/#primaryimage"},"thumbnailUrl":"https:\/\/fundesplai.org\/wp-content\/uploads\/2023\/07\/demajove.jpg","datePublished":"2023-07-14T12:21:54+00:00","dateModified":"2026-03-31T08:07:52+00:00","author":{"@id":"https:\/\/fundesplai.org\/es\/#\/schema\/person\/c0e9e7466bb8ac06f5264324a6109733"},"breadcrumb":{"@id":"https:\/\/fundesplai.org\/es\/informa-t\/formacion-de-adultos\/que-es-el-proyecto-dema-jove-y-que-puede-aportar-a-tu-organizacion\/#breadcrumb"},"inLanguage":"es","potentialAction":[{"@type":"ReadAction","target":["https:\/\/fundesplai.org\/es\/informa-t\/formacion-de-adultos\/que-es-el-proyecto-dema-jove-y-que-puede-aportar-a-tu-organizacion\/"]}]},{"@type":"ImageObject","inLanguage":"es","@id":"https:\/\/fundesplai.org\/es\/informa-t\/formacion-de-adultos\/que-es-el-proyecto-dema-jove-y-que-puede-aportar-a-tu-organizacion\/#primaryimage","url":"https:\/\/fundesplai.org\/wp-content\/uploads\/2023\/07\/demajove.jpg","contentUrl":"https:\/\/fundesplai.org\/wp-content\/uploads\/2023\/07\/demajove.jpg","width":945,"height":709,"caption":"projecte dem\u00e0 jove Fundesplai"},{"@type":"BreadcrumbList","@id":"https:\/\/fundesplai.org\/es\/informa-t\/formacion-de-adultos\/que-es-el-proyecto-dema-jove-y-que-puede-aportar-a-tu-organizacion\/#breadcrumb","itemListElement":[{"@type":"ListItem","position":1,"name":"Inici","item":"https:\/\/fundesplai.org\/es\/inicio\/"},{"@type":"ListItem","position":2,"name":"Inf\u00f3rmate","item":"https:\/\/fundesplai.org\/es\/informate\/"},{"@type":"ListItem","position":3,"name":"Formaci\u00f3n de adultos","item":"https:\/\/fundesplai.org\/es\/informa-t\/category\/formacion-de-adultos\/"},{"@type":"ListItem","position":4,"name":"\u00bfQu\u00e9 es el proyecto &#8216;Dem\u00e0 jove&#8217; y qu\u00e9 puede aportar a tu organizaci\u00f3n?"}]},{"@type":"WebSite","@id":"https:\/\/fundesplai.org\/es\/#website","url":"https:\/\/fundesplai.org\/es\/","name":"Fundesplai","description":"Eduquem per la conviv\u00e8ncia i la sostenibilitat","potentialAction":[{"@type":"SearchAction","target":{"@type":"EntryPoint","urlTemplate":"https:\/\/fundesplai.org\/es\/?s={search_term_string}"},"query-input":{"@type":"PropertyValueSpecification","valueRequired":true,"valueName":"search_term_string"}}],"inLanguage":"es"},{"@type":"Person","@id":"https:\/\/fundesplai.org\/es\/#\/schema\/person\/c0e9e7466bb8ac06f5264324a6109733","name":"Alfons Valle","image":{"@type":"ImageObject","inLanguage":"es","@id":"https:\/\/secure.gravatar.com\/avatar\/71d95a3f99a068ba570ac1314ed6911a59c5ae3f22ffcf23631cd1a861a640bc?s=96&d=mm&r=g","url":"https:\/\/secure.gravatar.com\/avatar\/71d95a3f99a068ba570ac1314ed6911a59c5ae3f22ffcf23631cd1a861a640bc?s=96&d=mm&r=g","contentUrl":"https:\/\/secure.gravatar.com\/avatar\/71d95a3f99a068ba570ac1314ed6911a59c5ae3f22ffcf23631cd1a861a640bc?s=96&d=mm&r=g","caption":"Alfons Valle"},"url":"https:\/\/fundesplai.org\/es\/informa-t\/author\/avalle\/"}]}},"_links":{"self":[{"href":"https:\/\/fundesplai.org\/es\/wp-json\/wp\/v2\/posts\/48129","targetHints":{"allow":["GET"]}}],"collection":[{"href":"https:\/\/fundesplai.org\/es\/wp-json\/wp\/v2\/posts"}],"about":[{"href":"https:\/\/fundesplai.org\/es\/wp-json\/wp\/v2\/types\/post"}],"author":[{"embeddable":true,"href":"https:\/\/fundesplai.org\/es\/wp-json\/wp\/v2\/users\/9"}],"replies":[{"embeddable":true,"href":"https:\/\/fundesplai.org\/es\/wp-json\/wp\/v2\/comments?post=48129"}],"version-history":[{"count":2,"href":"https:\/\/fundesplai.org\/es\/wp-json\/wp\/v2\/posts\/48129\/revisions"}],"predecessor-version":[{"id":82866,"href":"https:\/\/fundesplai.org\/es\/wp-json\/wp\/v2\/posts\/48129\/revisions\/82866"}],"wp:featuredmedia":[{"embeddable":true,"href":"https:\/\/fundesplai.org\/es\/wp-json\/wp\/v2\/media\/46434"}],"wp:attachment":[{"href":"https:\/\/fundesplai.org\/es\/wp-json\/wp\/v2\/media?parent=48129"}],"wp:term":[{"taxonomy":"category","embeddable":true,"href":"https:\/\/fundesplai.org\/es\/wp-json\/wp\/v2\/categories?post=48129"},{"taxonomy":"post_tag","embeddable":true,"href":"https:\/\/fundesplai.org\/es\/wp-json\/wp\/v2\/tags?post=48129"}],"curies":[{"name":"wp","href":"https:\/\/api.w.org\/{rel}","templated":true}]}}