{"id":47924,"date":"2019-03-20T17:43:49","date_gmt":"2019-03-20T16:43:49","guid":{"rendered":"https:\/\/fundesplai.org\/informa-t\/sense-categoria\/jovenes-del-proyecto-mirall-reciben-el-certificado-del-prt\/"},"modified":"2019-03-20T17:43:49","modified_gmt":"2019-03-20T16:43:49","slug":"jovenes-del-proyecto-mirall-reciben-el-certificado-del-prt","status":"publish","type":"post","link":"https:\/\/fundesplai.org\/es\/informa-t\/actualitat-es\/jovenes-del-proyecto-mirall-reciben-el-certificado-del-prt\/","title":{"rendered":"J\u00f3venes del proyecto Mirall reciben el certificado del PRT"},"content":{"rendered":"<p>Este mi\u00e9rcoles 20 de marzo, j\u00f3venes del proyecto Mirall &nbsp;recibieron el certificado del Programa de Reincorporaci\u00f3n al Trabajo &nbsp;de la Secretar\u00eda de Igualdad, Migraciones y Ciudadan\u00eda de la Generalitat de la mano del secretario Oriol Amor\u00f3s.<\/p>\n<p><!--more--><\/p>\n<table style=\"height: 19px;width: 100%\">\n<tbody>\n<tr>\n<td><img decoding=\"async\" class=\" size-full wp-image-6407\" src=\"https:\/\/fundesplai.org\/test-joomla\/wp-content\/uploads\/sites\/26\/2019\/03\/mirall-def.jpg\" alt=\"mirall def\" width=\"100%\" height=\"NaN\"><\/td>\n<td><img decoding=\"async\" class=\" size-full wp-image-6410\" src=\"https:\/\/fundesplai.org\/test-joomla\/wp-content\/uploads\/sites\/26\/2019\/03\/mirall3.jpg\" alt=\"mirall3\" width=\"100%\" height=\"NaN\"><\/td>\n<\/tr>\n<\/tbody>\n<\/table>\n<p>El mi\u00e9rcoles 20 de marzo, j\u00f3venes de la iniciativa Mirall recibieron el certificado del Programa de Reincorporaci\u00f3n al Trabajo &nbsp;de la Secretar\u00eda de Igualdad, Migraciones y Ciudadan\u00eda de la Generalitat de la mano de Oriol Amor\u00f3s, Secretario de Igualdad, Migraciones y Ciudadan\u00eda de la Generalidad de Catalu\u00f1a. Este proyecto trabaja con j\u00f3venes inmigrantes que se encuentran en situaciones espec\u00edficas de vulnerabilidad.&nbsp;<\/p>\n<p><span style=\"background-color: transparent\">\u00c9ste ha sido el 4\u00ba grupo, donde han participado 19 j\u00f3venes, 12 chicas y 7 chicos, de 12 nacionalidades diferentes, provenientes de 4 de los 5 continentes (Am\u00e9rica, Europa, \u00c1frica y Asia). En total, han participado ya 85 j\u00f3venes.<\/span><\/p>\n<p><span style=\"background-color: transparent\"><\/span>Han realizado la formaci\u00f3n del Curso de Monitor\/a de actividades de educaci\u00f3n en el ocio infantil y juvenil, as\u00ed como el certificado de Nivel B1 de Catal\u00e1n y el M\u00f3dulo de Conocimiento de la sociedad catalana y su marco jur\u00eddico, impartido, todos dos, por el Consorcio de Normalizaci\u00f3n Ling\u00fc\u00edstica (CNL). Toda esta acci\u00f3n formativa se enmarca dentro de los PRT (Programas de Reinserci\u00f3n en el Trabajo) de la Generalitat de Catalunya.<\/p>\n<p>La acci\u00f3n formativa te\u00f3rica se llev\u00f3 a cabo en el Local de Fundesplai de LL\u00e0stics (Barcelona) desde los meses de mayo hasta finales de septiembre de 2018. A continuaci\u00f3n los j\u00f3venes empezaron el proceso de las pr\u00e1cticas como monitores y monitoras, y hoy, est\u00e1n inmersos al finalizar la Memoria de las Pr\u00e1cticas del Curso de Monitor de Ocio o terminando sus pr\u00e1cticas como Monitor\/a.<\/p>\n","protected":false},"excerpt":{"rendered":"<p>Este mi\u00e9rcoles 20 de marzo, j\u00f3venes del proyecto Mirall &nbsp;recibieron el certificado del Programa de Reincorporaci\u00f3n al Trabajo &nbsp;de la Secretar\u00eda de Igualdad, Migraciones y Ciudadan\u00eda de la Generalitat de la mano del secretario Oriol Amor\u00f3s.<\/p>\n","protected":false},"author":4,"featured_media":0,"comment_status":"closed","ping_status":"closed","sticky":false,"template":"","format":"standard","meta":{"_et_pb_use_builder":"","_et_pb_old_content":"","_et_gb_content_width":"","footnotes":""},"categories":[937],"tags":[],"class_list":["post-47924","post","type-post","status-publish","format-standard","hentry","category-actualitat-es"],"yoast_head":"<!-- This site is optimized with the Yoast SEO plugin v27.4 - https:\/\/yoast.com\/product\/yoast-seo-wordpress\/ -->\n<title>J\u00f3venes del proyecto Mirall reciben el certificado del PRT - Fundesplai<\/title>\n<meta name=\"robots\" content=\"index, follow, max-snippet:-1, max-image-preview:large, max-video-preview:-1\" \/>\n<link rel=\"canonical\" href=\"https:\/\/fundesplai.org\/es\/informa-t\/actualitat-es\/jovenes-del-proyecto-mirall-reciben-el-certificado-del-prt\/\" \/>\n<meta property=\"og:locale\" content=\"es_ES\" \/>\n<meta property=\"og:type\" content=\"article\" \/>\n<meta property=\"og:title\" content=\"J\u00f3venes del proyecto Mirall reciben el certificado del PRT - Fundesplai\" \/>\n<meta property=\"og:description\" content=\"Este mi\u00e9rcoles 20 de marzo, j\u00f3venes del proyecto Mirall &nbsp;recibieron el certificado del Programa de Reincorporaci\u00f3n al Trabajo &nbsp;de la Secretar\u00eda de Igualdad, Migraciones y Ciudadan\u00eda de la Generalitat de la mano del secretario Oriol Amor\u00f3s.\" \/>\n<meta property=\"og:url\" content=\"https:\/\/fundesplai.org\/es\/informa-t\/actualitat-es\/jovenes-del-proyecto-mirall-reciben-el-certificado-del-prt\/\" \/>\n<meta property=\"og:site_name\" content=\"Fundesplai\" \/>\n<meta property=\"article:published_time\" content=\"2019-03-20T16:43:49+00:00\" \/>\n<meta property=\"og:image\" content=\"https:\/\/fundesplai.org\/test-joomla\/wp-content\/uploads\/sites\/26\/2019\/03\/mirall-def.jpg\" \/>\n<meta name=\"author\" content=\"Ferran\" \/>\n<meta name=\"twitter:card\" content=\"summary_large_image\" \/>\n<meta name=\"twitter:label1\" content=\"Escrito por\" \/>\n\t<meta name=\"twitter:data1\" content=\"Ferran\" \/>\n\t<meta name=\"twitter:label2\" content=\"Tiempo de lectura\" \/>\n\t<meta name=\"twitter:data2\" content=\"2 minutos\" \/>\n<script type=\"application\/ld+json\" class=\"yoast-schema-graph\">{\"@context\":\"https:\\\/\\\/schema.org\",\"@graph\":[{\"@type\":\"Article\",\"@id\":\"https:\\\/\\\/fundesplai.org\\\/es\\\/informa-t\\\/actualitat-es\\\/jovenes-del-proyecto-mirall-reciben-el-certificado-del-prt\\\/#article\",\"isPartOf\":{\"@id\":\"https:\\\/\\\/fundesplai.org\\\/es\\\/informa-t\\\/actualitat-es\\\/jovenes-del-proyecto-mirall-reciben-el-certificado-del-prt\\\/\"},\"author\":{\"name\":\"Ferran\",\"@id\":\"https:\\\/\\\/fundesplai.org\\\/es\\\/#\\\/schema\\\/person\\\/67e7825d8ec54561cc24e36ba6b0f633\"},\"headline\":\"J\u00f3venes del proyecto Mirall reciben el certificado del PRT\",\"datePublished\":\"2019-03-20T16:43:49+00:00\",\"mainEntityOfPage\":{\"@id\":\"https:\\\/\\\/fundesplai.org\\\/es\\\/informa-t\\\/actualitat-es\\\/jovenes-del-proyecto-mirall-reciben-el-certificado-del-prt\\\/\"},\"wordCount\":313,\"image\":{\"@id\":\"https:\\\/\\\/fundesplai.org\\\/es\\\/informa-t\\\/actualitat-es\\\/jovenes-del-proyecto-mirall-reciben-el-certificado-del-prt\\\/#primaryimage\"},\"thumbnailUrl\":\"https:\\\/\\\/fundesplai.org\\\/test-joomla\\\/wp-content\\\/uploads\\\/sites\\\/26\\\/2019\\\/03\\\/mirall-def.jpg\",\"articleSection\":[\"Actualitat\"],\"inLanguage\":\"es\"},{\"@type\":\"WebPage\",\"@id\":\"https:\\\/\\\/fundesplai.org\\\/es\\\/informa-t\\\/actualitat-es\\\/jovenes-del-proyecto-mirall-reciben-el-certificado-del-prt\\\/\",\"url\":\"https:\\\/\\\/fundesplai.org\\\/es\\\/informa-t\\\/actualitat-es\\\/jovenes-del-proyecto-mirall-reciben-el-certificado-del-prt\\\/\",\"name\":\"J\u00f3venes del proyecto Mirall reciben el certificado del PRT - Fundesplai\",\"isPartOf\":{\"@id\":\"https:\\\/\\\/fundesplai.org\\\/es\\\/#website\"},\"primaryImageOfPage\":{\"@id\":\"https:\\\/\\\/fundesplai.org\\\/es\\\/informa-t\\\/actualitat-es\\\/jovenes-del-proyecto-mirall-reciben-el-certificado-del-prt\\\/#primaryimage\"},\"image\":{\"@id\":\"https:\\\/\\\/fundesplai.org\\\/es\\\/informa-t\\\/actualitat-es\\\/jovenes-del-proyecto-mirall-reciben-el-certificado-del-prt\\\/#primaryimage\"},\"thumbnailUrl\":\"https:\\\/\\\/fundesplai.org\\\/test-joomla\\\/wp-content\\\/uploads\\\/sites\\\/26\\\/2019\\\/03\\\/mirall-def.jpg\",\"datePublished\":\"2019-03-20T16:43:49+00:00\",\"author\":{\"@id\":\"https:\\\/\\\/fundesplai.org\\\/es\\\/#\\\/schema\\\/person\\\/67e7825d8ec54561cc24e36ba6b0f633\"},\"breadcrumb\":{\"@id\":\"https:\\\/\\\/fundesplai.org\\\/es\\\/informa-t\\\/actualitat-es\\\/jovenes-del-proyecto-mirall-reciben-el-certificado-del-prt\\\/#breadcrumb\"},\"inLanguage\":\"es\",\"potentialAction\":[{\"@type\":\"ReadAction\",\"target\":[\"https:\\\/\\\/fundesplai.org\\\/es\\\/informa-t\\\/actualitat-es\\\/jovenes-del-proyecto-mirall-reciben-el-certificado-del-prt\\\/\"]}]},{\"@type\":\"ImageObject\",\"inLanguage\":\"es\",\"@id\":\"https:\\\/\\\/fundesplai.org\\\/es\\\/informa-t\\\/actualitat-es\\\/jovenes-del-proyecto-mirall-reciben-el-certificado-del-prt\\\/#primaryimage\",\"url\":\"https:\\\/\\\/fundesplai.org\\\/test-joomla\\\/wp-content\\\/uploads\\\/sites\\\/26\\\/2019\\\/03\\\/mirall-def.jpg\",\"contentUrl\":\"https:\\\/\\\/fundesplai.org\\\/test-joomla\\\/wp-content\\\/uploads\\\/sites\\\/26\\\/2019\\\/03\\\/mirall-def.jpg\"},{\"@type\":\"BreadcrumbList\",\"@id\":\"https:\\\/\\\/fundesplai.org\\\/es\\\/informa-t\\\/actualitat-es\\\/jovenes-del-proyecto-mirall-reciben-el-certificado-del-prt\\\/#breadcrumb\",\"itemListElement\":[{\"@type\":\"ListItem\",\"position\":1,\"name\":\"Inici\",\"item\":\"https:\\\/\\\/fundesplai.org\\\/es\\\/inicio\\\/\"},{\"@type\":\"ListItem\",\"position\":2,\"name\":\"Inf\u00f3rmate\",\"item\":\"https:\\\/\\\/fundesplai.org\\\/es\\\/informate\\\/\"},{\"@type\":\"ListItem\",\"position\":3,\"name\":\"Sin categor\u00eda\",\"item\":\"https:\\\/\\\/fundesplai.org\\\/es\\\/informa-t\\\/category\\\/sin-categoria\\\/\"},{\"@type\":\"ListItem\",\"position\":4,\"name\":\"J\u00f3venes del proyecto Mirall reciben el certificado del PRT\"}]},{\"@type\":\"WebSite\",\"@id\":\"https:\\\/\\\/fundesplai.org\\\/es\\\/#website\",\"url\":\"https:\\\/\\\/fundesplai.org\\\/es\\\/\",\"name\":\"Fundesplai\",\"description\":\"Eduquem per la conviv\u00e8ncia i la sostenibilitat\",\"potentialAction\":[{\"@type\":\"SearchAction\",\"target\":{\"@type\":\"EntryPoint\",\"urlTemplate\":\"https:\\\/\\\/fundesplai.org\\\/es\\\/?s={search_term_string}\"},\"query-input\":{\"@type\":\"PropertyValueSpecification\",\"valueRequired\":true,\"valueName\":\"search_term_string\"}}],\"inLanguage\":\"es\"},{\"@type\":\"Person\",\"@id\":\"https:\\\/\\\/fundesplai.org\\\/es\\\/#\\\/schema\\\/person\\\/67e7825d8ec54561cc24e36ba6b0f633\",\"name\":\"Ferran\",\"image\":{\"@type\":\"ImageObject\",\"inLanguage\":\"es\",\"@id\":\"https:\\\/\\\/secure.gravatar.com\\\/avatar\\\/a3510350976b58aae6eccd1e36f066b660a69ef63f97fde3cba8205db7db816a?s=96&d=mm&r=g\",\"url\":\"https:\\\/\\\/secure.gravatar.com\\\/avatar\\\/a3510350976b58aae6eccd1e36f066b660a69ef63f97fde3cba8205db7db816a?s=96&d=mm&r=g\",\"contentUrl\":\"https:\\\/\\\/secure.gravatar.com\\\/avatar\\\/a3510350976b58aae6eccd1e36f066b660a69ef63f97fde3cba8205db7db816a?s=96&d=mm&r=g\",\"caption\":\"Ferran\"},\"url\":\"https:\\\/\\\/fundesplai.org\\\/es\\\/informa-t\\\/author\\\/fvidal\\\/\"}]}<\/script>\n<!-- \/ Yoast SEO plugin. -->","yoast_head_json":{"title":"J\u00f3venes del proyecto Mirall reciben el certificado del PRT - Fundesplai","robots":{"index":"index","follow":"follow","max-snippet":"max-snippet:-1","max-image-preview":"max-image-preview:large","max-video-preview":"max-video-preview:-1"},"canonical":"https:\/\/fundesplai.org\/es\/informa-t\/actualitat-es\/jovenes-del-proyecto-mirall-reciben-el-certificado-del-prt\/","og_locale":"es_ES","og_type":"article","og_title":"J\u00f3venes del proyecto Mirall reciben el certificado del PRT - Fundesplai","og_description":"Este mi\u00e9rcoles 20 de marzo, j\u00f3venes del proyecto Mirall &nbsp;recibieron el certificado del Programa de Reincorporaci\u00f3n al Trabajo &nbsp;de la Secretar\u00eda de Igualdad, Migraciones y Ciudadan\u00eda de la Generalitat de la mano del secretario Oriol Amor\u00f3s.","og_url":"https:\/\/fundesplai.org\/es\/informa-t\/actualitat-es\/jovenes-del-proyecto-mirall-reciben-el-certificado-del-prt\/","og_site_name":"Fundesplai","article_published_time":"2019-03-20T16:43:49+00:00","og_image":[{"url":"https:\/\/fundesplai.org\/test-joomla\/wp-content\/uploads\/sites\/26\/2019\/03\/mirall-def.jpg","type":"","width":"","height":""}],"author":"Ferran","twitter_card":"summary_large_image","twitter_misc":{"Escrito por":"Ferran","Tiempo de lectura":"2 minutos"},"schema":{"@context":"https:\/\/schema.org","@graph":[{"@type":"Article","@id":"https:\/\/fundesplai.org\/es\/informa-t\/actualitat-es\/jovenes-del-proyecto-mirall-reciben-el-certificado-del-prt\/#article","isPartOf":{"@id":"https:\/\/fundesplai.org\/es\/informa-t\/actualitat-es\/jovenes-del-proyecto-mirall-reciben-el-certificado-del-prt\/"},"author":{"name":"Ferran","@id":"https:\/\/fundesplai.org\/es\/#\/schema\/person\/67e7825d8ec54561cc24e36ba6b0f633"},"headline":"J\u00f3venes del proyecto Mirall reciben el certificado del PRT","datePublished":"2019-03-20T16:43:49+00:00","mainEntityOfPage":{"@id":"https:\/\/fundesplai.org\/es\/informa-t\/actualitat-es\/jovenes-del-proyecto-mirall-reciben-el-certificado-del-prt\/"},"wordCount":313,"image":{"@id":"https:\/\/fundesplai.org\/es\/informa-t\/actualitat-es\/jovenes-del-proyecto-mirall-reciben-el-certificado-del-prt\/#primaryimage"},"thumbnailUrl":"https:\/\/fundesplai.org\/test-joomla\/wp-content\/uploads\/sites\/26\/2019\/03\/mirall-def.jpg","articleSection":["Actualitat"],"inLanguage":"es"},{"@type":"WebPage","@id":"https:\/\/fundesplai.org\/es\/informa-t\/actualitat-es\/jovenes-del-proyecto-mirall-reciben-el-certificado-del-prt\/","url":"https:\/\/fundesplai.org\/es\/informa-t\/actualitat-es\/jovenes-del-proyecto-mirall-reciben-el-certificado-del-prt\/","name":"J\u00f3venes del proyecto Mirall reciben el certificado del PRT - Fundesplai","isPartOf":{"@id":"https:\/\/fundesplai.org\/es\/#website"},"primaryImageOfPage":{"@id":"https:\/\/fundesplai.org\/es\/informa-t\/actualitat-es\/jovenes-del-proyecto-mirall-reciben-el-certificado-del-prt\/#primaryimage"},"image":{"@id":"https:\/\/fundesplai.org\/es\/informa-t\/actualitat-es\/jovenes-del-proyecto-mirall-reciben-el-certificado-del-prt\/#primaryimage"},"thumbnailUrl":"https:\/\/fundesplai.org\/test-joomla\/wp-content\/uploads\/sites\/26\/2019\/03\/mirall-def.jpg","datePublished":"2019-03-20T16:43:49+00:00","author":{"@id":"https:\/\/fundesplai.org\/es\/#\/schema\/person\/67e7825d8ec54561cc24e36ba6b0f633"},"breadcrumb":{"@id":"https:\/\/fundesplai.org\/es\/informa-t\/actualitat-es\/jovenes-del-proyecto-mirall-reciben-el-certificado-del-prt\/#breadcrumb"},"inLanguage":"es","potentialAction":[{"@type":"ReadAction","target":["https:\/\/fundesplai.org\/es\/informa-t\/actualitat-es\/jovenes-del-proyecto-mirall-reciben-el-certificado-del-prt\/"]}]},{"@type":"ImageObject","inLanguage":"es","@id":"https:\/\/fundesplai.org\/es\/informa-t\/actualitat-es\/jovenes-del-proyecto-mirall-reciben-el-certificado-del-prt\/#primaryimage","url":"https:\/\/fundesplai.org\/test-joomla\/wp-content\/uploads\/sites\/26\/2019\/03\/mirall-def.jpg","contentUrl":"https:\/\/fundesplai.org\/test-joomla\/wp-content\/uploads\/sites\/26\/2019\/03\/mirall-def.jpg"},{"@type":"BreadcrumbList","@id":"https:\/\/fundesplai.org\/es\/informa-t\/actualitat-es\/jovenes-del-proyecto-mirall-reciben-el-certificado-del-prt\/#breadcrumb","itemListElement":[{"@type":"ListItem","position":1,"name":"Inici","item":"https:\/\/fundesplai.org\/es\/inicio\/"},{"@type":"ListItem","position":2,"name":"Inf\u00f3rmate","item":"https:\/\/fundesplai.org\/es\/informate\/"},{"@type":"ListItem","position":3,"name":"Sin categor\u00eda","item":"https:\/\/fundesplai.org\/es\/informa-t\/category\/sin-categoria\/"},{"@type":"ListItem","position":4,"name":"J\u00f3venes del proyecto Mirall reciben el certificado del PRT"}]},{"@type":"WebSite","@id":"https:\/\/fundesplai.org\/es\/#website","url":"https:\/\/fundesplai.org\/es\/","name":"Fundesplai","description":"Eduquem per la conviv\u00e8ncia i la sostenibilitat","potentialAction":[{"@type":"SearchAction","target":{"@type":"EntryPoint","urlTemplate":"https:\/\/fundesplai.org\/es\/?s={search_term_string}"},"query-input":{"@type":"PropertyValueSpecification","valueRequired":true,"valueName":"search_term_string"}}],"inLanguage":"es"},{"@type":"Person","@id":"https:\/\/fundesplai.org\/es\/#\/schema\/person\/67e7825d8ec54561cc24e36ba6b0f633","name":"Ferran","image":{"@type":"ImageObject","inLanguage":"es","@id":"https:\/\/secure.gravatar.com\/avatar\/a3510350976b58aae6eccd1e36f066b660a69ef63f97fde3cba8205db7db816a?s=96&d=mm&r=g","url":"https:\/\/secure.gravatar.com\/avatar\/a3510350976b58aae6eccd1e36f066b660a69ef63f97fde3cba8205db7db816a?s=96&d=mm&r=g","contentUrl":"https:\/\/secure.gravatar.com\/avatar\/a3510350976b58aae6eccd1e36f066b660a69ef63f97fde3cba8205db7db816a?s=96&d=mm&r=g","caption":"Ferran"},"url":"https:\/\/fundesplai.org\/es\/informa-t\/author\/fvidal\/"}]}},"_links":{"self":[{"href":"https:\/\/fundesplai.org\/es\/wp-json\/wp\/v2\/posts\/47924","targetHints":{"allow":["GET"]}}],"collection":[{"href":"https:\/\/fundesplai.org\/es\/wp-json\/wp\/v2\/posts"}],"about":[{"href":"https:\/\/fundesplai.org\/es\/wp-json\/wp\/v2\/types\/post"}],"author":[{"embeddable":true,"href":"https:\/\/fundesplai.org\/es\/wp-json\/wp\/v2\/users\/4"}],"replies":[{"embeddable":true,"href":"https:\/\/fundesplai.org\/es\/wp-json\/wp\/v2\/comments?post=47924"}],"version-history":[{"count":0,"href":"https:\/\/fundesplai.org\/es\/wp-json\/wp\/v2\/posts\/47924\/revisions"}],"wp:attachment":[{"href":"https:\/\/fundesplai.org\/es\/wp-json\/wp\/v2\/media?parent=47924"}],"wp:term":[{"taxonomy":"category","embeddable":true,"href":"https:\/\/fundesplai.org\/es\/wp-json\/wp\/v2\/categories?post=47924"},{"taxonomy":"post_tag","embeddable":true,"href":"https:\/\/fundesplai.org\/es\/wp-json\/wp\/v2\/tags?post=47924"}],"curies":[{"name":"wp","href":"https:\/\/api.w.org\/{rel}","templated":true}]}}