{"id":47919,"date":"2019-03-08T11:53:37","date_gmt":"2019-03-08T10:53:37","guid":{"rendered":"https:\/\/fundesplai.org\/informa-t\/sense-categoria\/fundesplai-reivindica-la-igualdad-de-genero-a-partir-de-la-figura-de-las-brujas\/"},"modified":"2019-03-08T11:53:37","modified_gmt":"2019-03-08T10:53:37","slug":"fundesplai-reivindica-la-igualdad-de-genero-a-partir-de-la-figura-de-las-brujas","status":"publish","type":"post","link":"https:\/\/fundesplai.org\/es\/informa-t\/actualitat-es\/fundesplai-reivindica-la-igualdad-de-genero-a-partir-de-la-figura-de-las-brujas\/","title":{"rendered":"Fundesplai reivindica la igualdad de g\u00e9nero a partir de la figura de las brujas"},"content":{"rendered":"<p>Cerca de 20.000 ni\u00f1os de 114 esplais y 42 escuelas de toda Catalu\u00f1a donde Fundesplai est\u00e1 presente est\u00e1n participando en diferentes actividades para conmemorar el D\u00eda de las Mujeres con \u00abAbracadabra\u00bb, una iniciativa que reivindica la figura de las brujas como mujeres sabias.<\/p>\n<p><!--more--><\/p>\n<p class=\"intro\"><strong>20.000 ni\u00f1os participan en la actividad ABRACADABRA con motivo del 8-M<\/strong><\/p>\n<p class=\"intro\">Durante esta semana cerca de 20.000 ni\u00f1os de 114 esplais y 42 escuelas de toda Catalu\u00f1a donde Fundesplai est\u00e1 presente est\u00e1n participando en diferentes actividades para conmemorar el D\u00eda de las Mujeres. Entre estas actividades destaca&nbsp;<a href=\"http:\/\/projectes.fundesplai.org\/encoratjat\/abracadabra-dones-encoratjades-2019\/\">ABRACADABRA,<\/a> una propuesta educativa que incluye 9 actividades para conocer la historia de algunas \u201cBrujas y Sanadoras\u201d, mujeres sabias que curaban a las personas y que ten\u00edan conocimientos cient\u00edficos. Mujeres que, a lo largo de la historia y en muchos pa\u00edses, fueron injustamente perseguidas ya menudo ejecutadas por los poderes pol\u00edticos y religiosos de la \u00e9poca por el mero hecho de ser mujeres.<\/p>\n<table style=\"width: 100%\">\n<tbody>\n<tr>\n<td><img decoding=\"async\" class=\" size-full wp-image-6383\" src=\"https:\/\/fundesplai.org\/test-joomla\/wp-content\/uploads\/sites\/26\/2019\/03\/Cervantes-8m2.jpg\" alt=\"Cervantes 8m2\" width=\"100%\" height=\"NaN\"><\/td>\n<\/tr>\n<tr>\n<td><span class=\"text-petit\">Un grupo de alumnos de 4\u00ba de primaria de la escuela Cervantes de Barcelona recibi\u00f3 el jueves 7 de marzo la visita de una monitora disfrazada de Margaret Jones, nacida en 1613 en Massachusetts (EEUU), &nbsp;que fue m\u00e9dica y matrona, con grandes conocimientos de bot\u00e1nica y anatom\u00eda. Pero, por el mero hecho de ser mujer, fue acusada de brujer\u00eda, juzgada y ejecutada.<\/span><\/td>\n<\/tr>\n<\/tbody>\n<\/table>\n<p><span style=\"background-color: transparent\"><\/span><\/p>\n<p><span style=\"background-color: transparent\">A trav\u00e9s de un<\/span> <a href=\"http:\/\/projectes.fundesplai.org\/encoratjat\/wp-content\/uploads\/sites\/53\/2019\/02\/LLIBRE-M%C3%80GIC.pdf\" style=\"background-color: transparent\">Libro m\u00e1gico<\/a><span style=\"background-color: transparent\"> antiguo y misterioso, las monitoras y monitores de los comedores escolares y de los esplais de Fundesplai presentan a los ni\u00f1os historias como el \u201cBrujas de Sasserra\u201d, en el Llu\u00e7an\u00e8s; Sof\u00eda Montaner, la \u00faltima tramentinaire de los Pirineos; o Margaret Jones, de EEUU. Ni\u00f1os, j\u00f3venes, monitoras y monitores han realizado diferentes actividades a partir de este punto de partida, como talleres, juegos cient\u00edficos, etc. Una de las m\u00e1s destacadas ha sido la de buscar&nbsp;<\/span><span style=\"background-color: transparent\">la f\u00f3rmula para hacer posible la igualdad real entre hombres y mujeres, que no es otra que <strong>el feminismo.<\/strong><\/span><\/p>\n<p><span style=\"background-color: transparent\">Las actividades del ABRACADABRA se enmarcan en la propuesta educativa<\/span> <strong><a href=\"http:\/\/projectes.fundesplai.org\/encoratjat\/\">\u201cEnCORatja&#8217;t, para la igualdad de g\u00e9nero y la violencia cero\u201d,<\/a><\/strong><span style=\"background-color: transparent\"> que Fundesplai est\u00e1 trabajando durante los cursos 2017-2018 y 2018-2019 y que hace de hilo conductor de las actividades de ocio educativo que organiza en los esplais y centros abiertos, en los comedores escolares, en los espacios familiares de peque\u00f1a infancia, en las actividades extraescolares &#8230; <\/span><\/p>\n<p><span style=\"background-color: transparent\">En total participan cerca de 85.000 ni\u00f1os y adolescentes y 1.300 monitores y monitoras. &nbsp;El objetivo de \u201cEncoratja\u2019t\u201d es educar a los chicos y chicas, desde su participaci\u00f3n activa, para construir una sociedad libre de discriminaciones y de cualquier forma de violencia y avanzar hacia una igualdad de oportunidades real entre todas las personas, indiferentemente del g\u00e9nero.<\/span><\/p>\n","protected":false},"excerpt":{"rendered":"<p>Cerca de 20.000 ni\u00f1os de 114 esplais y 42 escuelas de toda Catalu\u00f1a donde Fundesplai est\u00e1 presente est\u00e1n participando en diferentes actividades para conmemorar el D\u00eda de las Mujeres con \u00abAbracadabra\u00bb, una iniciativa que reivindica la figura de las brujas como mujeres sabias.<\/p>\n","protected":false},"author":9,"featured_media":0,"comment_status":"closed","ping_status":"closed","sticky":false,"template":"","format":"standard","meta":{"_et_pb_use_builder":"","_et_pb_old_content":"","_et_gb_content_width":"","footnotes":""},"categories":[937],"tags":[],"class_list":["post-47919","post","type-post","status-publish","format-standard","hentry","category-actualitat-es"],"yoast_head":"<!-- This site is optimized with the Yoast SEO plugin v27.4 - https:\/\/yoast.com\/product\/yoast-seo-wordpress\/ -->\n<title>Fundesplai reivindica la igualdad de g\u00e9nero a partir de la figura de las brujas - Fundesplai<\/title>\n<meta name=\"robots\" content=\"index, follow, max-snippet:-1, max-image-preview:large, max-video-preview:-1\" \/>\n<link rel=\"canonical\" href=\"https:\/\/fundesplai.org\/es\/informa-t\/actualitat-es\/fundesplai-reivindica-la-igualdad-de-genero-a-partir-de-la-figura-de-las-brujas\/\" \/>\n<meta property=\"og:locale\" content=\"es_ES\" \/>\n<meta property=\"og:type\" content=\"article\" \/>\n<meta property=\"og:title\" content=\"Fundesplai reivindica la igualdad de g\u00e9nero a partir de la figura de las brujas - Fundesplai\" \/>\n<meta property=\"og:description\" content=\"Cerca de 20.000 ni\u00f1os de 114 esplais y 42 escuelas de toda Catalu\u00f1a donde Fundesplai est\u00e1 presente est\u00e1n participando en diferentes actividades para conmemorar el D\u00eda de las Mujeres con \u00abAbracadabra\u00bb, una iniciativa que reivindica la figura de las brujas como mujeres sabias.\" \/>\n<meta property=\"og:url\" content=\"https:\/\/fundesplai.org\/es\/informa-t\/actualitat-es\/fundesplai-reivindica-la-igualdad-de-genero-a-partir-de-la-figura-de-las-brujas\/\" \/>\n<meta property=\"og:site_name\" content=\"Fundesplai\" \/>\n<meta property=\"article:published_time\" content=\"2019-03-08T10:53:37+00:00\" \/>\n<meta property=\"og:image\" content=\"https:\/\/fundesplai.org\/test-joomla\/wp-content\/uploads\/sites\/26\/2019\/03\/Cervantes-8m2.jpg\" \/>\n<meta name=\"author\" content=\"Alfons Valle\" \/>\n<meta name=\"twitter:card\" content=\"summary_large_image\" \/>\n<meta name=\"twitter:label1\" content=\"Escrito por\" \/>\n\t<meta name=\"twitter:data1\" content=\"Alfons Valle\" \/>\n\t<meta name=\"twitter:label2\" content=\"Tiempo de lectura\" \/>\n\t<meta name=\"twitter:data2\" content=\"2 minutos\" \/>\n<script type=\"application\/ld+json\" class=\"yoast-schema-graph\">{\"@context\":\"https:\\\/\\\/schema.org\",\"@graph\":[{\"@type\":\"Article\",\"@id\":\"https:\\\/\\\/fundesplai.org\\\/es\\\/informa-t\\\/actualitat-es\\\/fundesplai-reivindica-la-igualdad-de-genero-a-partir-de-la-figura-de-las-brujas\\\/#article\",\"isPartOf\":{\"@id\":\"https:\\\/\\\/fundesplai.org\\\/es\\\/informa-t\\\/actualitat-es\\\/fundesplai-reivindica-la-igualdad-de-genero-a-partir-de-la-figura-de-las-brujas\\\/\"},\"author\":{\"name\":\"Alfons Valle\",\"@id\":\"https:\\\/\\\/fundesplai.org\\\/es\\\/#\\\/schema\\\/person\\\/c0e9e7466bb8ac06f5264324a6109733\"},\"headline\":\"Fundesplai reivindica la igualdad de g\u00e9nero a partir de la figura de las brujas\",\"datePublished\":\"2019-03-08T10:53:37+00:00\",\"mainEntityOfPage\":{\"@id\":\"https:\\\/\\\/fundesplai.org\\\/es\\\/informa-t\\\/actualitat-es\\\/fundesplai-reivindica-la-igualdad-de-genero-a-partir-de-la-figura-de-las-brujas\\\/\"},\"wordCount\":477,\"image\":{\"@id\":\"https:\\\/\\\/fundesplai.org\\\/es\\\/informa-t\\\/actualitat-es\\\/fundesplai-reivindica-la-igualdad-de-genero-a-partir-de-la-figura-de-las-brujas\\\/#primaryimage\"},\"thumbnailUrl\":\"https:\\\/\\\/fundesplai.org\\\/test-joomla\\\/wp-content\\\/uploads\\\/sites\\\/26\\\/2019\\\/03\\\/Cervantes-8m2.jpg\",\"articleSection\":[\"Actualitat\"],\"inLanguage\":\"es\"},{\"@type\":\"WebPage\",\"@id\":\"https:\\\/\\\/fundesplai.org\\\/es\\\/informa-t\\\/actualitat-es\\\/fundesplai-reivindica-la-igualdad-de-genero-a-partir-de-la-figura-de-las-brujas\\\/\",\"url\":\"https:\\\/\\\/fundesplai.org\\\/es\\\/informa-t\\\/actualitat-es\\\/fundesplai-reivindica-la-igualdad-de-genero-a-partir-de-la-figura-de-las-brujas\\\/\",\"name\":\"Fundesplai reivindica la igualdad de g\u00e9nero a partir de la figura de las brujas - Fundesplai\",\"isPartOf\":{\"@id\":\"https:\\\/\\\/fundesplai.org\\\/es\\\/#website\"},\"primaryImageOfPage\":{\"@id\":\"https:\\\/\\\/fundesplai.org\\\/es\\\/informa-t\\\/actualitat-es\\\/fundesplai-reivindica-la-igualdad-de-genero-a-partir-de-la-figura-de-las-brujas\\\/#primaryimage\"},\"image\":{\"@id\":\"https:\\\/\\\/fundesplai.org\\\/es\\\/informa-t\\\/actualitat-es\\\/fundesplai-reivindica-la-igualdad-de-genero-a-partir-de-la-figura-de-las-brujas\\\/#primaryimage\"},\"thumbnailUrl\":\"https:\\\/\\\/fundesplai.org\\\/test-joomla\\\/wp-content\\\/uploads\\\/sites\\\/26\\\/2019\\\/03\\\/Cervantes-8m2.jpg\",\"datePublished\":\"2019-03-08T10:53:37+00:00\",\"author\":{\"@id\":\"https:\\\/\\\/fundesplai.org\\\/es\\\/#\\\/schema\\\/person\\\/c0e9e7466bb8ac06f5264324a6109733\"},\"breadcrumb\":{\"@id\":\"https:\\\/\\\/fundesplai.org\\\/es\\\/informa-t\\\/actualitat-es\\\/fundesplai-reivindica-la-igualdad-de-genero-a-partir-de-la-figura-de-las-brujas\\\/#breadcrumb\"},\"inLanguage\":\"es\",\"potentialAction\":[{\"@type\":\"ReadAction\",\"target\":[\"https:\\\/\\\/fundesplai.org\\\/es\\\/informa-t\\\/actualitat-es\\\/fundesplai-reivindica-la-igualdad-de-genero-a-partir-de-la-figura-de-las-brujas\\\/\"]}]},{\"@type\":\"ImageObject\",\"inLanguage\":\"es\",\"@id\":\"https:\\\/\\\/fundesplai.org\\\/es\\\/informa-t\\\/actualitat-es\\\/fundesplai-reivindica-la-igualdad-de-genero-a-partir-de-la-figura-de-las-brujas\\\/#primaryimage\",\"url\":\"https:\\\/\\\/fundesplai.org\\\/test-joomla\\\/wp-content\\\/uploads\\\/sites\\\/26\\\/2019\\\/03\\\/Cervantes-8m2.jpg\",\"contentUrl\":\"https:\\\/\\\/fundesplai.org\\\/test-joomla\\\/wp-content\\\/uploads\\\/sites\\\/26\\\/2019\\\/03\\\/Cervantes-8m2.jpg\"},{\"@type\":\"BreadcrumbList\",\"@id\":\"https:\\\/\\\/fundesplai.org\\\/es\\\/informa-t\\\/actualitat-es\\\/fundesplai-reivindica-la-igualdad-de-genero-a-partir-de-la-figura-de-las-brujas\\\/#breadcrumb\",\"itemListElement\":[{\"@type\":\"ListItem\",\"position\":1,\"name\":\"Inici\",\"item\":\"https:\\\/\\\/fundesplai.org\\\/es\\\/inicio\\\/\"},{\"@type\":\"ListItem\",\"position\":2,\"name\":\"Inf\u00f3rmate\",\"item\":\"https:\\\/\\\/fundesplai.org\\\/es\\\/informate\\\/\"},{\"@type\":\"ListItem\",\"position\":3,\"name\":\"Sin categor\u00eda\",\"item\":\"https:\\\/\\\/fundesplai.org\\\/es\\\/informa-t\\\/category\\\/sin-categoria\\\/\"},{\"@type\":\"ListItem\",\"position\":4,\"name\":\"Fundesplai reivindica la igualdad de g\u00e9nero a partir de la figura de las brujas\"}]},{\"@type\":\"WebSite\",\"@id\":\"https:\\\/\\\/fundesplai.org\\\/es\\\/#website\",\"url\":\"https:\\\/\\\/fundesplai.org\\\/es\\\/\",\"name\":\"Fundesplai\",\"description\":\"Eduquem per la conviv\u00e8ncia i la sostenibilitat\",\"potentialAction\":[{\"@type\":\"SearchAction\",\"target\":{\"@type\":\"EntryPoint\",\"urlTemplate\":\"https:\\\/\\\/fundesplai.org\\\/es\\\/?s={search_term_string}\"},\"query-input\":{\"@type\":\"PropertyValueSpecification\",\"valueRequired\":true,\"valueName\":\"search_term_string\"}}],\"inLanguage\":\"es\"},{\"@type\":\"Person\",\"@id\":\"https:\\\/\\\/fundesplai.org\\\/es\\\/#\\\/schema\\\/person\\\/c0e9e7466bb8ac06f5264324a6109733\",\"name\":\"Alfons Valle\",\"image\":{\"@type\":\"ImageObject\",\"inLanguage\":\"es\",\"@id\":\"https:\\\/\\\/secure.gravatar.com\\\/avatar\\\/71d95a3f99a068ba570ac1314ed6911a59c5ae3f22ffcf23631cd1a861a640bc?s=96&d=mm&r=g\",\"url\":\"https:\\\/\\\/secure.gravatar.com\\\/avatar\\\/71d95a3f99a068ba570ac1314ed6911a59c5ae3f22ffcf23631cd1a861a640bc?s=96&d=mm&r=g\",\"contentUrl\":\"https:\\\/\\\/secure.gravatar.com\\\/avatar\\\/71d95a3f99a068ba570ac1314ed6911a59c5ae3f22ffcf23631cd1a861a640bc?s=96&d=mm&r=g\",\"caption\":\"Alfons Valle\"},\"url\":\"https:\\\/\\\/fundesplai.org\\\/es\\\/informa-t\\\/author\\\/avalle\\\/\"}]}<\/script>\n<!-- \/ Yoast SEO plugin. -->","yoast_head_json":{"title":"Fundesplai reivindica la igualdad de g\u00e9nero a partir de la figura de las brujas - Fundesplai","robots":{"index":"index","follow":"follow","max-snippet":"max-snippet:-1","max-image-preview":"max-image-preview:large","max-video-preview":"max-video-preview:-1"},"canonical":"https:\/\/fundesplai.org\/es\/informa-t\/actualitat-es\/fundesplai-reivindica-la-igualdad-de-genero-a-partir-de-la-figura-de-las-brujas\/","og_locale":"es_ES","og_type":"article","og_title":"Fundesplai reivindica la igualdad de g\u00e9nero a partir de la figura de las brujas - Fundesplai","og_description":"Cerca de 20.000 ni\u00f1os de 114 esplais y 42 escuelas de toda Catalu\u00f1a donde Fundesplai est\u00e1 presente est\u00e1n participando en diferentes actividades para conmemorar el D\u00eda de las Mujeres con \u00abAbracadabra\u00bb, una iniciativa que reivindica la figura de las brujas como mujeres sabias.","og_url":"https:\/\/fundesplai.org\/es\/informa-t\/actualitat-es\/fundesplai-reivindica-la-igualdad-de-genero-a-partir-de-la-figura-de-las-brujas\/","og_site_name":"Fundesplai","article_published_time":"2019-03-08T10:53:37+00:00","og_image":[{"url":"https:\/\/fundesplai.org\/test-joomla\/wp-content\/uploads\/sites\/26\/2019\/03\/Cervantes-8m2.jpg","type":"","width":"","height":""}],"author":"Alfons Valle","twitter_card":"summary_large_image","twitter_misc":{"Escrito por":"Alfons Valle","Tiempo de lectura":"2 minutos"},"schema":{"@context":"https:\/\/schema.org","@graph":[{"@type":"Article","@id":"https:\/\/fundesplai.org\/es\/informa-t\/actualitat-es\/fundesplai-reivindica-la-igualdad-de-genero-a-partir-de-la-figura-de-las-brujas\/#article","isPartOf":{"@id":"https:\/\/fundesplai.org\/es\/informa-t\/actualitat-es\/fundesplai-reivindica-la-igualdad-de-genero-a-partir-de-la-figura-de-las-brujas\/"},"author":{"name":"Alfons Valle","@id":"https:\/\/fundesplai.org\/es\/#\/schema\/person\/c0e9e7466bb8ac06f5264324a6109733"},"headline":"Fundesplai reivindica la igualdad de g\u00e9nero a partir de la figura de las brujas","datePublished":"2019-03-08T10:53:37+00:00","mainEntityOfPage":{"@id":"https:\/\/fundesplai.org\/es\/informa-t\/actualitat-es\/fundesplai-reivindica-la-igualdad-de-genero-a-partir-de-la-figura-de-las-brujas\/"},"wordCount":477,"image":{"@id":"https:\/\/fundesplai.org\/es\/informa-t\/actualitat-es\/fundesplai-reivindica-la-igualdad-de-genero-a-partir-de-la-figura-de-las-brujas\/#primaryimage"},"thumbnailUrl":"https:\/\/fundesplai.org\/test-joomla\/wp-content\/uploads\/sites\/26\/2019\/03\/Cervantes-8m2.jpg","articleSection":["Actualitat"],"inLanguage":"es"},{"@type":"WebPage","@id":"https:\/\/fundesplai.org\/es\/informa-t\/actualitat-es\/fundesplai-reivindica-la-igualdad-de-genero-a-partir-de-la-figura-de-las-brujas\/","url":"https:\/\/fundesplai.org\/es\/informa-t\/actualitat-es\/fundesplai-reivindica-la-igualdad-de-genero-a-partir-de-la-figura-de-las-brujas\/","name":"Fundesplai reivindica la igualdad de g\u00e9nero a partir de la figura de las brujas - Fundesplai","isPartOf":{"@id":"https:\/\/fundesplai.org\/es\/#website"},"primaryImageOfPage":{"@id":"https:\/\/fundesplai.org\/es\/informa-t\/actualitat-es\/fundesplai-reivindica-la-igualdad-de-genero-a-partir-de-la-figura-de-las-brujas\/#primaryimage"},"image":{"@id":"https:\/\/fundesplai.org\/es\/informa-t\/actualitat-es\/fundesplai-reivindica-la-igualdad-de-genero-a-partir-de-la-figura-de-las-brujas\/#primaryimage"},"thumbnailUrl":"https:\/\/fundesplai.org\/test-joomla\/wp-content\/uploads\/sites\/26\/2019\/03\/Cervantes-8m2.jpg","datePublished":"2019-03-08T10:53:37+00:00","author":{"@id":"https:\/\/fundesplai.org\/es\/#\/schema\/person\/c0e9e7466bb8ac06f5264324a6109733"},"breadcrumb":{"@id":"https:\/\/fundesplai.org\/es\/informa-t\/actualitat-es\/fundesplai-reivindica-la-igualdad-de-genero-a-partir-de-la-figura-de-las-brujas\/#breadcrumb"},"inLanguage":"es","potentialAction":[{"@type":"ReadAction","target":["https:\/\/fundesplai.org\/es\/informa-t\/actualitat-es\/fundesplai-reivindica-la-igualdad-de-genero-a-partir-de-la-figura-de-las-brujas\/"]}]},{"@type":"ImageObject","inLanguage":"es","@id":"https:\/\/fundesplai.org\/es\/informa-t\/actualitat-es\/fundesplai-reivindica-la-igualdad-de-genero-a-partir-de-la-figura-de-las-brujas\/#primaryimage","url":"https:\/\/fundesplai.org\/test-joomla\/wp-content\/uploads\/sites\/26\/2019\/03\/Cervantes-8m2.jpg","contentUrl":"https:\/\/fundesplai.org\/test-joomla\/wp-content\/uploads\/sites\/26\/2019\/03\/Cervantes-8m2.jpg"},{"@type":"BreadcrumbList","@id":"https:\/\/fundesplai.org\/es\/informa-t\/actualitat-es\/fundesplai-reivindica-la-igualdad-de-genero-a-partir-de-la-figura-de-las-brujas\/#breadcrumb","itemListElement":[{"@type":"ListItem","position":1,"name":"Inici","item":"https:\/\/fundesplai.org\/es\/inicio\/"},{"@type":"ListItem","position":2,"name":"Inf\u00f3rmate","item":"https:\/\/fundesplai.org\/es\/informate\/"},{"@type":"ListItem","position":3,"name":"Sin categor\u00eda","item":"https:\/\/fundesplai.org\/es\/informa-t\/category\/sin-categoria\/"},{"@type":"ListItem","position":4,"name":"Fundesplai reivindica la igualdad de g\u00e9nero a partir de la figura de las brujas"}]},{"@type":"WebSite","@id":"https:\/\/fundesplai.org\/es\/#website","url":"https:\/\/fundesplai.org\/es\/","name":"Fundesplai","description":"Eduquem per la conviv\u00e8ncia i la sostenibilitat","potentialAction":[{"@type":"SearchAction","target":{"@type":"EntryPoint","urlTemplate":"https:\/\/fundesplai.org\/es\/?s={search_term_string}"},"query-input":{"@type":"PropertyValueSpecification","valueRequired":true,"valueName":"search_term_string"}}],"inLanguage":"es"},{"@type":"Person","@id":"https:\/\/fundesplai.org\/es\/#\/schema\/person\/c0e9e7466bb8ac06f5264324a6109733","name":"Alfons Valle","image":{"@type":"ImageObject","inLanguage":"es","@id":"https:\/\/secure.gravatar.com\/avatar\/71d95a3f99a068ba570ac1314ed6911a59c5ae3f22ffcf23631cd1a861a640bc?s=96&d=mm&r=g","url":"https:\/\/secure.gravatar.com\/avatar\/71d95a3f99a068ba570ac1314ed6911a59c5ae3f22ffcf23631cd1a861a640bc?s=96&d=mm&r=g","contentUrl":"https:\/\/secure.gravatar.com\/avatar\/71d95a3f99a068ba570ac1314ed6911a59c5ae3f22ffcf23631cd1a861a640bc?s=96&d=mm&r=g","caption":"Alfons Valle"},"url":"https:\/\/fundesplai.org\/es\/informa-t\/author\/avalle\/"}]}},"_links":{"self":[{"href":"https:\/\/fundesplai.org\/es\/wp-json\/wp\/v2\/posts\/47919","targetHints":{"allow":["GET"]}}],"collection":[{"href":"https:\/\/fundesplai.org\/es\/wp-json\/wp\/v2\/posts"}],"about":[{"href":"https:\/\/fundesplai.org\/es\/wp-json\/wp\/v2\/types\/post"}],"author":[{"embeddable":true,"href":"https:\/\/fundesplai.org\/es\/wp-json\/wp\/v2\/users\/9"}],"replies":[{"embeddable":true,"href":"https:\/\/fundesplai.org\/es\/wp-json\/wp\/v2\/comments?post=47919"}],"version-history":[{"count":0,"href":"https:\/\/fundesplai.org\/es\/wp-json\/wp\/v2\/posts\/47919\/revisions"}],"wp:attachment":[{"href":"https:\/\/fundesplai.org\/es\/wp-json\/wp\/v2\/media?parent=47919"}],"wp:term":[{"taxonomy":"category","embeddable":true,"href":"https:\/\/fundesplai.org\/es\/wp-json\/wp\/v2\/categories?post=47919"},{"taxonomy":"post_tag","embeddable":true,"href":"https:\/\/fundesplai.org\/es\/wp-json\/wp\/v2\/tags?post=47919"}],"curies":[{"name":"wp","href":"https:\/\/api.w.org\/{rel}","templated":true}]}}