{"id":47915,"date":"2019-03-04T14:29:19","date_gmt":"2019-03-04T13:29:19","guid":{"rendered":"https:\/\/fundesplai.org\/informa-t\/sense-categoria\/escuelas-y-esplais-celebran-carnaval\/"},"modified":"2023-10-02T12:27:50","modified_gmt":"2023-10-02T10:27:50","slug":"escuelas-y-esplais-celebran-carnaval","status":"publish","type":"post","link":"https:\/\/fundesplai.org\/es\/informa-t\/actualitat-es\/escuelas-y-esplais-celebran-carnaval\/","title":{"rendered":"\u00a1Escuelas y esplais celebran carnaval!"},"content":{"rendered":"<p>Durante toda la semana pasada y especialmente el viernes 1 de marzo y el fin de semana, escuelas donde Fundesplai est\u00e1 presente y esplais de la Federaci\u00f3 Catalana del Esplai han celebrado el carnaval. Una actividad colectiva que sirve para reforzar valores como la creatividad, el trabajo en equipo y la solidaridad.<\/p>\n<p><!--more--><\/p>\n<p>Durante toda la semana pasada y especialmente el viernes 1 de marzo y el fin de semana, escuelas donde Fundesplai est\u00e1 presente y esplais de la Federaci\u00f3 Catalana del Esplai han celebrado el carnaval. Una actividad colectiva que sirve para reforzar valores como la creatividad, el trabajo en equipo y la solidaridad. Tambi\u00e9n en CENTRE ESPLAI animamos la tradicional r\u00faa de carnaval de los ni\u00f1os de Sant Cosme, en El Prat de Llobregat.<\/p>\n<table style=\"height: 37px;width: 100%\">\n<tbody>\n<tr>\n<td><span style=\"color: #000000\"><img decoding=\"async\" class=\" size-full wp-image-6355\" src=\"https:\/\/fundesplai.org\/test-joomla\/wp-content\/uploads\/sites\/26\/2019\/03\/carnestoltes-escola2-web.jpg\" alt=\"carnestoltes escola2 web\" width=\"100%\" height=\"NaN\"><\/span><\/td>\n<td><img decoding=\"async\" class=\" size-full wp-image-6363\" src=\"https:\/\/fundesplai.org\/test-joomla\/wp-content\/uploads\/sites\/26\/2019\/03\/carnestoltes-pubilla-web.jpg\" alt=\"carnestoltes pubilla web\" width=\"100%\" height=\"NaN\"><\/td>\n<\/tr>\n<tr>\n<td><img decoding=\"async\" class=\" size-full wp-image-6367\" src=\"https:\/\/fundesplai.org\/test-joomla\/wp-content\/uploads\/sites\/26\/2019\/03\/carnestoltes-espurnes-web.jpg\" alt=\"carnestoltes espurnes web\" width=\"100%\" height=\"NaN\"><\/td>\n<td><img decoding=\"async\" class=\" size-full wp-image-6368\" src=\"https:\/\/fundesplai.org\/test-joomla\/wp-content\/uploads\/sites\/26\/2019\/03\/carnestoltes-escola1-web.jpg\" alt=\"carnestoltes escola1 web\" width=\"100%\" height=\"NaN\"><\/td>\n<\/tr>\n<tr>\n<td colspan=\"2\"><img decoding=\"async\" class=\" size-full wp-image-6374\" src=\"https:\/\/fundesplai.org\/test-joomla\/wp-content\/uploads\/sites\/26\/2019\/03\/Tot-el-grup-carnestoltes-2019-centre-esplai-web.jpg\" alt=\"Todo el grupo carnaval 2019 centro esplai web\" width=\"100%\" height=\"NaN\"><\/td>\n<\/tr>\n<\/tbody>\n<\/table>\n","protected":false},"excerpt":{"rendered":"<p>Durante toda la semana pasada y especialmente el viernes 1 de marzo y el fin de semana, escuelas donde Fundesplai est\u00e1 presente y esplais de la Federaci\u00f3 Catalana del Esplai han celebrado el carnaval. Una actividad colectiva que sirve para reforzar valores como la creatividad, el trabajo en equipo y la solidaridad.<\/p>\n","protected":false},"author":4,"featured_media":0,"comment_status":"closed","ping_status":"closed","sticky":false,"template":"","format":"standard","meta":{"_et_pb_use_builder":"","_et_pb_old_content":"","_et_gb_content_width":"","footnotes":""},"categories":[937],"tags":[],"class_list":["post-47915","post","type-post","status-publish","format-standard","hentry","category-actualitat-es"],"yoast_head":"<!-- This site is optimized with the Yoast SEO plugin v27.4 - https:\/\/yoast.com\/product\/yoast-seo-wordpress\/ -->\n<title>\u00a1Escuelas y esplais celebran carnaval! - Fundesplai<\/title>\n<meta name=\"robots\" content=\"index, follow, max-snippet:-1, max-image-preview:large, max-video-preview:-1\" \/>\n<link rel=\"canonical\" href=\"https:\/\/fundesplai.org\/es\/informa-t\/actualitat-es\/escuelas-y-esplais-celebran-carnaval\/\" \/>\n<meta property=\"og:locale\" content=\"es_ES\" \/>\n<meta property=\"og:type\" content=\"article\" \/>\n<meta property=\"og:title\" content=\"\u00a1Escuelas y esplais celebran carnaval! - Fundesplai\" \/>\n<meta property=\"og:description\" content=\"Durante toda la semana pasada y especialmente el viernes 1 de marzo y el fin de semana, escuelas donde Fundesplai est\u00e1 presente y esplais de la Federaci\u00f3 Catalana del Esplai han celebrado el carnaval. Una actividad colectiva que sirve para reforzar valores como la creatividad, el trabajo en equipo y la solidaridad.\" \/>\n<meta property=\"og:url\" content=\"https:\/\/fundesplai.org\/es\/informa-t\/actualitat-es\/escuelas-y-esplais-celebran-carnaval\/\" \/>\n<meta property=\"og:site_name\" content=\"Fundesplai\" \/>\n<meta property=\"article:published_time\" content=\"2019-03-04T13:29:19+00:00\" \/>\n<meta property=\"article:modified_time\" content=\"2023-10-02T10:27:50+00:00\" \/>\n<meta property=\"og:image\" content=\"https:\/\/fundesplai.org\/test-joomla\/wp-content\/uploads\/sites\/26\/2019\/03\/carnestoltes-escola2-web.jpg\" \/>\n<meta name=\"author\" content=\"Ferran\" \/>\n<meta name=\"twitter:card\" content=\"summary_large_image\" \/>\n<meta name=\"twitter:label1\" content=\"Escrito por\" \/>\n\t<meta name=\"twitter:data1\" content=\"Ferran\" \/>\n\t<meta name=\"twitter:label2\" content=\"Tiempo de lectura\" \/>\n\t<meta name=\"twitter:data2\" content=\"1 minuto\" \/>\n<script type=\"application\/ld+json\" class=\"yoast-schema-graph\">{\"@context\":\"https:\\\/\\\/schema.org\",\"@graph\":[{\"@type\":\"Article\",\"@id\":\"https:\\\/\\\/fundesplai.org\\\/es\\\/informa-t\\\/actualitat-es\\\/escuelas-y-esplais-celebran-carnaval\\\/#article\",\"isPartOf\":{\"@id\":\"https:\\\/\\\/fundesplai.org\\\/es\\\/informa-t\\\/actualitat-es\\\/escuelas-y-esplais-celebran-carnaval\\\/\"},\"author\":{\"name\":\"Ferran\",\"@id\":\"https:\\\/\\\/fundesplai.org\\\/es\\\/#\\\/schema\\\/person\\\/67e7825d8ec54561cc24e36ba6b0f633\"},\"headline\":\"\u00a1Escuelas y esplais celebran carnaval!\",\"datePublished\":\"2019-03-04T13:29:19+00:00\",\"dateModified\":\"2023-10-02T10:27:50+00:00\",\"mainEntityOfPage\":{\"@id\":\"https:\\\/\\\/fundesplai.org\\\/es\\\/informa-t\\\/actualitat-es\\\/escuelas-y-esplais-celebran-carnaval\\\/\"},\"wordCount\":131,\"image\":{\"@id\":\"https:\\\/\\\/fundesplai.org\\\/es\\\/informa-t\\\/actualitat-es\\\/escuelas-y-esplais-celebran-carnaval\\\/#primaryimage\"},\"thumbnailUrl\":\"https:\\\/\\\/fundesplai.org\\\/test-joomla\\\/wp-content\\\/uploads\\\/sites\\\/26\\\/2019\\\/03\\\/carnestoltes-escola2-web.jpg\",\"articleSection\":[\"Actualitat\"],\"inLanguage\":\"es\"},{\"@type\":\"WebPage\",\"@id\":\"https:\\\/\\\/fundesplai.org\\\/es\\\/informa-t\\\/actualitat-es\\\/escuelas-y-esplais-celebran-carnaval\\\/\",\"url\":\"https:\\\/\\\/fundesplai.org\\\/es\\\/informa-t\\\/actualitat-es\\\/escuelas-y-esplais-celebran-carnaval\\\/\",\"name\":\"\u00a1Escuelas y esplais celebran carnaval! - Fundesplai\",\"isPartOf\":{\"@id\":\"https:\\\/\\\/fundesplai.org\\\/es\\\/#website\"},\"primaryImageOfPage\":{\"@id\":\"https:\\\/\\\/fundesplai.org\\\/es\\\/informa-t\\\/actualitat-es\\\/escuelas-y-esplais-celebran-carnaval\\\/#primaryimage\"},\"image\":{\"@id\":\"https:\\\/\\\/fundesplai.org\\\/es\\\/informa-t\\\/actualitat-es\\\/escuelas-y-esplais-celebran-carnaval\\\/#primaryimage\"},\"thumbnailUrl\":\"https:\\\/\\\/fundesplai.org\\\/test-joomla\\\/wp-content\\\/uploads\\\/sites\\\/26\\\/2019\\\/03\\\/carnestoltes-escola2-web.jpg\",\"datePublished\":\"2019-03-04T13:29:19+00:00\",\"dateModified\":\"2023-10-02T10:27:50+00:00\",\"author\":{\"@id\":\"https:\\\/\\\/fundesplai.org\\\/es\\\/#\\\/schema\\\/person\\\/67e7825d8ec54561cc24e36ba6b0f633\"},\"breadcrumb\":{\"@id\":\"https:\\\/\\\/fundesplai.org\\\/es\\\/informa-t\\\/actualitat-es\\\/escuelas-y-esplais-celebran-carnaval\\\/#breadcrumb\"},\"inLanguage\":\"es\",\"potentialAction\":[{\"@type\":\"ReadAction\",\"target\":[\"https:\\\/\\\/fundesplai.org\\\/es\\\/informa-t\\\/actualitat-es\\\/escuelas-y-esplais-celebran-carnaval\\\/\"]}]},{\"@type\":\"ImageObject\",\"inLanguage\":\"es\",\"@id\":\"https:\\\/\\\/fundesplai.org\\\/es\\\/informa-t\\\/actualitat-es\\\/escuelas-y-esplais-celebran-carnaval\\\/#primaryimage\",\"url\":\"https:\\\/\\\/fundesplai.org\\\/test-joomla\\\/wp-content\\\/uploads\\\/sites\\\/26\\\/2019\\\/03\\\/carnestoltes-escola2-web.jpg\",\"contentUrl\":\"https:\\\/\\\/fundesplai.org\\\/test-joomla\\\/wp-content\\\/uploads\\\/sites\\\/26\\\/2019\\\/03\\\/carnestoltes-escola2-web.jpg\"},{\"@type\":\"BreadcrumbList\",\"@id\":\"https:\\\/\\\/fundesplai.org\\\/es\\\/informa-t\\\/actualitat-es\\\/escuelas-y-esplais-celebran-carnaval\\\/#breadcrumb\",\"itemListElement\":[{\"@type\":\"ListItem\",\"position\":1,\"name\":\"Inici\",\"item\":\"https:\\\/\\\/fundesplai.org\\\/es\\\/inicio\\\/\"},{\"@type\":\"ListItem\",\"position\":2,\"name\":\"Inf\u00f3rmate\",\"item\":\"https:\\\/\\\/fundesplai.org\\\/es\\\/informate\\\/\"},{\"@type\":\"ListItem\",\"position\":3,\"name\":\"Actualitat\",\"item\":\"https:\\\/\\\/fundesplai.org\\\/es\\\/informa-t\\\/category\\\/actualitat-es\\\/\"},{\"@type\":\"ListItem\",\"position\":4,\"name\":\"\u00a1Escuelas y esplais celebran carnaval!\"}]},{\"@type\":\"WebSite\",\"@id\":\"https:\\\/\\\/fundesplai.org\\\/es\\\/#website\",\"url\":\"https:\\\/\\\/fundesplai.org\\\/es\\\/\",\"name\":\"Fundesplai\",\"description\":\"Eduquem per la conviv\u00e8ncia i la sostenibilitat\",\"potentialAction\":[{\"@type\":\"SearchAction\",\"target\":{\"@type\":\"EntryPoint\",\"urlTemplate\":\"https:\\\/\\\/fundesplai.org\\\/es\\\/?s={search_term_string}\"},\"query-input\":{\"@type\":\"PropertyValueSpecification\",\"valueRequired\":true,\"valueName\":\"search_term_string\"}}],\"inLanguage\":\"es\"},{\"@type\":\"Person\",\"@id\":\"https:\\\/\\\/fundesplai.org\\\/es\\\/#\\\/schema\\\/person\\\/67e7825d8ec54561cc24e36ba6b0f633\",\"name\":\"Ferran\",\"image\":{\"@type\":\"ImageObject\",\"inLanguage\":\"es\",\"@id\":\"https:\\\/\\\/secure.gravatar.com\\\/avatar\\\/a3510350976b58aae6eccd1e36f066b660a69ef63f97fde3cba8205db7db816a?s=96&d=mm&r=g\",\"url\":\"https:\\\/\\\/secure.gravatar.com\\\/avatar\\\/a3510350976b58aae6eccd1e36f066b660a69ef63f97fde3cba8205db7db816a?s=96&d=mm&r=g\",\"contentUrl\":\"https:\\\/\\\/secure.gravatar.com\\\/avatar\\\/a3510350976b58aae6eccd1e36f066b660a69ef63f97fde3cba8205db7db816a?s=96&d=mm&r=g\",\"caption\":\"Ferran\"},\"url\":\"https:\\\/\\\/fundesplai.org\\\/es\\\/informa-t\\\/author\\\/fvidal\\\/\"}]}<\/script>\n<!-- \/ Yoast SEO plugin. -->","yoast_head_json":{"title":"\u00a1Escuelas y esplais celebran carnaval! - Fundesplai","robots":{"index":"index","follow":"follow","max-snippet":"max-snippet:-1","max-image-preview":"max-image-preview:large","max-video-preview":"max-video-preview:-1"},"canonical":"https:\/\/fundesplai.org\/es\/informa-t\/actualitat-es\/escuelas-y-esplais-celebran-carnaval\/","og_locale":"es_ES","og_type":"article","og_title":"\u00a1Escuelas y esplais celebran carnaval! - Fundesplai","og_description":"Durante toda la semana pasada y especialmente el viernes 1 de marzo y el fin de semana, escuelas donde Fundesplai est\u00e1 presente y esplais de la Federaci\u00f3 Catalana del Esplai han celebrado el carnaval. Una actividad colectiva que sirve para reforzar valores como la creatividad, el trabajo en equipo y la solidaridad.","og_url":"https:\/\/fundesplai.org\/es\/informa-t\/actualitat-es\/escuelas-y-esplais-celebran-carnaval\/","og_site_name":"Fundesplai","article_published_time":"2019-03-04T13:29:19+00:00","article_modified_time":"2023-10-02T10:27:50+00:00","og_image":[{"url":"https:\/\/fundesplai.org\/test-joomla\/wp-content\/uploads\/sites\/26\/2019\/03\/carnestoltes-escola2-web.jpg","type":"","width":"","height":""}],"author":"Ferran","twitter_card":"summary_large_image","twitter_misc":{"Escrito por":"Ferran","Tiempo de lectura":"1 minuto"},"schema":{"@context":"https:\/\/schema.org","@graph":[{"@type":"Article","@id":"https:\/\/fundesplai.org\/es\/informa-t\/actualitat-es\/escuelas-y-esplais-celebran-carnaval\/#article","isPartOf":{"@id":"https:\/\/fundesplai.org\/es\/informa-t\/actualitat-es\/escuelas-y-esplais-celebran-carnaval\/"},"author":{"name":"Ferran","@id":"https:\/\/fundesplai.org\/es\/#\/schema\/person\/67e7825d8ec54561cc24e36ba6b0f633"},"headline":"\u00a1Escuelas y esplais celebran carnaval!","datePublished":"2019-03-04T13:29:19+00:00","dateModified":"2023-10-02T10:27:50+00:00","mainEntityOfPage":{"@id":"https:\/\/fundesplai.org\/es\/informa-t\/actualitat-es\/escuelas-y-esplais-celebran-carnaval\/"},"wordCount":131,"image":{"@id":"https:\/\/fundesplai.org\/es\/informa-t\/actualitat-es\/escuelas-y-esplais-celebran-carnaval\/#primaryimage"},"thumbnailUrl":"https:\/\/fundesplai.org\/test-joomla\/wp-content\/uploads\/sites\/26\/2019\/03\/carnestoltes-escola2-web.jpg","articleSection":["Actualitat"],"inLanguage":"es"},{"@type":"WebPage","@id":"https:\/\/fundesplai.org\/es\/informa-t\/actualitat-es\/escuelas-y-esplais-celebran-carnaval\/","url":"https:\/\/fundesplai.org\/es\/informa-t\/actualitat-es\/escuelas-y-esplais-celebran-carnaval\/","name":"\u00a1Escuelas y esplais celebran carnaval! - Fundesplai","isPartOf":{"@id":"https:\/\/fundesplai.org\/es\/#website"},"primaryImageOfPage":{"@id":"https:\/\/fundesplai.org\/es\/informa-t\/actualitat-es\/escuelas-y-esplais-celebran-carnaval\/#primaryimage"},"image":{"@id":"https:\/\/fundesplai.org\/es\/informa-t\/actualitat-es\/escuelas-y-esplais-celebran-carnaval\/#primaryimage"},"thumbnailUrl":"https:\/\/fundesplai.org\/test-joomla\/wp-content\/uploads\/sites\/26\/2019\/03\/carnestoltes-escola2-web.jpg","datePublished":"2019-03-04T13:29:19+00:00","dateModified":"2023-10-02T10:27:50+00:00","author":{"@id":"https:\/\/fundesplai.org\/es\/#\/schema\/person\/67e7825d8ec54561cc24e36ba6b0f633"},"breadcrumb":{"@id":"https:\/\/fundesplai.org\/es\/informa-t\/actualitat-es\/escuelas-y-esplais-celebran-carnaval\/#breadcrumb"},"inLanguage":"es","potentialAction":[{"@type":"ReadAction","target":["https:\/\/fundesplai.org\/es\/informa-t\/actualitat-es\/escuelas-y-esplais-celebran-carnaval\/"]}]},{"@type":"ImageObject","inLanguage":"es","@id":"https:\/\/fundesplai.org\/es\/informa-t\/actualitat-es\/escuelas-y-esplais-celebran-carnaval\/#primaryimage","url":"https:\/\/fundesplai.org\/test-joomla\/wp-content\/uploads\/sites\/26\/2019\/03\/carnestoltes-escola2-web.jpg","contentUrl":"https:\/\/fundesplai.org\/test-joomla\/wp-content\/uploads\/sites\/26\/2019\/03\/carnestoltes-escola2-web.jpg"},{"@type":"BreadcrumbList","@id":"https:\/\/fundesplai.org\/es\/informa-t\/actualitat-es\/escuelas-y-esplais-celebran-carnaval\/#breadcrumb","itemListElement":[{"@type":"ListItem","position":1,"name":"Inici","item":"https:\/\/fundesplai.org\/es\/inicio\/"},{"@type":"ListItem","position":2,"name":"Inf\u00f3rmate","item":"https:\/\/fundesplai.org\/es\/informate\/"},{"@type":"ListItem","position":3,"name":"Actualitat","item":"https:\/\/fundesplai.org\/es\/informa-t\/category\/actualitat-es\/"},{"@type":"ListItem","position":4,"name":"\u00a1Escuelas y esplais celebran carnaval!"}]},{"@type":"WebSite","@id":"https:\/\/fundesplai.org\/es\/#website","url":"https:\/\/fundesplai.org\/es\/","name":"Fundesplai","description":"Eduquem per la conviv\u00e8ncia i la sostenibilitat","potentialAction":[{"@type":"SearchAction","target":{"@type":"EntryPoint","urlTemplate":"https:\/\/fundesplai.org\/es\/?s={search_term_string}"},"query-input":{"@type":"PropertyValueSpecification","valueRequired":true,"valueName":"search_term_string"}}],"inLanguage":"es"},{"@type":"Person","@id":"https:\/\/fundesplai.org\/es\/#\/schema\/person\/67e7825d8ec54561cc24e36ba6b0f633","name":"Ferran","image":{"@type":"ImageObject","inLanguage":"es","@id":"https:\/\/secure.gravatar.com\/avatar\/a3510350976b58aae6eccd1e36f066b660a69ef63f97fde3cba8205db7db816a?s=96&d=mm&r=g","url":"https:\/\/secure.gravatar.com\/avatar\/a3510350976b58aae6eccd1e36f066b660a69ef63f97fde3cba8205db7db816a?s=96&d=mm&r=g","contentUrl":"https:\/\/secure.gravatar.com\/avatar\/a3510350976b58aae6eccd1e36f066b660a69ef63f97fde3cba8205db7db816a?s=96&d=mm&r=g","caption":"Ferran"},"url":"https:\/\/fundesplai.org\/es\/informa-t\/author\/fvidal\/"}]}},"_links":{"self":[{"href":"https:\/\/fundesplai.org\/es\/wp-json\/wp\/v2\/posts\/47915","targetHints":{"allow":["GET"]}}],"collection":[{"href":"https:\/\/fundesplai.org\/es\/wp-json\/wp\/v2\/posts"}],"about":[{"href":"https:\/\/fundesplai.org\/es\/wp-json\/wp\/v2\/types\/post"}],"author":[{"embeddable":true,"href":"https:\/\/fundesplai.org\/es\/wp-json\/wp\/v2\/users\/4"}],"replies":[{"embeddable":true,"href":"https:\/\/fundesplai.org\/es\/wp-json\/wp\/v2\/comments?post=47915"}],"version-history":[{"count":3,"href":"https:\/\/fundesplai.org\/es\/wp-json\/wp\/v2\/posts\/47915\/revisions"}],"predecessor-version":[{"id":56138,"href":"https:\/\/fundesplai.org\/es\/wp-json\/wp\/v2\/posts\/47915\/revisions\/56138"}],"wp:attachment":[{"href":"https:\/\/fundesplai.org\/es\/wp-json\/wp\/v2\/media?parent=47915"}],"wp:term":[{"taxonomy":"category","embeddable":true,"href":"https:\/\/fundesplai.org\/es\/wp-json\/wp\/v2\/categories?post=47915"},{"taxonomy":"post_tag","embeddable":true,"href":"https:\/\/fundesplai.org\/es\/wp-json\/wp\/v2\/tags?post=47915"}],"curies":[{"name":"wp","href":"https:\/\/api.w.org\/{rel}","templated":true}]}}