{"id":47910,"date":"2019-02-25T14:51:13","date_gmt":"2019-02-25T13:51:13","guid":{"rendered":"https:\/\/fundesplai.org\/informa-t\/sense-categoria\/cerca-de-400-monitores-as-se-reunen-en-centre-esplai-por-el-agofedesplai\/"},"modified":"2019-02-25T14:51:13","modified_gmt":"2019-02-25T13:51:13","slug":"cerca-de-400-monitores-as-se-reunen-en-centre-esplai-por-el-agofedesplai","status":"publish","type":"post","link":"https:\/\/fundesplai.org\/es\/informa-t\/actualitat-es\/cerca-de-400-monitores-as-se-reunen-en-centre-esplai-por-el-agofedesplai\/","title":{"rendered":"Cerca de 400 monitores\/as se re\u00fanen en Centre Esplai por el Agofedesplai"},"content":{"rendered":"<p>Cerca de 400 monitoras y monitoras de esplais de toda Catalu\u00f1a participaron el s\u00e1bado 23 de febrero en la 22\u00aa Jornada anual de la Federaci\u00f3n Catalana del Esplai que incluye la asamblea anual de la entidad y un d\u00eda formativo.<\/p>\n<p><!--more--><\/p>\n<p class=\"intro\"><span style=\"background-color: transparent\">Cerca de 400 monitoras y monitoras de esplais de toda Catalu\u00f1a participaron el s\u00e1bado 23 de febrero en la 22\u00aa Jornada anual de la Federaci\u00f3n Catalana del Esplai que incluye la asamblea anual de la entidad y un d\u00eda formativo.<\/span><\/p>\n<table style=\"height: 55px;width: 100%\">\n<tbody>\n<tr>\n<td colspan=\"2\"><img decoding=\"async\" class=\" size-full wp-image-6300\" src=\"https:\/\/fundesplai.org\/test-joomla\/wp-content\/uploads\/sites\/26\/2019\/02\/agofedesplai19.jpg\" alt=\"agofedesplai19\" width=\"100%\" height=\"NaN\"><\/td>\n<\/tr>\n<tr>\n<td><img decoding=\"async\" class=\" size-full wp-image-6304\" src=\"https:\/\/fundesplai.org\/test-joomla\/wp-content\/uploads\/sites\/26\/2019\/02\/agofede-sheila.jpg\" alt=\"agofede sheila\" width=\"100%\" height=\"NaN\"><\/td>\n<td><img decoding=\"async\" class=\" size-full wp-image-6312\" src=\"https:\/\/fundesplai.org\/test-joomla\/wp-content\/uploads\/sites\/26\/2019\/02\/agofede-parlament.jpg\" alt=\"agofede parlament\" width=\"100%\" height=\"NaN\"><\/td>\n<\/tr>\n<tr>\n<td><img decoding=\"async\" class=\" size-full wp-image-6313\" src=\"https:\/\/fundesplai.org\/test-joomla\/wp-content\/uploads\/sites\/26\/2019\/02\/agofede-auditori.jpg\" alt=\"agofede auditori\" width=\"100%\" height=\"NaN\"><\/td>\n<td><a href=\"https:\/\/www.ccma.cat\/tv3\/alacarta\/telenoticies\/la-22a-jornada-de-la-federacio-catalana-de-lesplai-fundesplai-forma-els-monitors-en-leducacio-en-la-igualtat\/video\/5824747\/\"><img decoding=\"async\" class=\" size-full wp-image-6316\" src=\"https:\/\/fundesplai.org\/test-joomla\/wp-content\/uploads\/sites\/26\/2019\/02\/agofede-tv3.jpg\" alt=\"agofede tv3\" width=\"100%\" height=\"NaN\"><\/a><\/td>\n<\/tr>\n<tr>\n<td>&nbsp;<\/td>\n<td style=\"text-align: center\"><strong>\u00a1Ve el v\u00eddeo de TV3 sobre la jornada!<\/strong><\/td>\n<\/tr>\n<\/tbody>\n<\/table>\n<p class=\"Default\">La jornada, que se celebr\u00f3 en CENTRO ESPLAI (El Prat de Llobregat) empez\u00f3 con las palabras de <strong>Sheila Beltran<\/strong>, presidenta de la Federaci\u00f3n Catalana del Esplai que inform\u00f3 que, en el \u00faltimo ejercicio, el impacto de las actividades de los esplais federados ha llegado a 17.129 ni\u00f1os y j\u00f3venes, un 6,3% m\u00e1s que en el curso anterior. Posteriormente, intervinieron <strong>Carles Xifra<\/strong>, &nbsp;Director \u00c1rea de Innovaci\u00f3n y Contenidos de Fundesplai,&nbsp;<strong>Cesc Poch,<\/strong> Director general de la Agencia Catalana de la Juventud, que destacaron la importancia de la labor educativa de monitoras y monitores.<\/p>\n<p class=\"Default\">Adem\u00e1s, se organizaron diferentes talleres para ofrecer recursos pedag\u00f3gicos y de gesti\u00f3n a monitores y monitores. Entre las formaciones desarrolladas, destacaron las&nbsp; centradas en el \u00e1mbito de la igualdad de g\u00e9nero y la violencia cero y que abordaron c\u00f3mo trabajar temas de feminismo y de g\u00e9nero a trav\u00e9s del juego; la educaci\u00f3n emocional; los juegos cooperativos o el taller <em>\u00abLos armarios son por la ropa\u00bb<\/em> para promover una mirada positiva y apoderada sobre el colectivo LGBTI con el objetivo de prevenir la discriminaci\u00f3n y el acoso escolar LGBTIf\u00f3bico.<\/p>\n<p class=\"Default\">Estas formaciones se enmarcan en <strong><a href=\"http:\/\/projectes.fundesplai.org\/encoratjat\/\">\u00abEnCORatja&#8217;t<\/a><\/strong>\u00ab, la propuesta educativa por la igualdad de g\u00e9nero y la violencia cero que, desde el curso pasado, Fundesplai est\u00e1 trabajando en los esplais y las escuelas donde est\u00e1 presente y que llegar\u00e1 a m\u00e1s de 85.000 ni\u00f1os y j\u00f3venes.<\/p>\n<p>En paralelo se celebr\u00f3 la Asamblea General donde se acord\u00f3 el plan de actuaci\u00f3n para 2019 &nbsp;y se puso en com\u00fan el proyecto realizado por la Federaci\u00f3n a lo largo de 2018.<\/p>\n<p>La federaci\u00f3n es la entidad que, integrada en Fundesplai, re\u00fane 113 esplais y proyectos de ocio de 47 municipios de 18 comarcas catalanas, con 1.500 monitores y monitores.<\/p>\n","protected":false},"excerpt":{"rendered":"<p>Cerca de 400 monitoras y monitoras de esplais de toda Catalu\u00f1a participaron el s\u00e1bado 23 de febrero en la 22\u00aa Jornada anual de la Federaci\u00f3n Catalana del Esplai que incluye la asamblea anual de la entidad y un d\u00eda formativo.<\/p>\n","protected":false},"author":9,"featured_media":0,"comment_status":"closed","ping_status":"closed","sticky":false,"template":"","format":"standard","meta":{"_et_pb_use_builder":"","_et_pb_old_content":"","_et_gb_content_width":"","footnotes":""},"categories":[937],"tags":[],"class_list":["post-47910","post","type-post","status-publish","format-standard","hentry","category-actualitat-es"],"yoast_head":"<!-- This site is optimized with the Yoast SEO plugin v27.4 - https:\/\/yoast.com\/product\/yoast-seo-wordpress\/ -->\n<title>Cerca de 400 monitores\/as se re\u00fanen en Centre Esplai por el Agofedesplai - Fundesplai<\/title>\n<meta name=\"robots\" content=\"index, follow, max-snippet:-1, max-image-preview:large, max-video-preview:-1\" \/>\n<link rel=\"canonical\" href=\"https:\/\/fundesplai.org\/es\/informa-t\/actualitat-es\/cerca-de-400-monitores-as-se-reunen-en-centre-esplai-por-el-agofedesplai\/\" \/>\n<meta property=\"og:locale\" content=\"es_ES\" \/>\n<meta property=\"og:type\" content=\"article\" \/>\n<meta property=\"og:title\" content=\"Cerca de 400 monitores\/as se re\u00fanen en Centre Esplai por el Agofedesplai - Fundesplai\" \/>\n<meta property=\"og:description\" content=\"Cerca de 400 monitoras y monitoras de esplais de toda Catalu\u00f1a participaron el s\u00e1bado 23 de febrero en la 22\u00aa Jornada anual de la Federaci\u00f3n Catalana del Esplai que incluye la asamblea anual de la entidad y un d\u00eda formativo.\" \/>\n<meta property=\"og:url\" content=\"https:\/\/fundesplai.org\/es\/informa-t\/actualitat-es\/cerca-de-400-monitores-as-se-reunen-en-centre-esplai-por-el-agofedesplai\/\" \/>\n<meta property=\"og:site_name\" content=\"Fundesplai\" \/>\n<meta property=\"article:published_time\" content=\"2019-02-25T13:51:13+00:00\" \/>\n<meta property=\"og:image\" content=\"https:\/\/fundesplai.org\/test-joomla\/wp-content\/uploads\/sites\/26\/2019\/02\/agofedesplai19.jpg\" \/>\n<meta name=\"author\" content=\"Alfons Valle\" \/>\n<meta name=\"twitter:card\" content=\"summary_large_image\" \/>\n<meta name=\"twitter:label1\" content=\"Escrito por\" \/>\n\t<meta name=\"twitter:data1\" content=\"Alfons Valle\" \/>\n\t<meta name=\"twitter:label2\" content=\"Tiempo de lectura\" \/>\n\t<meta name=\"twitter:data2\" content=\"2 minutos\" \/>\n<script type=\"application\/ld+json\" class=\"yoast-schema-graph\">{\"@context\":\"https:\\\/\\\/schema.org\",\"@graph\":[{\"@type\":\"Article\",\"@id\":\"https:\\\/\\\/fundesplai.org\\\/es\\\/informa-t\\\/actualitat-es\\\/cerca-de-400-monitores-as-se-reunen-en-centre-esplai-por-el-agofedesplai\\\/#article\",\"isPartOf\":{\"@id\":\"https:\\\/\\\/fundesplai.org\\\/es\\\/informa-t\\\/actualitat-es\\\/cerca-de-400-monitores-as-se-reunen-en-centre-esplai-por-el-agofedesplai\\\/\"},\"author\":{\"name\":\"Alfons Valle\",\"@id\":\"https:\\\/\\\/fundesplai.org\\\/es\\\/#\\\/schema\\\/person\\\/c0e9e7466bb8ac06f5264324a6109733\"},\"headline\":\"Cerca de 400 monitores\\\/as se re\u00fanen en Centre Esplai por el Agofedesplai\",\"datePublished\":\"2019-02-25T13:51:13+00:00\",\"mainEntityOfPage\":{\"@id\":\"https:\\\/\\\/fundesplai.org\\\/es\\\/informa-t\\\/actualitat-es\\\/cerca-de-400-monitores-as-se-reunen-en-centre-esplai-por-el-agofedesplai\\\/\"},\"wordCount\":410,\"image\":{\"@id\":\"https:\\\/\\\/fundesplai.org\\\/es\\\/informa-t\\\/actualitat-es\\\/cerca-de-400-monitores-as-se-reunen-en-centre-esplai-por-el-agofedesplai\\\/#primaryimage\"},\"thumbnailUrl\":\"https:\\\/\\\/fundesplai.org\\\/test-joomla\\\/wp-content\\\/uploads\\\/sites\\\/26\\\/2019\\\/02\\\/agofedesplai19.jpg\",\"articleSection\":[\"Actualitat\"],\"inLanguage\":\"es\"},{\"@type\":\"WebPage\",\"@id\":\"https:\\\/\\\/fundesplai.org\\\/es\\\/informa-t\\\/actualitat-es\\\/cerca-de-400-monitores-as-se-reunen-en-centre-esplai-por-el-agofedesplai\\\/\",\"url\":\"https:\\\/\\\/fundesplai.org\\\/es\\\/informa-t\\\/actualitat-es\\\/cerca-de-400-monitores-as-se-reunen-en-centre-esplai-por-el-agofedesplai\\\/\",\"name\":\"Cerca de 400 monitores\\\/as se re\u00fanen en Centre Esplai por el Agofedesplai - Fundesplai\",\"isPartOf\":{\"@id\":\"https:\\\/\\\/fundesplai.org\\\/es\\\/#website\"},\"primaryImageOfPage\":{\"@id\":\"https:\\\/\\\/fundesplai.org\\\/es\\\/informa-t\\\/actualitat-es\\\/cerca-de-400-monitores-as-se-reunen-en-centre-esplai-por-el-agofedesplai\\\/#primaryimage\"},\"image\":{\"@id\":\"https:\\\/\\\/fundesplai.org\\\/es\\\/informa-t\\\/actualitat-es\\\/cerca-de-400-monitores-as-se-reunen-en-centre-esplai-por-el-agofedesplai\\\/#primaryimage\"},\"thumbnailUrl\":\"https:\\\/\\\/fundesplai.org\\\/test-joomla\\\/wp-content\\\/uploads\\\/sites\\\/26\\\/2019\\\/02\\\/agofedesplai19.jpg\",\"datePublished\":\"2019-02-25T13:51:13+00:00\",\"author\":{\"@id\":\"https:\\\/\\\/fundesplai.org\\\/es\\\/#\\\/schema\\\/person\\\/c0e9e7466bb8ac06f5264324a6109733\"},\"breadcrumb\":{\"@id\":\"https:\\\/\\\/fundesplai.org\\\/es\\\/informa-t\\\/actualitat-es\\\/cerca-de-400-monitores-as-se-reunen-en-centre-esplai-por-el-agofedesplai\\\/#breadcrumb\"},\"inLanguage\":\"es\",\"potentialAction\":[{\"@type\":\"ReadAction\",\"target\":[\"https:\\\/\\\/fundesplai.org\\\/es\\\/informa-t\\\/actualitat-es\\\/cerca-de-400-monitores-as-se-reunen-en-centre-esplai-por-el-agofedesplai\\\/\"]}]},{\"@type\":\"ImageObject\",\"inLanguage\":\"es\",\"@id\":\"https:\\\/\\\/fundesplai.org\\\/es\\\/informa-t\\\/actualitat-es\\\/cerca-de-400-monitores-as-se-reunen-en-centre-esplai-por-el-agofedesplai\\\/#primaryimage\",\"url\":\"https:\\\/\\\/fundesplai.org\\\/test-joomla\\\/wp-content\\\/uploads\\\/sites\\\/26\\\/2019\\\/02\\\/agofedesplai19.jpg\",\"contentUrl\":\"https:\\\/\\\/fundesplai.org\\\/test-joomla\\\/wp-content\\\/uploads\\\/sites\\\/26\\\/2019\\\/02\\\/agofedesplai19.jpg\"},{\"@type\":\"BreadcrumbList\",\"@id\":\"https:\\\/\\\/fundesplai.org\\\/es\\\/informa-t\\\/actualitat-es\\\/cerca-de-400-monitores-as-se-reunen-en-centre-esplai-por-el-agofedesplai\\\/#breadcrumb\",\"itemListElement\":[{\"@type\":\"ListItem\",\"position\":1,\"name\":\"Inici\",\"item\":\"https:\\\/\\\/fundesplai.org\\\/es\\\/inicio\\\/\"},{\"@type\":\"ListItem\",\"position\":2,\"name\":\"Inf\u00f3rmate\",\"item\":\"https:\\\/\\\/fundesplai.org\\\/es\\\/informate\\\/\"},{\"@type\":\"ListItem\",\"position\":3,\"name\":\"Sin categor\u00eda\",\"item\":\"https:\\\/\\\/fundesplai.org\\\/es\\\/informa-t\\\/category\\\/sin-categoria\\\/\"},{\"@type\":\"ListItem\",\"position\":4,\"name\":\"Cerca de 400 monitores\\\/as se re\u00fanen en Centre Esplai por el Agofedesplai\"}]},{\"@type\":\"WebSite\",\"@id\":\"https:\\\/\\\/fundesplai.org\\\/es\\\/#website\",\"url\":\"https:\\\/\\\/fundesplai.org\\\/es\\\/\",\"name\":\"Fundesplai\",\"description\":\"Eduquem per la conviv\u00e8ncia i la sostenibilitat\",\"potentialAction\":[{\"@type\":\"SearchAction\",\"target\":{\"@type\":\"EntryPoint\",\"urlTemplate\":\"https:\\\/\\\/fundesplai.org\\\/es\\\/?s={search_term_string}\"},\"query-input\":{\"@type\":\"PropertyValueSpecification\",\"valueRequired\":true,\"valueName\":\"search_term_string\"}}],\"inLanguage\":\"es\"},{\"@type\":\"Person\",\"@id\":\"https:\\\/\\\/fundesplai.org\\\/es\\\/#\\\/schema\\\/person\\\/c0e9e7466bb8ac06f5264324a6109733\",\"name\":\"Alfons Valle\",\"image\":{\"@type\":\"ImageObject\",\"inLanguage\":\"es\",\"@id\":\"https:\\\/\\\/secure.gravatar.com\\\/avatar\\\/71d95a3f99a068ba570ac1314ed6911a59c5ae3f22ffcf23631cd1a861a640bc?s=96&d=mm&r=g\",\"url\":\"https:\\\/\\\/secure.gravatar.com\\\/avatar\\\/71d95a3f99a068ba570ac1314ed6911a59c5ae3f22ffcf23631cd1a861a640bc?s=96&d=mm&r=g\",\"contentUrl\":\"https:\\\/\\\/secure.gravatar.com\\\/avatar\\\/71d95a3f99a068ba570ac1314ed6911a59c5ae3f22ffcf23631cd1a861a640bc?s=96&d=mm&r=g\",\"caption\":\"Alfons Valle\"},\"url\":\"https:\\\/\\\/fundesplai.org\\\/es\\\/informa-t\\\/author\\\/avalle\\\/\"}]}<\/script>\n<!-- \/ Yoast SEO plugin. -->","yoast_head_json":{"title":"Cerca de 400 monitores\/as se re\u00fanen en Centre Esplai por el Agofedesplai - Fundesplai","robots":{"index":"index","follow":"follow","max-snippet":"max-snippet:-1","max-image-preview":"max-image-preview:large","max-video-preview":"max-video-preview:-1"},"canonical":"https:\/\/fundesplai.org\/es\/informa-t\/actualitat-es\/cerca-de-400-monitores-as-se-reunen-en-centre-esplai-por-el-agofedesplai\/","og_locale":"es_ES","og_type":"article","og_title":"Cerca de 400 monitores\/as se re\u00fanen en Centre Esplai por el Agofedesplai - Fundesplai","og_description":"Cerca de 400 monitoras y monitoras de esplais de toda Catalu\u00f1a participaron el s\u00e1bado 23 de febrero en la 22\u00aa Jornada anual de la Federaci\u00f3n Catalana del Esplai que incluye la asamblea anual de la entidad y un d\u00eda formativo.","og_url":"https:\/\/fundesplai.org\/es\/informa-t\/actualitat-es\/cerca-de-400-monitores-as-se-reunen-en-centre-esplai-por-el-agofedesplai\/","og_site_name":"Fundesplai","article_published_time":"2019-02-25T13:51:13+00:00","og_image":[{"url":"https:\/\/fundesplai.org\/test-joomla\/wp-content\/uploads\/sites\/26\/2019\/02\/agofedesplai19.jpg","type":"","width":"","height":""}],"author":"Alfons Valle","twitter_card":"summary_large_image","twitter_misc":{"Escrito por":"Alfons Valle","Tiempo de lectura":"2 minutos"},"schema":{"@context":"https:\/\/schema.org","@graph":[{"@type":"Article","@id":"https:\/\/fundesplai.org\/es\/informa-t\/actualitat-es\/cerca-de-400-monitores-as-se-reunen-en-centre-esplai-por-el-agofedesplai\/#article","isPartOf":{"@id":"https:\/\/fundesplai.org\/es\/informa-t\/actualitat-es\/cerca-de-400-monitores-as-se-reunen-en-centre-esplai-por-el-agofedesplai\/"},"author":{"name":"Alfons Valle","@id":"https:\/\/fundesplai.org\/es\/#\/schema\/person\/c0e9e7466bb8ac06f5264324a6109733"},"headline":"Cerca de 400 monitores\/as se re\u00fanen en Centre Esplai por el Agofedesplai","datePublished":"2019-02-25T13:51:13+00:00","mainEntityOfPage":{"@id":"https:\/\/fundesplai.org\/es\/informa-t\/actualitat-es\/cerca-de-400-monitores-as-se-reunen-en-centre-esplai-por-el-agofedesplai\/"},"wordCount":410,"image":{"@id":"https:\/\/fundesplai.org\/es\/informa-t\/actualitat-es\/cerca-de-400-monitores-as-se-reunen-en-centre-esplai-por-el-agofedesplai\/#primaryimage"},"thumbnailUrl":"https:\/\/fundesplai.org\/test-joomla\/wp-content\/uploads\/sites\/26\/2019\/02\/agofedesplai19.jpg","articleSection":["Actualitat"],"inLanguage":"es"},{"@type":"WebPage","@id":"https:\/\/fundesplai.org\/es\/informa-t\/actualitat-es\/cerca-de-400-monitores-as-se-reunen-en-centre-esplai-por-el-agofedesplai\/","url":"https:\/\/fundesplai.org\/es\/informa-t\/actualitat-es\/cerca-de-400-monitores-as-se-reunen-en-centre-esplai-por-el-agofedesplai\/","name":"Cerca de 400 monitores\/as se re\u00fanen en Centre Esplai por el Agofedesplai - Fundesplai","isPartOf":{"@id":"https:\/\/fundesplai.org\/es\/#website"},"primaryImageOfPage":{"@id":"https:\/\/fundesplai.org\/es\/informa-t\/actualitat-es\/cerca-de-400-monitores-as-se-reunen-en-centre-esplai-por-el-agofedesplai\/#primaryimage"},"image":{"@id":"https:\/\/fundesplai.org\/es\/informa-t\/actualitat-es\/cerca-de-400-monitores-as-se-reunen-en-centre-esplai-por-el-agofedesplai\/#primaryimage"},"thumbnailUrl":"https:\/\/fundesplai.org\/test-joomla\/wp-content\/uploads\/sites\/26\/2019\/02\/agofedesplai19.jpg","datePublished":"2019-02-25T13:51:13+00:00","author":{"@id":"https:\/\/fundesplai.org\/es\/#\/schema\/person\/c0e9e7466bb8ac06f5264324a6109733"},"breadcrumb":{"@id":"https:\/\/fundesplai.org\/es\/informa-t\/actualitat-es\/cerca-de-400-monitores-as-se-reunen-en-centre-esplai-por-el-agofedesplai\/#breadcrumb"},"inLanguage":"es","potentialAction":[{"@type":"ReadAction","target":["https:\/\/fundesplai.org\/es\/informa-t\/actualitat-es\/cerca-de-400-monitores-as-se-reunen-en-centre-esplai-por-el-agofedesplai\/"]}]},{"@type":"ImageObject","inLanguage":"es","@id":"https:\/\/fundesplai.org\/es\/informa-t\/actualitat-es\/cerca-de-400-monitores-as-se-reunen-en-centre-esplai-por-el-agofedesplai\/#primaryimage","url":"https:\/\/fundesplai.org\/test-joomla\/wp-content\/uploads\/sites\/26\/2019\/02\/agofedesplai19.jpg","contentUrl":"https:\/\/fundesplai.org\/test-joomla\/wp-content\/uploads\/sites\/26\/2019\/02\/agofedesplai19.jpg"},{"@type":"BreadcrumbList","@id":"https:\/\/fundesplai.org\/es\/informa-t\/actualitat-es\/cerca-de-400-monitores-as-se-reunen-en-centre-esplai-por-el-agofedesplai\/#breadcrumb","itemListElement":[{"@type":"ListItem","position":1,"name":"Inici","item":"https:\/\/fundesplai.org\/es\/inicio\/"},{"@type":"ListItem","position":2,"name":"Inf\u00f3rmate","item":"https:\/\/fundesplai.org\/es\/informate\/"},{"@type":"ListItem","position":3,"name":"Sin categor\u00eda","item":"https:\/\/fundesplai.org\/es\/informa-t\/category\/sin-categoria\/"},{"@type":"ListItem","position":4,"name":"Cerca de 400 monitores\/as se re\u00fanen en Centre Esplai por el Agofedesplai"}]},{"@type":"WebSite","@id":"https:\/\/fundesplai.org\/es\/#website","url":"https:\/\/fundesplai.org\/es\/","name":"Fundesplai","description":"Eduquem per la conviv\u00e8ncia i la sostenibilitat","potentialAction":[{"@type":"SearchAction","target":{"@type":"EntryPoint","urlTemplate":"https:\/\/fundesplai.org\/es\/?s={search_term_string}"},"query-input":{"@type":"PropertyValueSpecification","valueRequired":true,"valueName":"search_term_string"}}],"inLanguage":"es"},{"@type":"Person","@id":"https:\/\/fundesplai.org\/es\/#\/schema\/person\/c0e9e7466bb8ac06f5264324a6109733","name":"Alfons Valle","image":{"@type":"ImageObject","inLanguage":"es","@id":"https:\/\/secure.gravatar.com\/avatar\/71d95a3f99a068ba570ac1314ed6911a59c5ae3f22ffcf23631cd1a861a640bc?s=96&d=mm&r=g","url":"https:\/\/secure.gravatar.com\/avatar\/71d95a3f99a068ba570ac1314ed6911a59c5ae3f22ffcf23631cd1a861a640bc?s=96&d=mm&r=g","contentUrl":"https:\/\/secure.gravatar.com\/avatar\/71d95a3f99a068ba570ac1314ed6911a59c5ae3f22ffcf23631cd1a861a640bc?s=96&d=mm&r=g","caption":"Alfons Valle"},"url":"https:\/\/fundesplai.org\/es\/informa-t\/author\/avalle\/"}]}},"_links":{"self":[{"href":"https:\/\/fundesplai.org\/es\/wp-json\/wp\/v2\/posts\/47910","targetHints":{"allow":["GET"]}}],"collection":[{"href":"https:\/\/fundesplai.org\/es\/wp-json\/wp\/v2\/posts"}],"about":[{"href":"https:\/\/fundesplai.org\/es\/wp-json\/wp\/v2\/types\/post"}],"author":[{"embeddable":true,"href":"https:\/\/fundesplai.org\/es\/wp-json\/wp\/v2\/users\/9"}],"replies":[{"embeddable":true,"href":"https:\/\/fundesplai.org\/es\/wp-json\/wp\/v2\/comments?post=47910"}],"version-history":[{"count":0,"href":"https:\/\/fundesplai.org\/es\/wp-json\/wp\/v2\/posts\/47910\/revisions"}],"wp:attachment":[{"href":"https:\/\/fundesplai.org\/es\/wp-json\/wp\/v2\/media?parent=47910"}],"wp:term":[{"taxonomy":"category","embeddable":true,"href":"https:\/\/fundesplai.org\/es\/wp-json\/wp\/v2\/categories?post=47910"},{"taxonomy":"post_tag","embeddable":true,"href":"https:\/\/fundesplai.org\/es\/wp-json\/wp\/v2\/tags?post=47910"}],"curies":[{"name":"wp","href":"https:\/\/api.w.org\/{rel}","templated":true}]}}