{"id":47909,"date":"2019-02-14T17:53:14","date_gmt":"2019-02-14T16:53:14","guid":{"rendered":"https:\/\/fundesplai.org\/informa-t\/sense-categoria\/nueva-edicion-del-programa-ama-acompanamiento-a-madres-adolescentes-y-jovenes\/"},"modified":"2019-02-14T17:53:14","modified_gmt":"2019-02-14T16:53:14","slug":"nueva-edicion-del-programa-ama-acompanamiento-a-madres-adolescentes-y-jovenes","status":"publish","type":"post","link":"https:\/\/fundesplai.org\/es\/informa-t\/actualitat-es\/nueva-edicion-del-programa-ama-acompanamiento-a-madres-adolescentes-y-jovenes\/","title":{"rendered":"Nueva edici\u00f3n del programa AMA, acompa\u00f1amiento a madres adolescentes y j\u00f3venes"},"content":{"rendered":"<p>Empieza una nueva edici\u00f3n de la AMA, el programa de acompa\u00f1amiento a madres adolescentes, de Fundesplai.<\/p>\n<p><!--more--><\/p>\n<h4><span style=\"text-decoration: underline\"><span class=\"intro\">En Hospitalet y El Prat de Llobregat<\/span><\/span><\/p>\n<p>El programa AMA de Fundesplai tiene la intenci\u00f3n de generar cambios y experiencias significativas en la vida de las mujeres j\u00f3venes que son madres de ni\u00f1os de entre 0 y 3 a\u00f1os, desde la formaci\u00f3n, el acompa\u00f1amiento y el v\u00ednculo hacia la transformaci\u00f3n y el empoderamiento personal.<\/h4>\n<p><a href=\"https:\/\/youtu.be\/9UJr148ZSQw\"><img decoding=\"async\" class=\" size-full wp-image-6288\" src=\"https:\/\/fundesplai.org\/test-joomla\/wp-content\/uploads\/sites\/26\/2019\/02\/AMA-VIDEO.jpg\" alt=\"AMA VIDEO\" width=\"100%\" height=\"NaN\"><\/a><\/p>\n<p>Este a\u00f1o, tenemos dos propuestas que realizaremos en los municipios de Hospitalet y El Prat de Llobregat.<\/p>\n<p>En total disponemos de 40 plazas, 20 de las cuales deben estar bajo el paraguas de la &nbsp;Garant\u00eda Juvenil.<\/p>\n<p><strong>NOS DIRIGIMOS A:<\/strong><\/p>\n<ul>\n<li>Mujeres J\u00f3venes de 18 a 29 a\u00f1os, embarazadas y\/o madres con hijos\/as entre 0 y 3 a\u00f1os, que se encuentran en una situaci\u00f3n de paro o que todav\u00eda no han tenido acceso al mercado laboral y con un bajo nivel educativo y calificaci\u00f3n profesional.<\/li>\n<li>Mujeres j\u00f3venes en situaci\u00f3n de aislamiento social y con necesidad de apoyo y organizaci\u00f3n dom\u00e9stica<\/li>\n<li>Mujeres j\u00f3venes con dificultades socioecon\u00f3micas y con un gran n\u00famero de estresores que dificultan las pautas de crianza<\/li>\n<li>Mujeres j\u00f3venes que est\u00e9n inscritas en la Garant\u00eda Juvenil y\/o cumplan los requisitos pedidos para darse de alta en la GJ<\/li>\n<\/ul>\n<p><strong>LES OFRECEMOS:<\/strong><\/p>\n<p><strong>FORMACI\u00d3N<\/strong><\/p>\n<ul>\n<li>Curso Monitora de Ocio Infantil y Juvenil (t\u00edtulo otorgado por la Direcci\u00f3n General de Juventud de la Generalitat de Catalunya).<\/li>\n<li>Competencias personales y sociales.<\/li>\n<li>Competencias familiares.<\/li>\n<li>Competencias laborales.<\/li>\n<li>Espai AMA, espacio con contenidos de inter\u00e9s para las j\u00f3venes, de crecimiento, de asesoramiento&#8230;<\/li>\n<\/ul>\n<p><strong>PR\u00c1CTICAS<\/strong><\/p>\n<ul>\n<li>Una vez finalizada la parte lectiva es necesario realizar 160h de pr\u00e1cticas<\/li>\n<li>Las j\u00f3venes pueden participar en el proyecto con sus hijos\/as ya que disponemos en paralelo de un espacio infantil adecuado a las necesidades de los ni\u00f1os y ni\u00f1as.<\/li>\n<li>Las propuestas las iniciaremos en el mes de MARZO por tanto si piensa que tiene j\u00f3venes interesadas que puedan participar en el programa deber\u00eda hacernos llegar la parrilla de derivaci\u00f3n a m\u00e1s tardar el 28 de Febrero.<\/li>\n<\/ul>\n<p>Una vez hecha la derivaci\u00f3n convocaremos a las chicas al acto de presentaci\u00f3n para explicarles la propuesta en los pr\u00f3ximos d\u00edas.<\/p>\n<p>Para cualquier duda y\/o aclaraci\u00f3n no dude en ponerse en contacto con nosotros. Esperamos y agradecemos que de nuevo forme parte del crecimiento de la AMA.<\/p>\n<p><strong>Remei S\u00e1ez<\/strong><br \/><strong><a href=\"mailto:rsaez@fundesplai.org?subject=AMA\">rsaez@fundesplai.org<\/a><\/strong><br \/><strong>93 551 15 24 &#8211; 662 60 59 68<\/strong><\/p>\n<p><a href=\"http:\/\/projectes.fundesplai.org\/canals\/formulari-ama\/\">Graella derivaci\u00f3<\/a><\/p>\n","protected":false},"excerpt":{"rendered":"<p>Empieza una nueva edici\u00f3n de la AMA, el programa de acompa\u00f1amiento a madres adolescentes, de Fundesplai.<\/p>\n","protected":false},"author":4,"featured_media":0,"comment_status":"closed","ping_status":"closed","sticky":false,"template":"","format":"standard","meta":{"_et_pb_use_builder":"","_et_pb_old_content":"","_et_gb_content_width":"","footnotes":""},"categories":[937],"tags":[],"class_list":["post-47909","post","type-post","status-publish","format-standard","hentry","category-actualitat-es"],"yoast_head":"<!-- This site is optimized with the Yoast SEO plugin v27.4 - https:\/\/yoast.com\/product\/yoast-seo-wordpress\/ -->\n<title>Nueva edici\u00f3n del programa AMA, acompa\u00f1amiento a madres adolescentes y j\u00f3venes - Fundesplai<\/title>\n<meta name=\"robots\" content=\"index, follow, max-snippet:-1, max-image-preview:large, max-video-preview:-1\" \/>\n<link rel=\"canonical\" href=\"https:\/\/fundesplai.org\/es\/informa-t\/actualitat-es\/nueva-edicion-del-programa-ama-acompanamiento-a-madres-adolescentes-y-jovenes\/\" \/>\n<meta property=\"og:locale\" content=\"es_ES\" \/>\n<meta property=\"og:type\" content=\"article\" \/>\n<meta property=\"og:title\" content=\"Nueva edici\u00f3n del programa AMA, acompa\u00f1amiento a madres adolescentes y j\u00f3venes - Fundesplai\" \/>\n<meta property=\"og:description\" content=\"Empieza una nueva edici\u00f3n de la AMA, el programa de acompa\u00f1amiento a madres adolescentes, de Fundesplai.\" \/>\n<meta property=\"og:url\" content=\"https:\/\/fundesplai.org\/es\/informa-t\/actualitat-es\/nueva-edicion-del-programa-ama-acompanamiento-a-madres-adolescentes-y-jovenes\/\" \/>\n<meta property=\"og:site_name\" content=\"Fundesplai\" \/>\n<meta property=\"article:published_time\" content=\"2019-02-14T16:53:14+00:00\" \/>\n<meta property=\"og:image\" content=\"https:\/\/fundesplai.org\/test-joomla\/wp-content\/uploads\/sites\/26\/2019\/02\/AMA-VIDEO.jpg\" \/>\n<meta name=\"author\" content=\"Ferran\" \/>\n<meta name=\"twitter:card\" content=\"summary_large_image\" \/>\n<meta name=\"twitter:label1\" content=\"Escrito por\" \/>\n\t<meta name=\"twitter:data1\" content=\"Ferran\" \/>\n\t<meta name=\"twitter:label2\" content=\"Tiempo de lectura\" \/>\n\t<meta name=\"twitter:data2\" content=\"2 minutos\" \/>\n<script type=\"application\/ld+json\" class=\"yoast-schema-graph\">{\"@context\":\"https:\\\/\\\/schema.org\",\"@graph\":[{\"@type\":\"Article\",\"@id\":\"https:\\\/\\\/fundesplai.org\\\/es\\\/informa-t\\\/actualitat-es\\\/nueva-edicion-del-programa-ama-acompanamiento-a-madres-adolescentes-y-jovenes\\\/#article\",\"isPartOf\":{\"@id\":\"https:\\\/\\\/fundesplai.org\\\/es\\\/informa-t\\\/actualitat-es\\\/nueva-edicion-del-programa-ama-acompanamiento-a-madres-adolescentes-y-jovenes\\\/\"},\"author\":{\"name\":\"Ferran\",\"@id\":\"https:\\\/\\\/fundesplai.org\\\/es\\\/#\\\/schema\\\/person\\\/67e7825d8ec54561cc24e36ba6b0f633\"},\"headline\":\"Nueva edici\u00f3n del programa AMA, acompa\u00f1amiento a madres adolescentes y j\u00f3venes\",\"datePublished\":\"2019-02-14T16:53:14+00:00\",\"mainEntityOfPage\":{\"@id\":\"https:\\\/\\\/fundesplai.org\\\/es\\\/informa-t\\\/actualitat-es\\\/nueva-edicion-del-programa-ama-acompanamiento-a-madres-adolescentes-y-jovenes\\\/\"},\"wordCount\":444,\"image\":{\"@id\":\"https:\\\/\\\/fundesplai.org\\\/es\\\/informa-t\\\/actualitat-es\\\/nueva-edicion-del-programa-ama-acompanamiento-a-madres-adolescentes-y-jovenes\\\/#primaryimage\"},\"thumbnailUrl\":\"https:\\\/\\\/fundesplai.org\\\/test-joomla\\\/wp-content\\\/uploads\\\/sites\\\/26\\\/2019\\\/02\\\/AMA-VIDEO.jpg\",\"articleSection\":[\"Actualitat\"],\"inLanguage\":\"es\"},{\"@type\":\"WebPage\",\"@id\":\"https:\\\/\\\/fundesplai.org\\\/es\\\/informa-t\\\/actualitat-es\\\/nueva-edicion-del-programa-ama-acompanamiento-a-madres-adolescentes-y-jovenes\\\/\",\"url\":\"https:\\\/\\\/fundesplai.org\\\/es\\\/informa-t\\\/actualitat-es\\\/nueva-edicion-del-programa-ama-acompanamiento-a-madres-adolescentes-y-jovenes\\\/\",\"name\":\"Nueva edici\u00f3n del programa AMA, acompa\u00f1amiento a madres adolescentes y j\u00f3venes - Fundesplai\",\"isPartOf\":{\"@id\":\"https:\\\/\\\/fundesplai.org\\\/es\\\/#website\"},\"primaryImageOfPage\":{\"@id\":\"https:\\\/\\\/fundesplai.org\\\/es\\\/informa-t\\\/actualitat-es\\\/nueva-edicion-del-programa-ama-acompanamiento-a-madres-adolescentes-y-jovenes\\\/#primaryimage\"},\"image\":{\"@id\":\"https:\\\/\\\/fundesplai.org\\\/es\\\/informa-t\\\/actualitat-es\\\/nueva-edicion-del-programa-ama-acompanamiento-a-madres-adolescentes-y-jovenes\\\/#primaryimage\"},\"thumbnailUrl\":\"https:\\\/\\\/fundesplai.org\\\/test-joomla\\\/wp-content\\\/uploads\\\/sites\\\/26\\\/2019\\\/02\\\/AMA-VIDEO.jpg\",\"datePublished\":\"2019-02-14T16:53:14+00:00\",\"author\":{\"@id\":\"https:\\\/\\\/fundesplai.org\\\/es\\\/#\\\/schema\\\/person\\\/67e7825d8ec54561cc24e36ba6b0f633\"},\"breadcrumb\":{\"@id\":\"https:\\\/\\\/fundesplai.org\\\/es\\\/informa-t\\\/actualitat-es\\\/nueva-edicion-del-programa-ama-acompanamiento-a-madres-adolescentes-y-jovenes\\\/#breadcrumb\"},\"inLanguage\":\"es\",\"potentialAction\":[{\"@type\":\"ReadAction\",\"target\":[\"https:\\\/\\\/fundesplai.org\\\/es\\\/informa-t\\\/actualitat-es\\\/nueva-edicion-del-programa-ama-acompanamiento-a-madres-adolescentes-y-jovenes\\\/\"]}]},{\"@type\":\"ImageObject\",\"inLanguage\":\"es\",\"@id\":\"https:\\\/\\\/fundesplai.org\\\/es\\\/informa-t\\\/actualitat-es\\\/nueva-edicion-del-programa-ama-acompanamiento-a-madres-adolescentes-y-jovenes\\\/#primaryimage\",\"url\":\"https:\\\/\\\/fundesplai.org\\\/test-joomla\\\/wp-content\\\/uploads\\\/sites\\\/26\\\/2019\\\/02\\\/AMA-VIDEO.jpg\",\"contentUrl\":\"https:\\\/\\\/fundesplai.org\\\/test-joomla\\\/wp-content\\\/uploads\\\/sites\\\/26\\\/2019\\\/02\\\/AMA-VIDEO.jpg\"},{\"@type\":\"BreadcrumbList\",\"@id\":\"https:\\\/\\\/fundesplai.org\\\/es\\\/informa-t\\\/actualitat-es\\\/nueva-edicion-del-programa-ama-acompanamiento-a-madres-adolescentes-y-jovenes\\\/#breadcrumb\",\"itemListElement\":[{\"@type\":\"ListItem\",\"position\":1,\"name\":\"Inici\",\"item\":\"https:\\\/\\\/fundesplai.org\\\/es\\\/inicio\\\/\"},{\"@type\":\"ListItem\",\"position\":2,\"name\":\"Inf\u00f3rmate\",\"item\":\"https:\\\/\\\/fundesplai.org\\\/es\\\/informate\\\/\"},{\"@type\":\"ListItem\",\"position\":3,\"name\":\"Sin categor\u00eda\",\"item\":\"https:\\\/\\\/fundesplai.org\\\/es\\\/informa-t\\\/category\\\/sin-categoria\\\/\"},{\"@type\":\"ListItem\",\"position\":4,\"name\":\"Nueva edici\u00f3n del programa AMA, acompa\u00f1amiento a madres adolescentes y j\u00f3venes\"}]},{\"@type\":\"WebSite\",\"@id\":\"https:\\\/\\\/fundesplai.org\\\/es\\\/#website\",\"url\":\"https:\\\/\\\/fundesplai.org\\\/es\\\/\",\"name\":\"Fundesplai\",\"description\":\"Eduquem per la conviv\u00e8ncia i la sostenibilitat\",\"potentialAction\":[{\"@type\":\"SearchAction\",\"target\":{\"@type\":\"EntryPoint\",\"urlTemplate\":\"https:\\\/\\\/fundesplai.org\\\/es\\\/?s={search_term_string}\"},\"query-input\":{\"@type\":\"PropertyValueSpecification\",\"valueRequired\":true,\"valueName\":\"search_term_string\"}}],\"inLanguage\":\"es\"},{\"@type\":\"Person\",\"@id\":\"https:\\\/\\\/fundesplai.org\\\/es\\\/#\\\/schema\\\/person\\\/67e7825d8ec54561cc24e36ba6b0f633\",\"name\":\"Ferran\",\"image\":{\"@type\":\"ImageObject\",\"inLanguage\":\"es\",\"@id\":\"https:\\\/\\\/secure.gravatar.com\\\/avatar\\\/a3510350976b58aae6eccd1e36f066b660a69ef63f97fde3cba8205db7db816a?s=96&d=mm&r=g\",\"url\":\"https:\\\/\\\/secure.gravatar.com\\\/avatar\\\/a3510350976b58aae6eccd1e36f066b660a69ef63f97fde3cba8205db7db816a?s=96&d=mm&r=g\",\"contentUrl\":\"https:\\\/\\\/secure.gravatar.com\\\/avatar\\\/a3510350976b58aae6eccd1e36f066b660a69ef63f97fde3cba8205db7db816a?s=96&d=mm&r=g\",\"caption\":\"Ferran\"},\"url\":\"https:\\\/\\\/fundesplai.org\\\/es\\\/informa-t\\\/author\\\/fvidal\\\/\"}]}<\/script>\n<!-- \/ Yoast SEO plugin. -->","yoast_head_json":{"title":"Nueva edici\u00f3n del programa AMA, acompa\u00f1amiento a madres adolescentes y j\u00f3venes - Fundesplai","robots":{"index":"index","follow":"follow","max-snippet":"max-snippet:-1","max-image-preview":"max-image-preview:large","max-video-preview":"max-video-preview:-1"},"canonical":"https:\/\/fundesplai.org\/es\/informa-t\/actualitat-es\/nueva-edicion-del-programa-ama-acompanamiento-a-madres-adolescentes-y-jovenes\/","og_locale":"es_ES","og_type":"article","og_title":"Nueva edici\u00f3n del programa AMA, acompa\u00f1amiento a madres adolescentes y j\u00f3venes - Fundesplai","og_description":"Empieza una nueva edici\u00f3n de la AMA, el programa de acompa\u00f1amiento a madres adolescentes, de Fundesplai.","og_url":"https:\/\/fundesplai.org\/es\/informa-t\/actualitat-es\/nueva-edicion-del-programa-ama-acompanamiento-a-madres-adolescentes-y-jovenes\/","og_site_name":"Fundesplai","article_published_time":"2019-02-14T16:53:14+00:00","og_image":[{"url":"https:\/\/fundesplai.org\/test-joomla\/wp-content\/uploads\/sites\/26\/2019\/02\/AMA-VIDEO.jpg","type":"","width":"","height":""}],"author":"Ferran","twitter_card":"summary_large_image","twitter_misc":{"Escrito por":"Ferran","Tiempo de lectura":"2 minutos"},"schema":{"@context":"https:\/\/schema.org","@graph":[{"@type":"Article","@id":"https:\/\/fundesplai.org\/es\/informa-t\/actualitat-es\/nueva-edicion-del-programa-ama-acompanamiento-a-madres-adolescentes-y-jovenes\/#article","isPartOf":{"@id":"https:\/\/fundesplai.org\/es\/informa-t\/actualitat-es\/nueva-edicion-del-programa-ama-acompanamiento-a-madres-adolescentes-y-jovenes\/"},"author":{"name":"Ferran","@id":"https:\/\/fundesplai.org\/es\/#\/schema\/person\/67e7825d8ec54561cc24e36ba6b0f633"},"headline":"Nueva edici\u00f3n del programa AMA, acompa\u00f1amiento a madres adolescentes y j\u00f3venes","datePublished":"2019-02-14T16:53:14+00:00","mainEntityOfPage":{"@id":"https:\/\/fundesplai.org\/es\/informa-t\/actualitat-es\/nueva-edicion-del-programa-ama-acompanamiento-a-madres-adolescentes-y-jovenes\/"},"wordCount":444,"image":{"@id":"https:\/\/fundesplai.org\/es\/informa-t\/actualitat-es\/nueva-edicion-del-programa-ama-acompanamiento-a-madres-adolescentes-y-jovenes\/#primaryimage"},"thumbnailUrl":"https:\/\/fundesplai.org\/test-joomla\/wp-content\/uploads\/sites\/26\/2019\/02\/AMA-VIDEO.jpg","articleSection":["Actualitat"],"inLanguage":"es"},{"@type":"WebPage","@id":"https:\/\/fundesplai.org\/es\/informa-t\/actualitat-es\/nueva-edicion-del-programa-ama-acompanamiento-a-madres-adolescentes-y-jovenes\/","url":"https:\/\/fundesplai.org\/es\/informa-t\/actualitat-es\/nueva-edicion-del-programa-ama-acompanamiento-a-madres-adolescentes-y-jovenes\/","name":"Nueva edici\u00f3n del programa AMA, acompa\u00f1amiento a madres adolescentes y j\u00f3venes - Fundesplai","isPartOf":{"@id":"https:\/\/fundesplai.org\/es\/#website"},"primaryImageOfPage":{"@id":"https:\/\/fundesplai.org\/es\/informa-t\/actualitat-es\/nueva-edicion-del-programa-ama-acompanamiento-a-madres-adolescentes-y-jovenes\/#primaryimage"},"image":{"@id":"https:\/\/fundesplai.org\/es\/informa-t\/actualitat-es\/nueva-edicion-del-programa-ama-acompanamiento-a-madres-adolescentes-y-jovenes\/#primaryimage"},"thumbnailUrl":"https:\/\/fundesplai.org\/test-joomla\/wp-content\/uploads\/sites\/26\/2019\/02\/AMA-VIDEO.jpg","datePublished":"2019-02-14T16:53:14+00:00","author":{"@id":"https:\/\/fundesplai.org\/es\/#\/schema\/person\/67e7825d8ec54561cc24e36ba6b0f633"},"breadcrumb":{"@id":"https:\/\/fundesplai.org\/es\/informa-t\/actualitat-es\/nueva-edicion-del-programa-ama-acompanamiento-a-madres-adolescentes-y-jovenes\/#breadcrumb"},"inLanguage":"es","potentialAction":[{"@type":"ReadAction","target":["https:\/\/fundesplai.org\/es\/informa-t\/actualitat-es\/nueva-edicion-del-programa-ama-acompanamiento-a-madres-adolescentes-y-jovenes\/"]}]},{"@type":"ImageObject","inLanguage":"es","@id":"https:\/\/fundesplai.org\/es\/informa-t\/actualitat-es\/nueva-edicion-del-programa-ama-acompanamiento-a-madres-adolescentes-y-jovenes\/#primaryimage","url":"https:\/\/fundesplai.org\/test-joomla\/wp-content\/uploads\/sites\/26\/2019\/02\/AMA-VIDEO.jpg","contentUrl":"https:\/\/fundesplai.org\/test-joomla\/wp-content\/uploads\/sites\/26\/2019\/02\/AMA-VIDEO.jpg"},{"@type":"BreadcrumbList","@id":"https:\/\/fundesplai.org\/es\/informa-t\/actualitat-es\/nueva-edicion-del-programa-ama-acompanamiento-a-madres-adolescentes-y-jovenes\/#breadcrumb","itemListElement":[{"@type":"ListItem","position":1,"name":"Inici","item":"https:\/\/fundesplai.org\/es\/inicio\/"},{"@type":"ListItem","position":2,"name":"Inf\u00f3rmate","item":"https:\/\/fundesplai.org\/es\/informate\/"},{"@type":"ListItem","position":3,"name":"Sin categor\u00eda","item":"https:\/\/fundesplai.org\/es\/informa-t\/category\/sin-categoria\/"},{"@type":"ListItem","position":4,"name":"Nueva edici\u00f3n del programa AMA, acompa\u00f1amiento a madres adolescentes y j\u00f3venes"}]},{"@type":"WebSite","@id":"https:\/\/fundesplai.org\/es\/#website","url":"https:\/\/fundesplai.org\/es\/","name":"Fundesplai","description":"Eduquem per la conviv\u00e8ncia i la sostenibilitat","potentialAction":[{"@type":"SearchAction","target":{"@type":"EntryPoint","urlTemplate":"https:\/\/fundesplai.org\/es\/?s={search_term_string}"},"query-input":{"@type":"PropertyValueSpecification","valueRequired":true,"valueName":"search_term_string"}}],"inLanguage":"es"},{"@type":"Person","@id":"https:\/\/fundesplai.org\/es\/#\/schema\/person\/67e7825d8ec54561cc24e36ba6b0f633","name":"Ferran","image":{"@type":"ImageObject","inLanguage":"es","@id":"https:\/\/secure.gravatar.com\/avatar\/a3510350976b58aae6eccd1e36f066b660a69ef63f97fde3cba8205db7db816a?s=96&d=mm&r=g","url":"https:\/\/secure.gravatar.com\/avatar\/a3510350976b58aae6eccd1e36f066b660a69ef63f97fde3cba8205db7db816a?s=96&d=mm&r=g","contentUrl":"https:\/\/secure.gravatar.com\/avatar\/a3510350976b58aae6eccd1e36f066b660a69ef63f97fde3cba8205db7db816a?s=96&d=mm&r=g","caption":"Ferran"},"url":"https:\/\/fundesplai.org\/es\/informa-t\/author\/fvidal\/"}]}},"_links":{"self":[{"href":"https:\/\/fundesplai.org\/es\/wp-json\/wp\/v2\/posts\/47909","targetHints":{"allow":["GET"]}}],"collection":[{"href":"https:\/\/fundesplai.org\/es\/wp-json\/wp\/v2\/posts"}],"about":[{"href":"https:\/\/fundesplai.org\/es\/wp-json\/wp\/v2\/types\/post"}],"author":[{"embeddable":true,"href":"https:\/\/fundesplai.org\/es\/wp-json\/wp\/v2\/users\/4"}],"replies":[{"embeddable":true,"href":"https:\/\/fundesplai.org\/es\/wp-json\/wp\/v2\/comments?post=47909"}],"version-history":[{"count":0,"href":"https:\/\/fundesplai.org\/es\/wp-json\/wp\/v2\/posts\/47909\/revisions"}],"wp:attachment":[{"href":"https:\/\/fundesplai.org\/es\/wp-json\/wp\/v2\/media?parent=47909"}],"wp:term":[{"taxonomy":"category","embeddable":true,"href":"https:\/\/fundesplai.org\/es\/wp-json\/wp\/v2\/categories?post=47909"},{"taxonomy":"post_tag","embeddable":true,"href":"https:\/\/fundesplai.org\/es\/wp-json\/wp\/v2\/tags?post=47909"}],"curies":[{"name":"wp","href":"https:\/\/api.w.org\/{rel}","templated":true}]}}