{"id":47907,"date":"2019-02-07T14:50:04","date_gmt":"2019-02-07T13:50:04","guid":{"rendered":"https:\/\/fundesplai.org\/informa-t\/sense-categoria\/ya-has-presentado-el-modelo-347-te-ayudamos-a-hacerlo\/"},"modified":"2019-02-07T14:50:04","modified_gmt":"2019-02-07T13:50:04","slug":"ya-has-presentado-el-modelo-347-te-ayudamos-a-hacerlo","status":"publish","type":"post","link":"https:\/\/fundesplai.org\/es\/informa-t\/actualitat-es\/ya-has-presentado-el-modelo-347-te-ayudamos-a-hacerlo\/","title":{"rendered":"\u00bfYa has presentado el Modelo 347? \u00a1Te ayudamos a hacerlo!"},"content":{"rendered":"<p>El pr\u00f3ximo 28 de febrero finaliza el plazo de presentaci\u00f3n del Modelo 347 para aquellas entidades que hayan tenido durante el ejercicio 2018 operaciones con terceros -como compras a proveedores- superiores a 3.005,06 euros anuales.<\/p>\n<p><!--more--><\/p>\n<table style=\"width: 100%\" border=\"0\" cellspacing=\"0\" cellpadding=\"0\">\n<tbody>\n<tr>\n<td valign=\"top\">\n<table style=\"width: 100%\" border=\"0\" cellspacing=\"0\" cellpadding=\"0\">\n<tbody>\n<tr>\n<td>\n<p><img decoding=\"async\" class=\" size-full wp-image-6216\" src=\"https:\/\/fundesplai.org\/test-joomla\/wp-content\/uploads\/sites\/26\/2019\/02\/DocumentNoti.jpg\" alt=\"DocumentNoti\" width=\"100%\" height=\"NaN\"><\/p>\n<p><strong>El pr\u00f3ximo 28 de febrero finaliza el plazo de presentaci\u00f3n del Modelo 347<\/strong> para aquellas entidades que hayan tenido durante el ejercicio 2018 operaciones con terceros -como compras a proveedores- superiores a <strong>3.005,06 euros<\/strong> anuales. En esta misma declaraci\u00f3n se incluir\u00e1n tambi\u00e9n las <strong>subvenciones recibidas y cobradas<\/strong> que superen esta cifra.<\/p>\n<\/td>\n<\/tr>\n<\/tbody>\n<\/table>\n<table style=\"width: 100%\" border=\"0\" cellspacing=\"0\" cellpadding=\"0\">\n<tbody>\n<tr>\n<td>Recuerde que la no presentaci\u00f3n de este modelo, si se tienen operaciones a declarar, <strong>puede<\/strong> <strong>comportar una sanci\u00f3n<\/strong> para la entidad.<\/td>\n<\/tr>\n<\/tbody>\n<\/table>\n<table style=\"width: 100%\" border=\"0\" cellspacing=\"0\" cellpadding=\"0\">\n<tbody>\n<tr>\n<td>\n<p>Para m\u00e1s informaci\u00f3n sobre la presentaci\u00f3n del modelo, puede consultar la <a href=\"http:\/\/projectes.fundesplai.org\/canals\/wp-content\/uploads\/sites\/44\/2019\/02\/Guia-pr%C3%A0ctica-model-347_revisada-2018.pdf\">gu\u00eda elaborada por Suport Associatiu sobre esta declaraci\u00f3n informativa .<\/p>\n<p><\/a><\/p>\n<\/td>\n<\/tr>\n<\/tbody>\n<\/table>\n<\/td>\n<\/tr>\n<tr>\n<td valign=\"top\">\n<table style=\"width: 100%\" border=\"0\" cellspacing=\"0\" cellpadding=\"0\">\n<tbody>\n<tr>\n<td><strong>\u00bfNecesitas ayuda?<\/strong><\/td>\n<\/tr>\n<\/tbody>\n<\/table>\n<\/td>\n<\/tr>\n<tr>\n<td valign=\"top\">\n<table style=\"width: 100%\" border=\"0\" cellspacing=\"0\" cellpadding=\"0\">\n<tbody>\n<tr>\n<td>Las entidades que lo deseen, pueden solicitar a Suport Associatiu la <strong>gesti\u00f3n y presentaci\u00f3n<\/strong> del modelo. El <strong>coste es de 50\u20ac<\/strong> (+IVA) para aquellas entidades que tengan hasta <strong>10&nbsp; declarados.<\/strong><\/td>\n<\/tr>\n<\/tbody>\n<\/table>\n<table style=\"width: 100%\" border=\"0\" cellspacing=\"0\" cellpadding=\"0\">\n<tbody>\n<tr>\n<td>Para ello, es necesario que <strong>rellene&nbsp; Excel&nbsp;<\/strong> que se descargar\u00e1 en <a href=\"http:\/\/canal.fundesplai.org\/repositori\/file\/00-2019\/02-Febrer\/Model-347-2018.xlsx\"><strong>este enlace<\/strong><\/a> &nbsp;y nos lo env\u00ede&nbsp; <strong>antes del d\u00eda 1<\/strong><strong>8 de febrero<\/strong> con los datos de las operaciones que deben incluirse en este modelo:<\/td>\n<\/tr>\n<\/tbody>\n<\/table>\n<ul>\n<li><strong>Compras anuales de m\u00e1s de 3.005,06 euros con un proveedor. <\/strong>No se tendr\u00e1n en cuenta aquellas operaciones que hayan sido objeto de otras retenciones o impuestos que se hayan declarado en otros modelos. Por otra parte, si la entidad s\u00f3lo realiza operaciones exentas de IVA por el car\u00e1cter social (art\u00edculo 20.3 de la Ley 37\/1992, del IVA), no deber\u00e1 incluir las compras de suministros (agua, electricidad y combustible ) ni los seguros.<\/li>\n<li><strong>Ingresos exentos de IVA que no correspondan a los servicios exentos por car\u00e1cter social (servicios de acci\u00f3n social, deportivos o culturales) y superen los 3.005,06 euros<\/strong> con un mismo cliente (formaciones, cuotas de socios&#8230;).<\/li>\n<li><strong>Ingresos sujetos a IVA que superen los 3.005,06 euros<\/strong> en un mismo cliente.<\/li>\n<li><strong>Subvenciones de administraciones p\u00fablicas o privadas cobradas durante el a\u00f1o 201<\/strong><strong>8<\/strong><strong>.<\/strong> S\u00f3lo se tendr\u00e1 en cuenta una administraci\u00f3n u organismo subvencionador cuando la suma de los importes provenientes de \u00e9ste supere los 3.005,06 euros.<\/li>\n<\/ul>\n<\/td>\n<\/tr>\n<\/tbody>\n<\/table>\n","protected":false},"excerpt":{"rendered":"<p>El pr\u00f3ximo 28 de febrero finaliza el plazo de presentaci\u00f3n del Modelo 347 para aquellas entidades que hayan tenido durante el ejercicio 2018 operaciones con terceros -como compras a proveedores- superiores a 3.005,06 euros anuales.<\/p>\n","protected":false},"author":9,"featured_media":0,"comment_status":"closed","ping_status":"closed","sticky":false,"template":"","format":"standard","meta":{"_et_pb_use_builder":"","_et_pb_old_content":"","_et_gb_content_width":"","footnotes":""},"categories":[937],"tags":[],"class_list":["post-47907","post","type-post","status-publish","format-standard","hentry","category-actualitat-es"],"yoast_head":"<!-- This site is optimized with the Yoast SEO plugin v27.4 - https:\/\/yoast.com\/product\/yoast-seo-wordpress\/ -->\n<title>\u00bfYa has presentado el Modelo 347? \u00a1Te ayudamos a hacerlo! - Fundesplai<\/title>\n<meta name=\"robots\" content=\"index, follow, max-snippet:-1, max-image-preview:large, max-video-preview:-1\" \/>\n<link rel=\"canonical\" href=\"https:\/\/fundesplai.org\/es\/informa-t\/actualitat-es\/ya-has-presentado-el-modelo-347-te-ayudamos-a-hacerlo\/\" \/>\n<meta property=\"og:locale\" content=\"es_ES\" \/>\n<meta property=\"og:type\" content=\"article\" \/>\n<meta property=\"og:title\" content=\"\u00bfYa has presentado el Modelo 347? \u00a1Te ayudamos a hacerlo! - Fundesplai\" \/>\n<meta property=\"og:description\" content=\"El pr\u00f3ximo 28 de febrero finaliza el plazo de presentaci\u00f3n del Modelo 347 para aquellas entidades que hayan tenido durante el ejercicio 2018 operaciones con terceros -como compras a proveedores- superiores a 3.005,06 euros anuales.\" \/>\n<meta property=\"og:url\" content=\"https:\/\/fundesplai.org\/es\/informa-t\/actualitat-es\/ya-has-presentado-el-modelo-347-te-ayudamos-a-hacerlo\/\" \/>\n<meta property=\"og:site_name\" content=\"Fundesplai\" \/>\n<meta property=\"article:published_time\" content=\"2019-02-07T13:50:04+00:00\" \/>\n<meta property=\"og:image\" content=\"https:\/\/fundesplai.org\/test-joomla\/wp-content\/uploads\/sites\/26\/2019\/02\/DocumentNoti.jpg\" \/>\n<meta name=\"author\" content=\"Alfons Valle\" \/>\n<meta name=\"twitter:card\" content=\"summary_large_image\" \/>\n<meta name=\"twitter:label1\" content=\"Escrito por\" \/>\n\t<meta name=\"twitter:data1\" content=\"Alfons Valle\" \/>\n\t<meta name=\"twitter:label2\" content=\"Tiempo de lectura\" \/>\n\t<meta name=\"twitter:data2\" content=\"2 minutos\" \/>\n<script type=\"application\/ld+json\" class=\"yoast-schema-graph\">{\"@context\":\"https:\\\/\\\/schema.org\",\"@graph\":[{\"@type\":\"Article\",\"@id\":\"https:\\\/\\\/fundesplai.org\\\/es\\\/informa-t\\\/actualitat-es\\\/ya-has-presentado-el-modelo-347-te-ayudamos-a-hacerlo\\\/#article\",\"isPartOf\":{\"@id\":\"https:\\\/\\\/fundesplai.org\\\/es\\\/informa-t\\\/actualitat-es\\\/ya-has-presentado-el-modelo-347-te-ayudamos-a-hacerlo\\\/\"},\"author\":{\"name\":\"Alfons Valle\",\"@id\":\"https:\\\/\\\/fundesplai.org\\\/es\\\/#\\\/schema\\\/person\\\/c0e9e7466bb8ac06f5264324a6109733\"},\"headline\":\"\u00bfYa has presentado el Modelo 347? \u00a1Te ayudamos a hacerlo!\",\"datePublished\":\"2019-02-07T13:50:04+00:00\",\"mainEntityOfPage\":{\"@id\":\"https:\\\/\\\/fundesplai.org\\\/es\\\/informa-t\\\/actualitat-es\\\/ya-has-presentado-el-modelo-347-te-ayudamos-a-hacerlo\\\/\"},\"wordCount\":371,\"image\":{\"@id\":\"https:\\\/\\\/fundesplai.org\\\/es\\\/informa-t\\\/actualitat-es\\\/ya-has-presentado-el-modelo-347-te-ayudamos-a-hacerlo\\\/#primaryimage\"},\"thumbnailUrl\":\"https:\\\/\\\/fundesplai.org\\\/test-joomla\\\/wp-content\\\/uploads\\\/sites\\\/26\\\/2019\\\/02\\\/DocumentNoti.jpg\",\"articleSection\":[\"Actualitat\"],\"inLanguage\":\"es\"},{\"@type\":\"WebPage\",\"@id\":\"https:\\\/\\\/fundesplai.org\\\/es\\\/informa-t\\\/actualitat-es\\\/ya-has-presentado-el-modelo-347-te-ayudamos-a-hacerlo\\\/\",\"url\":\"https:\\\/\\\/fundesplai.org\\\/es\\\/informa-t\\\/actualitat-es\\\/ya-has-presentado-el-modelo-347-te-ayudamos-a-hacerlo\\\/\",\"name\":\"\u00bfYa has presentado el Modelo 347? \u00a1Te ayudamos a hacerlo! - Fundesplai\",\"isPartOf\":{\"@id\":\"https:\\\/\\\/fundesplai.org\\\/es\\\/#website\"},\"primaryImageOfPage\":{\"@id\":\"https:\\\/\\\/fundesplai.org\\\/es\\\/informa-t\\\/actualitat-es\\\/ya-has-presentado-el-modelo-347-te-ayudamos-a-hacerlo\\\/#primaryimage\"},\"image\":{\"@id\":\"https:\\\/\\\/fundesplai.org\\\/es\\\/informa-t\\\/actualitat-es\\\/ya-has-presentado-el-modelo-347-te-ayudamos-a-hacerlo\\\/#primaryimage\"},\"thumbnailUrl\":\"https:\\\/\\\/fundesplai.org\\\/test-joomla\\\/wp-content\\\/uploads\\\/sites\\\/26\\\/2019\\\/02\\\/DocumentNoti.jpg\",\"datePublished\":\"2019-02-07T13:50:04+00:00\",\"author\":{\"@id\":\"https:\\\/\\\/fundesplai.org\\\/es\\\/#\\\/schema\\\/person\\\/c0e9e7466bb8ac06f5264324a6109733\"},\"breadcrumb\":{\"@id\":\"https:\\\/\\\/fundesplai.org\\\/es\\\/informa-t\\\/actualitat-es\\\/ya-has-presentado-el-modelo-347-te-ayudamos-a-hacerlo\\\/#breadcrumb\"},\"inLanguage\":\"es\",\"potentialAction\":[{\"@type\":\"ReadAction\",\"target\":[\"https:\\\/\\\/fundesplai.org\\\/es\\\/informa-t\\\/actualitat-es\\\/ya-has-presentado-el-modelo-347-te-ayudamos-a-hacerlo\\\/\"]}]},{\"@type\":\"ImageObject\",\"inLanguage\":\"es\",\"@id\":\"https:\\\/\\\/fundesplai.org\\\/es\\\/informa-t\\\/actualitat-es\\\/ya-has-presentado-el-modelo-347-te-ayudamos-a-hacerlo\\\/#primaryimage\",\"url\":\"https:\\\/\\\/fundesplai.org\\\/test-joomla\\\/wp-content\\\/uploads\\\/sites\\\/26\\\/2019\\\/02\\\/DocumentNoti.jpg\",\"contentUrl\":\"https:\\\/\\\/fundesplai.org\\\/test-joomla\\\/wp-content\\\/uploads\\\/sites\\\/26\\\/2019\\\/02\\\/DocumentNoti.jpg\"},{\"@type\":\"BreadcrumbList\",\"@id\":\"https:\\\/\\\/fundesplai.org\\\/es\\\/informa-t\\\/actualitat-es\\\/ya-has-presentado-el-modelo-347-te-ayudamos-a-hacerlo\\\/#breadcrumb\",\"itemListElement\":[{\"@type\":\"ListItem\",\"position\":1,\"name\":\"Inici\",\"item\":\"https:\\\/\\\/fundesplai.org\\\/es\\\/inicio\\\/\"},{\"@type\":\"ListItem\",\"position\":2,\"name\":\"Inf\u00f3rmate\",\"item\":\"https:\\\/\\\/fundesplai.org\\\/es\\\/informate\\\/\"},{\"@type\":\"ListItem\",\"position\":3,\"name\":\"Sin categor\u00eda\",\"item\":\"https:\\\/\\\/fundesplai.org\\\/es\\\/informa-t\\\/category\\\/sin-categoria\\\/\"},{\"@type\":\"ListItem\",\"position\":4,\"name\":\"\u00bfYa has presentado el Modelo 347? \u00a1Te ayudamos a hacerlo!\"}]},{\"@type\":\"WebSite\",\"@id\":\"https:\\\/\\\/fundesplai.org\\\/es\\\/#website\",\"url\":\"https:\\\/\\\/fundesplai.org\\\/es\\\/\",\"name\":\"Fundesplai\",\"description\":\"Eduquem per la conviv\u00e8ncia i la sostenibilitat\",\"potentialAction\":[{\"@type\":\"SearchAction\",\"target\":{\"@type\":\"EntryPoint\",\"urlTemplate\":\"https:\\\/\\\/fundesplai.org\\\/es\\\/?s={search_term_string}\"},\"query-input\":{\"@type\":\"PropertyValueSpecification\",\"valueRequired\":true,\"valueName\":\"search_term_string\"}}],\"inLanguage\":\"es\"},{\"@type\":\"Person\",\"@id\":\"https:\\\/\\\/fundesplai.org\\\/es\\\/#\\\/schema\\\/person\\\/c0e9e7466bb8ac06f5264324a6109733\",\"name\":\"Alfons Valle\",\"image\":{\"@type\":\"ImageObject\",\"inLanguage\":\"es\",\"@id\":\"https:\\\/\\\/secure.gravatar.com\\\/avatar\\\/71d95a3f99a068ba570ac1314ed6911a59c5ae3f22ffcf23631cd1a861a640bc?s=96&d=mm&r=g\",\"url\":\"https:\\\/\\\/secure.gravatar.com\\\/avatar\\\/71d95a3f99a068ba570ac1314ed6911a59c5ae3f22ffcf23631cd1a861a640bc?s=96&d=mm&r=g\",\"contentUrl\":\"https:\\\/\\\/secure.gravatar.com\\\/avatar\\\/71d95a3f99a068ba570ac1314ed6911a59c5ae3f22ffcf23631cd1a861a640bc?s=96&d=mm&r=g\",\"caption\":\"Alfons Valle\"},\"url\":\"https:\\\/\\\/fundesplai.org\\\/es\\\/informa-t\\\/author\\\/avalle\\\/\"}]}<\/script>\n<!-- \/ Yoast SEO plugin. -->","yoast_head_json":{"title":"\u00bfYa has presentado el Modelo 347? \u00a1Te ayudamos a hacerlo! - Fundesplai","robots":{"index":"index","follow":"follow","max-snippet":"max-snippet:-1","max-image-preview":"max-image-preview:large","max-video-preview":"max-video-preview:-1"},"canonical":"https:\/\/fundesplai.org\/es\/informa-t\/actualitat-es\/ya-has-presentado-el-modelo-347-te-ayudamos-a-hacerlo\/","og_locale":"es_ES","og_type":"article","og_title":"\u00bfYa has presentado el Modelo 347? \u00a1Te ayudamos a hacerlo! - Fundesplai","og_description":"El pr\u00f3ximo 28 de febrero finaliza el plazo de presentaci\u00f3n del Modelo 347 para aquellas entidades que hayan tenido durante el ejercicio 2018 operaciones con terceros -como compras a proveedores- superiores a 3.005,06 euros anuales.","og_url":"https:\/\/fundesplai.org\/es\/informa-t\/actualitat-es\/ya-has-presentado-el-modelo-347-te-ayudamos-a-hacerlo\/","og_site_name":"Fundesplai","article_published_time":"2019-02-07T13:50:04+00:00","og_image":[{"url":"https:\/\/fundesplai.org\/test-joomla\/wp-content\/uploads\/sites\/26\/2019\/02\/DocumentNoti.jpg","type":"","width":"","height":""}],"author":"Alfons Valle","twitter_card":"summary_large_image","twitter_misc":{"Escrito por":"Alfons Valle","Tiempo de lectura":"2 minutos"},"schema":{"@context":"https:\/\/schema.org","@graph":[{"@type":"Article","@id":"https:\/\/fundesplai.org\/es\/informa-t\/actualitat-es\/ya-has-presentado-el-modelo-347-te-ayudamos-a-hacerlo\/#article","isPartOf":{"@id":"https:\/\/fundesplai.org\/es\/informa-t\/actualitat-es\/ya-has-presentado-el-modelo-347-te-ayudamos-a-hacerlo\/"},"author":{"name":"Alfons Valle","@id":"https:\/\/fundesplai.org\/es\/#\/schema\/person\/c0e9e7466bb8ac06f5264324a6109733"},"headline":"\u00bfYa has presentado el Modelo 347? \u00a1Te ayudamos a hacerlo!","datePublished":"2019-02-07T13:50:04+00:00","mainEntityOfPage":{"@id":"https:\/\/fundesplai.org\/es\/informa-t\/actualitat-es\/ya-has-presentado-el-modelo-347-te-ayudamos-a-hacerlo\/"},"wordCount":371,"image":{"@id":"https:\/\/fundesplai.org\/es\/informa-t\/actualitat-es\/ya-has-presentado-el-modelo-347-te-ayudamos-a-hacerlo\/#primaryimage"},"thumbnailUrl":"https:\/\/fundesplai.org\/test-joomla\/wp-content\/uploads\/sites\/26\/2019\/02\/DocumentNoti.jpg","articleSection":["Actualitat"],"inLanguage":"es"},{"@type":"WebPage","@id":"https:\/\/fundesplai.org\/es\/informa-t\/actualitat-es\/ya-has-presentado-el-modelo-347-te-ayudamos-a-hacerlo\/","url":"https:\/\/fundesplai.org\/es\/informa-t\/actualitat-es\/ya-has-presentado-el-modelo-347-te-ayudamos-a-hacerlo\/","name":"\u00bfYa has presentado el Modelo 347? \u00a1Te ayudamos a hacerlo! - Fundesplai","isPartOf":{"@id":"https:\/\/fundesplai.org\/es\/#website"},"primaryImageOfPage":{"@id":"https:\/\/fundesplai.org\/es\/informa-t\/actualitat-es\/ya-has-presentado-el-modelo-347-te-ayudamos-a-hacerlo\/#primaryimage"},"image":{"@id":"https:\/\/fundesplai.org\/es\/informa-t\/actualitat-es\/ya-has-presentado-el-modelo-347-te-ayudamos-a-hacerlo\/#primaryimage"},"thumbnailUrl":"https:\/\/fundesplai.org\/test-joomla\/wp-content\/uploads\/sites\/26\/2019\/02\/DocumentNoti.jpg","datePublished":"2019-02-07T13:50:04+00:00","author":{"@id":"https:\/\/fundesplai.org\/es\/#\/schema\/person\/c0e9e7466bb8ac06f5264324a6109733"},"breadcrumb":{"@id":"https:\/\/fundesplai.org\/es\/informa-t\/actualitat-es\/ya-has-presentado-el-modelo-347-te-ayudamos-a-hacerlo\/#breadcrumb"},"inLanguage":"es","potentialAction":[{"@type":"ReadAction","target":["https:\/\/fundesplai.org\/es\/informa-t\/actualitat-es\/ya-has-presentado-el-modelo-347-te-ayudamos-a-hacerlo\/"]}]},{"@type":"ImageObject","inLanguage":"es","@id":"https:\/\/fundesplai.org\/es\/informa-t\/actualitat-es\/ya-has-presentado-el-modelo-347-te-ayudamos-a-hacerlo\/#primaryimage","url":"https:\/\/fundesplai.org\/test-joomla\/wp-content\/uploads\/sites\/26\/2019\/02\/DocumentNoti.jpg","contentUrl":"https:\/\/fundesplai.org\/test-joomla\/wp-content\/uploads\/sites\/26\/2019\/02\/DocumentNoti.jpg"},{"@type":"BreadcrumbList","@id":"https:\/\/fundesplai.org\/es\/informa-t\/actualitat-es\/ya-has-presentado-el-modelo-347-te-ayudamos-a-hacerlo\/#breadcrumb","itemListElement":[{"@type":"ListItem","position":1,"name":"Inici","item":"https:\/\/fundesplai.org\/es\/inicio\/"},{"@type":"ListItem","position":2,"name":"Inf\u00f3rmate","item":"https:\/\/fundesplai.org\/es\/informate\/"},{"@type":"ListItem","position":3,"name":"Sin categor\u00eda","item":"https:\/\/fundesplai.org\/es\/informa-t\/category\/sin-categoria\/"},{"@type":"ListItem","position":4,"name":"\u00bfYa has presentado el Modelo 347? \u00a1Te ayudamos a hacerlo!"}]},{"@type":"WebSite","@id":"https:\/\/fundesplai.org\/es\/#website","url":"https:\/\/fundesplai.org\/es\/","name":"Fundesplai","description":"Eduquem per la conviv\u00e8ncia i la sostenibilitat","potentialAction":[{"@type":"SearchAction","target":{"@type":"EntryPoint","urlTemplate":"https:\/\/fundesplai.org\/es\/?s={search_term_string}"},"query-input":{"@type":"PropertyValueSpecification","valueRequired":true,"valueName":"search_term_string"}}],"inLanguage":"es"},{"@type":"Person","@id":"https:\/\/fundesplai.org\/es\/#\/schema\/person\/c0e9e7466bb8ac06f5264324a6109733","name":"Alfons Valle","image":{"@type":"ImageObject","inLanguage":"es","@id":"https:\/\/secure.gravatar.com\/avatar\/71d95a3f99a068ba570ac1314ed6911a59c5ae3f22ffcf23631cd1a861a640bc?s=96&d=mm&r=g","url":"https:\/\/secure.gravatar.com\/avatar\/71d95a3f99a068ba570ac1314ed6911a59c5ae3f22ffcf23631cd1a861a640bc?s=96&d=mm&r=g","contentUrl":"https:\/\/secure.gravatar.com\/avatar\/71d95a3f99a068ba570ac1314ed6911a59c5ae3f22ffcf23631cd1a861a640bc?s=96&d=mm&r=g","caption":"Alfons Valle"},"url":"https:\/\/fundesplai.org\/es\/informa-t\/author\/avalle\/"}]}},"_links":{"self":[{"href":"https:\/\/fundesplai.org\/es\/wp-json\/wp\/v2\/posts\/47907","targetHints":{"allow":["GET"]}}],"collection":[{"href":"https:\/\/fundesplai.org\/es\/wp-json\/wp\/v2\/posts"}],"about":[{"href":"https:\/\/fundesplai.org\/es\/wp-json\/wp\/v2\/types\/post"}],"author":[{"embeddable":true,"href":"https:\/\/fundesplai.org\/es\/wp-json\/wp\/v2\/users\/9"}],"replies":[{"embeddable":true,"href":"https:\/\/fundesplai.org\/es\/wp-json\/wp\/v2\/comments?post=47907"}],"version-history":[{"count":0,"href":"https:\/\/fundesplai.org\/es\/wp-json\/wp\/v2\/posts\/47907\/revisions"}],"wp:attachment":[{"href":"https:\/\/fundesplai.org\/es\/wp-json\/wp\/v2\/media?parent=47907"}],"wp:term":[{"taxonomy":"category","embeddable":true,"href":"https:\/\/fundesplai.org\/es\/wp-json\/wp\/v2\/categories?post=47907"},{"taxonomy":"post_tag","embeddable":true,"href":"https:\/\/fundesplai.org\/es\/wp-json\/wp\/v2\/tags?post=47907"}],"curies":[{"name":"wp","href":"https:\/\/api.w.org\/{rel}","templated":true}]}}