{"id":47904,"date":"2019-02-05T16:06:06","date_gmt":"2019-02-05T15:06:06","guid":{"rendered":"https:\/\/fundesplai.org\/informa-t\/sense-categoria\/la-camiseta-de-fundesplai-2019-sera-negra\/"},"modified":"2019-02-05T16:06:06","modified_gmt":"2019-02-05T15:06:06","slug":"la-camiseta-de-fundesplai-2019-sera-negra","status":"publish","type":"post","link":"https:\/\/fundesplai.org\/es\/informa-t\/actualitat-es\/la-camiseta-de-fundesplai-2019-sera-negra\/","title":{"rendered":"La camiseta de Fundesplai 2019 ser\u00e1 negra"},"content":{"rendered":"<p>Despu\u00e9s de 9 d\u00edas intensos y m\u00e1s de 800 votos, finalmente &nbsp;la camiseta de verano 2019 &nbsp;ser\u00e1 la de color negro.<\/p>\n<p><!--more--><\/p>\n<p><img decoding=\"async\" class=\" alignright size-full wp-image-6200\" style=\"margin: 5px;float: right\" src=\"https:\/\/fundesplai.org\/test-joomla\/wp-content\/uploads\/sites\/26\/2019\/02\/Samarreta-negra-Fundesplai.jpg\" alt=\"Camiseta negra Fundesplai\" width=\"40%\" height=\"NaN\">En Fundesplai organizamos un votaci\u00f3n para escoger el color de la camiseta que traer\u00e1n ni\u00f1os, j\u00f3venes, monitores\/as y familias este verano.<\/p>\n<p>Despu\u00e9s de 9 d\u00edas intensos y m\u00e1s de 800 votos, finalmente la&nbsp; #samarretafundesplai&nbsp; ganadora ha sido la de color negro, que ha obtenido un 70,1% de los resultados favorables por un 29,9% la de color blanco &nbsp;ambi\u00e9n se ha realizado el sorteo de las tres personas ganadoras con las que nos comunicaremos personalmente.<\/p>\n<h3><strong>Y domingo 12 de mayo: \u00a1Fiesta Esplai!<\/strong><\/h3>\n<p>Uno de los lugares donde se podr\u00e1 ver y llevar es en la &nbsp;<a href=\"ca\/infants-i-joves\/projectes-infants-i-joves\/festa-esplai\">Fiesta Esplai<\/a>, que se celebrar\u00e1 el &nbsp;domingo 12 de mayo, en el Parc Nou del Prat de Llobregat.&nbsp; es&nbsp; la gran celebraci\u00f3n anual de Fundesplai para cerrar el curso y dar el pistoletazo de salida de las actividades de verano.<\/p>\n<p>Esta camiseta es uno de los principales elementos de difusi\u00f3n de la campa\u00f1a de verano de Fundesplai y cada a\u00f1o la llevamos m\u00e1s de 10.000 personas entre ni\u00f1os, j\u00f3venes, monitoras, monitores y familias.&nbsp;El dise\u00f1o de la imagen de la camiseta es el del \u00ab<a href=\"http:\/\/projectes.fundesplai.org\/canals?mailpoet_router&amp;endpoint=track&amp;action=click&amp;data=WyIzIiwiN2ZiNWI2IiwiMjc2IiwiMjA2ZDU3ZmQ1OWQzIixmYWxzZV0\"><strong>Encoratjat<\/strong><\/a>\u00ab, la propuesta educativa por la igualdad de g\u00e9nero y la violencia cero que empezamos a desarrollar en esplais y escuelas el curso 2017-18 y contin\u00faa este 2018-19.&nbsp;<\/p>\n","protected":false},"excerpt":{"rendered":"<p>Despu\u00e9s de 9 d\u00edas intensos y m\u00e1s de 800 votos, finalmente &nbsp;la camiseta de verano 2019 &nbsp;ser\u00e1 la de color negro.<\/p>\n","protected":false},"author":4,"featured_media":0,"comment_status":"closed","ping_status":"closed","sticky":false,"template":"","format":"standard","meta":{"_et_pb_use_builder":"","_et_pb_old_content":"","_et_gb_content_width":"","footnotes":""},"categories":[937],"tags":[],"class_list":["post-47904","post","type-post","status-publish","format-standard","hentry","category-actualitat-es"],"yoast_head":"<!-- This site is optimized with the Yoast SEO plugin v27.4 - https:\/\/yoast.com\/product\/yoast-seo-wordpress\/ -->\n<title>La camiseta de Fundesplai 2019 ser\u00e1 negra - Fundesplai<\/title>\n<meta name=\"robots\" content=\"index, follow, max-snippet:-1, max-image-preview:large, max-video-preview:-1\" \/>\n<link rel=\"canonical\" href=\"https:\/\/fundesplai.org\/es\/informa-t\/actualitat-es\/la-camiseta-de-fundesplai-2019-sera-negra\/\" \/>\n<meta property=\"og:locale\" content=\"es_ES\" \/>\n<meta property=\"og:type\" content=\"article\" \/>\n<meta property=\"og:title\" content=\"La camiseta de Fundesplai 2019 ser\u00e1 negra - Fundesplai\" \/>\n<meta property=\"og:description\" content=\"Despu\u00e9s de 9 d\u00edas intensos y m\u00e1s de 800 votos, finalmente &nbsp;la camiseta de verano 2019 &nbsp;ser\u00e1 la de color negro.\" \/>\n<meta property=\"og:url\" content=\"https:\/\/fundesplai.org\/es\/informa-t\/actualitat-es\/la-camiseta-de-fundesplai-2019-sera-negra\/\" \/>\n<meta property=\"og:site_name\" content=\"Fundesplai\" \/>\n<meta property=\"article:published_time\" content=\"2019-02-05T15:06:06+00:00\" \/>\n<meta property=\"og:image\" content=\"https:\/\/fundesplai.org\/test-joomla\/wp-content\/uploads\/sites\/26\/2019\/02\/Samarreta-negra-Fundesplai.jpg\" \/>\n<meta name=\"author\" content=\"Ferran\" \/>\n<meta name=\"twitter:card\" content=\"summary_large_image\" \/>\n<meta name=\"twitter:label1\" content=\"Escrito por\" \/>\n\t<meta name=\"twitter:data1\" content=\"Ferran\" \/>\n\t<meta name=\"twitter:label2\" content=\"Tiempo de lectura\" \/>\n\t<meta name=\"twitter:data2\" content=\"1 minuto\" \/>\n<script type=\"application\/ld+json\" class=\"yoast-schema-graph\">{\"@context\":\"https:\\\/\\\/schema.org\",\"@graph\":[{\"@type\":\"Article\",\"@id\":\"https:\\\/\\\/fundesplai.org\\\/es\\\/informa-t\\\/actualitat-es\\\/la-camiseta-de-fundesplai-2019-sera-negra\\\/#article\",\"isPartOf\":{\"@id\":\"https:\\\/\\\/fundesplai.org\\\/es\\\/informa-t\\\/actualitat-es\\\/la-camiseta-de-fundesplai-2019-sera-negra\\\/\"},\"author\":{\"name\":\"Ferran\",\"@id\":\"https:\\\/\\\/fundesplai.org\\\/es\\\/#\\\/schema\\\/person\\\/67e7825d8ec54561cc24e36ba6b0f633\"},\"headline\":\"La camiseta de Fundesplai 2019 ser\u00e1 negra\",\"datePublished\":\"2019-02-05T15:06:06+00:00\",\"mainEntityOfPage\":{\"@id\":\"https:\\\/\\\/fundesplai.org\\\/es\\\/informa-t\\\/actualitat-es\\\/la-camiseta-de-fundesplai-2019-sera-negra\\\/\"},\"wordCount\":256,\"image\":{\"@id\":\"https:\\\/\\\/fundesplai.org\\\/es\\\/informa-t\\\/actualitat-es\\\/la-camiseta-de-fundesplai-2019-sera-negra\\\/#primaryimage\"},\"thumbnailUrl\":\"https:\\\/\\\/fundesplai.org\\\/test-joomla\\\/wp-content\\\/uploads\\\/sites\\\/26\\\/2019\\\/02\\\/Samarreta-negra-Fundesplai.jpg\",\"articleSection\":[\"Actualitat\"],\"inLanguage\":\"es\"},{\"@type\":\"WebPage\",\"@id\":\"https:\\\/\\\/fundesplai.org\\\/es\\\/informa-t\\\/actualitat-es\\\/la-camiseta-de-fundesplai-2019-sera-negra\\\/\",\"url\":\"https:\\\/\\\/fundesplai.org\\\/es\\\/informa-t\\\/actualitat-es\\\/la-camiseta-de-fundesplai-2019-sera-negra\\\/\",\"name\":\"La camiseta de Fundesplai 2019 ser\u00e1 negra - Fundesplai\",\"isPartOf\":{\"@id\":\"https:\\\/\\\/fundesplai.org\\\/es\\\/#website\"},\"primaryImageOfPage\":{\"@id\":\"https:\\\/\\\/fundesplai.org\\\/es\\\/informa-t\\\/actualitat-es\\\/la-camiseta-de-fundesplai-2019-sera-negra\\\/#primaryimage\"},\"image\":{\"@id\":\"https:\\\/\\\/fundesplai.org\\\/es\\\/informa-t\\\/actualitat-es\\\/la-camiseta-de-fundesplai-2019-sera-negra\\\/#primaryimage\"},\"thumbnailUrl\":\"https:\\\/\\\/fundesplai.org\\\/test-joomla\\\/wp-content\\\/uploads\\\/sites\\\/26\\\/2019\\\/02\\\/Samarreta-negra-Fundesplai.jpg\",\"datePublished\":\"2019-02-05T15:06:06+00:00\",\"author\":{\"@id\":\"https:\\\/\\\/fundesplai.org\\\/es\\\/#\\\/schema\\\/person\\\/67e7825d8ec54561cc24e36ba6b0f633\"},\"breadcrumb\":{\"@id\":\"https:\\\/\\\/fundesplai.org\\\/es\\\/informa-t\\\/actualitat-es\\\/la-camiseta-de-fundesplai-2019-sera-negra\\\/#breadcrumb\"},\"inLanguage\":\"es\",\"potentialAction\":[{\"@type\":\"ReadAction\",\"target\":[\"https:\\\/\\\/fundesplai.org\\\/es\\\/informa-t\\\/actualitat-es\\\/la-camiseta-de-fundesplai-2019-sera-negra\\\/\"]}]},{\"@type\":\"ImageObject\",\"inLanguage\":\"es\",\"@id\":\"https:\\\/\\\/fundesplai.org\\\/es\\\/informa-t\\\/actualitat-es\\\/la-camiseta-de-fundesplai-2019-sera-negra\\\/#primaryimage\",\"url\":\"https:\\\/\\\/fundesplai.org\\\/test-joomla\\\/wp-content\\\/uploads\\\/sites\\\/26\\\/2019\\\/02\\\/Samarreta-negra-Fundesplai.jpg\",\"contentUrl\":\"https:\\\/\\\/fundesplai.org\\\/test-joomla\\\/wp-content\\\/uploads\\\/sites\\\/26\\\/2019\\\/02\\\/Samarreta-negra-Fundesplai.jpg\"},{\"@type\":\"BreadcrumbList\",\"@id\":\"https:\\\/\\\/fundesplai.org\\\/es\\\/informa-t\\\/actualitat-es\\\/la-camiseta-de-fundesplai-2019-sera-negra\\\/#breadcrumb\",\"itemListElement\":[{\"@type\":\"ListItem\",\"position\":1,\"name\":\"Inici\",\"item\":\"https:\\\/\\\/fundesplai.org\\\/es\\\/inicio\\\/\"},{\"@type\":\"ListItem\",\"position\":2,\"name\":\"Inf\u00f3rmate\",\"item\":\"https:\\\/\\\/fundesplai.org\\\/es\\\/informate\\\/\"},{\"@type\":\"ListItem\",\"position\":3,\"name\":\"Sin categor\u00eda\",\"item\":\"https:\\\/\\\/fundesplai.org\\\/es\\\/informa-t\\\/category\\\/sin-categoria\\\/\"},{\"@type\":\"ListItem\",\"position\":4,\"name\":\"La camiseta de Fundesplai 2019 ser\u00e1 negra\"}]},{\"@type\":\"WebSite\",\"@id\":\"https:\\\/\\\/fundesplai.org\\\/es\\\/#website\",\"url\":\"https:\\\/\\\/fundesplai.org\\\/es\\\/\",\"name\":\"Fundesplai\",\"description\":\"Eduquem per la conviv\u00e8ncia i la sostenibilitat\",\"potentialAction\":[{\"@type\":\"SearchAction\",\"target\":{\"@type\":\"EntryPoint\",\"urlTemplate\":\"https:\\\/\\\/fundesplai.org\\\/es\\\/?s={search_term_string}\"},\"query-input\":{\"@type\":\"PropertyValueSpecification\",\"valueRequired\":true,\"valueName\":\"search_term_string\"}}],\"inLanguage\":\"es\"},{\"@type\":\"Person\",\"@id\":\"https:\\\/\\\/fundesplai.org\\\/es\\\/#\\\/schema\\\/person\\\/67e7825d8ec54561cc24e36ba6b0f633\",\"name\":\"Ferran\",\"image\":{\"@type\":\"ImageObject\",\"inLanguage\":\"es\",\"@id\":\"https:\\\/\\\/secure.gravatar.com\\\/avatar\\\/a3510350976b58aae6eccd1e36f066b660a69ef63f97fde3cba8205db7db816a?s=96&d=mm&r=g\",\"url\":\"https:\\\/\\\/secure.gravatar.com\\\/avatar\\\/a3510350976b58aae6eccd1e36f066b660a69ef63f97fde3cba8205db7db816a?s=96&d=mm&r=g\",\"contentUrl\":\"https:\\\/\\\/secure.gravatar.com\\\/avatar\\\/a3510350976b58aae6eccd1e36f066b660a69ef63f97fde3cba8205db7db816a?s=96&d=mm&r=g\",\"caption\":\"Ferran\"},\"url\":\"https:\\\/\\\/fundesplai.org\\\/es\\\/informa-t\\\/author\\\/fvidal\\\/\"}]}<\/script>\n<!-- \/ Yoast SEO plugin. -->","yoast_head_json":{"title":"La camiseta de Fundesplai 2019 ser\u00e1 negra - Fundesplai","robots":{"index":"index","follow":"follow","max-snippet":"max-snippet:-1","max-image-preview":"max-image-preview:large","max-video-preview":"max-video-preview:-1"},"canonical":"https:\/\/fundesplai.org\/es\/informa-t\/actualitat-es\/la-camiseta-de-fundesplai-2019-sera-negra\/","og_locale":"es_ES","og_type":"article","og_title":"La camiseta de Fundesplai 2019 ser\u00e1 negra - Fundesplai","og_description":"Despu\u00e9s de 9 d\u00edas intensos y m\u00e1s de 800 votos, finalmente &nbsp;la camiseta de verano 2019 &nbsp;ser\u00e1 la de color negro.","og_url":"https:\/\/fundesplai.org\/es\/informa-t\/actualitat-es\/la-camiseta-de-fundesplai-2019-sera-negra\/","og_site_name":"Fundesplai","article_published_time":"2019-02-05T15:06:06+00:00","og_image":[{"url":"https:\/\/fundesplai.org\/test-joomla\/wp-content\/uploads\/sites\/26\/2019\/02\/Samarreta-negra-Fundesplai.jpg","type":"","width":"","height":""}],"author":"Ferran","twitter_card":"summary_large_image","twitter_misc":{"Escrito por":"Ferran","Tiempo de lectura":"1 minuto"},"schema":{"@context":"https:\/\/schema.org","@graph":[{"@type":"Article","@id":"https:\/\/fundesplai.org\/es\/informa-t\/actualitat-es\/la-camiseta-de-fundesplai-2019-sera-negra\/#article","isPartOf":{"@id":"https:\/\/fundesplai.org\/es\/informa-t\/actualitat-es\/la-camiseta-de-fundesplai-2019-sera-negra\/"},"author":{"name":"Ferran","@id":"https:\/\/fundesplai.org\/es\/#\/schema\/person\/67e7825d8ec54561cc24e36ba6b0f633"},"headline":"La camiseta de Fundesplai 2019 ser\u00e1 negra","datePublished":"2019-02-05T15:06:06+00:00","mainEntityOfPage":{"@id":"https:\/\/fundesplai.org\/es\/informa-t\/actualitat-es\/la-camiseta-de-fundesplai-2019-sera-negra\/"},"wordCount":256,"image":{"@id":"https:\/\/fundesplai.org\/es\/informa-t\/actualitat-es\/la-camiseta-de-fundesplai-2019-sera-negra\/#primaryimage"},"thumbnailUrl":"https:\/\/fundesplai.org\/test-joomla\/wp-content\/uploads\/sites\/26\/2019\/02\/Samarreta-negra-Fundesplai.jpg","articleSection":["Actualitat"],"inLanguage":"es"},{"@type":"WebPage","@id":"https:\/\/fundesplai.org\/es\/informa-t\/actualitat-es\/la-camiseta-de-fundesplai-2019-sera-negra\/","url":"https:\/\/fundesplai.org\/es\/informa-t\/actualitat-es\/la-camiseta-de-fundesplai-2019-sera-negra\/","name":"La camiseta de Fundesplai 2019 ser\u00e1 negra - Fundesplai","isPartOf":{"@id":"https:\/\/fundesplai.org\/es\/#website"},"primaryImageOfPage":{"@id":"https:\/\/fundesplai.org\/es\/informa-t\/actualitat-es\/la-camiseta-de-fundesplai-2019-sera-negra\/#primaryimage"},"image":{"@id":"https:\/\/fundesplai.org\/es\/informa-t\/actualitat-es\/la-camiseta-de-fundesplai-2019-sera-negra\/#primaryimage"},"thumbnailUrl":"https:\/\/fundesplai.org\/test-joomla\/wp-content\/uploads\/sites\/26\/2019\/02\/Samarreta-negra-Fundesplai.jpg","datePublished":"2019-02-05T15:06:06+00:00","author":{"@id":"https:\/\/fundesplai.org\/es\/#\/schema\/person\/67e7825d8ec54561cc24e36ba6b0f633"},"breadcrumb":{"@id":"https:\/\/fundesplai.org\/es\/informa-t\/actualitat-es\/la-camiseta-de-fundesplai-2019-sera-negra\/#breadcrumb"},"inLanguage":"es","potentialAction":[{"@type":"ReadAction","target":["https:\/\/fundesplai.org\/es\/informa-t\/actualitat-es\/la-camiseta-de-fundesplai-2019-sera-negra\/"]}]},{"@type":"ImageObject","inLanguage":"es","@id":"https:\/\/fundesplai.org\/es\/informa-t\/actualitat-es\/la-camiseta-de-fundesplai-2019-sera-negra\/#primaryimage","url":"https:\/\/fundesplai.org\/test-joomla\/wp-content\/uploads\/sites\/26\/2019\/02\/Samarreta-negra-Fundesplai.jpg","contentUrl":"https:\/\/fundesplai.org\/test-joomla\/wp-content\/uploads\/sites\/26\/2019\/02\/Samarreta-negra-Fundesplai.jpg"},{"@type":"BreadcrumbList","@id":"https:\/\/fundesplai.org\/es\/informa-t\/actualitat-es\/la-camiseta-de-fundesplai-2019-sera-negra\/#breadcrumb","itemListElement":[{"@type":"ListItem","position":1,"name":"Inici","item":"https:\/\/fundesplai.org\/es\/inicio\/"},{"@type":"ListItem","position":2,"name":"Inf\u00f3rmate","item":"https:\/\/fundesplai.org\/es\/informate\/"},{"@type":"ListItem","position":3,"name":"Sin categor\u00eda","item":"https:\/\/fundesplai.org\/es\/informa-t\/category\/sin-categoria\/"},{"@type":"ListItem","position":4,"name":"La camiseta de Fundesplai 2019 ser\u00e1 negra"}]},{"@type":"WebSite","@id":"https:\/\/fundesplai.org\/es\/#website","url":"https:\/\/fundesplai.org\/es\/","name":"Fundesplai","description":"Eduquem per la conviv\u00e8ncia i la sostenibilitat","potentialAction":[{"@type":"SearchAction","target":{"@type":"EntryPoint","urlTemplate":"https:\/\/fundesplai.org\/es\/?s={search_term_string}"},"query-input":{"@type":"PropertyValueSpecification","valueRequired":true,"valueName":"search_term_string"}}],"inLanguage":"es"},{"@type":"Person","@id":"https:\/\/fundesplai.org\/es\/#\/schema\/person\/67e7825d8ec54561cc24e36ba6b0f633","name":"Ferran","image":{"@type":"ImageObject","inLanguage":"es","@id":"https:\/\/secure.gravatar.com\/avatar\/a3510350976b58aae6eccd1e36f066b660a69ef63f97fde3cba8205db7db816a?s=96&d=mm&r=g","url":"https:\/\/secure.gravatar.com\/avatar\/a3510350976b58aae6eccd1e36f066b660a69ef63f97fde3cba8205db7db816a?s=96&d=mm&r=g","contentUrl":"https:\/\/secure.gravatar.com\/avatar\/a3510350976b58aae6eccd1e36f066b660a69ef63f97fde3cba8205db7db816a?s=96&d=mm&r=g","caption":"Ferran"},"url":"https:\/\/fundesplai.org\/es\/informa-t\/author\/fvidal\/"}]}},"_links":{"self":[{"href":"https:\/\/fundesplai.org\/es\/wp-json\/wp\/v2\/posts\/47904","targetHints":{"allow":["GET"]}}],"collection":[{"href":"https:\/\/fundesplai.org\/es\/wp-json\/wp\/v2\/posts"}],"about":[{"href":"https:\/\/fundesplai.org\/es\/wp-json\/wp\/v2\/types\/post"}],"author":[{"embeddable":true,"href":"https:\/\/fundesplai.org\/es\/wp-json\/wp\/v2\/users\/4"}],"replies":[{"embeddable":true,"href":"https:\/\/fundesplai.org\/es\/wp-json\/wp\/v2\/comments?post=47904"}],"version-history":[{"count":0,"href":"https:\/\/fundesplai.org\/es\/wp-json\/wp\/v2\/posts\/47904\/revisions"}],"wp:attachment":[{"href":"https:\/\/fundesplai.org\/es\/wp-json\/wp\/v2\/media?parent=47904"}],"wp:term":[{"taxonomy":"category","embeddable":true,"href":"https:\/\/fundesplai.org\/es\/wp-json\/wp\/v2\/categories?post=47904"},{"taxonomy":"post_tag","embeddable":true,"href":"https:\/\/fundesplai.org\/es\/wp-json\/wp\/v2\/tags?post=47904"}],"curies":[{"name":"wp","href":"https:\/\/api.w.org\/{rel}","templated":true}]}}