{"id":47902,"date":"2019-02-04T16:50:25","date_gmt":"2019-02-04T15:50:25","guid":{"rendered":"https:\/\/fundesplai.org\/informa-t\/sense-categoria\/historias-del-ayer-obra-solidaria-por-la-campana-de-becas-de-fundesplai\/"},"modified":"2019-02-04T16:50:25","modified_gmt":"2019-02-04T15:50:25","slug":"historias-del-ayer-obra-solidaria-por-la-campana-de-becas-de-fundesplai","status":"publish","type":"post","link":"https:\/\/fundesplai.org\/es\/informa-t\/actualitat-es\/historias-del-ayer-obra-solidaria-por-la-campana-de-becas-de-fundesplai\/","title":{"rendered":"\u00abHistorias del ayer\u00bb, obra solidaria por la campa\u00f1a de becas de Fundesplai"},"content":{"rendered":"<p>La compa\u00f1\u00eda FJMM &nbsp;har\u00e1 una representaci\u00f3n solidaria el &nbsp;domingo 10 de marzo &nbsp;de la obra \u00abHistoria del ayer\u00bb a favor de&nbsp;\u00ab<a href=\"ca\/nosaltres\/et-necessitem\/prenem-partit-per-la-infancia\">Tomamos partido por la infancia\u00bb<\/a> ni\u00f1os en situaci\u00f3n de vulnerabilidad de Fundesplai.<\/p>\n<p><!--more--><\/p>\n<p><img loading=\"lazy\" decoding=\"async\" class=\" alignright size-full wp-image-6186\" style=\"margin: 5px;float: right\" src=\"https:\/\/fundesplai.org\/test-joomla\/wp-content\/uploads\/sites\/26\/2019\/02\/teatre-solidari-web.jpg\" alt=\"teatre solidari web\" width=\"350\" height=\"267\"><\/p>\n<p>La compa\u00f1\u00eda FJMM &nbsp;har\u00e1 una representaci\u00f3n solidaria el &nbsp;domingo 10 de marzo wpml_nbspde la obra \u00abHistoria del ayer\u00bb a favor de&nbsp; <a href=\"ca\/nosaltres\/et-necessitem\/prenem-partit-per-la-infancia\">\u00abTomamos partido por la infancia\u00bb<\/a> ni\u00f1os en situaci\u00f3n de vulnerabilidad de Fundesplai. El donativo por la obra es de 5 euros y el importe \u00edntegro que se recoja se destinar\u00e1 a la campa\u00f1a.&nbsp;<\/p>\n<p>La representaci\u00f3n se har\u00e1 en el Auditorio de CENTRO ESPLAI (calle R\u00edo Anoia 42-54, 08820, El Prat de Llobregat), el domingo 10 de marzo a las 18 horas.<\/p>\n<p>La obra &nbsp; quiere recoger la vida de una persona que nace en los a\u00f1os 60 hasta la actualidad, dando una visi\u00f3n de &nbsp;cada una de las etapas vitales de la persona, nacimiento, infancia, juventud, madurez y vejez , transmiten sus vivencias, sentimientos. Todo en clave de humor.&nbsp;<\/p>\n<p>Las entradas se podr\u00e1n adquirir el mismo d\u00eda de la obra, previamente a trav\u00e9s del tel\u00e9fono 93 551 15 17 o haciendo un &nbsp; <a href=\"https:\/\/donacions.fundesplai.org\/moduls\/donacions\/donacio.php\">donativo en la web<\/a> &nbsp;de 5 euros con el concepto \u00abTeatro solidario\u00bb en el campo \u00abDeja un comentario\u00bb.<\/p>\n<p style=\"font-family: Verdana, Arial, Helvetica, sans-serif;font-size: 12px;font-variant: small-caps\"><strong>Obra \u00abHistorias del ayer\u00bb<\/strong><\/p>\n<ul>\n<li><strong>D\u00eda:<\/strong> Domingo 10 de marzo<\/li>\n<li><strong>Hora:<\/strong> 18h<\/li>\n<li><strong>Lugar:<\/strong> CENTRO ESPLAI, calle Riu Anoia 42-54, 08820, El Prat de Llobregat<\/li>\n<li><a href=\"http:\/\/maps.google.com\/maps\/ms?msid=200415810940318374023.0004ba932059c6d1026fc&amp;msa=0&amp;ll=41.317206,2.081501&amp;spn=0.012184,0.01929\"><strong>C\u00f3mo llegar<\/strong><\/a><\/li>\n<\/ul>\n","protected":false},"excerpt":{"rendered":"<p>La compa\u00f1\u00eda FJMM &nbsp;har\u00e1 una representaci\u00f3n solidaria el &nbsp;domingo 10 de marzo &nbsp;de la obra \u00abHistoria del ayer\u00bb a favor de&nbsp;\u00abTomamos partido por la infancia\u00bb ni\u00f1os en situaci\u00f3n de vulnerabilidad de Fundesplai.<\/p>\n","protected":false},"author":9,"featured_media":0,"comment_status":"closed","ping_status":"closed","sticky":false,"template":"","format":"standard","meta":{"_et_pb_use_builder":"","_et_pb_old_content":"","_et_gb_content_width":"","footnotes":""},"categories":[937],"tags":[],"class_list":["post-47902","post","type-post","status-publish","format-standard","hentry","category-actualitat-es"],"yoast_head":"<!-- This site is optimized with the Yoast SEO plugin v27.4 - https:\/\/yoast.com\/product\/yoast-seo-wordpress\/ -->\n<title>&quot;Historias del ayer&quot;, obra solidaria por la campa\u00f1a de becas de Fundesplai - Fundesplai<\/title>\n<meta name=\"robots\" content=\"index, follow, max-snippet:-1, max-image-preview:large, max-video-preview:-1\" \/>\n<link rel=\"canonical\" href=\"https:\/\/fundesplai.org\/es\/informa-t\/actualitat-es\/historias-del-ayer-obra-solidaria-por-la-campana-de-becas-de-fundesplai\/\" \/>\n<meta property=\"og:locale\" content=\"es_ES\" \/>\n<meta property=\"og:type\" content=\"article\" \/>\n<meta property=\"og:title\" content=\"&quot;Historias del ayer&quot;, obra solidaria por la campa\u00f1a de becas de Fundesplai - Fundesplai\" \/>\n<meta property=\"og:description\" content=\"La compa\u00f1\u00eda FJMM &nbsp;har\u00e1 una representaci\u00f3n solidaria el &nbsp;domingo 10 de marzo &nbsp;de la obra \u00abHistoria del ayer\u00bb a favor de&nbsp;\u00abTomamos partido por la infancia\u00bb ni\u00f1os en situaci\u00f3n de vulnerabilidad de Fundesplai.\" \/>\n<meta property=\"og:url\" content=\"https:\/\/fundesplai.org\/es\/informa-t\/actualitat-es\/historias-del-ayer-obra-solidaria-por-la-campana-de-becas-de-fundesplai\/\" \/>\n<meta property=\"og:site_name\" content=\"Fundesplai\" \/>\n<meta property=\"article:published_time\" content=\"2019-02-04T15:50:25+00:00\" \/>\n<meta property=\"og:image\" content=\"https:\/\/fundesplai.org\/test-joomla\/wp-content\/uploads\/sites\/26\/2019\/02\/teatre-solidari-web.jpg\" \/>\n<meta name=\"author\" content=\"Alfons Valle\" \/>\n<meta name=\"twitter:card\" content=\"summary_large_image\" \/>\n<meta name=\"twitter:label1\" content=\"Escrito por\" \/>\n\t<meta name=\"twitter:data1\" content=\"Alfons Valle\" \/>\n\t<meta name=\"twitter:label2\" content=\"Tiempo de lectura\" \/>\n\t<meta name=\"twitter:data2\" content=\"1 minuto\" \/>\n<script type=\"application\/ld+json\" class=\"yoast-schema-graph\">{\"@context\":\"https:\\\/\\\/schema.org\",\"@graph\":[{\"@type\":\"Article\",\"@id\":\"https:\\\/\\\/fundesplai.org\\\/es\\\/informa-t\\\/actualitat-es\\\/historias-del-ayer-obra-solidaria-por-la-campana-de-becas-de-fundesplai\\\/#article\",\"isPartOf\":{\"@id\":\"https:\\\/\\\/fundesplai.org\\\/es\\\/informa-t\\\/actualitat-es\\\/historias-del-ayer-obra-solidaria-por-la-campana-de-becas-de-fundesplai\\\/\"},\"author\":{\"name\":\"Alfons Valle\",\"@id\":\"https:\\\/\\\/fundesplai.org\\\/es\\\/#\\\/schema\\\/person\\\/c0e9e7466bb8ac06f5264324a6109733\"},\"headline\":\"\u00abHistorias del ayer\u00bb, obra solidaria por la campa\u00f1a de becas de Fundesplai\",\"datePublished\":\"2019-02-04T15:50:25+00:00\",\"mainEntityOfPage\":{\"@id\":\"https:\\\/\\\/fundesplai.org\\\/es\\\/informa-t\\\/actualitat-es\\\/historias-del-ayer-obra-solidaria-por-la-campana-de-becas-de-fundesplai\\\/\"},\"wordCount\":259,\"image\":{\"@id\":\"https:\\\/\\\/fundesplai.org\\\/es\\\/informa-t\\\/actualitat-es\\\/historias-del-ayer-obra-solidaria-por-la-campana-de-becas-de-fundesplai\\\/#primaryimage\"},\"thumbnailUrl\":\"https:\\\/\\\/fundesplai.org\\\/test-joomla\\\/wp-content\\\/uploads\\\/sites\\\/26\\\/2019\\\/02\\\/teatre-solidari-web.jpg\",\"articleSection\":[\"Actualitat\"],\"inLanguage\":\"es\"},{\"@type\":\"WebPage\",\"@id\":\"https:\\\/\\\/fundesplai.org\\\/es\\\/informa-t\\\/actualitat-es\\\/historias-del-ayer-obra-solidaria-por-la-campana-de-becas-de-fundesplai\\\/\",\"url\":\"https:\\\/\\\/fundesplai.org\\\/es\\\/informa-t\\\/actualitat-es\\\/historias-del-ayer-obra-solidaria-por-la-campana-de-becas-de-fundesplai\\\/\",\"name\":\"\\\"Historias del ayer\\\", obra solidaria por la campa\u00f1a de becas de Fundesplai - Fundesplai\",\"isPartOf\":{\"@id\":\"https:\\\/\\\/fundesplai.org\\\/es\\\/#website\"},\"primaryImageOfPage\":{\"@id\":\"https:\\\/\\\/fundesplai.org\\\/es\\\/informa-t\\\/actualitat-es\\\/historias-del-ayer-obra-solidaria-por-la-campana-de-becas-de-fundesplai\\\/#primaryimage\"},\"image\":{\"@id\":\"https:\\\/\\\/fundesplai.org\\\/es\\\/informa-t\\\/actualitat-es\\\/historias-del-ayer-obra-solidaria-por-la-campana-de-becas-de-fundesplai\\\/#primaryimage\"},\"thumbnailUrl\":\"https:\\\/\\\/fundesplai.org\\\/test-joomla\\\/wp-content\\\/uploads\\\/sites\\\/26\\\/2019\\\/02\\\/teatre-solidari-web.jpg\",\"datePublished\":\"2019-02-04T15:50:25+00:00\",\"author\":{\"@id\":\"https:\\\/\\\/fundesplai.org\\\/es\\\/#\\\/schema\\\/person\\\/c0e9e7466bb8ac06f5264324a6109733\"},\"breadcrumb\":{\"@id\":\"https:\\\/\\\/fundesplai.org\\\/es\\\/informa-t\\\/actualitat-es\\\/historias-del-ayer-obra-solidaria-por-la-campana-de-becas-de-fundesplai\\\/#breadcrumb\"},\"inLanguage\":\"es\",\"potentialAction\":[{\"@type\":\"ReadAction\",\"target\":[\"https:\\\/\\\/fundesplai.org\\\/es\\\/informa-t\\\/actualitat-es\\\/historias-del-ayer-obra-solidaria-por-la-campana-de-becas-de-fundesplai\\\/\"]}]},{\"@type\":\"ImageObject\",\"inLanguage\":\"es\",\"@id\":\"https:\\\/\\\/fundesplai.org\\\/es\\\/informa-t\\\/actualitat-es\\\/historias-del-ayer-obra-solidaria-por-la-campana-de-becas-de-fundesplai\\\/#primaryimage\",\"url\":\"https:\\\/\\\/fundesplai.org\\\/test-joomla\\\/wp-content\\\/uploads\\\/sites\\\/26\\\/2019\\\/02\\\/teatre-solidari-web.jpg\",\"contentUrl\":\"https:\\\/\\\/fundesplai.org\\\/test-joomla\\\/wp-content\\\/uploads\\\/sites\\\/26\\\/2019\\\/02\\\/teatre-solidari-web.jpg\"},{\"@type\":\"BreadcrumbList\",\"@id\":\"https:\\\/\\\/fundesplai.org\\\/es\\\/informa-t\\\/actualitat-es\\\/historias-del-ayer-obra-solidaria-por-la-campana-de-becas-de-fundesplai\\\/#breadcrumb\",\"itemListElement\":[{\"@type\":\"ListItem\",\"position\":1,\"name\":\"Inici\",\"item\":\"https:\\\/\\\/fundesplai.org\\\/es\\\/inicio\\\/\"},{\"@type\":\"ListItem\",\"position\":2,\"name\":\"Inf\u00f3rmate\",\"item\":\"https:\\\/\\\/fundesplai.org\\\/es\\\/informate\\\/\"},{\"@type\":\"ListItem\",\"position\":3,\"name\":\"Sin categor\u00eda\",\"item\":\"https:\\\/\\\/fundesplai.org\\\/es\\\/informa-t\\\/category\\\/sin-categoria\\\/\"},{\"@type\":\"ListItem\",\"position\":4,\"name\":\"&#8220;Historias del ayer&#8221;, obra solidaria por la campa\u00f1a de becas de Fundesplai\"}]},{\"@type\":\"WebSite\",\"@id\":\"https:\\\/\\\/fundesplai.org\\\/es\\\/#website\",\"url\":\"https:\\\/\\\/fundesplai.org\\\/es\\\/\",\"name\":\"Fundesplai\",\"description\":\"Eduquem per la conviv\u00e8ncia i la sostenibilitat\",\"potentialAction\":[{\"@type\":\"SearchAction\",\"target\":{\"@type\":\"EntryPoint\",\"urlTemplate\":\"https:\\\/\\\/fundesplai.org\\\/es\\\/?s={search_term_string}\"},\"query-input\":{\"@type\":\"PropertyValueSpecification\",\"valueRequired\":true,\"valueName\":\"search_term_string\"}}],\"inLanguage\":\"es\"},{\"@type\":\"Person\",\"@id\":\"https:\\\/\\\/fundesplai.org\\\/es\\\/#\\\/schema\\\/person\\\/c0e9e7466bb8ac06f5264324a6109733\",\"name\":\"Alfons Valle\",\"image\":{\"@type\":\"ImageObject\",\"inLanguage\":\"es\",\"@id\":\"https:\\\/\\\/secure.gravatar.com\\\/avatar\\\/71d95a3f99a068ba570ac1314ed6911a59c5ae3f22ffcf23631cd1a861a640bc?s=96&d=mm&r=g\",\"url\":\"https:\\\/\\\/secure.gravatar.com\\\/avatar\\\/71d95a3f99a068ba570ac1314ed6911a59c5ae3f22ffcf23631cd1a861a640bc?s=96&d=mm&r=g\",\"contentUrl\":\"https:\\\/\\\/secure.gravatar.com\\\/avatar\\\/71d95a3f99a068ba570ac1314ed6911a59c5ae3f22ffcf23631cd1a861a640bc?s=96&d=mm&r=g\",\"caption\":\"Alfons Valle\"},\"url\":\"https:\\\/\\\/fundesplai.org\\\/es\\\/informa-t\\\/author\\\/avalle\\\/\"}]}<\/script>\n<!-- \/ Yoast SEO plugin. -->","yoast_head_json":{"title":"\"Historias del ayer\", obra solidaria por la campa\u00f1a de becas de Fundesplai - Fundesplai","robots":{"index":"index","follow":"follow","max-snippet":"max-snippet:-1","max-image-preview":"max-image-preview:large","max-video-preview":"max-video-preview:-1"},"canonical":"https:\/\/fundesplai.org\/es\/informa-t\/actualitat-es\/historias-del-ayer-obra-solidaria-por-la-campana-de-becas-de-fundesplai\/","og_locale":"es_ES","og_type":"article","og_title":"\"Historias del ayer\", obra solidaria por la campa\u00f1a de becas de Fundesplai - Fundesplai","og_description":"La compa\u00f1\u00eda FJMM &nbsp;har\u00e1 una representaci\u00f3n solidaria el &nbsp;domingo 10 de marzo &nbsp;de la obra \u00abHistoria del ayer\u00bb a favor de&nbsp;\u00abTomamos partido por la infancia\u00bb ni\u00f1os en situaci\u00f3n de vulnerabilidad de Fundesplai.","og_url":"https:\/\/fundesplai.org\/es\/informa-t\/actualitat-es\/historias-del-ayer-obra-solidaria-por-la-campana-de-becas-de-fundesplai\/","og_site_name":"Fundesplai","article_published_time":"2019-02-04T15:50:25+00:00","og_image":[{"url":"https:\/\/fundesplai.org\/test-joomla\/wp-content\/uploads\/sites\/26\/2019\/02\/teatre-solidari-web.jpg","type":"","width":"","height":""}],"author":"Alfons Valle","twitter_card":"summary_large_image","twitter_misc":{"Escrito por":"Alfons Valle","Tiempo de lectura":"1 minuto"},"schema":{"@context":"https:\/\/schema.org","@graph":[{"@type":"Article","@id":"https:\/\/fundesplai.org\/es\/informa-t\/actualitat-es\/historias-del-ayer-obra-solidaria-por-la-campana-de-becas-de-fundesplai\/#article","isPartOf":{"@id":"https:\/\/fundesplai.org\/es\/informa-t\/actualitat-es\/historias-del-ayer-obra-solidaria-por-la-campana-de-becas-de-fundesplai\/"},"author":{"name":"Alfons Valle","@id":"https:\/\/fundesplai.org\/es\/#\/schema\/person\/c0e9e7466bb8ac06f5264324a6109733"},"headline":"\u00abHistorias del ayer\u00bb, obra solidaria por la campa\u00f1a de becas de Fundesplai","datePublished":"2019-02-04T15:50:25+00:00","mainEntityOfPage":{"@id":"https:\/\/fundesplai.org\/es\/informa-t\/actualitat-es\/historias-del-ayer-obra-solidaria-por-la-campana-de-becas-de-fundesplai\/"},"wordCount":259,"image":{"@id":"https:\/\/fundesplai.org\/es\/informa-t\/actualitat-es\/historias-del-ayer-obra-solidaria-por-la-campana-de-becas-de-fundesplai\/#primaryimage"},"thumbnailUrl":"https:\/\/fundesplai.org\/test-joomla\/wp-content\/uploads\/sites\/26\/2019\/02\/teatre-solidari-web.jpg","articleSection":["Actualitat"],"inLanguage":"es"},{"@type":"WebPage","@id":"https:\/\/fundesplai.org\/es\/informa-t\/actualitat-es\/historias-del-ayer-obra-solidaria-por-la-campana-de-becas-de-fundesplai\/","url":"https:\/\/fundesplai.org\/es\/informa-t\/actualitat-es\/historias-del-ayer-obra-solidaria-por-la-campana-de-becas-de-fundesplai\/","name":"\"Historias del ayer\", obra solidaria por la campa\u00f1a de becas de Fundesplai - Fundesplai","isPartOf":{"@id":"https:\/\/fundesplai.org\/es\/#website"},"primaryImageOfPage":{"@id":"https:\/\/fundesplai.org\/es\/informa-t\/actualitat-es\/historias-del-ayer-obra-solidaria-por-la-campana-de-becas-de-fundesplai\/#primaryimage"},"image":{"@id":"https:\/\/fundesplai.org\/es\/informa-t\/actualitat-es\/historias-del-ayer-obra-solidaria-por-la-campana-de-becas-de-fundesplai\/#primaryimage"},"thumbnailUrl":"https:\/\/fundesplai.org\/test-joomla\/wp-content\/uploads\/sites\/26\/2019\/02\/teatre-solidari-web.jpg","datePublished":"2019-02-04T15:50:25+00:00","author":{"@id":"https:\/\/fundesplai.org\/es\/#\/schema\/person\/c0e9e7466bb8ac06f5264324a6109733"},"breadcrumb":{"@id":"https:\/\/fundesplai.org\/es\/informa-t\/actualitat-es\/historias-del-ayer-obra-solidaria-por-la-campana-de-becas-de-fundesplai\/#breadcrumb"},"inLanguage":"es","potentialAction":[{"@type":"ReadAction","target":["https:\/\/fundesplai.org\/es\/informa-t\/actualitat-es\/historias-del-ayer-obra-solidaria-por-la-campana-de-becas-de-fundesplai\/"]}]},{"@type":"ImageObject","inLanguage":"es","@id":"https:\/\/fundesplai.org\/es\/informa-t\/actualitat-es\/historias-del-ayer-obra-solidaria-por-la-campana-de-becas-de-fundesplai\/#primaryimage","url":"https:\/\/fundesplai.org\/test-joomla\/wp-content\/uploads\/sites\/26\/2019\/02\/teatre-solidari-web.jpg","contentUrl":"https:\/\/fundesplai.org\/test-joomla\/wp-content\/uploads\/sites\/26\/2019\/02\/teatre-solidari-web.jpg"},{"@type":"BreadcrumbList","@id":"https:\/\/fundesplai.org\/es\/informa-t\/actualitat-es\/historias-del-ayer-obra-solidaria-por-la-campana-de-becas-de-fundesplai\/#breadcrumb","itemListElement":[{"@type":"ListItem","position":1,"name":"Inici","item":"https:\/\/fundesplai.org\/es\/inicio\/"},{"@type":"ListItem","position":2,"name":"Inf\u00f3rmate","item":"https:\/\/fundesplai.org\/es\/informate\/"},{"@type":"ListItem","position":3,"name":"Sin categor\u00eda","item":"https:\/\/fundesplai.org\/es\/informa-t\/category\/sin-categoria\/"},{"@type":"ListItem","position":4,"name":"&#8220;Historias del ayer&#8221;, obra solidaria por la campa\u00f1a de becas de Fundesplai"}]},{"@type":"WebSite","@id":"https:\/\/fundesplai.org\/es\/#website","url":"https:\/\/fundesplai.org\/es\/","name":"Fundesplai","description":"Eduquem per la conviv\u00e8ncia i la sostenibilitat","potentialAction":[{"@type":"SearchAction","target":{"@type":"EntryPoint","urlTemplate":"https:\/\/fundesplai.org\/es\/?s={search_term_string}"},"query-input":{"@type":"PropertyValueSpecification","valueRequired":true,"valueName":"search_term_string"}}],"inLanguage":"es"},{"@type":"Person","@id":"https:\/\/fundesplai.org\/es\/#\/schema\/person\/c0e9e7466bb8ac06f5264324a6109733","name":"Alfons Valle","image":{"@type":"ImageObject","inLanguage":"es","@id":"https:\/\/secure.gravatar.com\/avatar\/71d95a3f99a068ba570ac1314ed6911a59c5ae3f22ffcf23631cd1a861a640bc?s=96&d=mm&r=g","url":"https:\/\/secure.gravatar.com\/avatar\/71d95a3f99a068ba570ac1314ed6911a59c5ae3f22ffcf23631cd1a861a640bc?s=96&d=mm&r=g","contentUrl":"https:\/\/secure.gravatar.com\/avatar\/71d95a3f99a068ba570ac1314ed6911a59c5ae3f22ffcf23631cd1a861a640bc?s=96&d=mm&r=g","caption":"Alfons Valle"},"url":"https:\/\/fundesplai.org\/es\/informa-t\/author\/avalle\/"}]}},"_links":{"self":[{"href":"https:\/\/fundesplai.org\/es\/wp-json\/wp\/v2\/posts\/47902","targetHints":{"allow":["GET"]}}],"collection":[{"href":"https:\/\/fundesplai.org\/es\/wp-json\/wp\/v2\/posts"}],"about":[{"href":"https:\/\/fundesplai.org\/es\/wp-json\/wp\/v2\/types\/post"}],"author":[{"embeddable":true,"href":"https:\/\/fundesplai.org\/es\/wp-json\/wp\/v2\/users\/9"}],"replies":[{"embeddable":true,"href":"https:\/\/fundesplai.org\/es\/wp-json\/wp\/v2\/comments?post=47902"}],"version-history":[{"count":0,"href":"https:\/\/fundesplai.org\/es\/wp-json\/wp\/v2\/posts\/47902\/revisions"}],"wp:attachment":[{"href":"https:\/\/fundesplai.org\/es\/wp-json\/wp\/v2\/media?parent=47902"}],"wp:term":[{"taxonomy":"category","embeddable":true,"href":"https:\/\/fundesplai.org\/es\/wp-json\/wp\/v2\/categories?post=47902"},{"taxonomy":"post_tag","embeddable":true,"href":"https:\/\/fundesplai.org\/es\/wp-json\/wp\/v2\/tags?post=47902"}],"curies":[{"name":"wp","href":"https:\/\/api.w.org\/{rel}","templated":true}]}}