{"id":47901,"date":"2019-02-04T13:54:17","date_gmt":"2019-02-04T12:54:17","guid":{"rendered":"https:\/\/fundesplai.org\/informa-t\/sense-categoria\/chicas-y-chicos-de-los-esplais-hacen-cortos-contra-el-acoso\/"},"modified":"2023-10-02T12:29:31","modified_gmt":"2023-10-02T10:29:31","slug":"chicas-y-chicos-de-los-esplais-hacen-cortos-contra-el-acoso","status":"publish","type":"post","link":"https:\/\/fundesplai.org\/es\/informa-t\/actualitat-es\/chicas-y-chicos-de-los-esplais-hacen-cortos-contra-el-acoso\/","title":{"rendered":"Chicas y chicos de los esplais hacen cortos contra el acoso"},"content":{"rendered":"<p>El acoso, en los espacios de ocio y en las redes sociales, es el tema central de los v\u00eddeos que han elaborado grupos de j\u00f3venes de los esplais Can Serra (Hospitalet de Llobregat), Quijote (Sant Vicen\u00e7 dels Horts), Xera (Barcelona) y Druida (Barcelona) en el marco de \u00abEncoratja&#8217;t\u00bb, la propuesta educativa por la igualdad de g\u00e9nero y la violencia cero de Fundesplai y la Federaci\u00f3 Catalana del Esplai.<\/p>\n<p><!--more--><\/p>\n<table style=\"height: 19px;width: 100%\">\n<tbody>\n<tr>\n<td><a href=\"https:\/\/youtu.be\/C_bsMz1r6Gs\"><img decoding=\"async\" class=\" size-full wp-image-6168\" src=\"https:\/\/fundesplai.org\/test-joomla\/wp-content\/uploads\/sites\/26\/2019\/02\/VideoCanSerra.jpg\" alt=\"VideoCanSerra\" width=\"100%\" height=\"NaN\"><\/a><\/td>\n<td>&nbsp;<\/td>\n<td><a href=\"https:\/\/youtu.be\/1VIs89vpI9M\"><img decoding=\"async\" class=\" size-full wp-image-6172\" src=\"https:\/\/fundesplai.org\/test-joomla\/wp-content\/uploads\/sites\/26\/2019\/02\/VideoQuijote.jpg\" alt=\"VideoQuijote\" width=\"100%\" height=\"NaN\"><\/a><\/td>\n<\/tr>\n<tr>\n<td><strong>\u00abNo eres de nadie\u00bb del Centro de Esplai Can Serra<\/strong><\/td>\n<td>&nbsp;<\/td>\n<td><strong>\u00abNo te quedes solo\u00bb del Casal Infantil y Juvenil El Quijote<\/strong><\/td>\n<\/tr>\n<tr>\n<td><a href=\"https:\/\/youtu.be\/rIeSl_wTfzo\"><strong><img decoding=\"async\" class=\" size-full wp-image-6175\" src=\"https:\/\/fundesplai.org\/test-joomla\/wp-content\/uploads\/sites\/26\/2019\/02\/SocCapac.jpg\" alt=\"Soy Capaz\" width=\"100%\" height=\"NaN\"><\/strong><\/a><\/td>\n<td>&nbsp;<\/td>\n<td><a href=\"https:\/\/youtu.be\/dUhkQoFSOCg\"><strong><img decoding=\"async\" class=\" size-full wp-image-6180\" src=\"https:\/\/fundesplai.org\/test-joomla\/wp-content\/uploads\/sites\/26\/2019\/02\/ElTeuRotllo.jpg\" alt=\"TuRollo\" width=\"100%\" height=\"NaN\"><\/strong><\/a><\/td>\n<\/tr>\n<tr>\n<td><strong>\u00abSoy Capaz\u00bb (Esplai Xera)<\/strong><\/td>\n<td>&nbsp;<\/td>\n<td><strong>\u00abTu rollo no mola\u00bb (Esplai Druida)<\/strong><\/td>\n<\/tr>\n<tr>\n<td><a href=\"https:\/\/vimeo.com\/314477027\"><strong><img decoding=\"async\" class=\" size-full wp-image-6182\" src=\"https:\/\/fundesplai.org\/test-joomla\/wp-content\/uploads\/sites\/26\/2019\/02\/Video-Tricicle.jpg\" alt=\"Video Tricicle\" width=\"100%\" height=\"NaN\"><\/strong><\/a><\/td>\n<td>&nbsp;<\/td>\n<td>&nbsp;<\/td>\n<\/tr>\n<tr>\n<td><strong>\u00ab\u00bfPor qu\u00e9 me ayudas?\u00bb (Esplai Tricicle)<\/strong><\/td>\n<td>&nbsp;<\/td>\n<td>&nbsp;<\/td>\n<\/tr>\n<\/tbody>\n<\/table>\n<p>El acoso, en los espacios de ocio y en las redes sociales, es el tema central de los v\u00eddeos que han elaborado grupos de j\u00f3venes de los esplais Can Serra (Hospitalet de Llobregat), Quijote (Sant Vicen\u00e7 dels Horts),&nbsp;Xera (Barcelona) y Druida (Barcelona) en el marco de \u00abEncoratja&#8217;t\u00bb, la propuesta educativa por la igualdad de g\u00e9nero y la violencia cero de Fundesplai y la Federaci\u00f3 Catalana del Esplai.&nbsp;<\/p>\n<p>Estos clips adem\u00e1s cuentan con el apoyo de la Direcci\u00f3n General de Pol\u00edtica Ling\u00fc\u00edstica de la Generalidad de Catalu\u00f1a y el Ayuntamiento de Barcelona.<\/p>\n<p><a href=\"https:\/\/youtu.be\/1VIs89vpI9M\">\u00abNo te quedes solo\u00bb del Casal Infantil y Juvenil El Quijote<\/a> &nbsp;y <a href=\"https:\/\/vimeo.com\/314477027\">\u00abPor qu\u00e9 me ayudas\u00bb del CE Tricicle<\/a> narran casos de acoso dentro de los espacios de ocio de chicas y chicos,&nbsp;<a href=\"https:\/\/youtu.be\/C_bsMz1r6Gs\">\u00abNo ets de ning\u00fa\u00bb del Centre Esplai Can Serra \u00abNo eres de nadie\u00bb del Centre de Esplai Can Serra <\/a>plantea los peligros de no hacer un uso responsable de las redes sociales <a href=\"https:\/\/youtu.be\/rIeSl_wTfzo\">\u00abSoy Capaz\u00bb del Esplai Xera<\/a> desmonta los t\u00f3picos sobre las personas con diversidad funcional y <a href=\"https:\/\/youtu.be\/dUhkQoFSOCg\">\u00abTu rollo no mola\u00bb de Esplai Druida<\/a> hace hincapi\u00e9 en los malos comportamientos que afectan a otras ni\u00f1as y ni\u00f1os.<\/p>\n<p>La Federaci\u00f3 Catalana del Esplai est\u00e1 impulsando en los \u00faltimos a\u00f1os las creaciones audiovisuales en formato de cortometrajes entre grupos de j\u00f3venes de los esplais como una manera de reflexionar sobre cuestiones sociales de inter\u00e9s que ellas y ellos mismos eligen. Este trabajo se realiza con el apoyo de profesionales del mundo audiovisual que apoyan en todo el proceso.&nbsp;<\/p>\n<p>Fruto de este trabajo son las dos ediciones del Festival <strong><a href=\"https:\/\/esplai.fundesplai.org\/edufilms\/\">Edufilms<\/a><\/strong> de cine joven para la transformaci\u00f3n social que ha organizado la Federaci\u00f3 Catalana del Esplai.<\/p>\n","protected":false},"excerpt":{"rendered":"<p>El acoso, en los espacios de ocio y en las redes sociales, es el tema central de los v\u00eddeos que han elaborado grupos de j\u00f3venes de los esplais Can Serra (Hospitalet de Llobregat), Quijote (Sant Vicen\u00e7 dels Horts), Xera (Barcelona) y Druida (Barcelona) en el marco de \u00abEncoratja&#8217;t\u00bb, la propuesta educativa por la igualdad de [&hellip;]<\/p>\n","protected":false},"author":4,"featured_media":0,"comment_status":"closed","ping_status":"closed","sticky":false,"template":"","format":"standard","meta":{"_et_pb_use_builder":"","_et_pb_old_content":"","_et_gb_content_width":"","footnotes":""},"categories":[937],"tags":[],"class_list":["post-47901","post","type-post","status-publish","format-standard","hentry","category-actualitat-es"],"yoast_head":"<!-- This site is optimized with the Yoast SEO plugin v27.4 - https:\/\/yoast.com\/product\/yoast-seo-wordpress\/ -->\n<title>Chicas y chicos de los esplais hacen cortos contra el acoso - Fundesplai<\/title>\n<meta name=\"robots\" content=\"index, follow, max-snippet:-1, max-image-preview:large, max-video-preview:-1\" \/>\n<link rel=\"canonical\" href=\"https:\/\/fundesplai.org\/es\/informa-t\/actualitat-es\/chicas-y-chicos-de-los-esplais-hacen-cortos-contra-el-acoso\/\" \/>\n<meta property=\"og:locale\" content=\"es_ES\" \/>\n<meta property=\"og:type\" content=\"article\" \/>\n<meta property=\"og:title\" content=\"Chicas y chicos de los esplais hacen cortos contra el acoso - Fundesplai\" \/>\n<meta property=\"og:description\" content=\"El acoso, en los espacios de ocio y en las redes sociales, es el tema central de los v\u00eddeos que han elaborado grupos de j\u00f3venes de los esplais Can Serra (Hospitalet de Llobregat), Quijote (Sant Vicen\u00e7 dels Horts), Xera (Barcelona) y Druida (Barcelona) en el marco de \u00abEncoratja&#8217;t\u00bb, la propuesta educativa por la igualdad de [&hellip;]\" \/>\n<meta property=\"og:url\" content=\"https:\/\/fundesplai.org\/es\/informa-t\/actualitat-es\/chicas-y-chicos-de-los-esplais-hacen-cortos-contra-el-acoso\/\" \/>\n<meta property=\"og:site_name\" content=\"Fundesplai\" \/>\n<meta property=\"article:published_time\" content=\"2019-02-04T12:54:17+00:00\" \/>\n<meta property=\"article:modified_time\" content=\"2023-10-02T10:29:31+00:00\" \/>\n<meta property=\"og:image\" content=\"https:\/\/fundesplai.org\/test-joomla\/wp-content\/uploads\/sites\/26\/2019\/02\/VideoCanSerra.jpg\" \/>\n<meta name=\"author\" content=\"Ferran\" \/>\n<meta name=\"twitter:card\" content=\"summary_large_image\" \/>\n<meta name=\"twitter:label1\" content=\"Escrito por\" \/>\n\t<meta name=\"twitter:data1\" content=\"Ferran\" \/>\n\t<meta name=\"twitter:label2\" content=\"Tiempo de lectura\" \/>\n\t<meta name=\"twitter:data2\" content=\"2 minutos\" \/>\n<script type=\"application\/ld+json\" class=\"yoast-schema-graph\">{\"@context\":\"https:\\\/\\\/schema.org\",\"@graph\":[{\"@type\":\"Article\",\"@id\":\"https:\\\/\\\/fundesplai.org\\\/es\\\/informa-t\\\/actualitat-es\\\/chicas-y-chicos-de-los-esplais-hacen-cortos-contra-el-acoso\\\/#article\",\"isPartOf\":{\"@id\":\"https:\\\/\\\/fundesplai.org\\\/es\\\/informa-t\\\/actualitat-es\\\/chicas-y-chicos-de-los-esplais-hacen-cortos-contra-el-acoso\\\/\"},\"author\":{\"name\":\"Ferran\",\"@id\":\"https:\\\/\\\/fundesplai.org\\\/es\\\/#\\\/schema\\\/person\\\/67e7825d8ec54561cc24e36ba6b0f633\"},\"headline\":\"Chicas y chicos de los esplais hacen cortos contra el acoso\",\"datePublished\":\"2019-02-04T12:54:17+00:00\",\"dateModified\":\"2023-10-02T10:29:31+00:00\",\"mainEntityOfPage\":{\"@id\":\"https:\\\/\\\/fundesplai.org\\\/es\\\/informa-t\\\/actualitat-es\\\/chicas-y-chicos-de-los-esplais-hacen-cortos-contra-el-acoso\\\/\"},\"wordCount\":426,\"image\":{\"@id\":\"https:\\\/\\\/fundesplai.org\\\/es\\\/informa-t\\\/actualitat-es\\\/chicas-y-chicos-de-los-esplais-hacen-cortos-contra-el-acoso\\\/#primaryimage\"},\"thumbnailUrl\":\"https:\\\/\\\/fundesplai.org\\\/test-joomla\\\/wp-content\\\/uploads\\\/sites\\\/26\\\/2019\\\/02\\\/VideoCanSerra.jpg\",\"articleSection\":[\"Actualitat\"],\"inLanguage\":\"es\"},{\"@type\":\"WebPage\",\"@id\":\"https:\\\/\\\/fundesplai.org\\\/es\\\/informa-t\\\/actualitat-es\\\/chicas-y-chicos-de-los-esplais-hacen-cortos-contra-el-acoso\\\/\",\"url\":\"https:\\\/\\\/fundesplai.org\\\/es\\\/informa-t\\\/actualitat-es\\\/chicas-y-chicos-de-los-esplais-hacen-cortos-contra-el-acoso\\\/\",\"name\":\"Chicas y chicos de los esplais hacen cortos contra el acoso - Fundesplai\",\"isPartOf\":{\"@id\":\"https:\\\/\\\/fundesplai.org\\\/es\\\/#website\"},\"primaryImageOfPage\":{\"@id\":\"https:\\\/\\\/fundesplai.org\\\/es\\\/informa-t\\\/actualitat-es\\\/chicas-y-chicos-de-los-esplais-hacen-cortos-contra-el-acoso\\\/#primaryimage\"},\"image\":{\"@id\":\"https:\\\/\\\/fundesplai.org\\\/es\\\/informa-t\\\/actualitat-es\\\/chicas-y-chicos-de-los-esplais-hacen-cortos-contra-el-acoso\\\/#primaryimage\"},\"thumbnailUrl\":\"https:\\\/\\\/fundesplai.org\\\/test-joomla\\\/wp-content\\\/uploads\\\/sites\\\/26\\\/2019\\\/02\\\/VideoCanSerra.jpg\",\"datePublished\":\"2019-02-04T12:54:17+00:00\",\"dateModified\":\"2023-10-02T10:29:31+00:00\",\"author\":{\"@id\":\"https:\\\/\\\/fundesplai.org\\\/es\\\/#\\\/schema\\\/person\\\/67e7825d8ec54561cc24e36ba6b0f633\"},\"breadcrumb\":{\"@id\":\"https:\\\/\\\/fundesplai.org\\\/es\\\/informa-t\\\/actualitat-es\\\/chicas-y-chicos-de-los-esplais-hacen-cortos-contra-el-acoso\\\/#breadcrumb\"},\"inLanguage\":\"es\",\"potentialAction\":[{\"@type\":\"ReadAction\",\"target\":[\"https:\\\/\\\/fundesplai.org\\\/es\\\/informa-t\\\/actualitat-es\\\/chicas-y-chicos-de-los-esplais-hacen-cortos-contra-el-acoso\\\/\"]}]},{\"@type\":\"ImageObject\",\"inLanguage\":\"es\",\"@id\":\"https:\\\/\\\/fundesplai.org\\\/es\\\/informa-t\\\/actualitat-es\\\/chicas-y-chicos-de-los-esplais-hacen-cortos-contra-el-acoso\\\/#primaryimage\",\"url\":\"https:\\\/\\\/fundesplai.org\\\/test-joomla\\\/wp-content\\\/uploads\\\/sites\\\/26\\\/2019\\\/02\\\/VideoCanSerra.jpg\",\"contentUrl\":\"https:\\\/\\\/fundesplai.org\\\/test-joomla\\\/wp-content\\\/uploads\\\/sites\\\/26\\\/2019\\\/02\\\/VideoCanSerra.jpg\"},{\"@type\":\"BreadcrumbList\",\"@id\":\"https:\\\/\\\/fundesplai.org\\\/es\\\/informa-t\\\/actualitat-es\\\/chicas-y-chicos-de-los-esplais-hacen-cortos-contra-el-acoso\\\/#breadcrumb\",\"itemListElement\":[{\"@type\":\"ListItem\",\"position\":1,\"name\":\"Inici\",\"item\":\"https:\\\/\\\/fundesplai.org\\\/es\\\/inicio\\\/\"},{\"@type\":\"ListItem\",\"position\":2,\"name\":\"Inf\u00f3rmate\",\"item\":\"https:\\\/\\\/fundesplai.org\\\/es\\\/informate\\\/\"},{\"@type\":\"ListItem\",\"position\":3,\"name\":\"Actualitat\",\"item\":\"https:\\\/\\\/fundesplai.org\\\/es\\\/informa-t\\\/category\\\/actualitat-es\\\/\"},{\"@type\":\"ListItem\",\"position\":4,\"name\":\"Chicas y chicos de los esplais hacen cortos contra el acoso\"}]},{\"@type\":\"WebSite\",\"@id\":\"https:\\\/\\\/fundesplai.org\\\/es\\\/#website\",\"url\":\"https:\\\/\\\/fundesplai.org\\\/es\\\/\",\"name\":\"Fundesplai\",\"description\":\"Eduquem per la conviv\u00e8ncia i la sostenibilitat\",\"potentialAction\":[{\"@type\":\"SearchAction\",\"target\":{\"@type\":\"EntryPoint\",\"urlTemplate\":\"https:\\\/\\\/fundesplai.org\\\/es\\\/?s={search_term_string}\"},\"query-input\":{\"@type\":\"PropertyValueSpecification\",\"valueRequired\":true,\"valueName\":\"search_term_string\"}}],\"inLanguage\":\"es\"},{\"@type\":\"Person\",\"@id\":\"https:\\\/\\\/fundesplai.org\\\/es\\\/#\\\/schema\\\/person\\\/67e7825d8ec54561cc24e36ba6b0f633\",\"name\":\"Ferran\",\"image\":{\"@type\":\"ImageObject\",\"inLanguage\":\"es\",\"@id\":\"https:\\\/\\\/secure.gravatar.com\\\/avatar\\\/a3510350976b58aae6eccd1e36f066b660a69ef63f97fde3cba8205db7db816a?s=96&d=mm&r=g\",\"url\":\"https:\\\/\\\/secure.gravatar.com\\\/avatar\\\/a3510350976b58aae6eccd1e36f066b660a69ef63f97fde3cba8205db7db816a?s=96&d=mm&r=g\",\"contentUrl\":\"https:\\\/\\\/secure.gravatar.com\\\/avatar\\\/a3510350976b58aae6eccd1e36f066b660a69ef63f97fde3cba8205db7db816a?s=96&d=mm&r=g\",\"caption\":\"Ferran\"},\"url\":\"https:\\\/\\\/fundesplai.org\\\/es\\\/informa-t\\\/author\\\/fvidal\\\/\"}]}<\/script>\n<!-- \/ Yoast SEO plugin. -->","yoast_head_json":{"title":"Chicas y chicos de los esplais hacen cortos contra el acoso - Fundesplai","robots":{"index":"index","follow":"follow","max-snippet":"max-snippet:-1","max-image-preview":"max-image-preview:large","max-video-preview":"max-video-preview:-1"},"canonical":"https:\/\/fundesplai.org\/es\/informa-t\/actualitat-es\/chicas-y-chicos-de-los-esplais-hacen-cortos-contra-el-acoso\/","og_locale":"es_ES","og_type":"article","og_title":"Chicas y chicos de los esplais hacen cortos contra el acoso - Fundesplai","og_description":"El acoso, en los espacios de ocio y en las redes sociales, es el tema central de los v\u00eddeos que han elaborado grupos de j\u00f3venes de los esplais Can Serra (Hospitalet de Llobregat), Quijote (Sant Vicen\u00e7 dels Horts), Xera (Barcelona) y Druida (Barcelona) en el marco de \u00abEncoratja&#8217;t\u00bb, la propuesta educativa por la igualdad de [&hellip;]","og_url":"https:\/\/fundesplai.org\/es\/informa-t\/actualitat-es\/chicas-y-chicos-de-los-esplais-hacen-cortos-contra-el-acoso\/","og_site_name":"Fundesplai","article_published_time":"2019-02-04T12:54:17+00:00","article_modified_time":"2023-10-02T10:29:31+00:00","og_image":[{"url":"https:\/\/fundesplai.org\/test-joomla\/wp-content\/uploads\/sites\/26\/2019\/02\/VideoCanSerra.jpg","type":"","width":"","height":""}],"author":"Ferran","twitter_card":"summary_large_image","twitter_misc":{"Escrito por":"Ferran","Tiempo de lectura":"2 minutos"},"schema":{"@context":"https:\/\/schema.org","@graph":[{"@type":"Article","@id":"https:\/\/fundesplai.org\/es\/informa-t\/actualitat-es\/chicas-y-chicos-de-los-esplais-hacen-cortos-contra-el-acoso\/#article","isPartOf":{"@id":"https:\/\/fundesplai.org\/es\/informa-t\/actualitat-es\/chicas-y-chicos-de-los-esplais-hacen-cortos-contra-el-acoso\/"},"author":{"name":"Ferran","@id":"https:\/\/fundesplai.org\/es\/#\/schema\/person\/67e7825d8ec54561cc24e36ba6b0f633"},"headline":"Chicas y chicos de los esplais hacen cortos contra el acoso","datePublished":"2019-02-04T12:54:17+00:00","dateModified":"2023-10-02T10:29:31+00:00","mainEntityOfPage":{"@id":"https:\/\/fundesplai.org\/es\/informa-t\/actualitat-es\/chicas-y-chicos-de-los-esplais-hacen-cortos-contra-el-acoso\/"},"wordCount":426,"image":{"@id":"https:\/\/fundesplai.org\/es\/informa-t\/actualitat-es\/chicas-y-chicos-de-los-esplais-hacen-cortos-contra-el-acoso\/#primaryimage"},"thumbnailUrl":"https:\/\/fundesplai.org\/test-joomla\/wp-content\/uploads\/sites\/26\/2019\/02\/VideoCanSerra.jpg","articleSection":["Actualitat"],"inLanguage":"es"},{"@type":"WebPage","@id":"https:\/\/fundesplai.org\/es\/informa-t\/actualitat-es\/chicas-y-chicos-de-los-esplais-hacen-cortos-contra-el-acoso\/","url":"https:\/\/fundesplai.org\/es\/informa-t\/actualitat-es\/chicas-y-chicos-de-los-esplais-hacen-cortos-contra-el-acoso\/","name":"Chicas y chicos de los esplais hacen cortos contra el acoso - Fundesplai","isPartOf":{"@id":"https:\/\/fundesplai.org\/es\/#website"},"primaryImageOfPage":{"@id":"https:\/\/fundesplai.org\/es\/informa-t\/actualitat-es\/chicas-y-chicos-de-los-esplais-hacen-cortos-contra-el-acoso\/#primaryimage"},"image":{"@id":"https:\/\/fundesplai.org\/es\/informa-t\/actualitat-es\/chicas-y-chicos-de-los-esplais-hacen-cortos-contra-el-acoso\/#primaryimage"},"thumbnailUrl":"https:\/\/fundesplai.org\/test-joomla\/wp-content\/uploads\/sites\/26\/2019\/02\/VideoCanSerra.jpg","datePublished":"2019-02-04T12:54:17+00:00","dateModified":"2023-10-02T10:29:31+00:00","author":{"@id":"https:\/\/fundesplai.org\/es\/#\/schema\/person\/67e7825d8ec54561cc24e36ba6b0f633"},"breadcrumb":{"@id":"https:\/\/fundesplai.org\/es\/informa-t\/actualitat-es\/chicas-y-chicos-de-los-esplais-hacen-cortos-contra-el-acoso\/#breadcrumb"},"inLanguage":"es","potentialAction":[{"@type":"ReadAction","target":["https:\/\/fundesplai.org\/es\/informa-t\/actualitat-es\/chicas-y-chicos-de-los-esplais-hacen-cortos-contra-el-acoso\/"]}]},{"@type":"ImageObject","inLanguage":"es","@id":"https:\/\/fundesplai.org\/es\/informa-t\/actualitat-es\/chicas-y-chicos-de-los-esplais-hacen-cortos-contra-el-acoso\/#primaryimage","url":"https:\/\/fundesplai.org\/test-joomla\/wp-content\/uploads\/sites\/26\/2019\/02\/VideoCanSerra.jpg","contentUrl":"https:\/\/fundesplai.org\/test-joomla\/wp-content\/uploads\/sites\/26\/2019\/02\/VideoCanSerra.jpg"},{"@type":"BreadcrumbList","@id":"https:\/\/fundesplai.org\/es\/informa-t\/actualitat-es\/chicas-y-chicos-de-los-esplais-hacen-cortos-contra-el-acoso\/#breadcrumb","itemListElement":[{"@type":"ListItem","position":1,"name":"Inici","item":"https:\/\/fundesplai.org\/es\/inicio\/"},{"@type":"ListItem","position":2,"name":"Inf\u00f3rmate","item":"https:\/\/fundesplai.org\/es\/informate\/"},{"@type":"ListItem","position":3,"name":"Actualitat","item":"https:\/\/fundesplai.org\/es\/informa-t\/category\/actualitat-es\/"},{"@type":"ListItem","position":4,"name":"Chicas y chicos de los esplais hacen cortos contra el acoso"}]},{"@type":"WebSite","@id":"https:\/\/fundesplai.org\/es\/#website","url":"https:\/\/fundesplai.org\/es\/","name":"Fundesplai","description":"Eduquem per la conviv\u00e8ncia i la sostenibilitat","potentialAction":[{"@type":"SearchAction","target":{"@type":"EntryPoint","urlTemplate":"https:\/\/fundesplai.org\/es\/?s={search_term_string}"},"query-input":{"@type":"PropertyValueSpecification","valueRequired":true,"valueName":"search_term_string"}}],"inLanguage":"es"},{"@type":"Person","@id":"https:\/\/fundesplai.org\/es\/#\/schema\/person\/67e7825d8ec54561cc24e36ba6b0f633","name":"Ferran","image":{"@type":"ImageObject","inLanguage":"es","@id":"https:\/\/secure.gravatar.com\/avatar\/a3510350976b58aae6eccd1e36f066b660a69ef63f97fde3cba8205db7db816a?s=96&d=mm&r=g","url":"https:\/\/secure.gravatar.com\/avatar\/a3510350976b58aae6eccd1e36f066b660a69ef63f97fde3cba8205db7db816a?s=96&d=mm&r=g","contentUrl":"https:\/\/secure.gravatar.com\/avatar\/a3510350976b58aae6eccd1e36f066b660a69ef63f97fde3cba8205db7db816a?s=96&d=mm&r=g","caption":"Ferran"},"url":"https:\/\/fundesplai.org\/es\/informa-t\/author\/fvidal\/"}]}},"_links":{"self":[{"href":"https:\/\/fundesplai.org\/es\/wp-json\/wp\/v2\/posts\/47901","targetHints":{"allow":["GET"]}}],"collection":[{"href":"https:\/\/fundesplai.org\/es\/wp-json\/wp\/v2\/posts"}],"about":[{"href":"https:\/\/fundesplai.org\/es\/wp-json\/wp\/v2\/types\/post"}],"author":[{"embeddable":true,"href":"https:\/\/fundesplai.org\/es\/wp-json\/wp\/v2\/users\/4"}],"replies":[{"embeddable":true,"href":"https:\/\/fundesplai.org\/es\/wp-json\/wp\/v2\/comments?post=47901"}],"version-history":[{"count":1,"href":"https:\/\/fundesplai.org\/es\/wp-json\/wp\/v2\/posts\/47901\/revisions"}],"predecessor-version":[{"id":56139,"href":"https:\/\/fundesplai.org\/es\/wp-json\/wp\/v2\/posts\/47901\/revisions\/56139"}],"wp:attachment":[{"href":"https:\/\/fundesplai.org\/es\/wp-json\/wp\/v2\/media?parent=47901"}],"wp:term":[{"taxonomy":"category","embeddable":true,"href":"https:\/\/fundesplai.org\/es\/wp-json\/wp\/v2\/categories?post=47901"},{"taxonomy":"post_tag","embeddable":true,"href":"https:\/\/fundesplai.org\/es\/wp-json\/wp\/v2\/tags?post=47901"}],"curies":[{"name":"wp","href":"https:\/\/api.w.org\/{rel}","templated":true}]}}