{"id":47899,"date":"2019-02-04T12:43:33","date_gmt":"2019-02-04T11:43:33","guid":{"rendered":"https:\/\/fundesplai.org\/informa-t\/sense-categoria\/formacion-por-a-la-inclusion\/"},"modified":"2019-02-04T12:43:33","modified_gmt":"2019-02-04T11:43:33","slug":"formacion-por-a-la-inclusion","status":"publish","type":"post","link":"https:\/\/fundesplai.org\/es\/informa-t\/actualitat-es\/formacion-por-a-la-inclusion\/","title":{"rendered":"Formaci\u00f3n por a la inclusi\u00f3n"},"content":{"rendered":"<p>Vea el v\u00eddeo del curso <a href=\"https:\/\/youtu.be\/3xbe9jEgsjo\">\u00abOcio, trabajo y vida<\/a>\u00bb en el que han participado 16 j\u00f3venes &nbsp;con diversidad funcional, de entre 16 y 25 a\u00f1os.<\/p>\n<p><!--more--><\/p>\n<p><a href=\"https:\/\/youtu.be\/3xbe9jEgsjo\"><img decoding=\"async\" class=\" size-full wp-image-6162\" src=\"https:\/\/fundesplai.org\/test-joomla\/wp-content\/uploads\/sites\/26\/2019\/02\/Video-Noticia-Joves.jpg\" alt=\"Video Noticia J\u00f3venes\" width=\"100%\" height=\"NaN\"><\/a><\/p>\n<p>El pr\u00f3ximo mi\u00e9rcoles 13 de febrero se celebrar\u00e1 el cierre del curso \u00abOcio, trabajo y vida\u00bb en el que han participado 16 j\u00f3venes&nbsp; con diversidad funcional, de entre 16 y 25 a\u00f1os. Esta iniciativa se ha realizado en el marco de los proyectos J\u00f3venes x emprender&nbsp; que &nbsp;Fundesplai &nbsp;presenta en la&nbsp;<a href=\"https:\/\/www.cambrabcn.org\/\">C\u00e1mara de Comercio de Barcelona.<\/a> &nbsp;La formaci\u00f3n &nbsp;se ha desarrollado en Centre Esplai, la sede de Fundesplai en El Prat de Llobregat, entre diciembre de 2018 y enero de 2019. &nbsp;Muchos de estos j\u00f3venes forman parte de algunas entidades de la Federaci\u00f3n Catalana del Esplai , con ganas de seguir los circuitos formativos.<\/p>\n<p>El curso les ha ayudado a fortalecer y entrenar sus habilidades y competencias para moverse para la vida, en t\u00e9rminos de autoconocimiento y emociones, c\u00f3mo hacer gestiones varias, c\u00f3mo moverse en transporte p\u00fablico, hacer compras, los peligros en las redes sociales , como buscar trabajo, sexualidad y relaciones de pareja, han hecho nuevas&#8230; &nbsp;y un largo etc\u00e9tera.<\/p>\n<p><strong>Formaci\u00f3n, orientaci\u00f3n y acompa\u00f1amiento<\/strong><\/p>\n<p>Se ha desarrollado en 6 sesiones de 30h y con dos profesores del centro de formaci\u00f3n de Fundesplai que les han podido acompa\u00f1ar en todo el proceso. Adem\u00e1s de las sesiones grupales, los j\u00f3venes est\u00e1n realizando tutor\u00edas individuales con sus monitores y monitoras del esplai para profundizar en algunos de los temas que m\u00e1s les ha interesado, as\u00ed como tambi\u00e9n mentor\u00edas.<\/p>\n<p>El cierre de este curso se llevar\u00e1 a cabo en Centre Esplai el  &nbsp;<strong>mi\u00e9rcoles 13 de febrero<\/strong> &nbsp;para hacer una valoraci\u00f3n final con los j\u00f3venes sobre contenidos y propuestas a hacer de cara a un futuro inmediato, as\u00ed como el entrega de los certificados de participaci\u00f3n. &nbsp;<\/p>\n","protected":false},"excerpt":{"rendered":"<p>Vea el v\u00eddeo del curso \u00abOcio, trabajo y vida\u00bb en el que han participado 16 j\u00f3venes &nbsp;con diversidad funcional, de entre 16 y 25 a\u00f1os.<\/p>\n","protected":false},"author":4,"featured_media":0,"comment_status":"closed","ping_status":"closed","sticky":false,"template":"","format":"standard","meta":{"_et_pb_use_builder":"","_et_pb_old_content":"","_et_gb_content_width":"","footnotes":""},"categories":[937],"tags":[],"class_list":["post-47899","post","type-post","status-publish","format-standard","hentry","category-actualitat-es"],"yoast_head":"<!-- This site is optimized with the Yoast SEO plugin v27.4 - https:\/\/yoast.com\/product\/yoast-seo-wordpress\/ -->\n<title>Formaci\u00f3n por a la inclusi\u00f3n - Fundesplai<\/title>\n<meta name=\"robots\" content=\"index, follow, max-snippet:-1, max-image-preview:large, max-video-preview:-1\" \/>\n<link rel=\"canonical\" href=\"https:\/\/fundesplai.org\/es\/informa-t\/actualitat-es\/formacion-por-a-la-inclusion\/\" \/>\n<meta property=\"og:locale\" content=\"es_ES\" \/>\n<meta property=\"og:type\" content=\"article\" \/>\n<meta property=\"og:title\" content=\"Formaci\u00f3n por a la inclusi\u00f3n - Fundesplai\" \/>\n<meta property=\"og:description\" content=\"Vea el v\u00eddeo del curso \u00abOcio, trabajo y vida\u00bb en el que han participado 16 j\u00f3venes &nbsp;con diversidad funcional, de entre 16 y 25 a\u00f1os.\" \/>\n<meta property=\"og:url\" content=\"https:\/\/fundesplai.org\/es\/informa-t\/actualitat-es\/formacion-por-a-la-inclusion\/\" \/>\n<meta property=\"og:site_name\" content=\"Fundesplai\" \/>\n<meta property=\"article:published_time\" content=\"2019-02-04T11:43:33+00:00\" \/>\n<meta property=\"og:image\" content=\"https:\/\/fundesplai.org\/test-joomla\/wp-content\/uploads\/sites\/26\/2019\/02\/Video-Noticia-Joves.jpg\" \/>\n<meta name=\"author\" content=\"Ferran\" \/>\n<meta name=\"twitter:card\" content=\"summary_large_image\" \/>\n<meta name=\"twitter:label1\" content=\"Escrito por\" \/>\n\t<meta name=\"twitter:data1\" content=\"Ferran\" \/>\n\t<meta name=\"twitter:label2\" content=\"Tiempo de lectura\" \/>\n\t<meta name=\"twitter:data2\" content=\"2 minutos\" \/>\n<script type=\"application\/ld+json\" class=\"yoast-schema-graph\">{\"@context\":\"https:\\\/\\\/schema.org\",\"@graph\":[{\"@type\":\"Article\",\"@id\":\"https:\\\/\\\/fundesplai.org\\\/es\\\/informa-t\\\/actualitat-es\\\/formacion-por-a-la-inclusion\\\/#article\",\"isPartOf\":{\"@id\":\"https:\\\/\\\/fundesplai.org\\\/es\\\/informa-t\\\/actualitat-es\\\/formacion-por-a-la-inclusion\\\/\"},\"author\":{\"name\":\"Ferran\",\"@id\":\"https:\\\/\\\/fundesplai.org\\\/es\\\/#\\\/schema\\\/person\\\/67e7825d8ec54561cc24e36ba6b0f633\"},\"headline\":\"Formaci\u00f3n por a la inclusi\u00f3n\",\"datePublished\":\"2019-02-04T11:43:33+00:00\",\"mainEntityOfPage\":{\"@id\":\"https:\\\/\\\/fundesplai.org\\\/es\\\/informa-t\\\/actualitat-es\\\/formacion-por-a-la-inclusion\\\/\"},\"wordCount\":337,\"image\":{\"@id\":\"https:\\\/\\\/fundesplai.org\\\/es\\\/informa-t\\\/actualitat-es\\\/formacion-por-a-la-inclusion\\\/#primaryimage\"},\"thumbnailUrl\":\"https:\\\/\\\/fundesplai.org\\\/test-joomla\\\/wp-content\\\/uploads\\\/sites\\\/26\\\/2019\\\/02\\\/Video-Noticia-Joves.jpg\",\"articleSection\":[\"Actualitat\"],\"inLanguage\":\"es\"},{\"@type\":\"WebPage\",\"@id\":\"https:\\\/\\\/fundesplai.org\\\/es\\\/informa-t\\\/actualitat-es\\\/formacion-por-a-la-inclusion\\\/\",\"url\":\"https:\\\/\\\/fundesplai.org\\\/es\\\/informa-t\\\/actualitat-es\\\/formacion-por-a-la-inclusion\\\/\",\"name\":\"Formaci\u00f3n por a la inclusi\u00f3n - Fundesplai\",\"isPartOf\":{\"@id\":\"https:\\\/\\\/fundesplai.org\\\/es\\\/#website\"},\"primaryImageOfPage\":{\"@id\":\"https:\\\/\\\/fundesplai.org\\\/es\\\/informa-t\\\/actualitat-es\\\/formacion-por-a-la-inclusion\\\/#primaryimage\"},\"image\":{\"@id\":\"https:\\\/\\\/fundesplai.org\\\/es\\\/informa-t\\\/actualitat-es\\\/formacion-por-a-la-inclusion\\\/#primaryimage\"},\"thumbnailUrl\":\"https:\\\/\\\/fundesplai.org\\\/test-joomla\\\/wp-content\\\/uploads\\\/sites\\\/26\\\/2019\\\/02\\\/Video-Noticia-Joves.jpg\",\"datePublished\":\"2019-02-04T11:43:33+00:00\",\"author\":{\"@id\":\"https:\\\/\\\/fundesplai.org\\\/es\\\/#\\\/schema\\\/person\\\/67e7825d8ec54561cc24e36ba6b0f633\"},\"breadcrumb\":{\"@id\":\"https:\\\/\\\/fundesplai.org\\\/es\\\/informa-t\\\/actualitat-es\\\/formacion-por-a-la-inclusion\\\/#breadcrumb\"},\"inLanguage\":\"es\",\"potentialAction\":[{\"@type\":\"ReadAction\",\"target\":[\"https:\\\/\\\/fundesplai.org\\\/es\\\/informa-t\\\/actualitat-es\\\/formacion-por-a-la-inclusion\\\/\"]}]},{\"@type\":\"ImageObject\",\"inLanguage\":\"es\",\"@id\":\"https:\\\/\\\/fundesplai.org\\\/es\\\/informa-t\\\/actualitat-es\\\/formacion-por-a-la-inclusion\\\/#primaryimage\",\"url\":\"https:\\\/\\\/fundesplai.org\\\/test-joomla\\\/wp-content\\\/uploads\\\/sites\\\/26\\\/2019\\\/02\\\/Video-Noticia-Joves.jpg\",\"contentUrl\":\"https:\\\/\\\/fundesplai.org\\\/test-joomla\\\/wp-content\\\/uploads\\\/sites\\\/26\\\/2019\\\/02\\\/Video-Noticia-Joves.jpg\"},{\"@type\":\"BreadcrumbList\",\"@id\":\"https:\\\/\\\/fundesplai.org\\\/es\\\/informa-t\\\/actualitat-es\\\/formacion-por-a-la-inclusion\\\/#breadcrumb\",\"itemListElement\":[{\"@type\":\"ListItem\",\"position\":1,\"name\":\"Inici\",\"item\":\"https:\\\/\\\/fundesplai.org\\\/es\\\/inicio\\\/\"},{\"@type\":\"ListItem\",\"position\":2,\"name\":\"Inf\u00f3rmate\",\"item\":\"https:\\\/\\\/fundesplai.org\\\/es\\\/informate\\\/\"},{\"@type\":\"ListItem\",\"position\":3,\"name\":\"Sin categor\u00eda\",\"item\":\"https:\\\/\\\/fundesplai.org\\\/es\\\/informa-t\\\/category\\\/sin-categoria\\\/\"},{\"@type\":\"ListItem\",\"position\":4,\"name\":\"Formaci\u00f3n por a la inclusi\u00f3n\"}]},{\"@type\":\"WebSite\",\"@id\":\"https:\\\/\\\/fundesplai.org\\\/es\\\/#website\",\"url\":\"https:\\\/\\\/fundesplai.org\\\/es\\\/\",\"name\":\"Fundesplai\",\"description\":\"Eduquem per la conviv\u00e8ncia i la sostenibilitat\",\"potentialAction\":[{\"@type\":\"SearchAction\",\"target\":{\"@type\":\"EntryPoint\",\"urlTemplate\":\"https:\\\/\\\/fundesplai.org\\\/es\\\/?s={search_term_string}\"},\"query-input\":{\"@type\":\"PropertyValueSpecification\",\"valueRequired\":true,\"valueName\":\"search_term_string\"}}],\"inLanguage\":\"es\"},{\"@type\":\"Person\",\"@id\":\"https:\\\/\\\/fundesplai.org\\\/es\\\/#\\\/schema\\\/person\\\/67e7825d8ec54561cc24e36ba6b0f633\",\"name\":\"Ferran\",\"image\":{\"@type\":\"ImageObject\",\"inLanguage\":\"es\",\"@id\":\"https:\\\/\\\/secure.gravatar.com\\\/avatar\\\/a3510350976b58aae6eccd1e36f066b660a69ef63f97fde3cba8205db7db816a?s=96&d=mm&r=g\",\"url\":\"https:\\\/\\\/secure.gravatar.com\\\/avatar\\\/a3510350976b58aae6eccd1e36f066b660a69ef63f97fde3cba8205db7db816a?s=96&d=mm&r=g\",\"contentUrl\":\"https:\\\/\\\/secure.gravatar.com\\\/avatar\\\/a3510350976b58aae6eccd1e36f066b660a69ef63f97fde3cba8205db7db816a?s=96&d=mm&r=g\",\"caption\":\"Ferran\"},\"url\":\"https:\\\/\\\/fundesplai.org\\\/es\\\/informa-t\\\/author\\\/fvidal\\\/\"}]}<\/script>\n<!-- \/ Yoast SEO plugin. -->","yoast_head_json":{"title":"Formaci\u00f3n por a la inclusi\u00f3n - Fundesplai","robots":{"index":"index","follow":"follow","max-snippet":"max-snippet:-1","max-image-preview":"max-image-preview:large","max-video-preview":"max-video-preview:-1"},"canonical":"https:\/\/fundesplai.org\/es\/informa-t\/actualitat-es\/formacion-por-a-la-inclusion\/","og_locale":"es_ES","og_type":"article","og_title":"Formaci\u00f3n por a la inclusi\u00f3n - Fundesplai","og_description":"Vea el v\u00eddeo del curso \u00abOcio, trabajo y vida\u00bb en el que han participado 16 j\u00f3venes &nbsp;con diversidad funcional, de entre 16 y 25 a\u00f1os.","og_url":"https:\/\/fundesplai.org\/es\/informa-t\/actualitat-es\/formacion-por-a-la-inclusion\/","og_site_name":"Fundesplai","article_published_time":"2019-02-04T11:43:33+00:00","og_image":[{"url":"https:\/\/fundesplai.org\/test-joomla\/wp-content\/uploads\/sites\/26\/2019\/02\/Video-Noticia-Joves.jpg","type":"","width":"","height":""}],"author":"Ferran","twitter_card":"summary_large_image","twitter_misc":{"Escrito por":"Ferran","Tiempo de lectura":"2 minutos"},"schema":{"@context":"https:\/\/schema.org","@graph":[{"@type":"Article","@id":"https:\/\/fundesplai.org\/es\/informa-t\/actualitat-es\/formacion-por-a-la-inclusion\/#article","isPartOf":{"@id":"https:\/\/fundesplai.org\/es\/informa-t\/actualitat-es\/formacion-por-a-la-inclusion\/"},"author":{"name":"Ferran","@id":"https:\/\/fundesplai.org\/es\/#\/schema\/person\/67e7825d8ec54561cc24e36ba6b0f633"},"headline":"Formaci\u00f3n por a la inclusi\u00f3n","datePublished":"2019-02-04T11:43:33+00:00","mainEntityOfPage":{"@id":"https:\/\/fundesplai.org\/es\/informa-t\/actualitat-es\/formacion-por-a-la-inclusion\/"},"wordCount":337,"image":{"@id":"https:\/\/fundesplai.org\/es\/informa-t\/actualitat-es\/formacion-por-a-la-inclusion\/#primaryimage"},"thumbnailUrl":"https:\/\/fundesplai.org\/test-joomla\/wp-content\/uploads\/sites\/26\/2019\/02\/Video-Noticia-Joves.jpg","articleSection":["Actualitat"],"inLanguage":"es"},{"@type":"WebPage","@id":"https:\/\/fundesplai.org\/es\/informa-t\/actualitat-es\/formacion-por-a-la-inclusion\/","url":"https:\/\/fundesplai.org\/es\/informa-t\/actualitat-es\/formacion-por-a-la-inclusion\/","name":"Formaci\u00f3n por a la inclusi\u00f3n - Fundesplai","isPartOf":{"@id":"https:\/\/fundesplai.org\/es\/#website"},"primaryImageOfPage":{"@id":"https:\/\/fundesplai.org\/es\/informa-t\/actualitat-es\/formacion-por-a-la-inclusion\/#primaryimage"},"image":{"@id":"https:\/\/fundesplai.org\/es\/informa-t\/actualitat-es\/formacion-por-a-la-inclusion\/#primaryimage"},"thumbnailUrl":"https:\/\/fundesplai.org\/test-joomla\/wp-content\/uploads\/sites\/26\/2019\/02\/Video-Noticia-Joves.jpg","datePublished":"2019-02-04T11:43:33+00:00","author":{"@id":"https:\/\/fundesplai.org\/es\/#\/schema\/person\/67e7825d8ec54561cc24e36ba6b0f633"},"breadcrumb":{"@id":"https:\/\/fundesplai.org\/es\/informa-t\/actualitat-es\/formacion-por-a-la-inclusion\/#breadcrumb"},"inLanguage":"es","potentialAction":[{"@type":"ReadAction","target":["https:\/\/fundesplai.org\/es\/informa-t\/actualitat-es\/formacion-por-a-la-inclusion\/"]}]},{"@type":"ImageObject","inLanguage":"es","@id":"https:\/\/fundesplai.org\/es\/informa-t\/actualitat-es\/formacion-por-a-la-inclusion\/#primaryimage","url":"https:\/\/fundesplai.org\/test-joomla\/wp-content\/uploads\/sites\/26\/2019\/02\/Video-Noticia-Joves.jpg","contentUrl":"https:\/\/fundesplai.org\/test-joomla\/wp-content\/uploads\/sites\/26\/2019\/02\/Video-Noticia-Joves.jpg"},{"@type":"BreadcrumbList","@id":"https:\/\/fundesplai.org\/es\/informa-t\/actualitat-es\/formacion-por-a-la-inclusion\/#breadcrumb","itemListElement":[{"@type":"ListItem","position":1,"name":"Inici","item":"https:\/\/fundesplai.org\/es\/inicio\/"},{"@type":"ListItem","position":2,"name":"Inf\u00f3rmate","item":"https:\/\/fundesplai.org\/es\/informate\/"},{"@type":"ListItem","position":3,"name":"Sin categor\u00eda","item":"https:\/\/fundesplai.org\/es\/informa-t\/category\/sin-categoria\/"},{"@type":"ListItem","position":4,"name":"Formaci\u00f3n por a la inclusi\u00f3n"}]},{"@type":"WebSite","@id":"https:\/\/fundesplai.org\/es\/#website","url":"https:\/\/fundesplai.org\/es\/","name":"Fundesplai","description":"Eduquem per la conviv\u00e8ncia i la sostenibilitat","potentialAction":[{"@type":"SearchAction","target":{"@type":"EntryPoint","urlTemplate":"https:\/\/fundesplai.org\/es\/?s={search_term_string}"},"query-input":{"@type":"PropertyValueSpecification","valueRequired":true,"valueName":"search_term_string"}}],"inLanguage":"es"},{"@type":"Person","@id":"https:\/\/fundesplai.org\/es\/#\/schema\/person\/67e7825d8ec54561cc24e36ba6b0f633","name":"Ferran","image":{"@type":"ImageObject","inLanguage":"es","@id":"https:\/\/secure.gravatar.com\/avatar\/a3510350976b58aae6eccd1e36f066b660a69ef63f97fde3cba8205db7db816a?s=96&d=mm&r=g","url":"https:\/\/secure.gravatar.com\/avatar\/a3510350976b58aae6eccd1e36f066b660a69ef63f97fde3cba8205db7db816a?s=96&d=mm&r=g","contentUrl":"https:\/\/secure.gravatar.com\/avatar\/a3510350976b58aae6eccd1e36f066b660a69ef63f97fde3cba8205db7db816a?s=96&d=mm&r=g","caption":"Ferran"},"url":"https:\/\/fundesplai.org\/es\/informa-t\/author\/fvidal\/"}]}},"_links":{"self":[{"href":"https:\/\/fundesplai.org\/es\/wp-json\/wp\/v2\/posts\/47899","targetHints":{"allow":["GET"]}}],"collection":[{"href":"https:\/\/fundesplai.org\/es\/wp-json\/wp\/v2\/posts"}],"about":[{"href":"https:\/\/fundesplai.org\/es\/wp-json\/wp\/v2\/types\/post"}],"author":[{"embeddable":true,"href":"https:\/\/fundesplai.org\/es\/wp-json\/wp\/v2\/users\/4"}],"replies":[{"embeddable":true,"href":"https:\/\/fundesplai.org\/es\/wp-json\/wp\/v2\/comments?post=47899"}],"version-history":[{"count":0,"href":"https:\/\/fundesplai.org\/es\/wp-json\/wp\/v2\/posts\/47899\/revisions"}],"wp:attachment":[{"href":"https:\/\/fundesplai.org\/es\/wp-json\/wp\/v2\/media?parent=47899"}],"wp:term":[{"taxonomy":"category","embeddable":true,"href":"https:\/\/fundesplai.org\/es\/wp-json\/wp\/v2\/categories?post=47899"},{"taxonomy":"post_tag","embeddable":true,"href":"https:\/\/fundesplai.org\/es\/wp-json\/wp\/v2\/tags?post=47899"}],"curies":[{"name":"wp","href":"https:\/\/api.w.org\/{rel}","templated":true}]}}