{"id":47896,"date":"2019-01-23T14:48:32","date_gmt":"2019-01-23T13:48:32","guid":{"rendered":"https:\/\/fundesplai.org\/informa-t\/sense-categoria\/agofedesplai-2019\/"},"modified":"2019-01-23T14:48:32","modified_gmt":"2019-01-23T13:48:32","slug":"agofedesplai-2019","status":"publish","type":"post","link":"https:\/\/fundesplai.org\/es\/informa-t\/actualitat-es\/agofedesplai-2019\/","title":{"rendered":"Agofedesplai 2019"},"content":{"rendered":"<p>Cerca de 400 monitores y monitores &nbsp;se reunir\u00e1n el 23 de febrero en CENTRO ESPLAI en el encuentro anual de los esplais de la &nbsp; <a href=\"http:\/\/esplai.fundesplai.org\/\">Federaci\u00f3n Catalana del Esplai.<\/a><\/p>\n<p><!--more--><\/p>\n<p><img decoding=\"async\" class=\" size-full wp-image-5197\" src=\"https:\/\/fundesplai.org\/test-joomla\/wp-content\/uploads\/sites\/26\/2018\/02\/Jornada-Federacio-Catalana-de-lEsplai-GRUP.jpg\" alt=\"Jornada Federaci\u00f3n Catalana del Esplai GRUPO\" width=\"100%\" height=\"NaN\"><\/p>\n<p>Cerca de 400 monitoras y monitores de los esplais de la <a href=\"http:\/\/esplai.fundesplai.org\/\">Federaci\u00f3n Catalana del Esplai<\/a> se reunir\u00e1n el s\u00e1bado 23 de febrero en CENTRO ESPLAI (El Prat de Llobregat) en el Agofedesplai, el encuentro anual que sirve para valorar el trabajo realizado en 2018 y destacar los principales ejes de trabajo de 2019.<\/p>\n<p>El Agofedesplai acoger\u00e1 la Asamblea General de la Federaci\u00f3n, donde se presentar\u00e1 la Memoria 2018 y el Plan de Actuaci\u00f3n de 2019, y el D\u00eda de T\u00e9cnicas, un espacio destinado a la formaci\u00f3n de monitoras y monitores en nuevos recursos pedag\u00f3gicos.<\/p>\n<p>En total se organizar\u00e1n 11 talleres formativos, distribuidos en cuatro \u00e1mbitos: creativo, tecnol\u00f3gico, metodol\u00f3gico y relacionado con <a href=\"http:\/\/projectes.fundesplai.org\/encoratjat\/\">\u00abEnCORatja&#8217;t\u00bb<\/a>, la propuesta educativa por la igualdad de g\u00e9nero y la violencia cero que est\u00e1n trabajando escuelas y esplais de Fundesplai este curso 2018-19.<\/p>\n","protected":false},"excerpt":{"rendered":"<p>Cerca de 400 monitores y monitores &nbsp;se reunir\u00e1n el 23 de febrero en CENTRO ESPLAI en el encuentro anual de los esplais de la &nbsp; Federaci\u00f3n Catalana del Esplai.<\/p>\n","protected":false},"author":4,"featured_media":0,"comment_status":"closed","ping_status":"closed","sticky":false,"template":"","format":"standard","meta":{"_et_pb_use_builder":"","_et_pb_old_content":"","_et_gb_content_width":"","footnotes":""},"categories":[937],"tags":[],"class_list":["post-47896","post","type-post","status-publish","format-standard","hentry","category-actualitat-es"],"yoast_head":"<!-- This site is optimized with the Yoast SEO plugin v27.4 - https:\/\/yoast.com\/product\/yoast-seo-wordpress\/ -->\n<title>Agofedesplai 2019 - Fundesplai<\/title>\n<meta name=\"robots\" content=\"index, follow, max-snippet:-1, max-image-preview:large, max-video-preview:-1\" \/>\n<link rel=\"canonical\" href=\"https:\/\/fundesplai.org\/es\/informa-t\/actualitat-es\/agofedesplai-2019\/\" \/>\n<meta property=\"og:locale\" content=\"es_ES\" \/>\n<meta property=\"og:type\" content=\"article\" \/>\n<meta property=\"og:title\" content=\"Agofedesplai 2019 - Fundesplai\" \/>\n<meta property=\"og:description\" content=\"Cerca de 400 monitores y monitores &nbsp;se reunir\u00e1n el 23 de febrero en CENTRO ESPLAI en el encuentro anual de los esplais de la &nbsp; Federaci\u00f3n Catalana del Esplai.\" \/>\n<meta property=\"og:url\" content=\"https:\/\/fundesplai.org\/es\/informa-t\/actualitat-es\/agofedesplai-2019\/\" \/>\n<meta property=\"og:site_name\" content=\"Fundesplai\" \/>\n<meta property=\"article:published_time\" content=\"2019-01-23T13:48:32+00:00\" \/>\n<meta property=\"og:image\" content=\"https:\/\/fundesplai.org\/test-joomla\/wp-content\/uploads\/sites\/26\/2018\/02\/Jornada-Federacio-Catalana-de-lEsplai-GRUP.jpg\" \/>\n<meta name=\"author\" content=\"Ferran\" \/>\n<meta name=\"twitter:card\" content=\"summary_large_image\" \/>\n<meta name=\"twitter:label1\" content=\"Escrito por\" \/>\n\t<meta name=\"twitter:data1\" content=\"Ferran\" \/>\n\t<meta name=\"twitter:label2\" content=\"Tiempo de lectura\" \/>\n\t<meta name=\"twitter:data2\" content=\"1 minuto\" \/>\n<script type=\"application\/ld+json\" class=\"yoast-schema-graph\">{\"@context\":\"https:\\\/\\\/schema.org\",\"@graph\":[{\"@type\":\"Article\",\"@id\":\"https:\\\/\\\/fundesplai.org\\\/es\\\/informa-t\\\/actualitat-es\\\/agofedesplai-2019\\\/#article\",\"isPartOf\":{\"@id\":\"https:\\\/\\\/fundesplai.org\\\/es\\\/informa-t\\\/actualitat-es\\\/agofedesplai-2019\\\/\"},\"author\":{\"name\":\"Ferran\",\"@id\":\"https:\\\/\\\/fundesplai.org\\\/es\\\/#\\\/schema\\\/person\\\/67e7825d8ec54561cc24e36ba6b0f633\"},\"headline\":\"Agofedesplai 2019\",\"datePublished\":\"2019-01-23T13:48:32+00:00\",\"mainEntityOfPage\":{\"@id\":\"https:\\\/\\\/fundesplai.org\\\/es\\\/informa-t\\\/actualitat-es\\\/agofedesplai-2019\\\/\"},\"wordCount\":174,\"image\":{\"@id\":\"https:\\\/\\\/fundesplai.org\\\/es\\\/informa-t\\\/actualitat-es\\\/agofedesplai-2019\\\/#primaryimage\"},\"thumbnailUrl\":\"https:\\\/\\\/fundesplai.org\\\/test-joomla\\\/wp-content\\\/uploads\\\/sites\\\/26\\\/2018\\\/02\\\/Jornada-Federacio-Catalana-de-lEsplai-GRUP.jpg\",\"articleSection\":[\"Actualitat\"],\"inLanguage\":\"es\"},{\"@type\":\"WebPage\",\"@id\":\"https:\\\/\\\/fundesplai.org\\\/es\\\/informa-t\\\/actualitat-es\\\/agofedesplai-2019\\\/\",\"url\":\"https:\\\/\\\/fundesplai.org\\\/es\\\/informa-t\\\/actualitat-es\\\/agofedesplai-2019\\\/\",\"name\":\"Agofedesplai 2019 - Fundesplai\",\"isPartOf\":{\"@id\":\"https:\\\/\\\/fundesplai.org\\\/es\\\/#website\"},\"primaryImageOfPage\":{\"@id\":\"https:\\\/\\\/fundesplai.org\\\/es\\\/informa-t\\\/actualitat-es\\\/agofedesplai-2019\\\/#primaryimage\"},\"image\":{\"@id\":\"https:\\\/\\\/fundesplai.org\\\/es\\\/informa-t\\\/actualitat-es\\\/agofedesplai-2019\\\/#primaryimage\"},\"thumbnailUrl\":\"https:\\\/\\\/fundesplai.org\\\/test-joomla\\\/wp-content\\\/uploads\\\/sites\\\/26\\\/2018\\\/02\\\/Jornada-Federacio-Catalana-de-lEsplai-GRUP.jpg\",\"datePublished\":\"2019-01-23T13:48:32+00:00\",\"author\":{\"@id\":\"https:\\\/\\\/fundesplai.org\\\/es\\\/#\\\/schema\\\/person\\\/67e7825d8ec54561cc24e36ba6b0f633\"},\"breadcrumb\":{\"@id\":\"https:\\\/\\\/fundesplai.org\\\/es\\\/informa-t\\\/actualitat-es\\\/agofedesplai-2019\\\/#breadcrumb\"},\"inLanguage\":\"es\",\"potentialAction\":[{\"@type\":\"ReadAction\",\"target\":[\"https:\\\/\\\/fundesplai.org\\\/es\\\/informa-t\\\/actualitat-es\\\/agofedesplai-2019\\\/\"]}]},{\"@type\":\"ImageObject\",\"inLanguage\":\"es\",\"@id\":\"https:\\\/\\\/fundesplai.org\\\/es\\\/informa-t\\\/actualitat-es\\\/agofedesplai-2019\\\/#primaryimage\",\"url\":\"https:\\\/\\\/fundesplai.org\\\/test-joomla\\\/wp-content\\\/uploads\\\/sites\\\/26\\\/2018\\\/02\\\/Jornada-Federacio-Catalana-de-lEsplai-GRUP.jpg\",\"contentUrl\":\"https:\\\/\\\/fundesplai.org\\\/test-joomla\\\/wp-content\\\/uploads\\\/sites\\\/26\\\/2018\\\/02\\\/Jornada-Federacio-Catalana-de-lEsplai-GRUP.jpg\"},{\"@type\":\"BreadcrumbList\",\"@id\":\"https:\\\/\\\/fundesplai.org\\\/es\\\/informa-t\\\/actualitat-es\\\/agofedesplai-2019\\\/#breadcrumb\",\"itemListElement\":[{\"@type\":\"ListItem\",\"position\":1,\"name\":\"Inici\",\"item\":\"https:\\\/\\\/fundesplai.org\\\/es\\\/inicio\\\/\"},{\"@type\":\"ListItem\",\"position\":2,\"name\":\"Inf\u00f3rmate\",\"item\":\"https:\\\/\\\/fundesplai.org\\\/es\\\/informate\\\/\"},{\"@type\":\"ListItem\",\"position\":3,\"name\":\"Sin categor\u00eda\",\"item\":\"https:\\\/\\\/fundesplai.org\\\/es\\\/informa-t\\\/category\\\/sin-categoria\\\/\"},{\"@type\":\"ListItem\",\"position\":4,\"name\":\"Agofedesplai 2019\"}]},{\"@type\":\"WebSite\",\"@id\":\"https:\\\/\\\/fundesplai.org\\\/es\\\/#website\",\"url\":\"https:\\\/\\\/fundesplai.org\\\/es\\\/\",\"name\":\"Fundesplai\",\"description\":\"Eduquem per la conviv\u00e8ncia i la sostenibilitat\",\"potentialAction\":[{\"@type\":\"SearchAction\",\"target\":{\"@type\":\"EntryPoint\",\"urlTemplate\":\"https:\\\/\\\/fundesplai.org\\\/es\\\/?s={search_term_string}\"},\"query-input\":{\"@type\":\"PropertyValueSpecification\",\"valueRequired\":true,\"valueName\":\"search_term_string\"}}],\"inLanguage\":\"es\"},{\"@type\":\"Person\",\"@id\":\"https:\\\/\\\/fundesplai.org\\\/es\\\/#\\\/schema\\\/person\\\/67e7825d8ec54561cc24e36ba6b0f633\",\"name\":\"Ferran\",\"image\":{\"@type\":\"ImageObject\",\"inLanguage\":\"es\",\"@id\":\"https:\\\/\\\/secure.gravatar.com\\\/avatar\\\/a3510350976b58aae6eccd1e36f066b660a69ef63f97fde3cba8205db7db816a?s=96&d=mm&r=g\",\"url\":\"https:\\\/\\\/secure.gravatar.com\\\/avatar\\\/a3510350976b58aae6eccd1e36f066b660a69ef63f97fde3cba8205db7db816a?s=96&d=mm&r=g\",\"contentUrl\":\"https:\\\/\\\/secure.gravatar.com\\\/avatar\\\/a3510350976b58aae6eccd1e36f066b660a69ef63f97fde3cba8205db7db816a?s=96&d=mm&r=g\",\"caption\":\"Ferran\"},\"url\":\"https:\\\/\\\/fundesplai.org\\\/es\\\/informa-t\\\/author\\\/fvidal\\\/\"}]}<\/script>\n<!-- \/ Yoast SEO plugin. -->","yoast_head_json":{"title":"Agofedesplai 2019 - Fundesplai","robots":{"index":"index","follow":"follow","max-snippet":"max-snippet:-1","max-image-preview":"max-image-preview:large","max-video-preview":"max-video-preview:-1"},"canonical":"https:\/\/fundesplai.org\/es\/informa-t\/actualitat-es\/agofedesplai-2019\/","og_locale":"es_ES","og_type":"article","og_title":"Agofedesplai 2019 - Fundesplai","og_description":"Cerca de 400 monitores y monitores &nbsp;se reunir\u00e1n el 23 de febrero en CENTRO ESPLAI en el encuentro anual de los esplais de la &nbsp; Federaci\u00f3n Catalana del Esplai.","og_url":"https:\/\/fundesplai.org\/es\/informa-t\/actualitat-es\/agofedesplai-2019\/","og_site_name":"Fundesplai","article_published_time":"2019-01-23T13:48:32+00:00","og_image":[{"url":"https:\/\/fundesplai.org\/test-joomla\/wp-content\/uploads\/sites\/26\/2018\/02\/Jornada-Federacio-Catalana-de-lEsplai-GRUP.jpg","type":"","width":"","height":""}],"author":"Ferran","twitter_card":"summary_large_image","twitter_misc":{"Escrito por":"Ferran","Tiempo de lectura":"1 minuto"},"schema":{"@context":"https:\/\/schema.org","@graph":[{"@type":"Article","@id":"https:\/\/fundesplai.org\/es\/informa-t\/actualitat-es\/agofedesplai-2019\/#article","isPartOf":{"@id":"https:\/\/fundesplai.org\/es\/informa-t\/actualitat-es\/agofedesplai-2019\/"},"author":{"name":"Ferran","@id":"https:\/\/fundesplai.org\/es\/#\/schema\/person\/67e7825d8ec54561cc24e36ba6b0f633"},"headline":"Agofedesplai 2019","datePublished":"2019-01-23T13:48:32+00:00","mainEntityOfPage":{"@id":"https:\/\/fundesplai.org\/es\/informa-t\/actualitat-es\/agofedesplai-2019\/"},"wordCount":174,"image":{"@id":"https:\/\/fundesplai.org\/es\/informa-t\/actualitat-es\/agofedesplai-2019\/#primaryimage"},"thumbnailUrl":"https:\/\/fundesplai.org\/test-joomla\/wp-content\/uploads\/sites\/26\/2018\/02\/Jornada-Federacio-Catalana-de-lEsplai-GRUP.jpg","articleSection":["Actualitat"],"inLanguage":"es"},{"@type":"WebPage","@id":"https:\/\/fundesplai.org\/es\/informa-t\/actualitat-es\/agofedesplai-2019\/","url":"https:\/\/fundesplai.org\/es\/informa-t\/actualitat-es\/agofedesplai-2019\/","name":"Agofedesplai 2019 - Fundesplai","isPartOf":{"@id":"https:\/\/fundesplai.org\/es\/#website"},"primaryImageOfPage":{"@id":"https:\/\/fundesplai.org\/es\/informa-t\/actualitat-es\/agofedesplai-2019\/#primaryimage"},"image":{"@id":"https:\/\/fundesplai.org\/es\/informa-t\/actualitat-es\/agofedesplai-2019\/#primaryimage"},"thumbnailUrl":"https:\/\/fundesplai.org\/test-joomla\/wp-content\/uploads\/sites\/26\/2018\/02\/Jornada-Federacio-Catalana-de-lEsplai-GRUP.jpg","datePublished":"2019-01-23T13:48:32+00:00","author":{"@id":"https:\/\/fundesplai.org\/es\/#\/schema\/person\/67e7825d8ec54561cc24e36ba6b0f633"},"breadcrumb":{"@id":"https:\/\/fundesplai.org\/es\/informa-t\/actualitat-es\/agofedesplai-2019\/#breadcrumb"},"inLanguage":"es","potentialAction":[{"@type":"ReadAction","target":["https:\/\/fundesplai.org\/es\/informa-t\/actualitat-es\/agofedesplai-2019\/"]}]},{"@type":"ImageObject","inLanguage":"es","@id":"https:\/\/fundesplai.org\/es\/informa-t\/actualitat-es\/agofedesplai-2019\/#primaryimage","url":"https:\/\/fundesplai.org\/test-joomla\/wp-content\/uploads\/sites\/26\/2018\/02\/Jornada-Federacio-Catalana-de-lEsplai-GRUP.jpg","contentUrl":"https:\/\/fundesplai.org\/test-joomla\/wp-content\/uploads\/sites\/26\/2018\/02\/Jornada-Federacio-Catalana-de-lEsplai-GRUP.jpg"},{"@type":"BreadcrumbList","@id":"https:\/\/fundesplai.org\/es\/informa-t\/actualitat-es\/agofedesplai-2019\/#breadcrumb","itemListElement":[{"@type":"ListItem","position":1,"name":"Inici","item":"https:\/\/fundesplai.org\/es\/inicio\/"},{"@type":"ListItem","position":2,"name":"Inf\u00f3rmate","item":"https:\/\/fundesplai.org\/es\/informate\/"},{"@type":"ListItem","position":3,"name":"Sin categor\u00eda","item":"https:\/\/fundesplai.org\/es\/informa-t\/category\/sin-categoria\/"},{"@type":"ListItem","position":4,"name":"Agofedesplai 2019"}]},{"@type":"WebSite","@id":"https:\/\/fundesplai.org\/es\/#website","url":"https:\/\/fundesplai.org\/es\/","name":"Fundesplai","description":"Eduquem per la conviv\u00e8ncia i la sostenibilitat","potentialAction":[{"@type":"SearchAction","target":{"@type":"EntryPoint","urlTemplate":"https:\/\/fundesplai.org\/es\/?s={search_term_string}"},"query-input":{"@type":"PropertyValueSpecification","valueRequired":true,"valueName":"search_term_string"}}],"inLanguage":"es"},{"@type":"Person","@id":"https:\/\/fundesplai.org\/es\/#\/schema\/person\/67e7825d8ec54561cc24e36ba6b0f633","name":"Ferran","image":{"@type":"ImageObject","inLanguage":"es","@id":"https:\/\/secure.gravatar.com\/avatar\/a3510350976b58aae6eccd1e36f066b660a69ef63f97fde3cba8205db7db816a?s=96&d=mm&r=g","url":"https:\/\/secure.gravatar.com\/avatar\/a3510350976b58aae6eccd1e36f066b660a69ef63f97fde3cba8205db7db816a?s=96&d=mm&r=g","contentUrl":"https:\/\/secure.gravatar.com\/avatar\/a3510350976b58aae6eccd1e36f066b660a69ef63f97fde3cba8205db7db816a?s=96&d=mm&r=g","caption":"Ferran"},"url":"https:\/\/fundesplai.org\/es\/informa-t\/author\/fvidal\/"}]}},"_links":{"self":[{"href":"https:\/\/fundesplai.org\/es\/wp-json\/wp\/v2\/posts\/47896","targetHints":{"allow":["GET"]}}],"collection":[{"href":"https:\/\/fundesplai.org\/es\/wp-json\/wp\/v2\/posts"}],"about":[{"href":"https:\/\/fundesplai.org\/es\/wp-json\/wp\/v2\/types\/post"}],"author":[{"embeddable":true,"href":"https:\/\/fundesplai.org\/es\/wp-json\/wp\/v2\/users\/4"}],"replies":[{"embeddable":true,"href":"https:\/\/fundesplai.org\/es\/wp-json\/wp\/v2\/comments?post=47896"}],"version-history":[{"count":0,"href":"https:\/\/fundesplai.org\/es\/wp-json\/wp\/v2\/posts\/47896\/revisions"}],"wp:attachment":[{"href":"https:\/\/fundesplai.org\/es\/wp-json\/wp\/v2\/media?parent=47896"}],"wp:term":[{"taxonomy":"category","embeddable":true,"href":"https:\/\/fundesplai.org\/es\/wp-json\/wp\/v2\/categories?post=47896"},{"taxonomy":"post_tag","embeddable":true,"href":"https:\/\/fundesplai.org\/es\/wp-json\/wp\/v2\/tags?post=47896"}],"curies":[{"name":"wp","href":"https:\/\/api.w.org\/{rel}","templated":true}]}}