{"id":47893,"date":"2018-12-27T13:25:30","date_gmt":"2018-12-27T12:25:30","guid":{"rendered":"https:\/\/fundesplai.org\/informa-t\/sense-categoria\/previstos-una-cincuentena-de-talleres-para-entidades-este-2019\/"},"modified":"2018-12-27T13:25:30","modified_gmt":"2018-12-27T12:25:30","slug":"previstos-una-cincuentena-de-talleres-para-entidades-este-2019","status":"publish","type":"post","link":"https:\/\/fundesplai.org\/es\/informa-t\/actualitat-es\/previstos-una-cincuentena-de-talleres-para-entidades-este-2019\/","title":{"rendered":"Previstos una cincuentena de talleres para entidades este 2019"},"content":{"rendered":"<p>Los cursos se enmarcan en el  &nbsp;Cat\u00e1logo de Servicios de la Diputaci\u00f3n de Barcelona &nbsp;dirigido a entes locales este 2018.<\/p>\n<p><!--more--><\/p>\n<p><strong>Suport Associatiu<\/strong> prev\u00e9 impartir una <strong>cincuentena de talleres<\/strong> para <strong>entidades<\/strong> sin \u00e1nimo de lucro durante todo el <strong>2019<\/strong>.<\/p>\n<p>Los cursos se enmarcan en el C<strong>at\u00e1logo de Servicios de la Diputaci\u00f3n de Barcelona<\/strong> dirigido a entes locales.<\/p>\n<p>El objetivo de los talleres es el de colaborar en <strong>fortalecer<\/strong> y capacitar el <strong>tejido asociativo<\/strong> de los territorios solicitantes, con &nbsp;la voluntad <strong>de ayudar a las entidades<\/strong> a adquirir conocimientos te\u00f3ricos y herramientas pr\u00e1cticas para <strong>afrontar sus retos<\/strong> a nivel de organizaci\u00f3n interna, transparencia y estrategia.<\/p>\n<p><img decoding=\"async\" class=\" size-full wp-image-6117\" src=\"https:\/\/fundesplai.org\/test-joomla\/wp-content\/uploads\/sites\/26\/2018\/12\/Classe.jpg\" alt=\"Clase\" width=\"100%\" height=\"NaN\"><\/p>\n<p>En cuanto a los diferentes \u00e1mbitos, Suport Associatiu impartir\u00e1 talleres sobre &nbsp;<span style=\"background-color: transparent\">4 \u00e1mbitos diferentes:<\/span><\/p>\n<ul>\n<li><strong>Legislaci\u00f3n:<\/strong> Talleres orientados a ayudar a las entidades a entender, interpretar y aplicar la normativa que les es de aplicaci\u00f3n, para garantizar su cumplimiento y reforzar su transparencia y funcionamiento interno.<\/li>\n<li><strong>Gesti\u00f3n interna:<\/strong> Talleres para dar a conocer el mapa de obligaciones econ\u00f3micas, fiscales y contables de las entidades. Hacen especial \u00e9nfasis en la correcta interpretaci\u00f3n de las normativas y en el refuerzo de la transparencia.<\/li>\n<li><strong>Estrategia:<\/strong> Talleres para ofrecer herramientas a las entidades para mejorar su capacidad de planificar y ejecutar sus proyectos y poder presentarlos en el exterior con mejores condiciones. Profundiza en c\u00f3mo aumentar el impacto y en las formas de encontrar nuevas fuentes de financiaci\u00f3n.<\/li>\n<li><strong>Comunicaci\u00f3n 2.0:<\/strong> Talleres orientados a mejorar sus competencias en materia de herramientas TIC y comunicaci\u00f3n tanto interna como externa.<\/li>\n<\/ul>\n","protected":false},"excerpt":{"rendered":"<p>Los cursos se enmarcan en el &nbsp;Cat\u00e1logo de Servicios de la Diputaci\u00f3n de Barcelona &nbsp;dirigido a entes locales este 2018.<\/p>\n","protected":false},"author":9,"featured_media":0,"comment_status":"closed","ping_status":"closed","sticky":false,"template":"","format":"standard","meta":{"_et_pb_use_builder":"","_et_pb_old_content":"","_et_gb_content_width":"","footnotes":""},"categories":[937],"tags":[],"class_list":["post-47893","post","type-post","status-publish","format-standard","hentry","category-actualitat-es"],"yoast_head":"<!-- This site is optimized with the Yoast SEO plugin v27.4 - https:\/\/yoast.com\/product\/yoast-seo-wordpress\/ -->\n<title>Previstos una cincuentena de talleres para entidades este 2019 - Fundesplai<\/title>\n<meta name=\"robots\" content=\"index, follow, max-snippet:-1, max-image-preview:large, max-video-preview:-1\" \/>\n<link rel=\"canonical\" href=\"https:\/\/fundesplai.org\/es\/informa-t\/actualitat-es\/previstos-una-cincuentena-de-talleres-para-entidades-este-2019\/\" \/>\n<meta property=\"og:locale\" content=\"es_ES\" \/>\n<meta property=\"og:type\" content=\"article\" \/>\n<meta property=\"og:title\" content=\"Previstos una cincuentena de talleres para entidades este 2019 - Fundesplai\" \/>\n<meta property=\"og:description\" content=\"Los cursos se enmarcan en el &nbsp;Cat\u00e1logo de Servicios de la Diputaci\u00f3n de Barcelona &nbsp;dirigido a entes locales este 2018.\" \/>\n<meta property=\"og:url\" content=\"https:\/\/fundesplai.org\/es\/informa-t\/actualitat-es\/previstos-una-cincuentena-de-talleres-para-entidades-este-2019\/\" \/>\n<meta property=\"og:site_name\" content=\"Fundesplai\" \/>\n<meta property=\"article:published_time\" content=\"2018-12-27T12:25:30+00:00\" \/>\n<meta property=\"og:image\" content=\"https:\/\/fundesplai.org\/test-joomla\/wp-content\/uploads\/sites\/26\/2018\/12\/Classe.jpg\" \/>\n<meta name=\"author\" content=\"Alfons Valle\" \/>\n<meta name=\"twitter:card\" content=\"summary_large_image\" \/>\n<meta name=\"twitter:label1\" content=\"Escrito por\" \/>\n\t<meta name=\"twitter:data1\" content=\"Alfons Valle\" \/>\n\t<meta name=\"twitter:label2\" content=\"Tiempo de lectura\" \/>\n\t<meta name=\"twitter:data2\" content=\"1 minuto\" \/>\n<script type=\"application\/ld+json\" class=\"yoast-schema-graph\">{\"@context\":\"https:\\\/\\\/schema.org\",\"@graph\":[{\"@type\":\"Article\",\"@id\":\"https:\\\/\\\/fundesplai.org\\\/es\\\/informa-t\\\/actualitat-es\\\/previstos-una-cincuentena-de-talleres-para-entidades-este-2019\\\/#article\",\"isPartOf\":{\"@id\":\"https:\\\/\\\/fundesplai.org\\\/es\\\/informa-t\\\/actualitat-es\\\/previstos-una-cincuentena-de-talleres-para-entidades-este-2019\\\/\"},\"author\":{\"name\":\"Alfons Valle\",\"@id\":\"https:\\\/\\\/fundesplai.org\\\/es\\\/#\\\/schema\\\/person\\\/c0e9e7466bb8ac06f5264324a6109733\"},\"headline\":\"Previstos una cincuentena de talleres para entidades este 2019\",\"datePublished\":\"2018-12-27T12:25:30+00:00\",\"mainEntityOfPage\":{\"@id\":\"https:\\\/\\\/fundesplai.org\\\/es\\\/informa-t\\\/actualitat-es\\\/previstos-una-cincuentena-de-talleres-para-entidades-este-2019\\\/\"},\"wordCount\":269,\"image\":{\"@id\":\"https:\\\/\\\/fundesplai.org\\\/es\\\/informa-t\\\/actualitat-es\\\/previstos-una-cincuentena-de-talleres-para-entidades-este-2019\\\/#primaryimage\"},\"thumbnailUrl\":\"https:\\\/\\\/fundesplai.org\\\/test-joomla\\\/wp-content\\\/uploads\\\/sites\\\/26\\\/2018\\\/12\\\/Classe.jpg\",\"articleSection\":[\"Actualitat\"],\"inLanguage\":\"es\"},{\"@type\":\"WebPage\",\"@id\":\"https:\\\/\\\/fundesplai.org\\\/es\\\/informa-t\\\/actualitat-es\\\/previstos-una-cincuentena-de-talleres-para-entidades-este-2019\\\/\",\"url\":\"https:\\\/\\\/fundesplai.org\\\/es\\\/informa-t\\\/actualitat-es\\\/previstos-una-cincuentena-de-talleres-para-entidades-este-2019\\\/\",\"name\":\"Previstos una cincuentena de talleres para entidades este 2019 - Fundesplai\",\"isPartOf\":{\"@id\":\"https:\\\/\\\/fundesplai.org\\\/es\\\/#website\"},\"primaryImageOfPage\":{\"@id\":\"https:\\\/\\\/fundesplai.org\\\/es\\\/informa-t\\\/actualitat-es\\\/previstos-una-cincuentena-de-talleres-para-entidades-este-2019\\\/#primaryimage\"},\"image\":{\"@id\":\"https:\\\/\\\/fundesplai.org\\\/es\\\/informa-t\\\/actualitat-es\\\/previstos-una-cincuentena-de-talleres-para-entidades-este-2019\\\/#primaryimage\"},\"thumbnailUrl\":\"https:\\\/\\\/fundesplai.org\\\/test-joomla\\\/wp-content\\\/uploads\\\/sites\\\/26\\\/2018\\\/12\\\/Classe.jpg\",\"datePublished\":\"2018-12-27T12:25:30+00:00\",\"author\":{\"@id\":\"https:\\\/\\\/fundesplai.org\\\/es\\\/#\\\/schema\\\/person\\\/c0e9e7466bb8ac06f5264324a6109733\"},\"breadcrumb\":{\"@id\":\"https:\\\/\\\/fundesplai.org\\\/es\\\/informa-t\\\/actualitat-es\\\/previstos-una-cincuentena-de-talleres-para-entidades-este-2019\\\/#breadcrumb\"},\"inLanguage\":\"es\",\"potentialAction\":[{\"@type\":\"ReadAction\",\"target\":[\"https:\\\/\\\/fundesplai.org\\\/es\\\/informa-t\\\/actualitat-es\\\/previstos-una-cincuentena-de-talleres-para-entidades-este-2019\\\/\"]}]},{\"@type\":\"ImageObject\",\"inLanguage\":\"es\",\"@id\":\"https:\\\/\\\/fundesplai.org\\\/es\\\/informa-t\\\/actualitat-es\\\/previstos-una-cincuentena-de-talleres-para-entidades-este-2019\\\/#primaryimage\",\"url\":\"https:\\\/\\\/fundesplai.org\\\/test-joomla\\\/wp-content\\\/uploads\\\/sites\\\/26\\\/2018\\\/12\\\/Classe.jpg\",\"contentUrl\":\"https:\\\/\\\/fundesplai.org\\\/test-joomla\\\/wp-content\\\/uploads\\\/sites\\\/26\\\/2018\\\/12\\\/Classe.jpg\"},{\"@type\":\"BreadcrumbList\",\"@id\":\"https:\\\/\\\/fundesplai.org\\\/es\\\/informa-t\\\/actualitat-es\\\/previstos-una-cincuentena-de-talleres-para-entidades-este-2019\\\/#breadcrumb\",\"itemListElement\":[{\"@type\":\"ListItem\",\"position\":1,\"name\":\"Inici\",\"item\":\"https:\\\/\\\/fundesplai.org\\\/es\\\/inicio\\\/\"},{\"@type\":\"ListItem\",\"position\":2,\"name\":\"Inf\u00f3rmate\",\"item\":\"https:\\\/\\\/fundesplai.org\\\/es\\\/informate\\\/\"},{\"@type\":\"ListItem\",\"position\":3,\"name\":\"Sin categor\u00eda\",\"item\":\"https:\\\/\\\/fundesplai.org\\\/es\\\/informa-t\\\/category\\\/sin-categoria\\\/\"},{\"@type\":\"ListItem\",\"position\":4,\"name\":\"Previstos una cincuentena de talleres para entidades este 2019\"}]},{\"@type\":\"WebSite\",\"@id\":\"https:\\\/\\\/fundesplai.org\\\/es\\\/#website\",\"url\":\"https:\\\/\\\/fundesplai.org\\\/es\\\/\",\"name\":\"Fundesplai\",\"description\":\"Eduquem per la conviv\u00e8ncia i la sostenibilitat\",\"potentialAction\":[{\"@type\":\"SearchAction\",\"target\":{\"@type\":\"EntryPoint\",\"urlTemplate\":\"https:\\\/\\\/fundesplai.org\\\/es\\\/?s={search_term_string}\"},\"query-input\":{\"@type\":\"PropertyValueSpecification\",\"valueRequired\":true,\"valueName\":\"search_term_string\"}}],\"inLanguage\":\"es\"},{\"@type\":\"Person\",\"@id\":\"https:\\\/\\\/fundesplai.org\\\/es\\\/#\\\/schema\\\/person\\\/c0e9e7466bb8ac06f5264324a6109733\",\"name\":\"Alfons Valle\",\"image\":{\"@type\":\"ImageObject\",\"inLanguage\":\"es\",\"@id\":\"https:\\\/\\\/secure.gravatar.com\\\/avatar\\\/71d95a3f99a068ba570ac1314ed6911a59c5ae3f22ffcf23631cd1a861a640bc?s=96&d=mm&r=g\",\"url\":\"https:\\\/\\\/secure.gravatar.com\\\/avatar\\\/71d95a3f99a068ba570ac1314ed6911a59c5ae3f22ffcf23631cd1a861a640bc?s=96&d=mm&r=g\",\"contentUrl\":\"https:\\\/\\\/secure.gravatar.com\\\/avatar\\\/71d95a3f99a068ba570ac1314ed6911a59c5ae3f22ffcf23631cd1a861a640bc?s=96&d=mm&r=g\",\"caption\":\"Alfons Valle\"},\"url\":\"https:\\\/\\\/fundesplai.org\\\/es\\\/informa-t\\\/author\\\/avalle\\\/\"}]}<\/script>\n<!-- \/ Yoast SEO plugin. -->","yoast_head_json":{"title":"Previstos una cincuentena de talleres para entidades este 2019 - Fundesplai","robots":{"index":"index","follow":"follow","max-snippet":"max-snippet:-1","max-image-preview":"max-image-preview:large","max-video-preview":"max-video-preview:-1"},"canonical":"https:\/\/fundesplai.org\/es\/informa-t\/actualitat-es\/previstos-una-cincuentena-de-talleres-para-entidades-este-2019\/","og_locale":"es_ES","og_type":"article","og_title":"Previstos una cincuentena de talleres para entidades este 2019 - Fundesplai","og_description":"Los cursos se enmarcan en el &nbsp;Cat\u00e1logo de Servicios de la Diputaci\u00f3n de Barcelona &nbsp;dirigido a entes locales este 2018.","og_url":"https:\/\/fundesplai.org\/es\/informa-t\/actualitat-es\/previstos-una-cincuentena-de-talleres-para-entidades-este-2019\/","og_site_name":"Fundesplai","article_published_time":"2018-12-27T12:25:30+00:00","og_image":[{"url":"https:\/\/fundesplai.org\/test-joomla\/wp-content\/uploads\/sites\/26\/2018\/12\/Classe.jpg","type":"","width":"","height":""}],"author":"Alfons Valle","twitter_card":"summary_large_image","twitter_misc":{"Escrito por":"Alfons Valle","Tiempo de lectura":"1 minuto"},"schema":{"@context":"https:\/\/schema.org","@graph":[{"@type":"Article","@id":"https:\/\/fundesplai.org\/es\/informa-t\/actualitat-es\/previstos-una-cincuentena-de-talleres-para-entidades-este-2019\/#article","isPartOf":{"@id":"https:\/\/fundesplai.org\/es\/informa-t\/actualitat-es\/previstos-una-cincuentena-de-talleres-para-entidades-este-2019\/"},"author":{"name":"Alfons Valle","@id":"https:\/\/fundesplai.org\/es\/#\/schema\/person\/c0e9e7466bb8ac06f5264324a6109733"},"headline":"Previstos una cincuentena de talleres para entidades este 2019","datePublished":"2018-12-27T12:25:30+00:00","mainEntityOfPage":{"@id":"https:\/\/fundesplai.org\/es\/informa-t\/actualitat-es\/previstos-una-cincuentena-de-talleres-para-entidades-este-2019\/"},"wordCount":269,"image":{"@id":"https:\/\/fundesplai.org\/es\/informa-t\/actualitat-es\/previstos-una-cincuentena-de-talleres-para-entidades-este-2019\/#primaryimage"},"thumbnailUrl":"https:\/\/fundesplai.org\/test-joomla\/wp-content\/uploads\/sites\/26\/2018\/12\/Classe.jpg","articleSection":["Actualitat"],"inLanguage":"es"},{"@type":"WebPage","@id":"https:\/\/fundesplai.org\/es\/informa-t\/actualitat-es\/previstos-una-cincuentena-de-talleres-para-entidades-este-2019\/","url":"https:\/\/fundesplai.org\/es\/informa-t\/actualitat-es\/previstos-una-cincuentena-de-talleres-para-entidades-este-2019\/","name":"Previstos una cincuentena de talleres para entidades este 2019 - Fundesplai","isPartOf":{"@id":"https:\/\/fundesplai.org\/es\/#website"},"primaryImageOfPage":{"@id":"https:\/\/fundesplai.org\/es\/informa-t\/actualitat-es\/previstos-una-cincuentena-de-talleres-para-entidades-este-2019\/#primaryimage"},"image":{"@id":"https:\/\/fundesplai.org\/es\/informa-t\/actualitat-es\/previstos-una-cincuentena-de-talleres-para-entidades-este-2019\/#primaryimage"},"thumbnailUrl":"https:\/\/fundesplai.org\/test-joomla\/wp-content\/uploads\/sites\/26\/2018\/12\/Classe.jpg","datePublished":"2018-12-27T12:25:30+00:00","author":{"@id":"https:\/\/fundesplai.org\/es\/#\/schema\/person\/c0e9e7466bb8ac06f5264324a6109733"},"breadcrumb":{"@id":"https:\/\/fundesplai.org\/es\/informa-t\/actualitat-es\/previstos-una-cincuentena-de-talleres-para-entidades-este-2019\/#breadcrumb"},"inLanguage":"es","potentialAction":[{"@type":"ReadAction","target":["https:\/\/fundesplai.org\/es\/informa-t\/actualitat-es\/previstos-una-cincuentena-de-talleres-para-entidades-este-2019\/"]}]},{"@type":"ImageObject","inLanguage":"es","@id":"https:\/\/fundesplai.org\/es\/informa-t\/actualitat-es\/previstos-una-cincuentena-de-talleres-para-entidades-este-2019\/#primaryimage","url":"https:\/\/fundesplai.org\/test-joomla\/wp-content\/uploads\/sites\/26\/2018\/12\/Classe.jpg","contentUrl":"https:\/\/fundesplai.org\/test-joomla\/wp-content\/uploads\/sites\/26\/2018\/12\/Classe.jpg"},{"@type":"BreadcrumbList","@id":"https:\/\/fundesplai.org\/es\/informa-t\/actualitat-es\/previstos-una-cincuentena-de-talleres-para-entidades-este-2019\/#breadcrumb","itemListElement":[{"@type":"ListItem","position":1,"name":"Inici","item":"https:\/\/fundesplai.org\/es\/inicio\/"},{"@type":"ListItem","position":2,"name":"Inf\u00f3rmate","item":"https:\/\/fundesplai.org\/es\/informate\/"},{"@type":"ListItem","position":3,"name":"Sin categor\u00eda","item":"https:\/\/fundesplai.org\/es\/informa-t\/category\/sin-categoria\/"},{"@type":"ListItem","position":4,"name":"Previstos una cincuentena de talleres para entidades este 2019"}]},{"@type":"WebSite","@id":"https:\/\/fundesplai.org\/es\/#website","url":"https:\/\/fundesplai.org\/es\/","name":"Fundesplai","description":"Eduquem per la conviv\u00e8ncia i la sostenibilitat","potentialAction":[{"@type":"SearchAction","target":{"@type":"EntryPoint","urlTemplate":"https:\/\/fundesplai.org\/es\/?s={search_term_string}"},"query-input":{"@type":"PropertyValueSpecification","valueRequired":true,"valueName":"search_term_string"}}],"inLanguage":"es"},{"@type":"Person","@id":"https:\/\/fundesplai.org\/es\/#\/schema\/person\/c0e9e7466bb8ac06f5264324a6109733","name":"Alfons Valle","image":{"@type":"ImageObject","inLanguage":"es","@id":"https:\/\/secure.gravatar.com\/avatar\/71d95a3f99a068ba570ac1314ed6911a59c5ae3f22ffcf23631cd1a861a640bc?s=96&d=mm&r=g","url":"https:\/\/secure.gravatar.com\/avatar\/71d95a3f99a068ba570ac1314ed6911a59c5ae3f22ffcf23631cd1a861a640bc?s=96&d=mm&r=g","contentUrl":"https:\/\/secure.gravatar.com\/avatar\/71d95a3f99a068ba570ac1314ed6911a59c5ae3f22ffcf23631cd1a861a640bc?s=96&d=mm&r=g","caption":"Alfons Valle"},"url":"https:\/\/fundesplai.org\/es\/informa-t\/author\/avalle\/"}]}},"_links":{"self":[{"href":"https:\/\/fundesplai.org\/es\/wp-json\/wp\/v2\/posts\/47893","targetHints":{"allow":["GET"]}}],"collection":[{"href":"https:\/\/fundesplai.org\/es\/wp-json\/wp\/v2\/posts"}],"about":[{"href":"https:\/\/fundesplai.org\/es\/wp-json\/wp\/v2\/types\/post"}],"author":[{"embeddable":true,"href":"https:\/\/fundesplai.org\/es\/wp-json\/wp\/v2\/users\/9"}],"replies":[{"embeddable":true,"href":"https:\/\/fundesplai.org\/es\/wp-json\/wp\/v2\/comments?post=47893"}],"version-history":[{"count":0,"href":"https:\/\/fundesplai.org\/es\/wp-json\/wp\/v2\/posts\/47893\/revisions"}],"wp:attachment":[{"href":"https:\/\/fundesplai.org\/es\/wp-json\/wp\/v2\/media?parent=47893"}],"wp:term":[{"taxonomy":"category","embeddable":true,"href":"https:\/\/fundesplai.org\/es\/wp-json\/wp\/v2\/categories?post=47893"},{"taxonomy":"post_tag","embeddable":true,"href":"https:\/\/fundesplai.org\/es\/wp-json\/wp\/v2\/tags?post=47893"}],"curies":[{"name":"wp","href":"https:\/\/api.w.org\/{rel}","templated":true}]}}