{"id":47892,"date":"2018-12-27T13:05:21","date_gmt":"2018-12-27T12:05:21","guid":{"rendered":"https:\/\/fundesplai.org\/informa-t\/sense-categoria\/seis-consejos-para-utilizar-un-lenguaje-inclusivo\/"},"modified":"2018-12-27T13:05:21","modified_gmt":"2018-12-27T12:05:21","slug":"seis-consejos-para-utilizar-un-lenguaje-inclusivo","status":"publish","type":"post","link":"https:\/\/fundesplai.org\/es\/informa-t\/actualitat-es\/seis-consejos-para-utilizar-un-lenguaje-inclusivo\/","title":{"rendered":"Seis consejos para utilizar un lenguaje inclusivo"},"content":{"rendered":"<p>Es recomendable, entre otras t\u00e9cnicas, utilizar formas neutras, gen\u00e9ricas y dobles.<\/p>\n<p><!--more--><\/p>\n<p><strong>Es recomendable, entre otras t\u00e9cnicas, utilizar formas neutras, gen\u00e9ricas y dobles.<\/strong><\/p>\n<p><strong><a href=\"https:\/\/www.iec.cat\/\" target=\"_blank\" rel=\"noopener\">El Instituto de Estudis Catalans<\/a> &nbsp;<\/strong>define el&nbsp; <strong><a href=\"https:\/\/dlc.iec.cat\/results.asp?txtentrada=llenguatge&amp;Submit2=Cerca+directa+al+diccionari\" target=\"_blank\" rel=\"noopener\">lenguaje<\/a><\/strong>&nbsp;como la facultad humana de comunicar los propios pensamientos o sentimientos a un receptor mediante un c\u00f3digo ling\u00fc\u00edstico compartido.<\/p>\n<p>Esta definici\u00f3n nos deja dos conceptos claros. Por un lado estamos hablando de una facultad de las personas humanas y por otro, de que es la forma de expresar una idea, unos pensamientos, una&nbsp;<strong>forma de sentir.<\/strong><\/p>\n<p>S\u00f3lo por este motivo, queda clara la importancia de que nuestras organizaciones trabajen con un&nbsp;<strong>lenguaje inclusivo<\/strong>, no sexista, que incluya a todas las personas. Es decir, un lenguaje trabajado con&nbsp;<strong>perspectiva de g\u00e9nero.<\/strong><\/p>\n<p><img decoding=\"async\" class=\" size-full wp-image-6100\" src=\"https:\/\/fundesplai.org\/test-joomla\/wp-content\/uploads\/sites\/26\/2018\/12\/Llenguatgereduida.jpg\" alt=\"Llenguatgereduida\" width=\"100%\" height=\"NaN\"><\/p>\n<p>La&nbsp;<strong><a href=\"http:\/\/portaldogc.gencat.cat\/utilsEADOP\/PDF\/6919\/1436051.pdf\" target=\"_blank\" rel=\"noopener\">Ley 17\/2015, de 21 de julio, de igualdad efectiva de mujeres y hombres<\/a><\/strong>&nbsp;habla de la necesidad de utilizar un lenguaje inclusivo en varios \u00e1mbitos. A &nbsp;los poderes p\u00fablicos&nbsp; se les menciona en los&nbsp; art\u00edculos 3 y 15, en la educaci\u00f3n, en el &nbsp;art\u00edculo 21, y en los medios de comunicaci\u00f3n, en el 25.<\/p>\n<p>Son s\u00f3lo unos ejemplos que demuestran la importancia del lenguaje y que lo convierte en una de las primeras medidas que las <strong>entidades<\/strong> deber\u00edan emprender cuando la propia ley les insta a velar por la&nbsp; igualdad efectiva &nbsp;en sus organizaciones. Vemos seis puntos con los que podemos&nbsp;<strong>mejorar el lenguaje.<\/strong><\/p>\n<h3>1.&nbsp; &nbsp;Formas dobles<\/h3>\n<p>Es muy habitual encontrarnos con&nbsp;<strong>formas dobles<\/strong>, con el objetivo de intentar &nbsp;no hacer distinciones de g\u00e9nero. El problema de utilizar estas expresiones (t<strong>rabajadores y trabajadoras,<\/strong> monitores y monitoras, jugadores y jugadoras\u2026.), o incluso sus versiones reducidas (trabajadores\/as, monitores\/as, jugadores\/as\u2026) es que&nbsp; se dificulta la fluidez &nbsp;de la comunicaci\u00f3n oral como de los textos.<\/p>\n<p>Por ese motivo, el sentido com\u00fan, pero tambi\u00e9n algunos manuales de lenguaje inclusivo como el de la &nbsp;<strong><a href=\"https:\/\/www.uab.cat\/Document\/964\/953\/Guia_uso_no_sexista_lenguaje2,0.pdf\" target=\"_blank\" rel=\"noopener\">Universitat Aut\u00f2noma de Barcelona<\/a><\/strong>&nbsp; recomendan su&nbsp;utilizaci\u00f3n pero con cuidado &nbsp;de no caer en exceso, ofreciendo la posibilidad de combinarlo con otras f\u00f3rmulas, como la siguiente.<\/p>\n<h3>2.&nbsp; &nbsp;Formas gen\u00e9ricas y otras expresiones<\/h3>\n<p>Esta opci\u00f3n es m\u00e1s adecuada que la anterior, aunque puede requerir un grado m\u00e1s elevado de preparaci\u00f3n. Consiste b\u00e1sicamente en la utilizaci\u00f3n de&nbsp;<strong>f\u00f3rmulas gen\u00e9ricas<\/strong> &nbsp;que permiten la &nbsp;inclusi\u00f3n<\/p>\n<p>La m\u00e1s clara de todas es el uso de la palabra \u201c<strong>persona<\/strong>\u201d con un adjetivo o una frase subordinada que la califique De esta forma los trabajadores y trabajadoras se convierten simplemente en&nbsp;<strong>persones treballadores,<\/strong> i els voluntaris o volunt\u00e0ries en &nbsp;persones volunt\u00e0ries.<\/p>\n<h3>3.&nbsp; &nbsp;Expresiones despersonalizadas<\/h3>\n<p>\u00c9stas son expresiones que tambi\u00e9n se conocen con el nombre de&nbsp;<strong>neutras&nbsp;<\/strong>i que, evidentemente, garantizan la&nbsp;igualdad de trato. Es evidente que hay expresiones m\u00e1s complicadas de <strong>despersonalizar<\/strong>, pero s\u00f3lo con &nbsp;un poco de ingenio &nbsp;podemos conseguir que nuestras comunicaciones tengan un car\u00e1cter totalmente inclusivo.<\/p>\n<p>La clave estar\u00e1 en no pensar de forma&nbsp;<strong>individualizada,<\/strong> sino hacerlo en&nbsp;<strong>colectivos<\/strong>, de forma m\u00e1s gen\u00e9rica. As\u00ed, en lugar de decir&nbsp; \u201ccolaboradores\u201d &nbsp;dirimos&nbsp;<strong>\u201ccon la colaboraci\u00f3n de<\/strong>\u201d, en vez de &nbsp; \u201cbienvenidos\u201d, &nbsp;\u201cos damos la bienvenida\u201d &nbsp;en vez de \u201csolicitante\u201d, solicitado por\u201d.<\/p>\n<h3>4. &nbsp; &nbsp;Los pronombres<\/h3>\n<p>Los&nbsp;<strong>pronombres&nbsp;<\/strong>son unas figuras gramaticales que carecen de un referente fijo, sino que se refieren a otras figuras citadas anteriormente. Esto hace que nos encontremos de manera muy habitual con expresiones como &nbsp;\u201ctodos hicieron pi\u00f1a\u201d, <strong>\u201cme complace invitarle\u201d<\/strong> o \u201clos que tarden menos tiempo ganar\u00e1n\u201d.<\/p>\n<p>Si nos fijamos, de manera probablemente inconsciente estamos dando g\u00e9nero masculino a la persona que recibe el mensaje, obviando totalmente el g\u00e9nero femenino. Un simple &nbsp;cambio de pronombres &nbsp;suficiente para&nbsp; arreglarlo.&nbsp;<strong>\u201cTodo el mundo hizo pi\u00f1a\u201d,<\/strong> \u201cme complace invitarle\u201d o \u201cquien tarde menos tiempo ganar\u00e1n\u201d ser\u00e1n mucho m\u00e1s adecuados para nuestro objetivo de alcanzar un lenguaje inclusivo.<\/p>\n<h3>5.&nbsp; &nbsp;Estereotipos<\/h3>\n<p>Los estereotipos est\u00e1n construidos a partir de ideas, <strong>prejuicios<\/strong>, creencias u opiniones preconcebidas que &nbsp;no se basan en la objetividad. Su uso es uno de los errores m\u00e1s habituales que se producen en el lenguaje. No es infrecuente, por ejemplo, que a uno&nbsp;<strong>club de f\u00fatbol<\/strong> &nbsp;se hable de <strong>jugadores<\/strong>, exclusivamente, y se olviden que en el mismo club hay&nbsp;<strong>jugadoras<\/strong>, simplemente debido a que \u00e9ste es un deporte muy <strong>masculinizado<\/strong>.<\/p>\n<p>Por otra parte, tampoco podemos olvidar aquellas&nbsp; palabras&nbsp; que tienen un significado muy diferente si&nbsp; se asocian a un hombre oa una mujer. En catal\u00e1n, por ejemplo, un fresco no tiene <strong>el mismo sentido<\/strong> que un fresco, o uno cualquiera que uno cualquiera. Tenir cura amb aquest tipus d\u2019expressi\u00f3 m\u00e9s que un consell \u00e9s una obligaci\u00f3.<\/p>\n<h3>6. &nbsp; &nbsp;Pressup\u00f2sits<\/h3>\n<p>Aunque pueda parecer incre\u00edble, hoy en d\u00eda siguen existiendo determinadas <strong>profesiones<\/strong> o figuras que se asocian directamente al&nbsp;<strong>g\u00e9nero<\/strong>. Si hacemos un an\u00e1lisis de los mismos, llegaremos a la conclusi\u00f3n de que la mayor\u00eda de &nbsp;profesiones con <strong>falta de prestigio<\/strong> &nbsp;tienden a ser&nbsp;<strong>asignadas a mujeres <\/strong>&nbsp;y por tanto tienen forma femenina, y en cambio, en aquellos lugares de mayor prestigio sucede lo contrario.<\/p>\n<p>Es habitual o\u00edr hablar, por ejemplo, de las&nbsp;<strong>\u201cmujeres de la limpieza\u201d<\/strong>&nbsp;olvidando que en este oficio tambi\u00e9n pueden haber hombres, o aludir a \u201cdirectivos\u201d, para designar un lugar donde pueden haber mujeres. Cu\u00e1ntas veces hemos o\u00eddo decir a alguien <strong>&nbsp;\u201c voy al m\u00e9dico\u201d<\/strong>&nbsp;y al llegar encontrarse una &nbsp;m\u00e9dica? Hem de prestar atenci\u00f3 a aquestes situacions perqu\u00e8 no es produeixi aquest incomprensible biaix de g\u00e8nere.<\/p>\n<p>Si tienes dudas sobre planes de igualdad en entidades no lucrativas, el equipo t\u00e9cnico de <strong>Suport Asociativo <\/strong> te las resuelve a trav\u00e9s del<strong>&nbsp;<a href=\"http:\/\/assessorament.voluntariat.org\/\" target=\"_blank\" rel=\"noopener\">servicio online de asesoramiento <\/a>&nbsp;de Xarxanet.<\/strong>&nbsp;<\/p>\n","protected":false},"excerpt":{"rendered":"<p>Es recomendable, entre otras t\u00e9cnicas, utilizar formas neutras, gen\u00e9ricas y dobles.<\/p>\n","protected":false},"author":9,"featured_media":0,"comment_status":"closed","ping_status":"closed","sticky":false,"template":"","format":"standard","meta":{"_et_pb_use_builder":"","_et_pb_old_content":"","_et_gb_content_width":"","footnotes":""},"categories":[937],"tags":[],"class_list":["post-47892","post","type-post","status-publish","format-standard","hentry","category-actualitat-es"],"yoast_head":"<!-- This site is optimized with the Yoast SEO plugin v27.4 - https:\/\/yoast.com\/product\/yoast-seo-wordpress\/ -->\n<title>Seis consejos para utilizar un lenguaje inclusivo - Fundesplai<\/title>\n<meta name=\"robots\" content=\"index, follow, max-snippet:-1, max-image-preview:large, max-video-preview:-1\" \/>\n<link rel=\"canonical\" href=\"https:\/\/fundesplai.org\/es\/informa-t\/actualitat-es\/seis-consejos-para-utilizar-un-lenguaje-inclusivo\/\" \/>\n<meta property=\"og:locale\" content=\"es_ES\" \/>\n<meta property=\"og:type\" content=\"article\" \/>\n<meta property=\"og:title\" content=\"Seis consejos para utilizar un lenguaje inclusivo - Fundesplai\" \/>\n<meta property=\"og:description\" content=\"Es recomendable, entre otras t\u00e9cnicas, utilizar formas neutras, gen\u00e9ricas y dobles.\" \/>\n<meta property=\"og:url\" content=\"https:\/\/fundesplai.org\/es\/informa-t\/actualitat-es\/seis-consejos-para-utilizar-un-lenguaje-inclusivo\/\" \/>\n<meta property=\"og:site_name\" content=\"Fundesplai\" \/>\n<meta property=\"article:published_time\" content=\"2018-12-27T12:05:21+00:00\" \/>\n<meta property=\"og:image\" content=\"https:\/\/fundesplai.org\/test-joomla\/wp-content\/uploads\/sites\/26\/2018\/12\/Llenguatgereduida.jpg\" \/>\n<meta name=\"author\" content=\"Alfons Valle\" \/>\n<meta name=\"twitter:card\" content=\"summary_large_image\" \/>\n<meta name=\"twitter:label1\" content=\"Escrito por\" \/>\n\t<meta name=\"twitter:data1\" content=\"Alfons Valle\" \/>\n\t<meta name=\"twitter:label2\" content=\"Tiempo de lectura\" \/>\n\t<meta name=\"twitter:data2\" content=\"5 minutos\" \/>\n<script type=\"application\/ld+json\" class=\"yoast-schema-graph\">{\"@context\":\"https:\\\/\\\/schema.org\",\"@graph\":[{\"@type\":\"Article\",\"@id\":\"https:\\\/\\\/fundesplai.org\\\/es\\\/informa-t\\\/actualitat-es\\\/seis-consejos-para-utilizar-un-lenguaje-inclusivo\\\/#article\",\"isPartOf\":{\"@id\":\"https:\\\/\\\/fundesplai.org\\\/es\\\/informa-t\\\/actualitat-es\\\/seis-consejos-para-utilizar-un-lenguaje-inclusivo\\\/\"},\"author\":{\"name\":\"Alfons Valle\",\"@id\":\"https:\\\/\\\/fundesplai.org\\\/es\\\/#\\\/schema\\\/person\\\/c0e9e7466bb8ac06f5264324a6109733\"},\"headline\":\"Seis consejos para utilizar un lenguaje inclusivo\",\"datePublished\":\"2018-12-27T12:05:21+00:00\",\"mainEntityOfPage\":{\"@id\":\"https:\\\/\\\/fundesplai.org\\\/es\\\/informa-t\\\/actualitat-es\\\/seis-consejos-para-utilizar-un-lenguaje-inclusivo\\\/\"},\"wordCount\":1040,\"image\":{\"@id\":\"https:\\\/\\\/fundesplai.org\\\/es\\\/informa-t\\\/actualitat-es\\\/seis-consejos-para-utilizar-un-lenguaje-inclusivo\\\/#primaryimage\"},\"thumbnailUrl\":\"https:\\\/\\\/fundesplai.org\\\/test-joomla\\\/wp-content\\\/uploads\\\/sites\\\/26\\\/2018\\\/12\\\/Llenguatgereduida.jpg\",\"articleSection\":[\"Actualitat\"],\"inLanguage\":\"es\"},{\"@type\":\"WebPage\",\"@id\":\"https:\\\/\\\/fundesplai.org\\\/es\\\/informa-t\\\/actualitat-es\\\/seis-consejos-para-utilizar-un-lenguaje-inclusivo\\\/\",\"url\":\"https:\\\/\\\/fundesplai.org\\\/es\\\/informa-t\\\/actualitat-es\\\/seis-consejos-para-utilizar-un-lenguaje-inclusivo\\\/\",\"name\":\"Seis consejos para utilizar un lenguaje inclusivo - Fundesplai\",\"isPartOf\":{\"@id\":\"https:\\\/\\\/fundesplai.org\\\/es\\\/#website\"},\"primaryImageOfPage\":{\"@id\":\"https:\\\/\\\/fundesplai.org\\\/es\\\/informa-t\\\/actualitat-es\\\/seis-consejos-para-utilizar-un-lenguaje-inclusivo\\\/#primaryimage\"},\"image\":{\"@id\":\"https:\\\/\\\/fundesplai.org\\\/es\\\/informa-t\\\/actualitat-es\\\/seis-consejos-para-utilizar-un-lenguaje-inclusivo\\\/#primaryimage\"},\"thumbnailUrl\":\"https:\\\/\\\/fundesplai.org\\\/test-joomla\\\/wp-content\\\/uploads\\\/sites\\\/26\\\/2018\\\/12\\\/Llenguatgereduida.jpg\",\"datePublished\":\"2018-12-27T12:05:21+00:00\",\"author\":{\"@id\":\"https:\\\/\\\/fundesplai.org\\\/es\\\/#\\\/schema\\\/person\\\/c0e9e7466bb8ac06f5264324a6109733\"},\"breadcrumb\":{\"@id\":\"https:\\\/\\\/fundesplai.org\\\/es\\\/informa-t\\\/actualitat-es\\\/seis-consejos-para-utilizar-un-lenguaje-inclusivo\\\/#breadcrumb\"},\"inLanguage\":\"es\",\"potentialAction\":[{\"@type\":\"ReadAction\",\"target\":[\"https:\\\/\\\/fundesplai.org\\\/es\\\/informa-t\\\/actualitat-es\\\/seis-consejos-para-utilizar-un-lenguaje-inclusivo\\\/\"]}]},{\"@type\":\"ImageObject\",\"inLanguage\":\"es\",\"@id\":\"https:\\\/\\\/fundesplai.org\\\/es\\\/informa-t\\\/actualitat-es\\\/seis-consejos-para-utilizar-un-lenguaje-inclusivo\\\/#primaryimage\",\"url\":\"https:\\\/\\\/fundesplai.org\\\/test-joomla\\\/wp-content\\\/uploads\\\/sites\\\/26\\\/2018\\\/12\\\/Llenguatgereduida.jpg\",\"contentUrl\":\"https:\\\/\\\/fundesplai.org\\\/test-joomla\\\/wp-content\\\/uploads\\\/sites\\\/26\\\/2018\\\/12\\\/Llenguatgereduida.jpg\"},{\"@type\":\"BreadcrumbList\",\"@id\":\"https:\\\/\\\/fundesplai.org\\\/es\\\/informa-t\\\/actualitat-es\\\/seis-consejos-para-utilizar-un-lenguaje-inclusivo\\\/#breadcrumb\",\"itemListElement\":[{\"@type\":\"ListItem\",\"position\":1,\"name\":\"Inici\",\"item\":\"https:\\\/\\\/fundesplai.org\\\/es\\\/inicio\\\/\"},{\"@type\":\"ListItem\",\"position\":2,\"name\":\"Inf\u00f3rmate\",\"item\":\"https:\\\/\\\/fundesplai.org\\\/es\\\/informate\\\/\"},{\"@type\":\"ListItem\",\"position\":3,\"name\":\"Sin categor\u00eda\",\"item\":\"https:\\\/\\\/fundesplai.org\\\/es\\\/informa-t\\\/category\\\/sin-categoria\\\/\"},{\"@type\":\"ListItem\",\"position\":4,\"name\":\"Seis consejos para utilizar un lenguaje inclusivo\"}]},{\"@type\":\"WebSite\",\"@id\":\"https:\\\/\\\/fundesplai.org\\\/es\\\/#website\",\"url\":\"https:\\\/\\\/fundesplai.org\\\/es\\\/\",\"name\":\"Fundesplai\",\"description\":\"Eduquem per la conviv\u00e8ncia i la sostenibilitat\",\"potentialAction\":[{\"@type\":\"SearchAction\",\"target\":{\"@type\":\"EntryPoint\",\"urlTemplate\":\"https:\\\/\\\/fundesplai.org\\\/es\\\/?s={search_term_string}\"},\"query-input\":{\"@type\":\"PropertyValueSpecification\",\"valueRequired\":true,\"valueName\":\"search_term_string\"}}],\"inLanguage\":\"es\"},{\"@type\":\"Person\",\"@id\":\"https:\\\/\\\/fundesplai.org\\\/es\\\/#\\\/schema\\\/person\\\/c0e9e7466bb8ac06f5264324a6109733\",\"name\":\"Alfons Valle\",\"image\":{\"@type\":\"ImageObject\",\"inLanguage\":\"es\",\"@id\":\"https:\\\/\\\/secure.gravatar.com\\\/avatar\\\/71d95a3f99a068ba570ac1314ed6911a59c5ae3f22ffcf23631cd1a861a640bc?s=96&d=mm&r=g\",\"url\":\"https:\\\/\\\/secure.gravatar.com\\\/avatar\\\/71d95a3f99a068ba570ac1314ed6911a59c5ae3f22ffcf23631cd1a861a640bc?s=96&d=mm&r=g\",\"contentUrl\":\"https:\\\/\\\/secure.gravatar.com\\\/avatar\\\/71d95a3f99a068ba570ac1314ed6911a59c5ae3f22ffcf23631cd1a861a640bc?s=96&d=mm&r=g\",\"caption\":\"Alfons Valle\"},\"url\":\"https:\\\/\\\/fundesplai.org\\\/es\\\/informa-t\\\/author\\\/avalle\\\/\"}]}<\/script>\n<!-- \/ Yoast SEO plugin. -->","yoast_head_json":{"title":"Seis consejos para utilizar un lenguaje inclusivo - Fundesplai","robots":{"index":"index","follow":"follow","max-snippet":"max-snippet:-1","max-image-preview":"max-image-preview:large","max-video-preview":"max-video-preview:-1"},"canonical":"https:\/\/fundesplai.org\/es\/informa-t\/actualitat-es\/seis-consejos-para-utilizar-un-lenguaje-inclusivo\/","og_locale":"es_ES","og_type":"article","og_title":"Seis consejos para utilizar un lenguaje inclusivo - Fundesplai","og_description":"Es recomendable, entre otras t\u00e9cnicas, utilizar formas neutras, gen\u00e9ricas y dobles.","og_url":"https:\/\/fundesplai.org\/es\/informa-t\/actualitat-es\/seis-consejos-para-utilizar-un-lenguaje-inclusivo\/","og_site_name":"Fundesplai","article_published_time":"2018-12-27T12:05:21+00:00","og_image":[{"url":"https:\/\/fundesplai.org\/test-joomla\/wp-content\/uploads\/sites\/26\/2018\/12\/Llenguatgereduida.jpg","type":"","width":"","height":""}],"author":"Alfons Valle","twitter_card":"summary_large_image","twitter_misc":{"Escrito por":"Alfons Valle","Tiempo de lectura":"5 minutos"},"schema":{"@context":"https:\/\/schema.org","@graph":[{"@type":"Article","@id":"https:\/\/fundesplai.org\/es\/informa-t\/actualitat-es\/seis-consejos-para-utilizar-un-lenguaje-inclusivo\/#article","isPartOf":{"@id":"https:\/\/fundesplai.org\/es\/informa-t\/actualitat-es\/seis-consejos-para-utilizar-un-lenguaje-inclusivo\/"},"author":{"name":"Alfons Valle","@id":"https:\/\/fundesplai.org\/es\/#\/schema\/person\/c0e9e7466bb8ac06f5264324a6109733"},"headline":"Seis consejos para utilizar un lenguaje inclusivo","datePublished":"2018-12-27T12:05:21+00:00","mainEntityOfPage":{"@id":"https:\/\/fundesplai.org\/es\/informa-t\/actualitat-es\/seis-consejos-para-utilizar-un-lenguaje-inclusivo\/"},"wordCount":1040,"image":{"@id":"https:\/\/fundesplai.org\/es\/informa-t\/actualitat-es\/seis-consejos-para-utilizar-un-lenguaje-inclusivo\/#primaryimage"},"thumbnailUrl":"https:\/\/fundesplai.org\/test-joomla\/wp-content\/uploads\/sites\/26\/2018\/12\/Llenguatgereduida.jpg","articleSection":["Actualitat"],"inLanguage":"es"},{"@type":"WebPage","@id":"https:\/\/fundesplai.org\/es\/informa-t\/actualitat-es\/seis-consejos-para-utilizar-un-lenguaje-inclusivo\/","url":"https:\/\/fundesplai.org\/es\/informa-t\/actualitat-es\/seis-consejos-para-utilizar-un-lenguaje-inclusivo\/","name":"Seis consejos para utilizar un lenguaje inclusivo - Fundesplai","isPartOf":{"@id":"https:\/\/fundesplai.org\/es\/#website"},"primaryImageOfPage":{"@id":"https:\/\/fundesplai.org\/es\/informa-t\/actualitat-es\/seis-consejos-para-utilizar-un-lenguaje-inclusivo\/#primaryimage"},"image":{"@id":"https:\/\/fundesplai.org\/es\/informa-t\/actualitat-es\/seis-consejos-para-utilizar-un-lenguaje-inclusivo\/#primaryimage"},"thumbnailUrl":"https:\/\/fundesplai.org\/test-joomla\/wp-content\/uploads\/sites\/26\/2018\/12\/Llenguatgereduida.jpg","datePublished":"2018-12-27T12:05:21+00:00","author":{"@id":"https:\/\/fundesplai.org\/es\/#\/schema\/person\/c0e9e7466bb8ac06f5264324a6109733"},"breadcrumb":{"@id":"https:\/\/fundesplai.org\/es\/informa-t\/actualitat-es\/seis-consejos-para-utilizar-un-lenguaje-inclusivo\/#breadcrumb"},"inLanguage":"es","potentialAction":[{"@type":"ReadAction","target":["https:\/\/fundesplai.org\/es\/informa-t\/actualitat-es\/seis-consejos-para-utilizar-un-lenguaje-inclusivo\/"]}]},{"@type":"ImageObject","inLanguage":"es","@id":"https:\/\/fundesplai.org\/es\/informa-t\/actualitat-es\/seis-consejos-para-utilizar-un-lenguaje-inclusivo\/#primaryimage","url":"https:\/\/fundesplai.org\/test-joomla\/wp-content\/uploads\/sites\/26\/2018\/12\/Llenguatgereduida.jpg","contentUrl":"https:\/\/fundesplai.org\/test-joomla\/wp-content\/uploads\/sites\/26\/2018\/12\/Llenguatgereduida.jpg"},{"@type":"BreadcrumbList","@id":"https:\/\/fundesplai.org\/es\/informa-t\/actualitat-es\/seis-consejos-para-utilizar-un-lenguaje-inclusivo\/#breadcrumb","itemListElement":[{"@type":"ListItem","position":1,"name":"Inici","item":"https:\/\/fundesplai.org\/es\/inicio\/"},{"@type":"ListItem","position":2,"name":"Inf\u00f3rmate","item":"https:\/\/fundesplai.org\/es\/informate\/"},{"@type":"ListItem","position":3,"name":"Sin categor\u00eda","item":"https:\/\/fundesplai.org\/es\/informa-t\/category\/sin-categoria\/"},{"@type":"ListItem","position":4,"name":"Seis consejos para utilizar un lenguaje inclusivo"}]},{"@type":"WebSite","@id":"https:\/\/fundesplai.org\/es\/#website","url":"https:\/\/fundesplai.org\/es\/","name":"Fundesplai","description":"Eduquem per la conviv\u00e8ncia i la sostenibilitat","potentialAction":[{"@type":"SearchAction","target":{"@type":"EntryPoint","urlTemplate":"https:\/\/fundesplai.org\/es\/?s={search_term_string}"},"query-input":{"@type":"PropertyValueSpecification","valueRequired":true,"valueName":"search_term_string"}}],"inLanguage":"es"},{"@type":"Person","@id":"https:\/\/fundesplai.org\/es\/#\/schema\/person\/c0e9e7466bb8ac06f5264324a6109733","name":"Alfons Valle","image":{"@type":"ImageObject","inLanguage":"es","@id":"https:\/\/secure.gravatar.com\/avatar\/71d95a3f99a068ba570ac1314ed6911a59c5ae3f22ffcf23631cd1a861a640bc?s=96&d=mm&r=g","url":"https:\/\/secure.gravatar.com\/avatar\/71d95a3f99a068ba570ac1314ed6911a59c5ae3f22ffcf23631cd1a861a640bc?s=96&d=mm&r=g","contentUrl":"https:\/\/secure.gravatar.com\/avatar\/71d95a3f99a068ba570ac1314ed6911a59c5ae3f22ffcf23631cd1a861a640bc?s=96&d=mm&r=g","caption":"Alfons Valle"},"url":"https:\/\/fundesplai.org\/es\/informa-t\/author\/avalle\/"}]}},"_links":{"self":[{"href":"https:\/\/fundesplai.org\/es\/wp-json\/wp\/v2\/posts\/47892","targetHints":{"allow":["GET"]}}],"collection":[{"href":"https:\/\/fundesplai.org\/es\/wp-json\/wp\/v2\/posts"}],"about":[{"href":"https:\/\/fundesplai.org\/es\/wp-json\/wp\/v2\/types\/post"}],"author":[{"embeddable":true,"href":"https:\/\/fundesplai.org\/es\/wp-json\/wp\/v2\/users\/9"}],"replies":[{"embeddable":true,"href":"https:\/\/fundesplai.org\/es\/wp-json\/wp\/v2\/comments?post=47892"}],"version-history":[{"count":0,"href":"https:\/\/fundesplai.org\/es\/wp-json\/wp\/v2\/posts\/47892\/revisions"}],"wp:attachment":[{"href":"https:\/\/fundesplai.org\/es\/wp-json\/wp\/v2\/media?parent=47892"}],"wp:term":[{"taxonomy":"category","embeddable":true,"href":"https:\/\/fundesplai.org\/es\/wp-json\/wp\/v2\/categories?post=47892"},{"taxonomy":"post_tag","embeddable":true,"href":"https:\/\/fundesplai.org\/es\/wp-json\/wp\/v2\/tags?post=47892"}],"curies":[{"name":"wp","href":"https:\/\/api.w.org\/{rel}","templated":true}]}}