{"id":47890,"date":"2018-12-21T12:11:57","date_gmt":"2018-12-21T11:11:57","guid":{"rendered":"https:\/\/fundesplai.org\/informa-t\/sense-categoria\/chicasintech-de-fundacion-esplai-galardonada-en-los-premios-dona-tic\/"},"modified":"2018-12-21T12:11:57","modified_gmt":"2018-12-21T11:11:57","slug":"chicasintech-de-fundacion-esplai-galardonada-en-los-premios-dona-tic","status":"publish","type":"post","link":"https:\/\/fundesplai.org\/es\/informa-t\/actualitat-es\/chicasintech-de-fundacion-esplai-galardonada-en-los-premios-dona-tic\/","title":{"rendered":"#Chicasintech de Fundaci\u00f3n Esplai, galardonada en los Premios Dona TIC"},"content":{"rendered":"<p>La iniciativa <strong>#chicasintech<\/strong> de Fundaci\u00f3n Esplai que busca promover las vocaciones tecnol\u00f3gicas entre ni\u00f1as y adolescentes recibi\u00f3 uno de los galardones de los Premios Dona TIC 2018,&nbsp; impulsados \u200b\u200bpor el Departamento de Pol\u00edticas Digitales y Administraci\u00f3n P\u00fablica de la Generalitat de Catalunya.<\/p>\n<p><!--more--><\/p>\n<p><img decoding=\"async\" class=\" size-full wp-image-6083\" src=\"https:\/\/fundesplai.org\/test-joomla\/wp-content\/uploads\/sites\/26\/2018\/12\/Fundacio-Esplai-dona-tic.jpg\" alt=\"Fundacio Esplai dona tic\" width=\"100%\" height=\"NaN\"><\/p>\n<p>La iniciativa <a href=\"http:\/\/tertuliadigital.com\/12x12\/\">#chicasintech<\/a> de Fundaci\u00f3n Esplai que busca promoure les vocacions tecnol\u00f2giques entre nenes i adolescents va rebre un dels guardons dels Premis Dona TIC 2018, &nbsp;impulsats pel Departament de Pol\u00edtiques Digitals i Administraci\u00f3 P\u00fablica de la Generalitat de Catalunya.<\/p>\n<p>Estos galardones quieren reconocer y dar visibilidad a mujeres e iniciativas relevantes en el \u00e1mbito tecnol\u00f3gico y, a la vez, quieren servir para animar a que ni\u00f1as y j\u00f3venes a formarse en el sector TIC y asumir posiciones de liderazgo. Fundaci\u00f3n Esplai ha recibido el premio en la categor\u00eda \u00abDe entidad, centro formativo\u00bb.<\/p>\n<p><strong>#chicasintech<\/strong><\/p>\n<p>Conscientes de la brecha de g\u00e9nero que existe en el sector TIC, desde Fundaci\u00f3n Esplai han puesto en marcha este 2018 en las redes sociales la campa\u00f1a <a href=\"https:\/\/fundacionesplai.org\/blog\/socioeducativa\/campana-chicasintech-por-la-promocion-de-las-vocaciones-tecnologicas-en-ninas-y-adolescentes\/\">#chicasintech<\/a>. Esta iniciativa, que cont\u00f3 con el apoyo de Microsoft, consisti\u00f3 en distintos talleres, espacios formativos y de sensibilizaci\u00f3n as\u00ed como de difusi\u00f3n en las redes sociales.<\/p>\n<p>La ceremonia de los Premios Dona TIC se celebr\u00f3 el 20 de diciembre en el Auditorio Edificio Imagina (Barcelona) y fueron a recoger el premio por parte de Fundaci\u00f3n Esplai N\u00faria Valls, Laura Granados y Anabel P\u00e9rez, directora general y responsables del \u00c1rea Socioeducativa y E-Inclusi\u00f3n de Fundaci\u00f3n Esplai, respectivamente. Con la foto, con &nbsp;Alejandro Lozano, director de desarrollo de Citelum.<\/p>\n<p>&nbsp;<\/p>\n","protected":false},"excerpt":{"rendered":"<p>La iniciativa #chicasintech de Fundaci\u00f3n Esplai que busca promover las vocaciones tecnol\u00f3gicas entre ni\u00f1as y adolescentes recibi\u00f3 uno de los galardones de los Premios Dona TIC 2018,&nbsp; impulsados \u200b\u200bpor el Departamento de Pol\u00edticas Digitales y Administraci\u00f3n P\u00fablica de la Generalitat de Catalunya.<\/p>\n","protected":false},"author":4,"featured_media":0,"comment_status":"closed","ping_status":"closed","sticky":false,"template":"","format":"standard","meta":{"_et_pb_use_builder":"","_et_pb_old_content":"","_et_gb_content_width":"","footnotes":""},"categories":[937],"tags":[],"class_list":["post-47890","post","type-post","status-publish","format-standard","hentry","category-actualitat-es"],"yoast_head":"<!-- This site is optimized with the Yoast SEO plugin v27.4 - https:\/\/yoast.com\/product\/yoast-seo-wordpress\/ -->\n<title>#Chicasintech de Fundaci\u00f3n Esplai, galardonada en los Premios Dona TIC - Fundesplai<\/title>\n<meta name=\"robots\" content=\"index, follow, max-snippet:-1, max-image-preview:large, max-video-preview:-1\" \/>\n<link rel=\"canonical\" href=\"https:\/\/fundesplai.org\/es\/informa-t\/actualitat-es\/chicasintech-de-fundacion-esplai-galardonada-en-los-premios-dona-tic\/\" \/>\n<meta property=\"og:locale\" content=\"es_ES\" \/>\n<meta property=\"og:type\" content=\"article\" \/>\n<meta property=\"og:title\" content=\"#Chicasintech de Fundaci\u00f3n Esplai, galardonada en los Premios Dona TIC - Fundesplai\" \/>\n<meta property=\"og:description\" content=\"La iniciativa #chicasintech de Fundaci\u00f3n Esplai que busca promover las vocaciones tecnol\u00f3gicas entre ni\u00f1as y adolescentes recibi\u00f3 uno de los galardones de los Premios Dona TIC 2018,&nbsp; impulsados \u200b\u200bpor el Departamento de Pol\u00edticas Digitales y Administraci\u00f3n P\u00fablica de la Generalitat de Catalunya.\" \/>\n<meta property=\"og:url\" content=\"https:\/\/fundesplai.org\/es\/informa-t\/actualitat-es\/chicasintech-de-fundacion-esplai-galardonada-en-los-premios-dona-tic\/\" \/>\n<meta property=\"og:site_name\" content=\"Fundesplai\" \/>\n<meta property=\"article:published_time\" content=\"2018-12-21T11:11:57+00:00\" \/>\n<meta property=\"og:image\" content=\"https:\/\/fundesplai.org\/test-joomla\/wp-content\/uploads\/sites\/26\/2018\/12\/Fundacio-Esplai-dona-tic.jpg\" \/>\n<meta name=\"author\" content=\"Ferran\" \/>\n<meta name=\"twitter:card\" content=\"summary_large_image\" \/>\n<meta name=\"twitter:label1\" content=\"Escrito por\" \/>\n\t<meta name=\"twitter:data1\" content=\"Ferran\" \/>\n\t<meta name=\"twitter:label2\" content=\"Tiempo de lectura\" \/>\n\t<meta name=\"twitter:data2\" content=\"1 minuto\" \/>\n<script type=\"application\/ld+json\" class=\"yoast-schema-graph\">{\"@context\":\"https:\\\/\\\/schema.org\",\"@graph\":[{\"@type\":\"Article\",\"@id\":\"https:\\\/\\\/fundesplai.org\\\/es\\\/informa-t\\\/actualitat-es\\\/chicasintech-de-fundacion-esplai-galardonada-en-los-premios-dona-tic\\\/#article\",\"isPartOf\":{\"@id\":\"https:\\\/\\\/fundesplai.org\\\/es\\\/informa-t\\\/actualitat-es\\\/chicasintech-de-fundacion-esplai-galardonada-en-los-premios-dona-tic\\\/\"},\"author\":{\"name\":\"Ferran\",\"@id\":\"https:\\\/\\\/fundesplai.org\\\/es\\\/#\\\/schema\\\/person\\\/67e7825d8ec54561cc24e36ba6b0f633\"},\"headline\":\"#Chicasintech de Fundaci\u00f3n Esplai, galardonada en los Premios Dona TIC\",\"datePublished\":\"2018-12-21T11:11:57+00:00\",\"mainEntityOfPage\":{\"@id\":\"https:\\\/\\\/fundesplai.org\\\/es\\\/informa-t\\\/actualitat-es\\\/chicasintech-de-fundacion-esplai-galardonada-en-los-premios-dona-tic\\\/\"},\"wordCount\":287,\"image\":{\"@id\":\"https:\\\/\\\/fundesplai.org\\\/es\\\/informa-t\\\/actualitat-es\\\/chicasintech-de-fundacion-esplai-galardonada-en-los-premios-dona-tic\\\/#primaryimage\"},\"thumbnailUrl\":\"https:\\\/\\\/fundesplai.org\\\/test-joomla\\\/wp-content\\\/uploads\\\/sites\\\/26\\\/2018\\\/12\\\/Fundacio-Esplai-dona-tic.jpg\",\"articleSection\":[\"Actualitat\"],\"inLanguage\":\"es\"},{\"@type\":\"WebPage\",\"@id\":\"https:\\\/\\\/fundesplai.org\\\/es\\\/informa-t\\\/actualitat-es\\\/chicasintech-de-fundacion-esplai-galardonada-en-los-premios-dona-tic\\\/\",\"url\":\"https:\\\/\\\/fundesplai.org\\\/es\\\/informa-t\\\/actualitat-es\\\/chicasintech-de-fundacion-esplai-galardonada-en-los-premios-dona-tic\\\/\",\"name\":\"#Chicasintech de Fundaci\u00f3n Esplai, galardonada en los Premios Dona TIC - Fundesplai\",\"isPartOf\":{\"@id\":\"https:\\\/\\\/fundesplai.org\\\/es\\\/#website\"},\"primaryImageOfPage\":{\"@id\":\"https:\\\/\\\/fundesplai.org\\\/es\\\/informa-t\\\/actualitat-es\\\/chicasintech-de-fundacion-esplai-galardonada-en-los-premios-dona-tic\\\/#primaryimage\"},\"image\":{\"@id\":\"https:\\\/\\\/fundesplai.org\\\/es\\\/informa-t\\\/actualitat-es\\\/chicasintech-de-fundacion-esplai-galardonada-en-los-premios-dona-tic\\\/#primaryimage\"},\"thumbnailUrl\":\"https:\\\/\\\/fundesplai.org\\\/test-joomla\\\/wp-content\\\/uploads\\\/sites\\\/26\\\/2018\\\/12\\\/Fundacio-Esplai-dona-tic.jpg\",\"datePublished\":\"2018-12-21T11:11:57+00:00\",\"author\":{\"@id\":\"https:\\\/\\\/fundesplai.org\\\/es\\\/#\\\/schema\\\/person\\\/67e7825d8ec54561cc24e36ba6b0f633\"},\"breadcrumb\":{\"@id\":\"https:\\\/\\\/fundesplai.org\\\/es\\\/informa-t\\\/actualitat-es\\\/chicasintech-de-fundacion-esplai-galardonada-en-los-premios-dona-tic\\\/#breadcrumb\"},\"inLanguage\":\"es\",\"potentialAction\":[{\"@type\":\"ReadAction\",\"target\":[\"https:\\\/\\\/fundesplai.org\\\/es\\\/informa-t\\\/actualitat-es\\\/chicasintech-de-fundacion-esplai-galardonada-en-los-premios-dona-tic\\\/\"]}]},{\"@type\":\"ImageObject\",\"inLanguage\":\"es\",\"@id\":\"https:\\\/\\\/fundesplai.org\\\/es\\\/informa-t\\\/actualitat-es\\\/chicasintech-de-fundacion-esplai-galardonada-en-los-premios-dona-tic\\\/#primaryimage\",\"url\":\"https:\\\/\\\/fundesplai.org\\\/test-joomla\\\/wp-content\\\/uploads\\\/sites\\\/26\\\/2018\\\/12\\\/Fundacio-Esplai-dona-tic.jpg\",\"contentUrl\":\"https:\\\/\\\/fundesplai.org\\\/test-joomla\\\/wp-content\\\/uploads\\\/sites\\\/26\\\/2018\\\/12\\\/Fundacio-Esplai-dona-tic.jpg\"},{\"@type\":\"BreadcrumbList\",\"@id\":\"https:\\\/\\\/fundesplai.org\\\/es\\\/informa-t\\\/actualitat-es\\\/chicasintech-de-fundacion-esplai-galardonada-en-los-premios-dona-tic\\\/#breadcrumb\",\"itemListElement\":[{\"@type\":\"ListItem\",\"position\":1,\"name\":\"Inici\",\"item\":\"https:\\\/\\\/fundesplai.org\\\/es\\\/inicio\\\/\"},{\"@type\":\"ListItem\",\"position\":2,\"name\":\"Inf\u00f3rmate\",\"item\":\"https:\\\/\\\/fundesplai.org\\\/es\\\/informate\\\/\"},{\"@type\":\"ListItem\",\"position\":3,\"name\":\"Sin categor\u00eda\",\"item\":\"https:\\\/\\\/fundesplai.org\\\/es\\\/informa-t\\\/category\\\/sin-categoria\\\/\"},{\"@type\":\"ListItem\",\"position\":4,\"name\":\"#Chicasintech de Fundaci\u00f3n Esplai, galardonada en los Premios Dona TIC\"}]},{\"@type\":\"WebSite\",\"@id\":\"https:\\\/\\\/fundesplai.org\\\/es\\\/#website\",\"url\":\"https:\\\/\\\/fundesplai.org\\\/es\\\/\",\"name\":\"Fundesplai\",\"description\":\"Eduquem per la conviv\u00e8ncia i la sostenibilitat\",\"potentialAction\":[{\"@type\":\"SearchAction\",\"target\":{\"@type\":\"EntryPoint\",\"urlTemplate\":\"https:\\\/\\\/fundesplai.org\\\/es\\\/?s={search_term_string}\"},\"query-input\":{\"@type\":\"PropertyValueSpecification\",\"valueRequired\":true,\"valueName\":\"search_term_string\"}}],\"inLanguage\":\"es\"},{\"@type\":\"Person\",\"@id\":\"https:\\\/\\\/fundesplai.org\\\/es\\\/#\\\/schema\\\/person\\\/67e7825d8ec54561cc24e36ba6b0f633\",\"name\":\"Ferran\",\"image\":{\"@type\":\"ImageObject\",\"inLanguage\":\"es\",\"@id\":\"https:\\\/\\\/secure.gravatar.com\\\/avatar\\\/a3510350976b58aae6eccd1e36f066b660a69ef63f97fde3cba8205db7db816a?s=96&d=mm&r=g\",\"url\":\"https:\\\/\\\/secure.gravatar.com\\\/avatar\\\/a3510350976b58aae6eccd1e36f066b660a69ef63f97fde3cba8205db7db816a?s=96&d=mm&r=g\",\"contentUrl\":\"https:\\\/\\\/secure.gravatar.com\\\/avatar\\\/a3510350976b58aae6eccd1e36f066b660a69ef63f97fde3cba8205db7db816a?s=96&d=mm&r=g\",\"caption\":\"Ferran\"},\"url\":\"https:\\\/\\\/fundesplai.org\\\/es\\\/informa-t\\\/author\\\/fvidal\\\/\"}]}<\/script>\n<!-- \/ Yoast SEO plugin. -->","yoast_head_json":{"title":"#Chicasintech de Fundaci\u00f3n Esplai, galardonada en los Premios Dona TIC - Fundesplai","robots":{"index":"index","follow":"follow","max-snippet":"max-snippet:-1","max-image-preview":"max-image-preview:large","max-video-preview":"max-video-preview:-1"},"canonical":"https:\/\/fundesplai.org\/es\/informa-t\/actualitat-es\/chicasintech-de-fundacion-esplai-galardonada-en-los-premios-dona-tic\/","og_locale":"es_ES","og_type":"article","og_title":"#Chicasintech de Fundaci\u00f3n Esplai, galardonada en los Premios Dona TIC - Fundesplai","og_description":"La iniciativa #chicasintech de Fundaci\u00f3n Esplai que busca promover las vocaciones tecnol\u00f3gicas entre ni\u00f1as y adolescentes recibi\u00f3 uno de los galardones de los Premios Dona TIC 2018,&nbsp; impulsados \u200b\u200bpor el Departamento de Pol\u00edticas Digitales y Administraci\u00f3n P\u00fablica de la Generalitat de Catalunya.","og_url":"https:\/\/fundesplai.org\/es\/informa-t\/actualitat-es\/chicasintech-de-fundacion-esplai-galardonada-en-los-premios-dona-tic\/","og_site_name":"Fundesplai","article_published_time":"2018-12-21T11:11:57+00:00","og_image":[{"url":"https:\/\/fundesplai.org\/test-joomla\/wp-content\/uploads\/sites\/26\/2018\/12\/Fundacio-Esplai-dona-tic.jpg","type":"","width":"","height":""}],"author":"Ferran","twitter_card":"summary_large_image","twitter_misc":{"Escrito por":"Ferran","Tiempo de lectura":"1 minuto"},"schema":{"@context":"https:\/\/schema.org","@graph":[{"@type":"Article","@id":"https:\/\/fundesplai.org\/es\/informa-t\/actualitat-es\/chicasintech-de-fundacion-esplai-galardonada-en-los-premios-dona-tic\/#article","isPartOf":{"@id":"https:\/\/fundesplai.org\/es\/informa-t\/actualitat-es\/chicasintech-de-fundacion-esplai-galardonada-en-los-premios-dona-tic\/"},"author":{"name":"Ferran","@id":"https:\/\/fundesplai.org\/es\/#\/schema\/person\/67e7825d8ec54561cc24e36ba6b0f633"},"headline":"#Chicasintech de Fundaci\u00f3n Esplai, galardonada en los Premios Dona TIC","datePublished":"2018-12-21T11:11:57+00:00","mainEntityOfPage":{"@id":"https:\/\/fundesplai.org\/es\/informa-t\/actualitat-es\/chicasintech-de-fundacion-esplai-galardonada-en-los-premios-dona-tic\/"},"wordCount":287,"image":{"@id":"https:\/\/fundesplai.org\/es\/informa-t\/actualitat-es\/chicasintech-de-fundacion-esplai-galardonada-en-los-premios-dona-tic\/#primaryimage"},"thumbnailUrl":"https:\/\/fundesplai.org\/test-joomla\/wp-content\/uploads\/sites\/26\/2018\/12\/Fundacio-Esplai-dona-tic.jpg","articleSection":["Actualitat"],"inLanguage":"es"},{"@type":"WebPage","@id":"https:\/\/fundesplai.org\/es\/informa-t\/actualitat-es\/chicasintech-de-fundacion-esplai-galardonada-en-los-premios-dona-tic\/","url":"https:\/\/fundesplai.org\/es\/informa-t\/actualitat-es\/chicasintech-de-fundacion-esplai-galardonada-en-los-premios-dona-tic\/","name":"#Chicasintech de Fundaci\u00f3n Esplai, galardonada en los Premios Dona TIC - Fundesplai","isPartOf":{"@id":"https:\/\/fundesplai.org\/es\/#website"},"primaryImageOfPage":{"@id":"https:\/\/fundesplai.org\/es\/informa-t\/actualitat-es\/chicasintech-de-fundacion-esplai-galardonada-en-los-premios-dona-tic\/#primaryimage"},"image":{"@id":"https:\/\/fundesplai.org\/es\/informa-t\/actualitat-es\/chicasintech-de-fundacion-esplai-galardonada-en-los-premios-dona-tic\/#primaryimage"},"thumbnailUrl":"https:\/\/fundesplai.org\/test-joomla\/wp-content\/uploads\/sites\/26\/2018\/12\/Fundacio-Esplai-dona-tic.jpg","datePublished":"2018-12-21T11:11:57+00:00","author":{"@id":"https:\/\/fundesplai.org\/es\/#\/schema\/person\/67e7825d8ec54561cc24e36ba6b0f633"},"breadcrumb":{"@id":"https:\/\/fundesplai.org\/es\/informa-t\/actualitat-es\/chicasintech-de-fundacion-esplai-galardonada-en-los-premios-dona-tic\/#breadcrumb"},"inLanguage":"es","potentialAction":[{"@type":"ReadAction","target":["https:\/\/fundesplai.org\/es\/informa-t\/actualitat-es\/chicasintech-de-fundacion-esplai-galardonada-en-los-premios-dona-tic\/"]}]},{"@type":"ImageObject","inLanguage":"es","@id":"https:\/\/fundesplai.org\/es\/informa-t\/actualitat-es\/chicasintech-de-fundacion-esplai-galardonada-en-los-premios-dona-tic\/#primaryimage","url":"https:\/\/fundesplai.org\/test-joomla\/wp-content\/uploads\/sites\/26\/2018\/12\/Fundacio-Esplai-dona-tic.jpg","contentUrl":"https:\/\/fundesplai.org\/test-joomla\/wp-content\/uploads\/sites\/26\/2018\/12\/Fundacio-Esplai-dona-tic.jpg"},{"@type":"BreadcrumbList","@id":"https:\/\/fundesplai.org\/es\/informa-t\/actualitat-es\/chicasintech-de-fundacion-esplai-galardonada-en-los-premios-dona-tic\/#breadcrumb","itemListElement":[{"@type":"ListItem","position":1,"name":"Inici","item":"https:\/\/fundesplai.org\/es\/inicio\/"},{"@type":"ListItem","position":2,"name":"Inf\u00f3rmate","item":"https:\/\/fundesplai.org\/es\/informate\/"},{"@type":"ListItem","position":3,"name":"Sin categor\u00eda","item":"https:\/\/fundesplai.org\/es\/informa-t\/category\/sin-categoria\/"},{"@type":"ListItem","position":4,"name":"#Chicasintech de Fundaci\u00f3n Esplai, galardonada en los Premios Dona TIC"}]},{"@type":"WebSite","@id":"https:\/\/fundesplai.org\/es\/#website","url":"https:\/\/fundesplai.org\/es\/","name":"Fundesplai","description":"Eduquem per la conviv\u00e8ncia i la sostenibilitat","potentialAction":[{"@type":"SearchAction","target":{"@type":"EntryPoint","urlTemplate":"https:\/\/fundesplai.org\/es\/?s={search_term_string}"},"query-input":{"@type":"PropertyValueSpecification","valueRequired":true,"valueName":"search_term_string"}}],"inLanguage":"es"},{"@type":"Person","@id":"https:\/\/fundesplai.org\/es\/#\/schema\/person\/67e7825d8ec54561cc24e36ba6b0f633","name":"Ferran","image":{"@type":"ImageObject","inLanguage":"es","@id":"https:\/\/secure.gravatar.com\/avatar\/a3510350976b58aae6eccd1e36f066b660a69ef63f97fde3cba8205db7db816a?s=96&d=mm&r=g","url":"https:\/\/secure.gravatar.com\/avatar\/a3510350976b58aae6eccd1e36f066b660a69ef63f97fde3cba8205db7db816a?s=96&d=mm&r=g","contentUrl":"https:\/\/secure.gravatar.com\/avatar\/a3510350976b58aae6eccd1e36f066b660a69ef63f97fde3cba8205db7db816a?s=96&d=mm&r=g","caption":"Ferran"},"url":"https:\/\/fundesplai.org\/es\/informa-t\/author\/fvidal\/"}]}},"_links":{"self":[{"href":"https:\/\/fundesplai.org\/es\/wp-json\/wp\/v2\/posts\/47890","targetHints":{"allow":["GET"]}}],"collection":[{"href":"https:\/\/fundesplai.org\/es\/wp-json\/wp\/v2\/posts"}],"about":[{"href":"https:\/\/fundesplai.org\/es\/wp-json\/wp\/v2\/types\/post"}],"author":[{"embeddable":true,"href":"https:\/\/fundesplai.org\/es\/wp-json\/wp\/v2\/users\/4"}],"replies":[{"embeddable":true,"href":"https:\/\/fundesplai.org\/es\/wp-json\/wp\/v2\/comments?post=47890"}],"version-history":[{"count":0,"href":"https:\/\/fundesplai.org\/es\/wp-json\/wp\/v2\/posts\/47890\/revisions"}],"wp:attachment":[{"href":"https:\/\/fundesplai.org\/es\/wp-json\/wp\/v2\/media?parent=47890"}],"wp:term":[{"taxonomy":"category","embeddable":true,"href":"https:\/\/fundesplai.org\/es\/wp-json\/wp\/v2\/categories?post=47890"},{"taxonomy":"post_tag","embeddable":true,"href":"https:\/\/fundesplai.org\/es\/wp-json\/wp\/v2\/tags?post=47890"}],"curies":[{"name":"wp","href":"https:\/\/api.w.org\/{rel}","templated":true}]}}