{"id":47889,"date":"2018-12-18T13:16:52","date_gmt":"2018-12-18T12:16:52","guid":{"rendered":"https:\/\/fundesplai.org\/informa-t\/sense-categoria\/empieza-una-nueva-edicion-de-tomamos-partido-por-la-infancia\/"},"modified":"2018-12-18T13:16:52","modified_gmt":"2018-12-18T12:16:52","slug":"empieza-una-nueva-edicion-de-tomamos-partido-por-la-infancia","status":"publish","type":"post","link":"https:\/\/fundesplai.org\/es\/informa-t\/actualitat-es\/empieza-una-nueva-edicion-de-tomamos-partido-por-la-infancia\/","title":{"rendered":"Empieza una nueva edici\u00f3n de Tomamos partido por la infancia"},"content":{"rendered":"<p>El pasado 10 de diciembre celebramos la <strong>3 a &nbsp;Cena Solidaria<\/strong> en el Centro Esplai (El Prat de Llobregat), un acto que sirvi\u00f3 para dar el pistoletazo de salida de una nueva edici\u00f3n de la campa\u00f1a <a href=\"ca\/nosaltres\/et-necessitem\/prenem-partit-per-la-infancia\"><strong>Tomamos partido por la infancia.<\/strong><\/a><\/p>\n<p><!--more--><\/p>\n<p class=\"intro\">El pasado 10 de diciembre celebramos la la <strong>3a &nbsp;Cena Solidaria<\/strong> a en el Centro Esplai (El Prat de Llobregat), un acto que sirvi\u00f3 para dar el pistoletazo de salida de una nueva edici\u00f3n de la campa\u00f1a <a href=\"ca\/nosaltres\/et-necessitem\/prenem-partit-per-la-infancia\"><strong>Tomamos partido por la infancia<\/strong><\/a>donde se lograron recoger cerca de 20.000 euros. Esta cantidad se destinar\u00e1 \u00edntegramente a becas y ayudas para comedor escolar, refuerzo educativo, colonias y casales para ni\u00f1os en situaci\u00f3n de vulnerabilidad.<\/p>\n<table style=\"height: 37px;width: 100%\">\n<tbody>\n<tr>\n<td colspan=\"2\"><img decoding=\"async\" class=\" size-full wp-image-6077\" src=\"https:\/\/fundesplai.org\/test-joomla\/wp-content\/uploads\/sites\/26\/2018\/12\/Prenem1.jpg\" alt=\"Prenem1\" width=\"100%\" height=\"NaN\"><\/td>\n<\/tr>\n<tr>\n<td><img decoding=\"async\" class=\" size-full wp-image-6079\" src=\"https:\/\/fundesplai.org\/test-joomla\/wp-content\/uploads\/sites\/26\/2018\/12\/Prenem2.jpg\" alt=\"Prenem2\" width=\"100%\" height=\"NaN\"><\/td>\n<td><img decoding=\"async\" class=\" size-full wp-image-6080\" src=\"https:\/\/fundesplai.org\/test-joomla\/wp-content\/uploads\/sites\/26\/2018\/12\/Prenem3.jpg\" alt=\"Prenem3\" width=\"100%\" height=\"NaN\"><\/td>\n<\/tr>\n<\/tbody>\n<\/table>\n<p>La campa\u00f1a <strong>Tomamos partido por la infancia<\/strong> busca la movilizaci\u00f3n de administraciones p\u00fablicas, entidades, empresas y particulares para conseguir la igualdad de oportunidades en la infancia. Para ello, esta iniciativa incluye diferentes acciones de sensibilizaci\u00f3n de recogida de fondos para que todas las ni\u00f1as, ni\u00f1os y j\u00f3venes puedan acceder a actividades educativas y de ocio independientemente de su situaci\u00f3n econ\u00f3mica.<\/p>\n<h3>3a Cena Solidaria con Ada Parellada<\/h3>\n<p>La primera acci\u00f3n de la nueva edici\u00f3n de la campa\u00f1a fue la Cena Solidaria, que cont\u00f3 con la colaboraci\u00f3n de la chef Ada Parellada del Restaurante Semproniana.<\/p>\n<p>El acto tuvo lugar el 10 de diciembre en Centre Esplai y cont\u00f3 con la participaci\u00f3n de cerca de 150 comensales, que hicieron un donativo de 100 euros por persona a los que hay que sumar aportaciones individuales. En la primera parte, tuvimos diferentes testigos que aportaron su visi\u00f3n sobre la situaci\u00f3n de la infancia, que se complement\u00f3 con una actuaci\u00f3n de alumnos de danza del Institut Escola Art\u00edstic Oriol Martorell (Barcelona). Posteriormente, se realiz\u00f3 la cena donde la chef Ada Parellada se inspir\u00f3 en los men\u00fas de las colonias.<\/p>\n<h3>&nbsp;Necesitamos el apoyo de todos<\/h3>\n<p>Para continuar con esta campa\u00f1a, \u00a1necesitamos la colaboraci\u00f3n de todos!<\/p>\n<p>Por eso tenemos abierta la captaci\u00f3n de fondos&nbsp; con la que pedimos que todo el mundo que quiera hacerse voluntario, hacer una aportaci\u00f3n puntual o hacerse socio, que lo haga entrando a&nbsp;<strong><a href=\"http:\/\/www.fundesplai.org\/dona\">www.fundesplai.org\/dona<\/a> &nbsp;<\/strong>o llamando al&nbsp;<strong>93 551 17 71<\/strong><\/p>\n","protected":false},"excerpt":{"rendered":"<p>El pasado 10 de diciembre celebramos la 3 a &nbsp;Cena Solidaria en el Centro Esplai (El Prat de Llobregat), un acto que sirvi\u00f3 para dar el pistoletazo de salida de una nueva edici\u00f3n de la campa\u00f1a Tomamos partido por la infancia.<\/p>\n","protected":false},"author":9,"featured_media":0,"comment_status":"closed","ping_status":"closed","sticky":false,"template":"","format":"standard","meta":{"_et_pb_use_builder":"","_et_pb_old_content":"","_et_gb_content_width":"","footnotes":""},"categories":[937],"tags":[],"class_list":["post-47889","post","type-post","status-publish","format-standard","hentry","category-actualitat-es"],"yoast_head":"<!-- This site is optimized with the Yoast SEO plugin v27.4 - https:\/\/yoast.com\/product\/yoast-seo-wordpress\/ -->\n<title>Empieza una nueva edici\u00f3n de Tomamos partido por la infancia - Fundesplai<\/title>\n<meta name=\"robots\" content=\"index, follow, max-snippet:-1, max-image-preview:large, max-video-preview:-1\" \/>\n<link rel=\"canonical\" href=\"https:\/\/fundesplai.org\/es\/informa-t\/actualitat-es\/empieza-una-nueva-edicion-de-tomamos-partido-por-la-infancia\/\" \/>\n<meta property=\"og:locale\" content=\"es_ES\" \/>\n<meta property=\"og:type\" content=\"article\" \/>\n<meta property=\"og:title\" content=\"Empieza una nueva edici\u00f3n de Tomamos partido por la infancia - Fundesplai\" \/>\n<meta property=\"og:description\" content=\"El pasado 10 de diciembre celebramos la 3 a &nbsp;Cena Solidaria en el Centro Esplai (El Prat de Llobregat), un acto que sirvi\u00f3 para dar el pistoletazo de salida de una nueva edici\u00f3n de la campa\u00f1a Tomamos partido por la infancia.\" \/>\n<meta property=\"og:url\" content=\"https:\/\/fundesplai.org\/es\/informa-t\/actualitat-es\/empieza-una-nueva-edicion-de-tomamos-partido-por-la-infancia\/\" \/>\n<meta property=\"og:site_name\" content=\"Fundesplai\" \/>\n<meta property=\"article:published_time\" content=\"2018-12-18T12:16:52+00:00\" \/>\n<meta property=\"og:image\" content=\"https:\/\/fundesplai.org\/test-joomla\/wp-content\/uploads\/sites\/26\/2018\/12\/Prenem1.jpg\" \/>\n<meta name=\"author\" content=\"Alfons Valle\" \/>\n<meta name=\"twitter:card\" content=\"summary_large_image\" \/>\n<meta name=\"twitter:label1\" content=\"Escrito por\" \/>\n\t<meta name=\"twitter:data1\" content=\"Alfons Valle\" \/>\n\t<meta name=\"twitter:label2\" content=\"Tiempo de lectura\" \/>\n\t<meta name=\"twitter:data2\" content=\"2 minutos\" \/>\n<script type=\"application\/ld+json\" class=\"yoast-schema-graph\">{\"@context\":\"https:\\\/\\\/schema.org\",\"@graph\":[{\"@type\":\"Article\",\"@id\":\"https:\\\/\\\/fundesplai.org\\\/es\\\/informa-t\\\/actualitat-es\\\/empieza-una-nueva-edicion-de-tomamos-partido-por-la-infancia\\\/#article\",\"isPartOf\":{\"@id\":\"https:\\\/\\\/fundesplai.org\\\/es\\\/informa-t\\\/actualitat-es\\\/empieza-una-nueva-edicion-de-tomamos-partido-por-la-infancia\\\/\"},\"author\":{\"name\":\"Alfons Valle\",\"@id\":\"https:\\\/\\\/fundesplai.org\\\/es\\\/#\\\/schema\\\/person\\\/c0e9e7466bb8ac06f5264324a6109733\"},\"headline\":\"Empieza una nueva edici\u00f3n de Tomamos partido por la infancia\",\"datePublished\":\"2018-12-18T12:16:52+00:00\",\"mainEntityOfPage\":{\"@id\":\"https:\\\/\\\/fundesplai.org\\\/es\\\/informa-t\\\/actualitat-es\\\/empieza-una-nueva-edicion-de-tomamos-partido-por-la-infancia\\\/\"},\"wordCount\":391,\"image\":{\"@id\":\"https:\\\/\\\/fundesplai.org\\\/es\\\/informa-t\\\/actualitat-es\\\/empieza-una-nueva-edicion-de-tomamos-partido-por-la-infancia\\\/#primaryimage\"},\"thumbnailUrl\":\"https:\\\/\\\/fundesplai.org\\\/test-joomla\\\/wp-content\\\/uploads\\\/sites\\\/26\\\/2018\\\/12\\\/Prenem1.jpg\",\"articleSection\":[\"Actualitat\"],\"inLanguage\":\"es\"},{\"@type\":\"WebPage\",\"@id\":\"https:\\\/\\\/fundesplai.org\\\/es\\\/informa-t\\\/actualitat-es\\\/empieza-una-nueva-edicion-de-tomamos-partido-por-la-infancia\\\/\",\"url\":\"https:\\\/\\\/fundesplai.org\\\/es\\\/informa-t\\\/actualitat-es\\\/empieza-una-nueva-edicion-de-tomamos-partido-por-la-infancia\\\/\",\"name\":\"Empieza una nueva edici\u00f3n de Tomamos partido por la infancia - Fundesplai\",\"isPartOf\":{\"@id\":\"https:\\\/\\\/fundesplai.org\\\/es\\\/#website\"},\"primaryImageOfPage\":{\"@id\":\"https:\\\/\\\/fundesplai.org\\\/es\\\/informa-t\\\/actualitat-es\\\/empieza-una-nueva-edicion-de-tomamos-partido-por-la-infancia\\\/#primaryimage\"},\"image\":{\"@id\":\"https:\\\/\\\/fundesplai.org\\\/es\\\/informa-t\\\/actualitat-es\\\/empieza-una-nueva-edicion-de-tomamos-partido-por-la-infancia\\\/#primaryimage\"},\"thumbnailUrl\":\"https:\\\/\\\/fundesplai.org\\\/test-joomla\\\/wp-content\\\/uploads\\\/sites\\\/26\\\/2018\\\/12\\\/Prenem1.jpg\",\"datePublished\":\"2018-12-18T12:16:52+00:00\",\"author\":{\"@id\":\"https:\\\/\\\/fundesplai.org\\\/es\\\/#\\\/schema\\\/person\\\/c0e9e7466bb8ac06f5264324a6109733\"},\"breadcrumb\":{\"@id\":\"https:\\\/\\\/fundesplai.org\\\/es\\\/informa-t\\\/actualitat-es\\\/empieza-una-nueva-edicion-de-tomamos-partido-por-la-infancia\\\/#breadcrumb\"},\"inLanguage\":\"es\",\"potentialAction\":[{\"@type\":\"ReadAction\",\"target\":[\"https:\\\/\\\/fundesplai.org\\\/es\\\/informa-t\\\/actualitat-es\\\/empieza-una-nueva-edicion-de-tomamos-partido-por-la-infancia\\\/\"]}]},{\"@type\":\"ImageObject\",\"inLanguage\":\"es\",\"@id\":\"https:\\\/\\\/fundesplai.org\\\/es\\\/informa-t\\\/actualitat-es\\\/empieza-una-nueva-edicion-de-tomamos-partido-por-la-infancia\\\/#primaryimage\",\"url\":\"https:\\\/\\\/fundesplai.org\\\/test-joomla\\\/wp-content\\\/uploads\\\/sites\\\/26\\\/2018\\\/12\\\/Prenem1.jpg\",\"contentUrl\":\"https:\\\/\\\/fundesplai.org\\\/test-joomla\\\/wp-content\\\/uploads\\\/sites\\\/26\\\/2018\\\/12\\\/Prenem1.jpg\"},{\"@type\":\"BreadcrumbList\",\"@id\":\"https:\\\/\\\/fundesplai.org\\\/es\\\/informa-t\\\/actualitat-es\\\/empieza-una-nueva-edicion-de-tomamos-partido-por-la-infancia\\\/#breadcrumb\",\"itemListElement\":[{\"@type\":\"ListItem\",\"position\":1,\"name\":\"Inici\",\"item\":\"https:\\\/\\\/fundesplai.org\\\/es\\\/inicio\\\/\"},{\"@type\":\"ListItem\",\"position\":2,\"name\":\"Inf\u00f3rmate\",\"item\":\"https:\\\/\\\/fundesplai.org\\\/es\\\/informate\\\/\"},{\"@type\":\"ListItem\",\"position\":3,\"name\":\"Sin categor\u00eda\",\"item\":\"https:\\\/\\\/fundesplai.org\\\/es\\\/informa-t\\\/category\\\/sin-categoria\\\/\"},{\"@type\":\"ListItem\",\"position\":4,\"name\":\"Empieza una nueva edici\u00f3n de Tomamos partido por la infancia\"}]},{\"@type\":\"WebSite\",\"@id\":\"https:\\\/\\\/fundesplai.org\\\/es\\\/#website\",\"url\":\"https:\\\/\\\/fundesplai.org\\\/es\\\/\",\"name\":\"Fundesplai\",\"description\":\"Eduquem per la conviv\u00e8ncia i la sostenibilitat\",\"potentialAction\":[{\"@type\":\"SearchAction\",\"target\":{\"@type\":\"EntryPoint\",\"urlTemplate\":\"https:\\\/\\\/fundesplai.org\\\/es\\\/?s={search_term_string}\"},\"query-input\":{\"@type\":\"PropertyValueSpecification\",\"valueRequired\":true,\"valueName\":\"search_term_string\"}}],\"inLanguage\":\"es\"},{\"@type\":\"Person\",\"@id\":\"https:\\\/\\\/fundesplai.org\\\/es\\\/#\\\/schema\\\/person\\\/c0e9e7466bb8ac06f5264324a6109733\",\"name\":\"Alfons Valle\",\"image\":{\"@type\":\"ImageObject\",\"inLanguage\":\"es\",\"@id\":\"https:\\\/\\\/secure.gravatar.com\\\/avatar\\\/71d95a3f99a068ba570ac1314ed6911a59c5ae3f22ffcf23631cd1a861a640bc?s=96&d=mm&r=g\",\"url\":\"https:\\\/\\\/secure.gravatar.com\\\/avatar\\\/71d95a3f99a068ba570ac1314ed6911a59c5ae3f22ffcf23631cd1a861a640bc?s=96&d=mm&r=g\",\"contentUrl\":\"https:\\\/\\\/secure.gravatar.com\\\/avatar\\\/71d95a3f99a068ba570ac1314ed6911a59c5ae3f22ffcf23631cd1a861a640bc?s=96&d=mm&r=g\",\"caption\":\"Alfons Valle\"},\"url\":\"https:\\\/\\\/fundesplai.org\\\/es\\\/informa-t\\\/author\\\/avalle\\\/\"}]}<\/script>\n<!-- \/ Yoast SEO plugin. -->","yoast_head_json":{"title":"Empieza una nueva edici\u00f3n de Tomamos partido por la infancia - Fundesplai","robots":{"index":"index","follow":"follow","max-snippet":"max-snippet:-1","max-image-preview":"max-image-preview:large","max-video-preview":"max-video-preview:-1"},"canonical":"https:\/\/fundesplai.org\/es\/informa-t\/actualitat-es\/empieza-una-nueva-edicion-de-tomamos-partido-por-la-infancia\/","og_locale":"es_ES","og_type":"article","og_title":"Empieza una nueva edici\u00f3n de Tomamos partido por la infancia - Fundesplai","og_description":"El pasado 10 de diciembre celebramos la 3 a &nbsp;Cena Solidaria en el Centro Esplai (El Prat de Llobregat), un acto que sirvi\u00f3 para dar el pistoletazo de salida de una nueva edici\u00f3n de la campa\u00f1a Tomamos partido por la infancia.","og_url":"https:\/\/fundesplai.org\/es\/informa-t\/actualitat-es\/empieza-una-nueva-edicion-de-tomamos-partido-por-la-infancia\/","og_site_name":"Fundesplai","article_published_time":"2018-12-18T12:16:52+00:00","og_image":[{"url":"https:\/\/fundesplai.org\/test-joomla\/wp-content\/uploads\/sites\/26\/2018\/12\/Prenem1.jpg","type":"","width":"","height":""}],"author":"Alfons Valle","twitter_card":"summary_large_image","twitter_misc":{"Escrito por":"Alfons Valle","Tiempo de lectura":"2 minutos"},"schema":{"@context":"https:\/\/schema.org","@graph":[{"@type":"Article","@id":"https:\/\/fundesplai.org\/es\/informa-t\/actualitat-es\/empieza-una-nueva-edicion-de-tomamos-partido-por-la-infancia\/#article","isPartOf":{"@id":"https:\/\/fundesplai.org\/es\/informa-t\/actualitat-es\/empieza-una-nueva-edicion-de-tomamos-partido-por-la-infancia\/"},"author":{"name":"Alfons Valle","@id":"https:\/\/fundesplai.org\/es\/#\/schema\/person\/c0e9e7466bb8ac06f5264324a6109733"},"headline":"Empieza una nueva edici\u00f3n de Tomamos partido por la infancia","datePublished":"2018-12-18T12:16:52+00:00","mainEntityOfPage":{"@id":"https:\/\/fundesplai.org\/es\/informa-t\/actualitat-es\/empieza-una-nueva-edicion-de-tomamos-partido-por-la-infancia\/"},"wordCount":391,"image":{"@id":"https:\/\/fundesplai.org\/es\/informa-t\/actualitat-es\/empieza-una-nueva-edicion-de-tomamos-partido-por-la-infancia\/#primaryimage"},"thumbnailUrl":"https:\/\/fundesplai.org\/test-joomla\/wp-content\/uploads\/sites\/26\/2018\/12\/Prenem1.jpg","articleSection":["Actualitat"],"inLanguage":"es"},{"@type":"WebPage","@id":"https:\/\/fundesplai.org\/es\/informa-t\/actualitat-es\/empieza-una-nueva-edicion-de-tomamos-partido-por-la-infancia\/","url":"https:\/\/fundesplai.org\/es\/informa-t\/actualitat-es\/empieza-una-nueva-edicion-de-tomamos-partido-por-la-infancia\/","name":"Empieza una nueva edici\u00f3n de Tomamos partido por la infancia - Fundesplai","isPartOf":{"@id":"https:\/\/fundesplai.org\/es\/#website"},"primaryImageOfPage":{"@id":"https:\/\/fundesplai.org\/es\/informa-t\/actualitat-es\/empieza-una-nueva-edicion-de-tomamos-partido-por-la-infancia\/#primaryimage"},"image":{"@id":"https:\/\/fundesplai.org\/es\/informa-t\/actualitat-es\/empieza-una-nueva-edicion-de-tomamos-partido-por-la-infancia\/#primaryimage"},"thumbnailUrl":"https:\/\/fundesplai.org\/test-joomla\/wp-content\/uploads\/sites\/26\/2018\/12\/Prenem1.jpg","datePublished":"2018-12-18T12:16:52+00:00","author":{"@id":"https:\/\/fundesplai.org\/es\/#\/schema\/person\/c0e9e7466bb8ac06f5264324a6109733"},"breadcrumb":{"@id":"https:\/\/fundesplai.org\/es\/informa-t\/actualitat-es\/empieza-una-nueva-edicion-de-tomamos-partido-por-la-infancia\/#breadcrumb"},"inLanguage":"es","potentialAction":[{"@type":"ReadAction","target":["https:\/\/fundesplai.org\/es\/informa-t\/actualitat-es\/empieza-una-nueva-edicion-de-tomamos-partido-por-la-infancia\/"]}]},{"@type":"ImageObject","inLanguage":"es","@id":"https:\/\/fundesplai.org\/es\/informa-t\/actualitat-es\/empieza-una-nueva-edicion-de-tomamos-partido-por-la-infancia\/#primaryimage","url":"https:\/\/fundesplai.org\/test-joomla\/wp-content\/uploads\/sites\/26\/2018\/12\/Prenem1.jpg","contentUrl":"https:\/\/fundesplai.org\/test-joomla\/wp-content\/uploads\/sites\/26\/2018\/12\/Prenem1.jpg"},{"@type":"BreadcrumbList","@id":"https:\/\/fundesplai.org\/es\/informa-t\/actualitat-es\/empieza-una-nueva-edicion-de-tomamos-partido-por-la-infancia\/#breadcrumb","itemListElement":[{"@type":"ListItem","position":1,"name":"Inici","item":"https:\/\/fundesplai.org\/es\/inicio\/"},{"@type":"ListItem","position":2,"name":"Inf\u00f3rmate","item":"https:\/\/fundesplai.org\/es\/informate\/"},{"@type":"ListItem","position":3,"name":"Sin categor\u00eda","item":"https:\/\/fundesplai.org\/es\/informa-t\/category\/sin-categoria\/"},{"@type":"ListItem","position":4,"name":"Empieza una nueva edici\u00f3n de Tomamos partido por la infancia"}]},{"@type":"WebSite","@id":"https:\/\/fundesplai.org\/es\/#website","url":"https:\/\/fundesplai.org\/es\/","name":"Fundesplai","description":"Eduquem per la conviv\u00e8ncia i la sostenibilitat","potentialAction":[{"@type":"SearchAction","target":{"@type":"EntryPoint","urlTemplate":"https:\/\/fundesplai.org\/es\/?s={search_term_string}"},"query-input":{"@type":"PropertyValueSpecification","valueRequired":true,"valueName":"search_term_string"}}],"inLanguage":"es"},{"@type":"Person","@id":"https:\/\/fundesplai.org\/es\/#\/schema\/person\/c0e9e7466bb8ac06f5264324a6109733","name":"Alfons Valle","image":{"@type":"ImageObject","inLanguage":"es","@id":"https:\/\/secure.gravatar.com\/avatar\/71d95a3f99a068ba570ac1314ed6911a59c5ae3f22ffcf23631cd1a861a640bc?s=96&d=mm&r=g","url":"https:\/\/secure.gravatar.com\/avatar\/71d95a3f99a068ba570ac1314ed6911a59c5ae3f22ffcf23631cd1a861a640bc?s=96&d=mm&r=g","contentUrl":"https:\/\/secure.gravatar.com\/avatar\/71d95a3f99a068ba570ac1314ed6911a59c5ae3f22ffcf23631cd1a861a640bc?s=96&d=mm&r=g","caption":"Alfons Valle"},"url":"https:\/\/fundesplai.org\/es\/informa-t\/author\/avalle\/"}]}},"_links":{"self":[{"href":"https:\/\/fundesplai.org\/es\/wp-json\/wp\/v2\/posts\/47889","targetHints":{"allow":["GET"]}}],"collection":[{"href":"https:\/\/fundesplai.org\/es\/wp-json\/wp\/v2\/posts"}],"about":[{"href":"https:\/\/fundesplai.org\/es\/wp-json\/wp\/v2\/types\/post"}],"author":[{"embeddable":true,"href":"https:\/\/fundesplai.org\/es\/wp-json\/wp\/v2\/users\/9"}],"replies":[{"embeddable":true,"href":"https:\/\/fundesplai.org\/es\/wp-json\/wp\/v2\/comments?post=47889"}],"version-history":[{"count":0,"href":"https:\/\/fundesplai.org\/es\/wp-json\/wp\/v2\/posts\/47889\/revisions"}],"wp:attachment":[{"href":"https:\/\/fundesplai.org\/es\/wp-json\/wp\/v2\/media?parent=47889"}],"wp:term":[{"taxonomy":"category","embeddable":true,"href":"https:\/\/fundesplai.org\/es\/wp-json\/wp\/v2\/categories?post=47889"},{"taxonomy":"post_tag","embeddable":true,"href":"https:\/\/fundesplai.org\/es\/wp-json\/wp\/v2\/tags?post=47889"}],"curies":[{"name":"wp","href":"https:\/\/api.w.org\/{rel}","templated":true}]}}