{"id":47885,"date":"2018-11-26T14:00:59","date_gmt":"2018-11-26T13:00:59","guid":{"rendered":"https:\/\/fundesplai.org\/informa-t\/sense-categoria\/miles-de-ninos-reivindican-el-derecho-a-la-diversidad-en-el-20n\/"},"modified":"2018-11-26T14:00:59","modified_gmt":"2018-11-26T13:00:59","slug":"miles-de-ninos-reivindican-el-derecho-a-la-diversidad-en-el-20n","status":"publish","type":"post","link":"https:\/\/fundesplai.org\/es\/informa-t\/actualitat-es\/miles-de-ninos-reivindican-el-derecho-a-la-diversidad-en-el-20n\/","title":{"rendered":"Miles de ni\u00f1os reivindican el derecho a la diversidad en el 20N"},"content":{"rendered":"<p>El pasado martes 20 de noviembre de 2018 se celebr\u00f3 el D\u00eda Universal de los Derechos del Ni\u00f1o. &nbsp;Para conmemorar esta fecha, Fundesplai y la Federaci\u00f3n Catalana del Esplai impulsaron la camapa\u00f1a por el #DretalLleure en la que participaron miles de ni\u00f1os y j\u00f3venes.<\/p>\n<p><!--more--><\/p>\n<p class=\"intro\">El pasado martes 20 de noviembre de 2018 se celebr\u00f3 el D\u00eda Universal de los Derechos del Ni\u00f1o. &nbsp;Para conmemorar esta fecha, Fundesplai y la Federaci\u00f3n Catalana del Esplai impulsaron la camapa\u00f1a por el #DretalLleure en la que participaron miles de ni\u00f1os y j\u00f3venes.<\/p>\n<table style=\"height: 47px;width: 100%\">\n<tbody>\n<tr>\n<td colspan=\"2\"><img decoding=\"async\" class=\" size-full wp-image-6011\" src=\"https:\/\/fundesplai.org\/test-joomla\/wp-content\/uploads\/sites\/26\/2018\/11\/drets-raconet.jpg\" alt=\"drets raconet\" width=\"100%\" height=\"NaN\"><\/td>\n<\/tr>\n<tr>\n<td><img decoding=\"async\" class=\" size-full wp-image-6013\" src=\"https:\/\/fundesplai.org\/test-joomla\/wp-content\/uploads\/sites\/26\/2018\/11\/Dia-Drets-Infants-escola-Amat_Verdu3-1.jpg\" alt=\"Dia Drets Infants escola Amat Verdu3 1\" width=\"100%\" height=\"NaN\"><\/td>\n<td><img decoding=\"async\" class=\" size-full wp-image-6014\" src=\"https:\/\/fundesplai.org\/test-joomla\/wp-content\/uploads\/sites\/26\/2018\/11\/Dia-Drets-Infants-escola-Jacint-Verdaguer-def.jpg\" alt=\"Dia Drets Infants escola Jacint Verdaguer def\" width=\"100%\" height=\"NaN\"><\/td>\n<\/tr>\n<tr>\n<td><img decoding=\"async\" class=\" size-full wp-image-6017\" src=\"https:\/\/fundesplai.org\/test-joomla\/wp-content\/uploads\/sites\/26\/2018\/11\/drets-pubilla-def.jpg\" alt=\"drets pubilla def\" width=\"100%\" height=\"NaN\"><\/td>\n<td><img decoding=\"async\" class=\" size-full wp-image-6018\" src=\"https:\/\/fundesplai.org\/test-joomla\/wp-content\/uploads\/sites\/26\/2018\/11\/drets-Fundesplai-def.jpg\" alt=\"drets Fundesplai def\" width=\"100%\" height=\"NaN\"><\/td>\n<\/tr>\n<\/tbody>\n<\/table>\n<p><strong>Este 2018, nos alentamos por la diversidad<\/strong><\/p>\n<p>Escuelas donde Fundesplai y esplais de la Federaci\u00f3n realizaron diferentes acciones colectivas tanto el mismo 20N como los d\u00edas previos y posteriores para reivindicar el derecho a la diversidad afectiva y sexual, dentro del marco de <strong><a href=\"http:\/\/projectes.fundesplai.org\/dretallleure\/\">\u00abEncoratja&#8217;t\u00bb<\/a><\/strong>, la propuesta educativa por la igualdad de g\u00e9nero y la violencia cero que empez\u00f3 el curso 2017-18 y contin\u00faa este 2018-19.<\/p>\n<p>Una de las acciones colectivas que m\u00e1s hicieron ni\u00f1os y j\u00f3venes fue la de pintar bancos con los colores de la bandera LGTBI, que quiere convertirse en un s\u00edmbolo de respeto y un punto donde ni\u00f1as y ni\u00f1os puedan encontrar un espacio permanente de di\u00e1logo y reflexi\u00f3n en torno a este tema.<\/p>\n<p><strong>Actividades en escuelas y esplais<\/strong><\/p>\n<p><span style=\"background-color: transparent\">En las escuelas donde gestionamos el Tiempo del Mediod\u00eda, los equipos trabajaron actividades l\u00fadicas durante los cinco d\u00edas anteriores al d\u00eda 20N con el objetivo de&nbsp;<\/span>dar a conocer la propuesta EnCORatja\u2019t e incidir y reivindicar el Derecho a la no discriminaci\u00f3n &nbsp;y el Derecho a educarse hacia una cultura de paz<span style=\"background-color: transparent\">. Se realizaron cuentos, talleres y din\u00e1micas previas que en muchos casos culminaron con la mencionada acci\u00f3n de pintar un banco de la escuela con los colores LGTBI.<\/span><\/p>\n<p><span style=\"background-color: transparent\">En los esplais tambi\u00e9n se realizaron actividades con los ni\u00f1os y j\u00f3venes en<\/span><span style=\"background-color: transparent\">la calle &nbsp;el mismo 20 de noviembre o en los d\u00edas pr\u00f3ximos a esa fecha. En algunos casos, la<\/span>acci\u00f3n consisti\u00f3 en pedir la &nbsp;colaboraci\u00f3n a los ayuntamientos para cortar alguna calle de la ciudad y &nbsp;realizar juegos con los ni\u00f1os, las familias y la comunidad. Juegos para &nbsp;sensibilizar sobre el derecho a la&nbsp;<strong>diferencia<\/strong>. Asimismo, durante el acto<strong>, tambi\u00e9n se pintaron algunos espacios del mobiliario p\u00fablico&nbsp;<\/strong>(preferiblemente un banco) con la&nbsp;<strong>bandera LGTBI<\/strong>, s\u00edmbolo que representa a nuestra reivindicaci\u00f3n en un d\u00eda tan especial. Muchos de los actos terminaron con la lectura de un&nbsp;<strong><a href=\"http:\/\/projectes.fundesplai.org\/dretallleure\/wp-content\/uploads\/sites\/17\/2018\/11\/Manifest-20N.pdf\">manifiesto colectivo.<\/a><\/strong><\/p>\n<p>Finalmente, trabajadoras y trabajadores de Fundesplai tambi\u00e9n realizamos una acci\u00f3n reivindicativa en nuestra sede de Centre Esplai (El Prat de Llobregat). Tambi\u00e9n se pint\u00f3 un banco y nos tomamos una foto colectiva en apoyo de las acciones del 20N.<\/p>\n","protected":false},"excerpt":{"rendered":"<p>El pasado martes 20 de noviembre de 2018 se celebr\u00f3 el D\u00eda Universal de los Derechos del Ni\u00f1o. &nbsp;Para conmemorar esta fecha, Fundesplai y la Federaci\u00f3n Catalana del Esplai impulsaron la camapa\u00f1a por el #DretalLleure en la que participaron miles de ni\u00f1os y j\u00f3venes.<\/p>\n","protected":false},"author":9,"featured_media":0,"comment_status":"closed","ping_status":"closed","sticky":false,"template":"","format":"standard","meta":{"_et_pb_use_builder":"","_et_pb_old_content":"","_et_gb_content_width":"","footnotes":""},"categories":[937],"tags":[],"class_list":["post-47885","post","type-post","status-publish","format-standard","hentry","category-actualitat-es"],"yoast_head":"<!-- This site is optimized with the Yoast SEO plugin v27.4 - https:\/\/yoast.com\/product\/yoast-seo-wordpress\/ -->\n<title>Miles de ni\u00f1os reivindican el derecho a la diversidad en el 20N - Fundesplai<\/title>\n<meta name=\"robots\" content=\"index, follow, max-snippet:-1, max-image-preview:large, max-video-preview:-1\" \/>\n<link rel=\"canonical\" href=\"https:\/\/fundesplai.org\/es\/informa-t\/actualitat-es\/miles-de-ninos-reivindican-el-derecho-a-la-diversidad-en-el-20n\/\" \/>\n<meta property=\"og:locale\" content=\"es_ES\" \/>\n<meta property=\"og:type\" content=\"article\" \/>\n<meta property=\"og:title\" content=\"Miles de ni\u00f1os reivindican el derecho a la diversidad en el 20N - Fundesplai\" \/>\n<meta property=\"og:description\" content=\"El pasado martes 20 de noviembre de 2018 se celebr\u00f3 el D\u00eda Universal de los Derechos del Ni\u00f1o. &nbsp;Para conmemorar esta fecha, Fundesplai y la Federaci\u00f3n Catalana del Esplai impulsaron la camapa\u00f1a por el #DretalLleure en la que participaron miles de ni\u00f1os y j\u00f3venes.\" \/>\n<meta property=\"og:url\" content=\"https:\/\/fundesplai.org\/es\/informa-t\/actualitat-es\/miles-de-ninos-reivindican-el-derecho-a-la-diversidad-en-el-20n\/\" \/>\n<meta property=\"og:site_name\" content=\"Fundesplai\" \/>\n<meta property=\"article:published_time\" content=\"2018-11-26T13:00:59+00:00\" \/>\n<meta property=\"og:image\" content=\"https:\/\/fundesplai.org\/test-joomla\/wp-content\/uploads\/sites\/26\/2018\/11\/drets-raconet.jpg\" \/>\n<meta name=\"author\" content=\"Alfons Valle\" \/>\n<meta name=\"twitter:card\" content=\"summary_large_image\" \/>\n<meta name=\"twitter:label1\" content=\"Escrito por\" \/>\n\t<meta name=\"twitter:data1\" content=\"Alfons Valle\" \/>\n\t<meta name=\"twitter:label2\" content=\"Tiempo de lectura\" \/>\n\t<meta name=\"twitter:data2\" content=\"2 minutos\" \/>\n<script type=\"application\/ld+json\" class=\"yoast-schema-graph\">{\"@context\":\"https:\\\/\\\/schema.org\",\"@graph\":[{\"@type\":\"Article\",\"@id\":\"https:\\\/\\\/fundesplai.org\\\/es\\\/informa-t\\\/actualitat-es\\\/miles-de-ninos-reivindican-el-derecho-a-la-diversidad-en-el-20n\\\/#article\",\"isPartOf\":{\"@id\":\"https:\\\/\\\/fundesplai.org\\\/es\\\/informa-t\\\/actualitat-es\\\/miles-de-ninos-reivindican-el-derecho-a-la-diversidad-en-el-20n\\\/\"},\"author\":{\"name\":\"Alfons Valle\",\"@id\":\"https:\\\/\\\/fundesplai.org\\\/es\\\/#\\\/schema\\\/person\\\/c0e9e7466bb8ac06f5264324a6109733\"},\"headline\":\"Miles de ni\u00f1os reivindican el derecho a la diversidad en el 20N\",\"datePublished\":\"2018-11-26T13:00:59+00:00\",\"mainEntityOfPage\":{\"@id\":\"https:\\\/\\\/fundesplai.org\\\/es\\\/informa-t\\\/actualitat-es\\\/miles-de-ninos-reivindican-el-derecho-a-la-diversidad-en-el-20n\\\/\"},\"wordCount\":505,\"image\":{\"@id\":\"https:\\\/\\\/fundesplai.org\\\/es\\\/informa-t\\\/actualitat-es\\\/miles-de-ninos-reivindican-el-derecho-a-la-diversidad-en-el-20n\\\/#primaryimage\"},\"thumbnailUrl\":\"https:\\\/\\\/fundesplai.org\\\/test-joomla\\\/wp-content\\\/uploads\\\/sites\\\/26\\\/2018\\\/11\\\/drets-raconet.jpg\",\"articleSection\":[\"Actualitat\"],\"inLanguage\":\"es\"},{\"@type\":\"WebPage\",\"@id\":\"https:\\\/\\\/fundesplai.org\\\/es\\\/informa-t\\\/actualitat-es\\\/miles-de-ninos-reivindican-el-derecho-a-la-diversidad-en-el-20n\\\/\",\"url\":\"https:\\\/\\\/fundesplai.org\\\/es\\\/informa-t\\\/actualitat-es\\\/miles-de-ninos-reivindican-el-derecho-a-la-diversidad-en-el-20n\\\/\",\"name\":\"Miles de ni\u00f1os reivindican el derecho a la diversidad en el 20N - Fundesplai\",\"isPartOf\":{\"@id\":\"https:\\\/\\\/fundesplai.org\\\/es\\\/#website\"},\"primaryImageOfPage\":{\"@id\":\"https:\\\/\\\/fundesplai.org\\\/es\\\/informa-t\\\/actualitat-es\\\/miles-de-ninos-reivindican-el-derecho-a-la-diversidad-en-el-20n\\\/#primaryimage\"},\"image\":{\"@id\":\"https:\\\/\\\/fundesplai.org\\\/es\\\/informa-t\\\/actualitat-es\\\/miles-de-ninos-reivindican-el-derecho-a-la-diversidad-en-el-20n\\\/#primaryimage\"},\"thumbnailUrl\":\"https:\\\/\\\/fundesplai.org\\\/test-joomla\\\/wp-content\\\/uploads\\\/sites\\\/26\\\/2018\\\/11\\\/drets-raconet.jpg\",\"datePublished\":\"2018-11-26T13:00:59+00:00\",\"author\":{\"@id\":\"https:\\\/\\\/fundesplai.org\\\/es\\\/#\\\/schema\\\/person\\\/c0e9e7466bb8ac06f5264324a6109733\"},\"breadcrumb\":{\"@id\":\"https:\\\/\\\/fundesplai.org\\\/es\\\/informa-t\\\/actualitat-es\\\/miles-de-ninos-reivindican-el-derecho-a-la-diversidad-en-el-20n\\\/#breadcrumb\"},\"inLanguage\":\"es\",\"potentialAction\":[{\"@type\":\"ReadAction\",\"target\":[\"https:\\\/\\\/fundesplai.org\\\/es\\\/informa-t\\\/actualitat-es\\\/miles-de-ninos-reivindican-el-derecho-a-la-diversidad-en-el-20n\\\/\"]}]},{\"@type\":\"ImageObject\",\"inLanguage\":\"es\",\"@id\":\"https:\\\/\\\/fundesplai.org\\\/es\\\/informa-t\\\/actualitat-es\\\/miles-de-ninos-reivindican-el-derecho-a-la-diversidad-en-el-20n\\\/#primaryimage\",\"url\":\"https:\\\/\\\/fundesplai.org\\\/test-joomla\\\/wp-content\\\/uploads\\\/sites\\\/26\\\/2018\\\/11\\\/drets-raconet.jpg\",\"contentUrl\":\"https:\\\/\\\/fundesplai.org\\\/test-joomla\\\/wp-content\\\/uploads\\\/sites\\\/26\\\/2018\\\/11\\\/drets-raconet.jpg\"},{\"@type\":\"BreadcrumbList\",\"@id\":\"https:\\\/\\\/fundesplai.org\\\/es\\\/informa-t\\\/actualitat-es\\\/miles-de-ninos-reivindican-el-derecho-a-la-diversidad-en-el-20n\\\/#breadcrumb\",\"itemListElement\":[{\"@type\":\"ListItem\",\"position\":1,\"name\":\"Inici\",\"item\":\"https:\\\/\\\/fundesplai.org\\\/es\\\/inicio\\\/\"},{\"@type\":\"ListItem\",\"position\":2,\"name\":\"Inf\u00f3rmate\",\"item\":\"https:\\\/\\\/fundesplai.org\\\/es\\\/informate\\\/\"},{\"@type\":\"ListItem\",\"position\":3,\"name\":\"Sin categor\u00eda\",\"item\":\"https:\\\/\\\/fundesplai.org\\\/es\\\/informa-t\\\/category\\\/sin-categoria\\\/\"},{\"@type\":\"ListItem\",\"position\":4,\"name\":\"Miles de ni\u00f1os reivindican el derecho a la diversidad en el 20N\"}]},{\"@type\":\"WebSite\",\"@id\":\"https:\\\/\\\/fundesplai.org\\\/es\\\/#website\",\"url\":\"https:\\\/\\\/fundesplai.org\\\/es\\\/\",\"name\":\"Fundesplai\",\"description\":\"Eduquem per la conviv\u00e8ncia i la sostenibilitat\",\"potentialAction\":[{\"@type\":\"SearchAction\",\"target\":{\"@type\":\"EntryPoint\",\"urlTemplate\":\"https:\\\/\\\/fundesplai.org\\\/es\\\/?s={search_term_string}\"},\"query-input\":{\"@type\":\"PropertyValueSpecification\",\"valueRequired\":true,\"valueName\":\"search_term_string\"}}],\"inLanguage\":\"es\"},{\"@type\":\"Person\",\"@id\":\"https:\\\/\\\/fundesplai.org\\\/es\\\/#\\\/schema\\\/person\\\/c0e9e7466bb8ac06f5264324a6109733\",\"name\":\"Alfons Valle\",\"image\":{\"@type\":\"ImageObject\",\"inLanguage\":\"es\",\"@id\":\"https:\\\/\\\/secure.gravatar.com\\\/avatar\\\/71d95a3f99a068ba570ac1314ed6911a59c5ae3f22ffcf23631cd1a861a640bc?s=96&d=mm&r=g\",\"url\":\"https:\\\/\\\/secure.gravatar.com\\\/avatar\\\/71d95a3f99a068ba570ac1314ed6911a59c5ae3f22ffcf23631cd1a861a640bc?s=96&d=mm&r=g\",\"contentUrl\":\"https:\\\/\\\/secure.gravatar.com\\\/avatar\\\/71d95a3f99a068ba570ac1314ed6911a59c5ae3f22ffcf23631cd1a861a640bc?s=96&d=mm&r=g\",\"caption\":\"Alfons Valle\"},\"url\":\"https:\\\/\\\/fundesplai.org\\\/es\\\/informa-t\\\/author\\\/avalle\\\/\"}]}<\/script>\n<!-- \/ Yoast SEO plugin. -->","yoast_head_json":{"title":"Miles de ni\u00f1os reivindican el derecho a la diversidad en el 20N - Fundesplai","robots":{"index":"index","follow":"follow","max-snippet":"max-snippet:-1","max-image-preview":"max-image-preview:large","max-video-preview":"max-video-preview:-1"},"canonical":"https:\/\/fundesplai.org\/es\/informa-t\/actualitat-es\/miles-de-ninos-reivindican-el-derecho-a-la-diversidad-en-el-20n\/","og_locale":"es_ES","og_type":"article","og_title":"Miles de ni\u00f1os reivindican el derecho a la diversidad en el 20N - Fundesplai","og_description":"El pasado martes 20 de noviembre de 2018 se celebr\u00f3 el D\u00eda Universal de los Derechos del Ni\u00f1o. &nbsp;Para conmemorar esta fecha, Fundesplai y la Federaci\u00f3n Catalana del Esplai impulsaron la camapa\u00f1a por el #DretalLleure en la que participaron miles de ni\u00f1os y j\u00f3venes.","og_url":"https:\/\/fundesplai.org\/es\/informa-t\/actualitat-es\/miles-de-ninos-reivindican-el-derecho-a-la-diversidad-en-el-20n\/","og_site_name":"Fundesplai","article_published_time":"2018-11-26T13:00:59+00:00","og_image":[{"url":"https:\/\/fundesplai.org\/test-joomla\/wp-content\/uploads\/sites\/26\/2018\/11\/drets-raconet.jpg","type":"","width":"","height":""}],"author":"Alfons Valle","twitter_card":"summary_large_image","twitter_misc":{"Escrito por":"Alfons Valle","Tiempo de lectura":"2 minutos"},"schema":{"@context":"https:\/\/schema.org","@graph":[{"@type":"Article","@id":"https:\/\/fundesplai.org\/es\/informa-t\/actualitat-es\/miles-de-ninos-reivindican-el-derecho-a-la-diversidad-en-el-20n\/#article","isPartOf":{"@id":"https:\/\/fundesplai.org\/es\/informa-t\/actualitat-es\/miles-de-ninos-reivindican-el-derecho-a-la-diversidad-en-el-20n\/"},"author":{"name":"Alfons Valle","@id":"https:\/\/fundesplai.org\/es\/#\/schema\/person\/c0e9e7466bb8ac06f5264324a6109733"},"headline":"Miles de ni\u00f1os reivindican el derecho a la diversidad en el 20N","datePublished":"2018-11-26T13:00:59+00:00","mainEntityOfPage":{"@id":"https:\/\/fundesplai.org\/es\/informa-t\/actualitat-es\/miles-de-ninos-reivindican-el-derecho-a-la-diversidad-en-el-20n\/"},"wordCount":505,"image":{"@id":"https:\/\/fundesplai.org\/es\/informa-t\/actualitat-es\/miles-de-ninos-reivindican-el-derecho-a-la-diversidad-en-el-20n\/#primaryimage"},"thumbnailUrl":"https:\/\/fundesplai.org\/test-joomla\/wp-content\/uploads\/sites\/26\/2018\/11\/drets-raconet.jpg","articleSection":["Actualitat"],"inLanguage":"es"},{"@type":"WebPage","@id":"https:\/\/fundesplai.org\/es\/informa-t\/actualitat-es\/miles-de-ninos-reivindican-el-derecho-a-la-diversidad-en-el-20n\/","url":"https:\/\/fundesplai.org\/es\/informa-t\/actualitat-es\/miles-de-ninos-reivindican-el-derecho-a-la-diversidad-en-el-20n\/","name":"Miles de ni\u00f1os reivindican el derecho a la diversidad en el 20N - Fundesplai","isPartOf":{"@id":"https:\/\/fundesplai.org\/es\/#website"},"primaryImageOfPage":{"@id":"https:\/\/fundesplai.org\/es\/informa-t\/actualitat-es\/miles-de-ninos-reivindican-el-derecho-a-la-diversidad-en-el-20n\/#primaryimage"},"image":{"@id":"https:\/\/fundesplai.org\/es\/informa-t\/actualitat-es\/miles-de-ninos-reivindican-el-derecho-a-la-diversidad-en-el-20n\/#primaryimage"},"thumbnailUrl":"https:\/\/fundesplai.org\/test-joomla\/wp-content\/uploads\/sites\/26\/2018\/11\/drets-raconet.jpg","datePublished":"2018-11-26T13:00:59+00:00","author":{"@id":"https:\/\/fundesplai.org\/es\/#\/schema\/person\/c0e9e7466bb8ac06f5264324a6109733"},"breadcrumb":{"@id":"https:\/\/fundesplai.org\/es\/informa-t\/actualitat-es\/miles-de-ninos-reivindican-el-derecho-a-la-diversidad-en-el-20n\/#breadcrumb"},"inLanguage":"es","potentialAction":[{"@type":"ReadAction","target":["https:\/\/fundesplai.org\/es\/informa-t\/actualitat-es\/miles-de-ninos-reivindican-el-derecho-a-la-diversidad-en-el-20n\/"]}]},{"@type":"ImageObject","inLanguage":"es","@id":"https:\/\/fundesplai.org\/es\/informa-t\/actualitat-es\/miles-de-ninos-reivindican-el-derecho-a-la-diversidad-en-el-20n\/#primaryimage","url":"https:\/\/fundesplai.org\/test-joomla\/wp-content\/uploads\/sites\/26\/2018\/11\/drets-raconet.jpg","contentUrl":"https:\/\/fundesplai.org\/test-joomla\/wp-content\/uploads\/sites\/26\/2018\/11\/drets-raconet.jpg"},{"@type":"BreadcrumbList","@id":"https:\/\/fundesplai.org\/es\/informa-t\/actualitat-es\/miles-de-ninos-reivindican-el-derecho-a-la-diversidad-en-el-20n\/#breadcrumb","itemListElement":[{"@type":"ListItem","position":1,"name":"Inici","item":"https:\/\/fundesplai.org\/es\/inicio\/"},{"@type":"ListItem","position":2,"name":"Inf\u00f3rmate","item":"https:\/\/fundesplai.org\/es\/informate\/"},{"@type":"ListItem","position":3,"name":"Sin categor\u00eda","item":"https:\/\/fundesplai.org\/es\/informa-t\/category\/sin-categoria\/"},{"@type":"ListItem","position":4,"name":"Miles de ni\u00f1os reivindican el derecho a la diversidad en el 20N"}]},{"@type":"WebSite","@id":"https:\/\/fundesplai.org\/es\/#website","url":"https:\/\/fundesplai.org\/es\/","name":"Fundesplai","description":"Eduquem per la conviv\u00e8ncia i la sostenibilitat","potentialAction":[{"@type":"SearchAction","target":{"@type":"EntryPoint","urlTemplate":"https:\/\/fundesplai.org\/es\/?s={search_term_string}"},"query-input":{"@type":"PropertyValueSpecification","valueRequired":true,"valueName":"search_term_string"}}],"inLanguage":"es"},{"@type":"Person","@id":"https:\/\/fundesplai.org\/es\/#\/schema\/person\/c0e9e7466bb8ac06f5264324a6109733","name":"Alfons Valle","image":{"@type":"ImageObject","inLanguage":"es","@id":"https:\/\/secure.gravatar.com\/avatar\/71d95a3f99a068ba570ac1314ed6911a59c5ae3f22ffcf23631cd1a861a640bc?s=96&d=mm&r=g","url":"https:\/\/secure.gravatar.com\/avatar\/71d95a3f99a068ba570ac1314ed6911a59c5ae3f22ffcf23631cd1a861a640bc?s=96&d=mm&r=g","contentUrl":"https:\/\/secure.gravatar.com\/avatar\/71d95a3f99a068ba570ac1314ed6911a59c5ae3f22ffcf23631cd1a861a640bc?s=96&d=mm&r=g","caption":"Alfons Valle"},"url":"https:\/\/fundesplai.org\/es\/informa-t\/author\/avalle\/"}]}},"_links":{"self":[{"href":"https:\/\/fundesplai.org\/es\/wp-json\/wp\/v2\/posts\/47885","targetHints":{"allow":["GET"]}}],"collection":[{"href":"https:\/\/fundesplai.org\/es\/wp-json\/wp\/v2\/posts"}],"about":[{"href":"https:\/\/fundesplai.org\/es\/wp-json\/wp\/v2\/types\/post"}],"author":[{"embeddable":true,"href":"https:\/\/fundesplai.org\/es\/wp-json\/wp\/v2\/users\/9"}],"replies":[{"embeddable":true,"href":"https:\/\/fundesplai.org\/es\/wp-json\/wp\/v2\/comments?post=47885"}],"version-history":[{"count":0,"href":"https:\/\/fundesplai.org\/es\/wp-json\/wp\/v2\/posts\/47885\/revisions"}],"wp:attachment":[{"href":"https:\/\/fundesplai.org\/es\/wp-json\/wp\/v2\/media?parent=47885"}],"wp:term":[{"taxonomy":"category","embeddable":true,"href":"https:\/\/fundesplai.org\/es\/wp-json\/wp\/v2\/categories?post=47885"},{"taxonomy":"post_tag","embeddable":true,"href":"https:\/\/fundesplai.org\/es\/wp-json\/wp\/v2\/tags?post=47885"}],"curies":[{"name":"wp","href":"https:\/\/api.w.org\/{rel}","templated":true}]}}