{"id":47883,"date":"2018-11-26T12:10:11","date_gmt":"2018-11-26T11:10:11","guid":{"rendered":"https:\/\/fundesplai.org\/informa-t\/sense-categoria\/cerca-de-300-personas-de-los-equipos-del-mediodia-se-formaron-en-centre-esplai\/"},"modified":"2018-11-26T12:10:11","modified_gmt":"2018-11-26T11:10:11","slug":"cerca-de-300-personas-de-los-equipos-del-mediodia-se-formaron-en-centre-esplai","status":"publish","type":"post","link":"https:\/\/fundesplai.org\/es\/informa-t\/actualitat-es\/cerca-de-300-personas-de-los-equipos-del-mediodia-se-formaron-en-centre-esplai\/","title":{"rendered":"Cerca de 300 personas de los equipos del mediod\u00eda se formaron en Centre Esplai"},"content":{"rendered":"<p>Cerca de 300 personas de los equipos del mediod\u00eda de 52 escuelas donde Fundesplai est\u00e1 presente participaron en el encuentro formativo que organiz\u00f3 la entidad el s\u00e1bado 24 de noviembre en CENTRE ESPLAI (El Prat de Llobregat).<\/p>\n<p><!--more--><\/p>\n<p class=\"intro\">Cerca de 300 personas de los equipos del mediod\u00eda de 52 escuelas donde Fundesplai est\u00e1 presente participaron en el encuentro formativo que organiz\u00f3 la entidad el s\u00e1bado 24 de noviembre en CENTRE ESPLAI (El Prat de Llobregat).<\/p>\n<table style=\"height: 38px;width: 100%\">\n<tbody>\n<tr>\n<td colspan=\"2\"><img decoding=\"async\" class=\" size-full wp-image-5986\" src=\"https:\/\/fundesplai.org\/test-joomla\/wp-content\/uploads\/sites\/26\/2018\/11\/trobada-migdia.jpg\" alt=\"trobada migdia\" width=\"100%\" height=\"NaN\"><\/td>\n<\/tr>\n<tr>\n<td><img decoding=\"async\" class=\" size-full wp-image-5993\" src=\"https:\/\/fundesplai.org\/test-joomla\/wp-content\/uploads\/sites\/26\/2018\/11\/DswV8LtXgAAzb9T.jpg\" alt=\"DswV8LtXgAAzb9T\" width=\"100%\" height=\"NaN\"><\/td>\n<td><img decoding=\"async\" class=\" size-full wp-image-5995\" src=\"https:\/\/fundesplai.org\/test-joomla\/wp-content\/uploads\/sites\/26\/2018\/11\/DswV8LqXcAENBNK.jpg\" alt=\"DswV8LqXcAENBNK\" width=\"100%\" height=\"NaN\"><\/td>\n<\/tr>\n<\/tbody>\n<\/table>\n<p>La jornada gir\u00f3 en torno a las novedades del segundo a\u00f1o de <strong><a href=\"http:\/\/projectes.fundesplai.org\/encoratjat\/segon-any-encoratjat\/\">\u00abEncoratja&#8217;t\u00bb<\/a><\/strong>, la propuesta educativa por la igualdad de g\u00e9nero y la violencia cero: la prevenci\u00f3n del acoso, educar por el respeto a la diversidad afectiva y sexual y la promoci\u00f3n de modelos de masculinidad alternativos alejados de los estereotipos machistas.<\/p>\n<p><strong>La importancia de la formaci\u00f3n continua<\/strong><\/p>\n<p>Cristina Rodr\u00edguez, Directora General de Gesti\u00f3n y Servicios de Fundesplai, record\u00f3 la importancia de la formaci\u00f3n continua en la intervenci\u00f3n inicial, que estuvo precedida de una din\u00e1mica l\u00fadica con la \u00abCarlota\u00bb, uno de los personajes que sirve para trabajar la propuesta educativa<\/p>\n<p>Posteriormente, monitores\/as, coordinadores\/as y cocineros\/as se dividieron por grupos para poder participar en nueve talleres: resoluci\u00f3n de conflictos (infantil y primaria), LGTBI en el tiempo del mediod\u00eda, coeducaci\u00f3n, primeros auxilios, inclusi\u00f3n en el tiempo del mediod\u00eda , recursos para d\u00edas de lluvia, participaci\u00f3n y autonom\u00eda y la maleta pedag\u00f3gica. Despu\u00e9s de los talleres hubo una comida popular.<\/p>\n","protected":false},"excerpt":{"rendered":"<p>Cerca de 300 personas de los equipos del mediod\u00eda de 52 escuelas donde Fundesplai est\u00e1 presente participaron en el encuentro formativo que organiz\u00f3 la entidad el s\u00e1bado 24 de noviembre en CENTRE ESPLAI (El Prat de Llobregat).<\/p>\n","protected":false},"author":9,"featured_media":0,"comment_status":"closed","ping_status":"closed","sticky":false,"template":"","format":"standard","meta":{"_et_pb_use_builder":"","_et_pb_old_content":"","_et_gb_content_width":"","footnotes":""},"categories":[937],"tags":[],"class_list":["post-47883","post","type-post","status-publish","format-standard","hentry","category-actualitat-es"],"yoast_head":"<!-- This site is optimized with the Yoast SEO plugin v27.4 - https:\/\/yoast.com\/product\/yoast-seo-wordpress\/ -->\n<title>Cerca de 300 personas de los equipos del mediod\u00eda se formaron en Centre Esplai - Fundesplai<\/title>\n<meta name=\"robots\" content=\"index, follow, max-snippet:-1, max-image-preview:large, max-video-preview:-1\" \/>\n<link rel=\"canonical\" href=\"https:\/\/fundesplai.org\/es\/informa-t\/actualitat-es\/cerca-de-300-personas-de-los-equipos-del-mediodia-se-formaron-en-centre-esplai\/\" \/>\n<meta property=\"og:locale\" content=\"es_ES\" \/>\n<meta property=\"og:type\" content=\"article\" \/>\n<meta property=\"og:title\" content=\"Cerca de 300 personas de los equipos del mediod\u00eda se formaron en Centre Esplai - Fundesplai\" \/>\n<meta property=\"og:description\" content=\"Cerca de 300 personas de los equipos del mediod\u00eda de 52 escuelas donde Fundesplai est\u00e1 presente participaron en el encuentro formativo que organiz\u00f3 la entidad el s\u00e1bado 24 de noviembre en CENTRE ESPLAI (El Prat de Llobregat).\" \/>\n<meta property=\"og:url\" content=\"https:\/\/fundesplai.org\/es\/informa-t\/actualitat-es\/cerca-de-300-personas-de-los-equipos-del-mediodia-se-formaron-en-centre-esplai\/\" \/>\n<meta property=\"og:site_name\" content=\"Fundesplai\" \/>\n<meta property=\"article:published_time\" content=\"2018-11-26T11:10:11+00:00\" \/>\n<meta property=\"og:image\" content=\"https:\/\/fundesplai.org\/test-joomla\/wp-content\/uploads\/sites\/26\/2018\/11\/trobada-migdia.jpg\" \/>\n<meta name=\"author\" content=\"Alfons Valle\" \/>\n<meta name=\"twitter:card\" content=\"summary_large_image\" \/>\n<meta name=\"twitter:label1\" content=\"Escrito por\" \/>\n\t<meta name=\"twitter:data1\" content=\"Alfons Valle\" \/>\n\t<meta name=\"twitter:label2\" content=\"Tiempo de lectura\" \/>\n\t<meta name=\"twitter:data2\" content=\"1 minuto\" \/>\n<script type=\"application\/ld+json\" class=\"yoast-schema-graph\">{\"@context\":\"https:\\\/\\\/schema.org\",\"@graph\":[{\"@type\":\"Article\",\"@id\":\"https:\\\/\\\/fundesplai.org\\\/es\\\/informa-t\\\/actualitat-es\\\/cerca-de-300-personas-de-los-equipos-del-mediodia-se-formaron-en-centre-esplai\\\/#article\",\"isPartOf\":{\"@id\":\"https:\\\/\\\/fundesplai.org\\\/es\\\/informa-t\\\/actualitat-es\\\/cerca-de-300-personas-de-los-equipos-del-mediodia-se-formaron-en-centre-esplai\\\/\"},\"author\":{\"name\":\"Alfons Valle\",\"@id\":\"https:\\\/\\\/fundesplai.org\\\/es\\\/#\\\/schema\\\/person\\\/c0e9e7466bb8ac06f5264324a6109733\"},\"headline\":\"Cerca de 300 personas de los equipos del mediod\u00eda se formaron en Centre Esplai\",\"datePublished\":\"2018-11-26T11:10:11+00:00\",\"mainEntityOfPage\":{\"@id\":\"https:\\\/\\\/fundesplai.org\\\/es\\\/informa-t\\\/actualitat-es\\\/cerca-de-300-personas-de-los-equipos-del-mediodia-se-formaron-en-centre-esplai\\\/\"},\"wordCount\":267,\"image\":{\"@id\":\"https:\\\/\\\/fundesplai.org\\\/es\\\/informa-t\\\/actualitat-es\\\/cerca-de-300-personas-de-los-equipos-del-mediodia-se-formaron-en-centre-esplai\\\/#primaryimage\"},\"thumbnailUrl\":\"https:\\\/\\\/fundesplai.org\\\/test-joomla\\\/wp-content\\\/uploads\\\/sites\\\/26\\\/2018\\\/11\\\/trobada-migdia.jpg\",\"articleSection\":[\"Actualitat\"],\"inLanguage\":\"es\"},{\"@type\":\"WebPage\",\"@id\":\"https:\\\/\\\/fundesplai.org\\\/es\\\/informa-t\\\/actualitat-es\\\/cerca-de-300-personas-de-los-equipos-del-mediodia-se-formaron-en-centre-esplai\\\/\",\"url\":\"https:\\\/\\\/fundesplai.org\\\/es\\\/informa-t\\\/actualitat-es\\\/cerca-de-300-personas-de-los-equipos-del-mediodia-se-formaron-en-centre-esplai\\\/\",\"name\":\"Cerca de 300 personas de los equipos del mediod\u00eda se formaron en Centre Esplai - Fundesplai\",\"isPartOf\":{\"@id\":\"https:\\\/\\\/fundesplai.org\\\/es\\\/#website\"},\"primaryImageOfPage\":{\"@id\":\"https:\\\/\\\/fundesplai.org\\\/es\\\/informa-t\\\/actualitat-es\\\/cerca-de-300-personas-de-los-equipos-del-mediodia-se-formaron-en-centre-esplai\\\/#primaryimage\"},\"image\":{\"@id\":\"https:\\\/\\\/fundesplai.org\\\/es\\\/informa-t\\\/actualitat-es\\\/cerca-de-300-personas-de-los-equipos-del-mediodia-se-formaron-en-centre-esplai\\\/#primaryimage\"},\"thumbnailUrl\":\"https:\\\/\\\/fundesplai.org\\\/test-joomla\\\/wp-content\\\/uploads\\\/sites\\\/26\\\/2018\\\/11\\\/trobada-migdia.jpg\",\"datePublished\":\"2018-11-26T11:10:11+00:00\",\"author\":{\"@id\":\"https:\\\/\\\/fundesplai.org\\\/es\\\/#\\\/schema\\\/person\\\/c0e9e7466bb8ac06f5264324a6109733\"},\"breadcrumb\":{\"@id\":\"https:\\\/\\\/fundesplai.org\\\/es\\\/informa-t\\\/actualitat-es\\\/cerca-de-300-personas-de-los-equipos-del-mediodia-se-formaron-en-centre-esplai\\\/#breadcrumb\"},\"inLanguage\":\"es\",\"potentialAction\":[{\"@type\":\"ReadAction\",\"target\":[\"https:\\\/\\\/fundesplai.org\\\/es\\\/informa-t\\\/actualitat-es\\\/cerca-de-300-personas-de-los-equipos-del-mediodia-se-formaron-en-centre-esplai\\\/\"]}]},{\"@type\":\"ImageObject\",\"inLanguage\":\"es\",\"@id\":\"https:\\\/\\\/fundesplai.org\\\/es\\\/informa-t\\\/actualitat-es\\\/cerca-de-300-personas-de-los-equipos-del-mediodia-se-formaron-en-centre-esplai\\\/#primaryimage\",\"url\":\"https:\\\/\\\/fundesplai.org\\\/test-joomla\\\/wp-content\\\/uploads\\\/sites\\\/26\\\/2018\\\/11\\\/trobada-migdia.jpg\",\"contentUrl\":\"https:\\\/\\\/fundesplai.org\\\/test-joomla\\\/wp-content\\\/uploads\\\/sites\\\/26\\\/2018\\\/11\\\/trobada-migdia.jpg\"},{\"@type\":\"BreadcrumbList\",\"@id\":\"https:\\\/\\\/fundesplai.org\\\/es\\\/informa-t\\\/actualitat-es\\\/cerca-de-300-personas-de-los-equipos-del-mediodia-se-formaron-en-centre-esplai\\\/#breadcrumb\",\"itemListElement\":[{\"@type\":\"ListItem\",\"position\":1,\"name\":\"Inici\",\"item\":\"https:\\\/\\\/fundesplai.org\\\/es\\\/inicio\\\/\"},{\"@type\":\"ListItem\",\"position\":2,\"name\":\"Inf\u00f3rmate\",\"item\":\"https:\\\/\\\/fundesplai.org\\\/es\\\/informate\\\/\"},{\"@type\":\"ListItem\",\"position\":3,\"name\":\"Sin categor\u00eda\",\"item\":\"https:\\\/\\\/fundesplai.org\\\/es\\\/informa-t\\\/category\\\/sin-categoria\\\/\"},{\"@type\":\"ListItem\",\"position\":4,\"name\":\"Cerca de 300 personas de los equipos del mediod\u00eda se formaron en Centre Esplai\"}]},{\"@type\":\"WebSite\",\"@id\":\"https:\\\/\\\/fundesplai.org\\\/es\\\/#website\",\"url\":\"https:\\\/\\\/fundesplai.org\\\/es\\\/\",\"name\":\"Fundesplai\",\"description\":\"Eduquem per la conviv\u00e8ncia i la sostenibilitat\",\"potentialAction\":[{\"@type\":\"SearchAction\",\"target\":{\"@type\":\"EntryPoint\",\"urlTemplate\":\"https:\\\/\\\/fundesplai.org\\\/es\\\/?s={search_term_string}\"},\"query-input\":{\"@type\":\"PropertyValueSpecification\",\"valueRequired\":true,\"valueName\":\"search_term_string\"}}],\"inLanguage\":\"es\"},{\"@type\":\"Person\",\"@id\":\"https:\\\/\\\/fundesplai.org\\\/es\\\/#\\\/schema\\\/person\\\/c0e9e7466bb8ac06f5264324a6109733\",\"name\":\"Alfons Valle\",\"image\":{\"@type\":\"ImageObject\",\"inLanguage\":\"es\",\"@id\":\"https:\\\/\\\/secure.gravatar.com\\\/avatar\\\/71d95a3f99a068ba570ac1314ed6911a59c5ae3f22ffcf23631cd1a861a640bc?s=96&d=mm&r=g\",\"url\":\"https:\\\/\\\/secure.gravatar.com\\\/avatar\\\/71d95a3f99a068ba570ac1314ed6911a59c5ae3f22ffcf23631cd1a861a640bc?s=96&d=mm&r=g\",\"contentUrl\":\"https:\\\/\\\/secure.gravatar.com\\\/avatar\\\/71d95a3f99a068ba570ac1314ed6911a59c5ae3f22ffcf23631cd1a861a640bc?s=96&d=mm&r=g\",\"caption\":\"Alfons Valle\"},\"url\":\"https:\\\/\\\/fundesplai.org\\\/es\\\/informa-t\\\/author\\\/avalle\\\/\"}]}<\/script>\n<!-- \/ Yoast SEO plugin. -->","yoast_head_json":{"title":"Cerca de 300 personas de los equipos del mediod\u00eda se formaron en Centre Esplai - Fundesplai","robots":{"index":"index","follow":"follow","max-snippet":"max-snippet:-1","max-image-preview":"max-image-preview:large","max-video-preview":"max-video-preview:-1"},"canonical":"https:\/\/fundesplai.org\/es\/informa-t\/actualitat-es\/cerca-de-300-personas-de-los-equipos-del-mediodia-se-formaron-en-centre-esplai\/","og_locale":"es_ES","og_type":"article","og_title":"Cerca de 300 personas de los equipos del mediod\u00eda se formaron en Centre Esplai - Fundesplai","og_description":"Cerca de 300 personas de los equipos del mediod\u00eda de 52 escuelas donde Fundesplai est\u00e1 presente participaron en el encuentro formativo que organiz\u00f3 la entidad el s\u00e1bado 24 de noviembre en CENTRE ESPLAI (El Prat de Llobregat).","og_url":"https:\/\/fundesplai.org\/es\/informa-t\/actualitat-es\/cerca-de-300-personas-de-los-equipos-del-mediodia-se-formaron-en-centre-esplai\/","og_site_name":"Fundesplai","article_published_time":"2018-11-26T11:10:11+00:00","og_image":[{"url":"https:\/\/fundesplai.org\/test-joomla\/wp-content\/uploads\/sites\/26\/2018\/11\/trobada-migdia.jpg","type":"","width":"","height":""}],"author":"Alfons Valle","twitter_card":"summary_large_image","twitter_misc":{"Escrito por":"Alfons Valle","Tiempo de lectura":"1 minuto"},"schema":{"@context":"https:\/\/schema.org","@graph":[{"@type":"Article","@id":"https:\/\/fundesplai.org\/es\/informa-t\/actualitat-es\/cerca-de-300-personas-de-los-equipos-del-mediodia-se-formaron-en-centre-esplai\/#article","isPartOf":{"@id":"https:\/\/fundesplai.org\/es\/informa-t\/actualitat-es\/cerca-de-300-personas-de-los-equipos-del-mediodia-se-formaron-en-centre-esplai\/"},"author":{"name":"Alfons Valle","@id":"https:\/\/fundesplai.org\/es\/#\/schema\/person\/c0e9e7466bb8ac06f5264324a6109733"},"headline":"Cerca de 300 personas de los equipos del mediod\u00eda se formaron en Centre Esplai","datePublished":"2018-11-26T11:10:11+00:00","mainEntityOfPage":{"@id":"https:\/\/fundesplai.org\/es\/informa-t\/actualitat-es\/cerca-de-300-personas-de-los-equipos-del-mediodia-se-formaron-en-centre-esplai\/"},"wordCount":267,"image":{"@id":"https:\/\/fundesplai.org\/es\/informa-t\/actualitat-es\/cerca-de-300-personas-de-los-equipos-del-mediodia-se-formaron-en-centre-esplai\/#primaryimage"},"thumbnailUrl":"https:\/\/fundesplai.org\/test-joomla\/wp-content\/uploads\/sites\/26\/2018\/11\/trobada-migdia.jpg","articleSection":["Actualitat"],"inLanguage":"es"},{"@type":"WebPage","@id":"https:\/\/fundesplai.org\/es\/informa-t\/actualitat-es\/cerca-de-300-personas-de-los-equipos-del-mediodia-se-formaron-en-centre-esplai\/","url":"https:\/\/fundesplai.org\/es\/informa-t\/actualitat-es\/cerca-de-300-personas-de-los-equipos-del-mediodia-se-formaron-en-centre-esplai\/","name":"Cerca de 300 personas de los equipos del mediod\u00eda se formaron en Centre Esplai - Fundesplai","isPartOf":{"@id":"https:\/\/fundesplai.org\/es\/#website"},"primaryImageOfPage":{"@id":"https:\/\/fundesplai.org\/es\/informa-t\/actualitat-es\/cerca-de-300-personas-de-los-equipos-del-mediodia-se-formaron-en-centre-esplai\/#primaryimage"},"image":{"@id":"https:\/\/fundesplai.org\/es\/informa-t\/actualitat-es\/cerca-de-300-personas-de-los-equipos-del-mediodia-se-formaron-en-centre-esplai\/#primaryimage"},"thumbnailUrl":"https:\/\/fundesplai.org\/test-joomla\/wp-content\/uploads\/sites\/26\/2018\/11\/trobada-migdia.jpg","datePublished":"2018-11-26T11:10:11+00:00","author":{"@id":"https:\/\/fundesplai.org\/es\/#\/schema\/person\/c0e9e7466bb8ac06f5264324a6109733"},"breadcrumb":{"@id":"https:\/\/fundesplai.org\/es\/informa-t\/actualitat-es\/cerca-de-300-personas-de-los-equipos-del-mediodia-se-formaron-en-centre-esplai\/#breadcrumb"},"inLanguage":"es","potentialAction":[{"@type":"ReadAction","target":["https:\/\/fundesplai.org\/es\/informa-t\/actualitat-es\/cerca-de-300-personas-de-los-equipos-del-mediodia-se-formaron-en-centre-esplai\/"]}]},{"@type":"ImageObject","inLanguage":"es","@id":"https:\/\/fundesplai.org\/es\/informa-t\/actualitat-es\/cerca-de-300-personas-de-los-equipos-del-mediodia-se-formaron-en-centre-esplai\/#primaryimage","url":"https:\/\/fundesplai.org\/test-joomla\/wp-content\/uploads\/sites\/26\/2018\/11\/trobada-migdia.jpg","contentUrl":"https:\/\/fundesplai.org\/test-joomla\/wp-content\/uploads\/sites\/26\/2018\/11\/trobada-migdia.jpg"},{"@type":"BreadcrumbList","@id":"https:\/\/fundesplai.org\/es\/informa-t\/actualitat-es\/cerca-de-300-personas-de-los-equipos-del-mediodia-se-formaron-en-centre-esplai\/#breadcrumb","itemListElement":[{"@type":"ListItem","position":1,"name":"Inici","item":"https:\/\/fundesplai.org\/es\/inicio\/"},{"@type":"ListItem","position":2,"name":"Inf\u00f3rmate","item":"https:\/\/fundesplai.org\/es\/informate\/"},{"@type":"ListItem","position":3,"name":"Sin categor\u00eda","item":"https:\/\/fundesplai.org\/es\/informa-t\/category\/sin-categoria\/"},{"@type":"ListItem","position":4,"name":"Cerca de 300 personas de los equipos del mediod\u00eda se formaron en Centre Esplai"}]},{"@type":"WebSite","@id":"https:\/\/fundesplai.org\/es\/#website","url":"https:\/\/fundesplai.org\/es\/","name":"Fundesplai","description":"Eduquem per la conviv\u00e8ncia i la sostenibilitat","potentialAction":[{"@type":"SearchAction","target":{"@type":"EntryPoint","urlTemplate":"https:\/\/fundesplai.org\/es\/?s={search_term_string}"},"query-input":{"@type":"PropertyValueSpecification","valueRequired":true,"valueName":"search_term_string"}}],"inLanguage":"es"},{"@type":"Person","@id":"https:\/\/fundesplai.org\/es\/#\/schema\/person\/c0e9e7466bb8ac06f5264324a6109733","name":"Alfons Valle","image":{"@type":"ImageObject","inLanguage":"es","@id":"https:\/\/secure.gravatar.com\/avatar\/71d95a3f99a068ba570ac1314ed6911a59c5ae3f22ffcf23631cd1a861a640bc?s=96&d=mm&r=g","url":"https:\/\/secure.gravatar.com\/avatar\/71d95a3f99a068ba570ac1314ed6911a59c5ae3f22ffcf23631cd1a861a640bc?s=96&d=mm&r=g","contentUrl":"https:\/\/secure.gravatar.com\/avatar\/71d95a3f99a068ba570ac1314ed6911a59c5ae3f22ffcf23631cd1a861a640bc?s=96&d=mm&r=g","caption":"Alfons Valle"},"url":"https:\/\/fundesplai.org\/es\/informa-t\/author\/avalle\/"}]}},"_links":{"self":[{"href":"https:\/\/fundesplai.org\/es\/wp-json\/wp\/v2\/posts\/47883","targetHints":{"allow":["GET"]}}],"collection":[{"href":"https:\/\/fundesplai.org\/es\/wp-json\/wp\/v2\/posts"}],"about":[{"href":"https:\/\/fundesplai.org\/es\/wp-json\/wp\/v2\/types\/post"}],"author":[{"embeddable":true,"href":"https:\/\/fundesplai.org\/es\/wp-json\/wp\/v2\/users\/9"}],"replies":[{"embeddable":true,"href":"https:\/\/fundesplai.org\/es\/wp-json\/wp\/v2\/comments?post=47883"}],"version-history":[{"count":0,"href":"https:\/\/fundesplai.org\/es\/wp-json\/wp\/v2\/posts\/47883\/revisions"}],"wp:attachment":[{"href":"https:\/\/fundesplai.org\/es\/wp-json\/wp\/v2\/media?parent=47883"}],"wp:term":[{"taxonomy":"category","embeddable":true,"href":"https:\/\/fundesplai.org\/es\/wp-json\/wp\/v2\/categories?post=47883"},{"taxonomy":"post_tag","embeddable":true,"href":"https:\/\/fundesplai.org\/es\/wp-json\/wp\/v2\/tags?post=47883"}],"curies":[{"name":"wp","href":"https:\/\/api.w.org\/{rel}","templated":true}]}}