{"id":47882,"date":"2018-11-23T13:32:10","date_gmt":"2018-11-23T12:32:10","guid":{"rendered":"https:\/\/fundesplai.org\/informa-t\/sense-categoria\/fundesplai-participo-en-el-vi-congreso-tercer-sector\/"},"modified":"2018-11-23T13:32:10","modified_gmt":"2018-11-23T12:32:10","slug":"fundesplai-participo-en-el-vi-congreso-tercer-sector","status":"publish","type":"post","link":"https:\/\/fundesplai.org\/es\/informa-t\/actualitat-es\/fundesplai-participo-en-el-vi-congreso-tercer-sector\/","title":{"rendered":"Fundesplai particip\u00f3 en el VI Congreso Tercer Sector"},"content":{"rendered":"<p>Fundesplai particip\u00f3 en el VI Congreso del Tercer Sector, que se celebr\u00f3 entre el 20 y el 22 de noviembre.<\/p>\n<p><!--more--><\/p>\n<p>Este jueves 22 de noviembre finaliz\u00f3 el <a href=\"http:\/\/congrestercersector.cat\"><strong>VI Congreso del Tercer Sector<\/strong><\/a> Social con el anuncio del Consejero de Trabajo, Asuntos Sociales y Familias, Chakir El Homrani, de que el Gobierno empezar\u00e1 a impulsar la &nbsp; ley de concertaci\u00f3n social de los servicios de atenci\u00f3n a las personas. \u00c9sta es una de las principales reivindicaciones del sector que busca un modelo de relaci\u00f3n entre las administraciones p\u00fablicas y las entidades sociales permanente y estable y que incorpore el valor de las entidades y empresas sociales en los servicios a las personas.<\/p>\n<table style=\"height: 38px;width: 100%\">\n<tbody>\n<tr>\n<td colspan=\"2\"><img decoding=\"async\" class=\" size-full wp-image-5977\" src=\"https:\/\/fundesplai.org\/test-joomla\/wp-content\/uploads\/sites\/26\/2018\/11\/44161153690_9e281a8eca_z.jpg\" alt=\"44161153690 9e281a8eca z\" width=\"100%\" height=\"NaN\"><\/td>\n<\/tr>\n<tr class=\"text-petit\">\n<td colspan=\"2\">Foto superior: Taula del Tercer Sector<\/td>\n<\/tr>\n<tr>\n<td><img decoding=\"async\" class=\" size-full wp-image-5981\" src=\"https:\/\/fundesplai.org\/test-joomla\/wp-content\/uploads\/sites\/26\/2018\/11\/congres.jpg\" alt=\"congres\" width=\"100%\" height=\"NaN\">&nbsp;<\/td>\n<td><img decoding=\"async\" class=\" size-full wp-image-5982\" src=\"https:\/\/fundesplai.org\/test-joomla\/wp-content\/uploads\/sites\/26\/2018\/11\/congres3.jpg\" alt=\"congres3\" width=\"100%\" height=\"NaN\">&nbsp;<\/td>\n<\/tr>\n<\/tbody>\n<\/table>\n<p>El Congreso comenz\u00f3 el martes 20 de n\u00famero en un acto inaugural en el Auditori del Disseny Hub de Barcelona con la participaci\u00f3n de&nbsp;Quim Torra, presidente de la Generalidad de Catalu\u00f1a; Ada Colau, alcaldesa de Barcelona; N\u00faria Mar\u00edn, alcaldesa de L&#8217;Hospitalet de Llobregat, y Marc Castells, presidente de la Diputaci\u00f3n de Barcelona, \u200b\u200by Francina Alsina, presidenta de la Mesa de Entidades del Tercer Sector. El resto del Congreso, los d\u00edas 21 y 22 de noviembre, se desarroll\u00f3 en La Farga, del Hospitalet de Llobregat.<\/p>\n<p><strong>Ponencias sobre iniciativas sociales y educativas<\/strong><\/p>\n<p>Fundesplai, que forma parte de la junta directiva de la Mesa, particip\u00f3 en distintos espacios del Congreso. As\u00ed, Jordi Roman, Jefe de Recursos Humanos, present\u00f3 la nueva organizaci\u00f3n de la entidad basada en la redrqu\u00eda; Xavier Romeu, Responsable de Tecnolog\u00edas de la Informaci\u00f3n, la plataforma de trabajo en escritorio remoto; Meritxell Pasqual, Responsable de Gesti\u00f3n de Formaci\u00f3n,&nbsp;&nbsp;la dinamizaci\u00f3n del ocio en centros penitenciarios; Mar\u00eda Bruno, las iniciativas de intervenci\u00f3n socioeducativa en favor de los j\u00f3venes;&nbsp; Susagna Escard\u00edbul, pedagoga del Departamento de Esplais, <a href=\"https:\/\/esplai.fundesplai.org\/edufilms\/\">Edufilms<\/a>, el festival de cine joven para la transformaci\u00f3n social; y Eduard Izquierdo, &nbsp;Responsable Servicio Laboral de Apoyo, los planes de igualdad.<\/p>\n<p><span style=\"background-color: transparent\">Por su parte, N\u00faria Valls, Directora General de Fundesplai, moder\u00f3 la mesa,&nbsp;<\/span>\u00abEl papel del Tercer Sector en la construcci\u00f3n comunitaria\u00bb, que cont\u00f3 con Carles Alsinet, &nbsp;Decano de la Facultad de Educaci\u00f3n, Psicolog\u00eda y Trabajo Social de la Universidad de Lleida;&nbsp;<span style=\"background-color: transparent\">Josep Torrico, Director de la Fundaci\u00f3n Marianao; i Ernest Valls, del Ayuntamiento de Tortosa.<\/span><\/p>\n<p>Adem\u00e1s, tambi\u00e9n estuvimos presentes en el espacio de entidades con un stand donde difundimos los programas y proyectos para la infancia, la juventud, las familias, el Tercer Sector y el medio ambiente.<\/p>\n","protected":false},"excerpt":{"rendered":"<p>Fundesplai particip\u00f3 en el VI Congreso del Tercer Sector, que se celebr\u00f3 entre el 20 y el 22 de noviembre.<\/p>\n","protected":false},"author":4,"featured_media":0,"comment_status":"closed","ping_status":"closed","sticky":false,"template":"","format":"standard","meta":{"_et_pb_use_builder":"","_et_pb_old_content":"","_et_gb_content_width":"","footnotes":""},"categories":[937],"tags":[],"class_list":["post-47882","post","type-post","status-publish","format-standard","hentry","category-actualitat-es"],"yoast_head":"<!-- This site is optimized with the Yoast SEO plugin v27.4 - https:\/\/yoast.com\/product\/yoast-seo-wordpress\/ -->\n<title>Fundesplai particip\u00f3 en el VI Congreso Tercer Sector - Fundesplai<\/title>\n<meta name=\"robots\" content=\"index, follow, max-snippet:-1, max-image-preview:large, max-video-preview:-1\" \/>\n<link rel=\"canonical\" href=\"https:\/\/fundesplai.org\/es\/informa-t\/actualitat-es\/fundesplai-participo-en-el-vi-congreso-tercer-sector\/\" \/>\n<meta property=\"og:locale\" content=\"es_ES\" \/>\n<meta property=\"og:type\" content=\"article\" \/>\n<meta property=\"og:title\" content=\"Fundesplai particip\u00f3 en el VI Congreso Tercer Sector - Fundesplai\" \/>\n<meta property=\"og:description\" content=\"Fundesplai particip\u00f3 en el VI Congreso del Tercer Sector, que se celebr\u00f3 entre el 20 y el 22 de noviembre.\" \/>\n<meta property=\"og:url\" content=\"https:\/\/fundesplai.org\/es\/informa-t\/actualitat-es\/fundesplai-participo-en-el-vi-congreso-tercer-sector\/\" \/>\n<meta property=\"og:site_name\" content=\"Fundesplai\" \/>\n<meta property=\"article:published_time\" content=\"2018-11-23T12:32:10+00:00\" \/>\n<meta property=\"og:image\" content=\"https:\/\/fundesplai.org\/test-joomla\/wp-content\/uploads\/sites\/26\/2018\/11\/44161153690_9e281a8eca_z.jpg\" \/>\n<meta name=\"author\" content=\"Ferran\" \/>\n<meta name=\"twitter:card\" content=\"summary_large_image\" \/>\n<meta name=\"twitter:label1\" content=\"Escrito por\" \/>\n\t<meta name=\"twitter:data1\" content=\"Ferran\" \/>\n\t<meta name=\"twitter:label2\" content=\"Tiempo de lectura\" \/>\n\t<meta name=\"twitter:data2\" content=\"2 minutos\" \/>\n<script type=\"application\/ld+json\" class=\"yoast-schema-graph\">{\"@context\":\"https:\\\/\\\/schema.org\",\"@graph\":[{\"@type\":\"Article\",\"@id\":\"https:\\\/\\\/fundesplai.org\\\/es\\\/informa-t\\\/actualitat-es\\\/fundesplai-participo-en-el-vi-congreso-tercer-sector\\\/#article\",\"isPartOf\":{\"@id\":\"https:\\\/\\\/fundesplai.org\\\/es\\\/informa-t\\\/actualitat-es\\\/fundesplai-participo-en-el-vi-congreso-tercer-sector\\\/\"},\"author\":{\"name\":\"Ferran\",\"@id\":\"https:\\\/\\\/fundesplai.org\\\/es\\\/#\\\/schema\\\/person\\\/67e7825d8ec54561cc24e36ba6b0f633\"},\"headline\":\"Fundesplai particip\u00f3 en el VI Congreso Tercer Sector\",\"datePublished\":\"2018-11-23T12:32:10+00:00\",\"mainEntityOfPage\":{\"@id\":\"https:\\\/\\\/fundesplai.org\\\/es\\\/informa-t\\\/actualitat-es\\\/fundesplai-participo-en-el-vi-congreso-tercer-sector\\\/\"},\"wordCount\":443,\"image\":{\"@id\":\"https:\\\/\\\/fundesplai.org\\\/es\\\/informa-t\\\/actualitat-es\\\/fundesplai-participo-en-el-vi-congreso-tercer-sector\\\/#primaryimage\"},\"thumbnailUrl\":\"https:\\\/\\\/fundesplai.org\\\/test-joomla\\\/wp-content\\\/uploads\\\/sites\\\/26\\\/2018\\\/11\\\/44161153690_9e281a8eca_z.jpg\",\"articleSection\":[\"Actualitat\"],\"inLanguage\":\"es\"},{\"@type\":\"WebPage\",\"@id\":\"https:\\\/\\\/fundesplai.org\\\/es\\\/informa-t\\\/actualitat-es\\\/fundesplai-participo-en-el-vi-congreso-tercer-sector\\\/\",\"url\":\"https:\\\/\\\/fundesplai.org\\\/es\\\/informa-t\\\/actualitat-es\\\/fundesplai-participo-en-el-vi-congreso-tercer-sector\\\/\",\"name\":\"Fundesplai particip\u00f3 en el VI Congreso Tercer Sector - Fundesplai\",\"isPartOf\":{\"@id\":\"https:\\\/\\\/fundesplai.org\\\/es\\\/#website\"},\"primaryImageOfPage\":{\"@id\":\"https:\\\/\\\/fundesplai.org\\\/es\\\/informa-t\\\/actualitat-es\\\/fundesplai-participo-en-el-vi-congreso-tercer-sector\\\/#primaryimage\"},\"image\":{\"@id\":\"https:\\\/\\\/fundesplai.org\\\/es\\\/informa-t\\\/actualitat-es\\\/fundesplai-participo-en-el-vi-congreso-tercer-sector\\\/#primaryimage\"},\"thumbnailUrl\":\"https:\\\/\\\/fundesplai.org\\\/test-joomla\\\/wp-content\\\/uploads\\\/sites\\\/26\\\/2018\\\/11\\\/44161153690_9e281a8eca_z.jpg\",\"datePublished\":\"2018-11-23T12:32:10+00:00\",\"author\":{\"@id\":\"https:\\\/\\\/fundesplai.org\\\/es\\\/#\\\/schema\\\/person\\\/67e7825d8ec54561cc24e36ba6b0f633\"},\"breadcrumb\":{\"@id\":\"https:\\\/\\\/fundesplai.org\\\/es\\\/informa-t\\\/actualitat-es\\\/fundesplai-participo-en-el-vi-congreso-tercer-sector\\\/#breadcrumb\"},\"inLanguage\":\"es\",\"potentialAction\":[{\"@type\":\"ReadAction\",\"target\":[\"https:\\\/\\\/fundesplai.org\\\/es\\\/informa-t\\\/actualitat-es\\\/fundesplai-participo-en-el-vi-congreso-tercer-sector\\\/\"]}]},{\"@type\":\"ImageObject\",\"inLanguage\":\"es\",\"@id\":\"https:\\\/\\\/fundesplai.org\\\/es\\\/informa-t\\\/actualitat-es\\\/fundesplai-participo-en-el-vi-congreso-tercer-sector\\\/#primaryimage\",\"url\":\"https:\\\/\\\/fundesplai.org\\\/test-joomla\\\/wp-content\\\/uploads\\\/sites\\\/26\\\/2018\\\/11\\\/44161153690_9e281a8eca_z.jpg\",\"contentUrl\":\"https:\\\/\\\/fundesplai.org\\\/test-joomla\\\/wp-content\\\/uploads\\\/sites\\\/26\\\/2018\\\/11\\\/44161153690_9e281a8eca_z.jpg\"},{\"@type\":\"BreadcrumbList\",\"@id\":\"https:\\\/\\\/fundesplai.org\\\/es\\\/informa-t\\\/actualitat-es\\\/fundesplai-participo-en-el-vi-congreso-tercer-sector\\\/#breadcrumb\",\"itemListElement\":[{\"@type\":\"ListItem\",\"position\":1,\"name\":\"Inici\",\"item\":\"https:\\\/\\\/fundesplai.org\\\/es\\\/inicio\\\/\"},{\"@type\":\"ListItem\",\"position\":2,\"name\":\"Inf\u00f3rmate\",\"item\":\"https:\\\/\\\/fundesplai.org\\\/es\\\/informate\\\/\"},{\"@type\":\"ListItem\",\"position\":3,\"name\":\"Sin categor\u00eda\",\"item\":\"https:\\\/\\\/fundesplai.org\\\/es\\\/informa-t\\\/category\\\/sin-categoria\\\/\"},{\"@type\":\"ListItem\",\"position\":4,\"name\":\"Fundesplai particip\u00f3 en el VI Congreso Tercer Sector\"}]},{\"@type\":\"WebSite\",\"@id\":\"https:\\\/\\\/fundesplai.org\\\/es\\\/#website\",\"url\":\"https:\\\/\\\/fundesplai.org\\\/es\\\/\",\"name\":\"Fundesplai\",\"description\":\"Eduquem per la conviv\u00e8ncia i la sostenibilitat\",\"potentialAction\":[{\"@type\":\"SearchAction\",\"target\":{\"@type\":\"EntryPoint\",\"urlTemplate\":\"https:\\\/\\\/fundesplai.org\\\/es\\\/?s={search_term_string}\"},\"query-input\":{\"@type\":\"PropertyValueSpecification\",\"valueRequired\":true,\"valueName\":\"search_term_string\"}}],\"inLanguage\":\"es\"},{\"@type\":\"Person\",\"@id\":\"https:\\\/\\\/fundesplai.org\\\/es\\\/#\\\/schema\\\/person\\\/67e7825d8ec54561cc24e36ba6b0f633\",\"name\":\"Ferran\",\"image\":{\"@type\":\"ImageObject\",\"inLanguage\":\"es\",\"@id\":\"https:\\\/\\\/secure.gravatar.com\\\/avatar\\\/a3510350976b58aae6eccd1e36f066b660a69ef63f97fde3cba8205db7db816a?s=96&d=mm&r=g\",\"url\":\"https:\\\/\\\/secure.gravatar.com\\\/avatar\\\/a3510350976b58aae6eccd1e36f066b660a69ef63f97fde3cba8205db7db816a?s=96&d=mm&r=g\",\"contentUrl\":\"https:\\\/\\\/secure.gravatar.com\\\/avatar\\\/a3510350976b58aae6eccd1e36f066b660a69ef63f97fde3cba8205db7db816a?s=96&d=mm&r=g\",\"caption\":\"Ferran\"},\"url\":\"https:\\\/\\\/fundesplai.org\\\/es\\\/informa-t\\\/author\\\/fvidal\\\/\"}]}<\/script>\n<!-- \/ Yoast SEO plugin. -->","yoast_head_json":{"title":"Fundesplai particip\u00f3 en el VI Congreso Tercer Sector - Fundesplai","robots":{"index":"index","follow":"follow","max-snippet":"max-snippet:-1","max-image-preview":"max-image-preview:large","max-video-preview":"max-video-preview:-1"},"canonical":"https:\/\/fundesplai.org\/es\/informa-t\/actualitat-es\/fundesplai-participo-en-el-vi-congreso-tercer-sector\/","og_locale":"es_ES","og_type":"article","og_title":"Fundesplai particip\u00f3 en el VI Congreso Tercer Sector - Fundesplai","og_description":"Fundesplai particip\u00f3 en el VI Congreso del Tercer Sector, que se celebr\u00f3 entre el 20 y el 22 de noviembre.","og_url":"https:\/\/fundesplai.org\/es\/informa-t\/actualitat-es\/fundesplai-participo-en-el-vi-congreso-tercer-sector\/","og_site_name":"Fundesplai","article_published_time":"2018-11-23T12:32:10+00:00","og_image":[{"url":"https:\/\/fundesplai.org\/test-joomla\/wp-content\/uploads\/sites\/26\/2018\/11\/44161153690_9e281a8eca_z.jpg","type":"","width":"","height":""}],"author":"Ferran","twitter_card":"summary_large_image","twitter_misc":{"Escrito por":"Ferran","Tiempo de lectura":"2 minutos"},"schema":{"@context":"https:\/\/schema.org","@graph":[{"@type":"Article","@id":"https:\/\/fundesplai.org\/es\/informa-t\/actualitat-es\/fundesplai-participo-en-el-vi-congreso-tercer-sector\/#article","isPartOf":{"@id":"https:\/\/fundesplai.org\/es\/informa-t\/actualitat-es\/fundesplai-participo-en-el-vi-congreso-tercer-sector\/"},"author":{"name":"Ferran","@id":"https:\/\/fundesplai.org\/es\/#\/schema\/person\/67e7825d8ec54561cc24e36ba6b0f633"},"headline":"Fundesplai particip\u00f3 en el VI Congreso Tercer Sector","datePublished":"2018-11-23T12:32:10+00:00","mainEntityOfPage":{"@id":"https:\/\/fundesplai.org\/es\/informa-t\/actualitat-es\/fundesplai-participo-en-el-vi-congreso-tercer-sector\/"},"wordCount":443,"image":{"@id":"https:\/\/fundesplai.org\/es\/informa-t\/actualitat-es\/fundesplai-participo-en-el-vi-congreso-tercer-sector\/#primaryimage"},"thumbnailUrl":"https:\/\/fundesplai.org\/test-joomla\/wp-content\/uploads\/sites\/26\/2018\/11\/44161153690_9e281a8eca_z.jpg","articleSection":["Actualitat"],"inLanguage":"es"},{"@type":"WebPage","@id":"https:\/\/fundesplai.org\/es\/informa-t\/actualitat-es\/fundesplai-participo-en-el-vi-congreso-tercer-sector\/","url":"https:\/\/fundesplai.org\/es\/informa-t\/actualitat-es\/fundesplai-participo-en-el-vi-congreso-tercer-sector\/","name":"Fundesplai particip\u00f3 en el VI Congreso Tercer Sector - Fundesplai","isPartOf":{"@id":"https:\/\/fundesplai.org\/es\/#website"},"primaryImageOfPage":{"@id":"https:\/\/fundesplai.org\/es\/informa-t\/actualitat-es\/fundesplai-participo-en-el-vi-congreso-tercer-sector\/#primaryimage"},"image":{"@id":"https:\/\/fundesplai.org\/es\/informa-t\/actualitat-es\/fundesplai-participo-en-el-vi-congreso-tercer-sector\/#primaryimage"},"thumbnailUrl":"https:\/\/fundesplai.org\/test-joomla\/wp-content\/uploads\/sites\/26\/2018\/11\/44161153690_9e281a8eca_z.jpg","datePublished":"2018-11-23T12:32:10+00:00","author":{"@id":"https:\/\/fundesplai.org\/es\/#\/schema\/person\/67e7825d8ec54561cc24e36ba6b0f633"},"breadcrumb":{"@id":"https:\/\/fundesplai.org\/es\/informa-t\/actualitat-es\/fundesplai-participo-en-el-vi-congreso-tercer-sector\/#breadcrumb"},"inLanguage":"es","potentialAction":[{"@type":"ReadAction","target":["https:\/\/fundesplai.org\/es\/informa-t\/actualitat-es\/fundesplai-participo-en-el-vi-congreso-tercer-sector\/"]}]},{"@type":"ImageObject","inLanguage":"es","@id":"https:\/\/fundesplai.org\/es\/informa-t\/actualitat-es\/fundesplai-participo-en-el-vi-congreso-tercer-sector\/#primaryimage","url":"https:\/\/fundesplai.org\/test-joomla\/wp-content\/uploads\/sites\/26\/2018\/11\/44161153690_9e281a8eca_z.jpg","contentUrl":"https:\/\/fundesplai.org\/test-joomla\/wp-content\/uploads\/sites\/26\/2018\/11\/44161153690_9e281a8eca_z.jpg"},{"@type":"BreadcrumbList","@id":"https:\/\/fundesplai.org\/es\/informa-t\/actualitat-es\/fundesplai-participo-en-el-vi-congreso-tercer-sector\/#breadcrumb","itemListElement":[{"@type":"ListItem","position":1,"name":"Inici","item":"https:\/\/fundesplai.org\/es\/inicio\/"},{"@type":"ListItem","position":2,"name":"Inf\u00f3rmate","item":"https:\/\/fundesplai.org\/es\/informate\/"},{"@type":"ListItem","position":3,"name":"Sin categor\u00eda","item":"https:\/\/fundesplai.org\/es\/informa-t\/category\/sin-categoria\/"},{"@type":"ListItem","position":4,"name":"Fundesplai particip\u00f3 en el VI Congreso Tercer Sector"}]},{"@type":"WebSite","@id":"https:\/\/fundesplai.org\/es\/#website","url":"https:\/\/fundesplai.org\/es\/","name":"Fundesplai","description":"Eduquem per la conviv\u00e8ncia i la sostenibilitat","potentialAction":[{"@type":"SearchAction","target":{"@type":"EntryPoint","urlTemplate":"https:\/\/fundesplai.org\/es\/?s={search_term_string}"},"query-input":{"@type":"PropertyValueSpecification","valueRequired":true,"valueName":"search_term_string"}}],"inLanguage":"es"},{"@type":"Person","@id":"https:\/\/fundesplai.org\/es\/#\/schema\/person\/67e7825d8ec54561cc24e36ba6b0f633","name":"Ferran","image":{"@type":"ImageObject","inLanguage":"es","@id":"https:\/\/secure.gravatar.com\/avatar\/a3510350976b58aae6eccd1e36f066b660a69ef63f97fde3cba8205db7db816a?s=96&d=mm&r=g","url":"https:\/\/secure.gravatar.com\/avatar\/a3510350976b58aae6eccd1e36f066b660a69ef63f97fde3cba8205db7db816a?s=96&d=mm&r=g","contentUrl":"https:\/\/secure.gravatar.com\/avatar\/a3510350976b58aae6eccd1e36f066b660a69ef63f97fde3cba8205db7db816a?s=96&d=mm&r=g","caption":"Ferran"},"url":"https:\/\/fundesplai.org\/es\/informa-t\/author\/fvidal\/"}]}},"_links":{"self":[{"href":"https:\/\/fundesplai.org\/es\/wp-json\/wp\/v2\/posts\/47882","targetHints":{"allow":["GET"]}}],"collection":[{"href":"https:\/\/fundesplai.org\/es\/wp-json\/wp\/v2\/posts"}],"about":[{"href":"https:\/\/fundesplai.org\/es\/wp-json\/wp\/v2\/types\/post"}],"author":[{"embeddable":true,"href":"https:\/\/fundesplai.org\/es\/wp-json\/wp\/v2\/users\/4"}],"replies":[{"embeddable":true,"href":"https:\/\/fundesplai.org\/es\/wp-json\/wp\/v2\/comments?post=47882"}],"version-history":[{"count":0,"href":"https:\/\/fundesplai.org\/es\/wp-json\/wp\/v2\/posts\/47882\/revisions"}],"wp:attachment":[{"href":"https:\/\/fundesplai.org\/es\/wp-json\/wp\/v2\/media?parent=47882"}],"wp:term":[{"taxonomy":"category","embeddable":true,"href":"https:\/\/fundesplai.org\/es\/wp-json\/wp\/v2\/categories?post=47882"},{"taxonomy":"post_tag","embeddable":true,"href":"https:\/\/fundesplai.org\/es\/wp-json\/wp\/v2\/tags?post=47882"}],"curies":[{"name":"wp","href":"https:\/\/api.w.org\/{rel}","templated":true}]}}