{"id":47880,"date":"2018-11-13T14:03:44","date_gmt":"2018-11-13T13:03:44","guid":{"rendered":"https:\/\/fundesplai.org\/informa-t\/sense-categoria\/cerca-de-100-personas-participan-en-el-iv-foro-de-escuelas-verdes-del-baix-llobregat\/"},"modified":"2018-11-13T14:03:44","modified_gmt":"2018-11-13T13:03:44","slug":"cerca-de-100-personas-participan-en-el-iv-foro-de-escuelas-verdes-del-baix-llobregat","status":"publish","type":"post","link":"https:\/\/fundesplai.org\/es\/informa-t\/actualitat-es\/cerca-de-100-personas-participan-en-el-iv-foro-de-escuelas-verdes-del-baix-llobregat\/","title":{"rendered":"Cerca de 100 personas participan en el IV Foro de Escuelas Verdes del Baix Llobregat"},"content":{"rendered":"<p>Cerca de 100 personas, en su mayor\u00eda alumnos de secundaria, pero tambi\u00e9n profesoras y profesores y expertos en sostenibilidad participaron el 8 de noviembre en el IV Foro de Escuelas por la Sostenibilidad del Baix Llobregat.<\/p>\n<p><!--more--><\/p>\n<p class=\"intro\">Cerca de 100 personas, en su mayor\u00eda alumnos de secundaria, pero tambi\u00e9n profesoras y profesores y expertos en sostenibilidad participaron el 8 de noviembre en el IV Foro de Escuelas por la Sostenibilidad del Baix Llobregat. En total&nbsp;16 centros, con 60 alumnos y 30 profesores\/as de las redes adheridas a la &nbsp; XESC del Baix Llobregat.&nbsp;<\/p>\n<table style=\"height: 31px;width: 100%\">\n<tbody>\n<tr>\n<td colspan=\"2\"><img decoding=\"async\" class=\" size-full wp-image-5961\" src=\"https:\/\/fundesplai.org\/test-joomla\/wp-content\/uploads\/sites\/26\/2018\/11\/escoles-verdes2.jpg\" alt=\"escoles verdes2\" width=\"100%\" height=\"NaN\"><\/td>\n<\/tr>\n<tr>\n<td><img decoding=\"async\" class=\" size-full wp-image-5964\" src=\"https:\/\/fundesplai.org\/test-joomla\/wp-content\/uploads\/sites\/26\/2018\/11\/escoles-verdes3.jpg\" alt=\"escoles verdes3\" width=\"100%\" height=\"NaN\"><\/td>\n<td><img decoding=\"async\" class=\" size-full wp-image-5965\" src=\"https:\/\/fundesplai.org\/test-joomla\/wp-content\/uploads\/sites\/26\/2018\/11\/escoles-verdes.jpg\" alt=\"escoles verdes\" width=\"100%\" height=\"NaN\"><\/td>\n<\/tr>\n<\/tbody>\n<\/table>\n<p>El encuentro, que tuvo lugar en <a href=\"index.php?Itemid=484&amp;lang=ca\">Centre Esplai<\/a> (El Prat de Llobregat), se centr\u00f3 en los efectos y causas del cambio clim\u00e1tico y se analiz\u00f3 el ciclo del agua, los recursos y la energ\u00eda. Los alumnos pudieron asistir a una primera parte m\u00e1s te\u00f3rica con diferentes conferencias y una segunda donde participaron en diferentes talleres y din\u00e1micas relacionadas con la sostenibilidad.&nbsp;&nbsp;Trabajaron 6 tem\u00e1ticas diferentes: cambio clim\u00e1tico y ciclo del agua, cambio clim\u00e1tico y energ\u00edas renovables, cambio clim\u00e1tico y consumo, &nbsp;canvi climatico y ahorro energ\u00e9tico ,&nbsp;ccambio clim\u00e1tico y movilidad y &nbsp;cambio clim\u00e1tico y biodiversidad.<\/p>\n<p>En la primera parte, Salvador Samitier, director de la Oficina del Cambio Clim\u00e1tico de la Generalitat, ofreci\u00f3 una ponencia sobre los efectos del cambio clim\u00e1tico, que se complement\u00f3 con distintas ponencias sobre afectaciones en el clima. En esta parte intervinieron&nbsp;<a href=\"http:\/\/www.gelicehielo.com\/\" target=\"_blank\" rel=\"noopener\">Jordi Camins<\/a> glaci\u00f3logo, Arnau Vilardell, cooperativa SOMOS MOVILIDAD, y Carles Vicente (pag\u00e9s).&nbsp;<a href=\"https:\/\/photos.app.goo.gl\/UrufTK79rybxYG2AA\" target=\"_blank\" rel=\"noopener\">AQU\u00cd<\/a>&nbsp;pod\u00e9is ver las fotograf\u00edas de la regresi\u00f3n de los glaciares que ense\u00f1\u00f3 Jordi.<\/p>\n<p>La jornada termin\u00f3 con una acci\u00f3n de sensibilizaci\u00f3n sobre el cambio clim\u00e1tico en las oficinas de los trabajadores\/as de Fundesplai, preparada por el alumnado.<\/p>\n","protected":false},"excerpt":{"rendered":"<p>Cerca de 100 personas, en su mayor\u00eda alumnos de secundaria, pero tambi\u00e9n profesoras y profesores y expertos en sostenibilidad participaron el 8 de noviembre en el IV Foro de Escuelas por la Sostenibilidad del Baix Llobregat.<\/p>\n","protected":false},"author":9,"featured_media":0,"comment_status":"closed","ping_status":"closed","sticky":false,"template":"","format":"standard","meta":{"_et_pb_use_builder":"","_et_pb_old_content":"","_et_gb_content_width":"","footnotes":""},"categories":[937],"tags":[],"class_list":["post-47880","post","type-post","status-publish","format-standard","hentry","category-actualitat-es"],"yoast_head":"<!-- This site is optimized with the Yoast SEO plugin v27.4 - https:\/\/yoast.com\/product\/yoast-seo-wordpress\/ -->\n<title>Cerca de 100 personas participan en el IV Foro de Escuelas Verdes del Baix Llobregat - Fundesplai<\/title>\n<meta name=\"robots\" content=\"index, follow, max-snippet:-1, max-image-preview:large, max-video-preview:-1\" \/>\n<link rel=\"canonical\" href=\"https:\/\/fundesplai.org\/es\/informa-t\/actualitat-es\/cerca-de-100-personas-participan-en-el-iv-foro-de-escuelas-verdes-del-baix-llobregat\/\" \/>\n<meta property=\"og:locale\" content=\"es_ES\" \/>\n<meta property=\"og:type\" content=\"article\" \/>\n<meta property=\"og:title\" content=\"Cerca de 100 personas participan en el IV Foro de Escuelas Verdes del Baix Llobregat - Fundesplai\" \/>\n<meta property=\"og:description\" content=\"Cerca de 100 personas, en su mayor\u00eda alumnos de secundaria, pero tambi\u00e9n profesoras y profesores y expertos en sostenibilidad participaron el 8 de noviembre en el IV Foro de Escuelas por la Sostenibilidad del Baix Llobregat.\" \/>\n<meta property=\"og:url\" content=\"https:\/\/fundesplai.org\/es\/informa-t\/actualitat-es\/cerca-de-100-personas-participan-en-el-iv-foro-de-escuelas-verdes-del-baix-llobregat\/\" \/>\n<meta property=\"og:site_name\" content=\"Fundesplai\" \/>\n<meta property=\"article:published_time\" content=\"2018-11-13T13:03:44+00:00\" \/>\n<meta property=\"og:image\" content=\"https:\/\/fundesplai.org\/test-joomla\/wp-content\/uploads\/sites\/26\/2018\/11\/escoles-verdes2.jpg\" \/>\n<meta name=\"author\" content=\"Alfons Valle\" \/>\n<meta name=\"twitter:card\" content=\"summary_large_image\" \/>\n<meta name=\"twitter:label1\" content=\"Escrito por\" \/>\n\t<meta name=\"twitter:data1\" content=\"Alfons Valle\" \/>\n\t<meta name=\"twitter:label2\" content=\"Tiempo de lectura\" \/>\n\t<meta name=\"twitter:data2\" content=\"2 minutos\" \/>\n<script type=\"application\/ld+json\" class=\"yoast-schema-graph\">{\"@context\":\"https:\\\/\\\/schema.org\",\"@graph\":[{\"@type\":\"Article\",\"@id\":\"https:\\\/\\\/fundesplai.org\\\/es\\\/informa-t\\\/actualitat-es\\\/cerca-de-100-personas-participan-en-el-iv-foro-de-escuelas-verdes-del-baix-llobregat\\\/#article\",\"isPartOf\":{\"@id\":\"https:\\\/\\\/fundesplai.org\\\/es\\\/informa-t\\\/actualitat-es\\\/cerca-de-100-personas-participan-en-el-iv-foro-de-escuelas-verdes-del-baix-llobregat\\\/\"},\"author\":{\"name\":\"Alfons Valle\",\"@id\":\"https:\\\/\\\/fundesplai.org\\\/es\\\/#\\\/schema\\\/person\\\/c0e9e7466bb8ac06f5264324a6109733\"},\"headline\":\"Cerca de 100 personas participan en el IV Foro de Escuelas Verdes del Baix Llobregat\",\"datePublished\":\"2018-11-13T13:03:44+00:00\",\"mainEntityOfPage\":{\"@id\":\"https:\\\/\\\/fundesplai.org\\\/es\\\/informa-t\\\/actualitat-es\\\/cerca-de-100-personas-participan-en-el-iv-foro-de-escuelas-verdes-del-baix-llobregat\\\/\"},\"wordCount\":322,\"image\":{\"@id\":\"https:\\\/\\\/fundesplai.org\\\/es\\\/informa-t\\\/actualitat-es\\\/cerca-de-100-personas-participan-en-el-iv-foro-de-escuelas-verdes-del-baix-llobregat\\\/#primaryimage\"},\"thumbnailUrl\":\"https:\\\/\\\/fundesplai.org\\\/test-joomla\\\/wp-content\\\/uploads\\\/sites\\\/26\\\/2018\\\/11\\\/escoles-verdes2.jpg\",\"articleSection\":[\"Actualitat\"],\"inLanguage\":\"es\"},{\"@type\":\"WebPage\",\"@id\":\"https:\\\/\\\/fundesplai.org\\\/es\\\/informa-t\\\/actualitat-es\\\/cerca-de-100-personas-participan-en-el-iv-foro-de-escuelas-verdes-del-baix-llobregat\\\/\",\"url\":\"https:\\\/\\\/fundesplai.org\\\/es\\\/informa-t\\\/actualitat-es\\\/cerca-de-100-personas-participan-en-el-iv-foro-de-escuelas-verdes-del-baix-llobregat\\\/\",\"name\":\"Cerca de 100 personas participan en el IV Foro de Escuelas Verdes del Baix Llobregat - Fundesplai\",\"isPartOf\":{\"@id\":\"https:\\\/\\\/fundesplai.org\\\/es\\\/#website\"},\"primaryImageOfPage\":{\"@id\":\"https:\\\/\\\/fundesplai.org\\\/es\\\/informa-t\\\/actualitat-es\\\/cerca-de-100-personas-participan-en-el-iv-foro-de-escuelas-verdes-del-baix-llobregat\\\/#primaryimage\"},\"image\":{\"@id\":\"https:\\\/\\\/fundesplai.org\\\/es\\\/informa-t\\\/actualitat-es\\\/cerca-de-100-personas-participan-en-el-iv-foro-de-escuelas-verdes-del-baix-llobregat\\\/#primaryimage\"},\"thumbnailUrl\":\"https:\\\/\\\/fundesplai.org\\\/test-joomla\\\/wp-content\\\/uploads\\\/sites\\\/26\\\/2018\\\/11\\\/escoles-verdes2.jpg\",\"datePublished\":\"2018-11-13T13:03:44+00:00\",\"author\":{\"@id\":\"https:\\\/\\\/fundesplai.org\\\/es\\\/#\\\/schema\\\/person\\\/c0e9e7466bb8ac06f5264324a6109733\"},\"breadcrumb\":{\"@id\":\"https:\\\/\\\/fundesplai.org\\\/es\\\/informa-t\\\/actualitat-es\\\/cerca-de-100-personas-participan-en-el-iv-foro-de-escuelas-verdes-del-baix-llobregat\\\/#breadcrumb\"},\"inLanguage\":\"es\",\"potentialAction\":[{\"@type\":\"ReadAction\",\"target\":[\"https:\\\/\\\/fundesplai.org\\\/es\\\/informa-t\\\/actualitat-es\\\/cerca-de-100-personas-participan-en-el-iv-foro-de-escuelas-verdes-del-baix-llobregat\\\/\"]}]},{\"@type\":\"ImageObject\",\"inLanguage\":\"es\",\"@id\":\"https:\\\/\\\/fundesplai.org\\\/es\\\/informa-t\\\/actualitat-es\\\/cerca-de-100-personas-participan-en-el-iv-foro-de-escuelas-verdes-del-baix-llobregat\\\/#primaryimage\",\"url\":\"https:\\\/\\\/fundesplai.org\\\/test-joomla\\\/wp-content\\\/uploads\\\/sites\\\/26\\\/2018\\\/11\\\/escoles-verdes2.jpg\",\"contentUrl\":\"https:\\\/\\\/fundesplai.org\\\/test-joomla\\\/wp-content\\\/uploads\\\/sites\\\/26\\\/2018\\\/11\\\/escoles-verdes2.jpg\"},{\"@type\":\"BreadcrumbList\",\"@id\":\"https:\\\/\\\/fundesplai.org\\\/es\\\/informa-t\\\/actualitat-es\\\/cerca-de-100-personas-participan-en-el-iv-foro-de-escuelas-verdes-del-baix-llobregat\\\/#breadcrumb\",\"itemListElement\":[{\"@type\":\"ListItem\",\"position\":1,\"name\":\"Inici\",\"item\":\"https:\\\/\\\/fundesplai.org\\\/es\\\/inicio\\\/\"},{\"@type\":\"ListItem\",\"position\":2,\"name\":\"Inf\u00f3rmate\",\"item\":\"https:\\\/\\\/fundesplai.org\\\/es\\\/informate\\\/\"},{\"@type\":\"ListItem\",\"position\":3,\"name\":\"Sin categor\u00eda\",\"item\":\"https:\\\/\\\/fundesplai.org\\\/es\\\/informa-t\\\/category\\\/sin-categoria\\\/\"},{\"@type\":\"ListItem\",\"position\":4,\"name\":\"Cerca de 100 personas participan en el IV Foro de Escuelas Verdes del Baix Llobregat\"}]},{\"@type\":\"WebSite\",\"@id\":\"https:\\\/\\\/fundesplai.org\\\/es\\\/#website\",\"url\":\"https:\\\/\\\/fundesplai.org\\\/es\\\/\",\"name\":\"Fundesplai\",\"description\":\"Eduquem per la conviv\u00e8ncia i la sostenibilitat\",\"potentialAction\":[{\"@type\":\"SearchAction\",\"target\":{\"@type\":\"EntryPoint\",\"urlTemplate\":\"https:\\\/\\\/fundesplai.org\\\/es\\\/?s={search_term_string}\"},\"query-input\":{\"@type\":\"PropertyValueSpecification\",\"valueRequired\":true,\"valueName\":\"search_term_string\"}}],\"inLanguage\":\"es\"},{\"@type\":\"Person\",\"@id\":\"https:\\\/\\\/fundesplai.org\\\/es\\\/#\\\/schema\\\/person\\\/c0e9e7466bb8ac06f5264324a6109733\",\"name\":\"Alfons Valle\",\"image\":{\"@type\":\"ImageObject\",\"inLanguage\":\"es\",\"@id\":\"https:\\\/\\\/secure.gravatar.com\\\/avatar\\\/71d95a3f99a068ba570ac1314ed6911a59c5ae3f22ffcf23631cd1a861a640bc?s=96&d=mm&r=g\",\"url\":\"https:\\\/\\\/secure.gravatar.com\\\/avatar\\\/71d95a3f99a068ba570ac1314ed6911a59c5ae3f22ffcf23631cd1a861a640bc?s=96&d=mm&r=g\",\"contentUrl\":\"https:\\\/\\\/secure.gravatar.com\\\/avatar\\\/71d95a3f99a068ba570ac1314ed6911a59c5ae3f22ffcf23631cd1a861a640bc?s=96&d=mm&r=g\",\"caption\":\"Alfons Valle\"},\"url\":\"https:\\\/\\\/fundesplai.org\\\/es\\\/informa-t\\\/author\\\/avalle\\\/\"}]}<\/script>\n<!-- \/ Yoast SEO plugin. -->","yoast_head_json":{"title":"Cerca de 100 personas participan en el IV Foro de Escuelas Verdes del Baix Llobregat - Fundesplai","robots":{"index":"index","follow":"follow","max-snippet":"max-snippet:-1","max-image-preview":"max-image-preview:large","max-video-preview":"max-video-preview:-1"},"canonical":"https:\/\/fundesplai.org\/es\/informa-t\/actualitat-es\/cerca-de-100-personas-participan-en-el-iv-foro-de-escuelas-verdes-del-baix-llobregat\/","og_locale":"es_ES","og_type":"article","og_title":"Cerca de 100 personas participan en el IV Foro de Escuelas Verdes del Baix Llobregat - Fundesplai","og_description":"Cerca de 100 personas, en su mayor\u00eda alumnos de secundaria, pero tambi\u00e9n profesoras y profesores y expertos en sostenibilidad participaron el 8 de noviembre en el IV Foro de Escuelas por la Sostenibilidad del Baix Llobregat.","og_url":"https:\/\/fundesplai.org\/es\/informa-t\/actualitat-es\/cerca-de-100-personas-participan-en-el-iv-foro-de-escuelas-verdes-del-baix-llobregat\/","og_site_name":"Fundesplai","article_published_time":"2018-11-13T13:03:44+00:00","og_image":[{"url":"https:\/\/fundesplai.org\/test-joomla\/wp-content\/uploads\/sites\/26\/2018\/11\/escoles-verdes2.jpg","type":"","width":"","height":""}],"author":"Alfons Valle","twitter_card":"summary_large_image","twitter_misc":{"Escrito por":"Alfons Valle","Tiempo de lectura":"2 minutos"},"schema":{"@context":"https:\/\/schema.org","@graph":[{"@type":"Article","@id":"https:\/\/fundesplai.org\/es\/informa-t\/actualitat-es\/cerca-de-100-personas-participan-en-el-iv-foro-de-escuelas-verdes-del-baix-llobregat\/#article","isPartOf":{"@id":"https:\/\/fundesplai.org\/es\/informa-t\/actualitat-es\/cerca-de-100-personas-participan-en-el-iv-foro-de-escuelas-verdes-del-baix-llobregat\/"},"author":{"name":"Alfons Valle","@id":"https:\/\/fundesplai.org\/es\/#\/schema\/person\/c0e9e7466bb8ac06f5264324a6109733"},"headline":"Cerca de 100 personas participan en el IV Foro de Escuelas Verdes del Baix Llobregat","datePublished":"2018-11-13T13:03:44+00:00","mainEntityOfPage":{"@id":"https:\/\/fundesplai.org\/es\/informa-t\/actualitat-es\/cerca-de-100-personas-participan-en-el-iv-foro-de-escuelas-verdes-del-baix-llobregat\/"},"wordCount":322,"image":{"@id":"https:\/\/fundesplai.org\/es\/informa-t\/actualitat-es\/cerca-de-100-personas-participan-en-el-iv-foro-de-escuelas-verdes-del-baix-llobregat\/#primaryimage"},"thumbnailUrl":"https:\/\/fundesplai.org\/test-joomla\/wp-content\/uploads\/sites\/26\/2018\/11\/escoles-verdes2.jpg","articleSection":["Actualitat"],"inLanguage":"es"},{"@type":"WebPage","@id":"https:\/\/fundesplai.org\/es\/informa-t\/actualitat-es\/cerca-de-100-personas-participan-en-el-iv-foro-de-escuelas-verdes-del-baix-llobregat\/","url":"https:\/\/fundesplai.org\/es\/informa-t\/actualitat-es\/cerca-de-100-personas-participan-en-el-iv-foro-de-escuelas-verdes-del-baix-llobregat\/","name":"Cerca de 100 personas participan en el IV Foro de Escuelas Verdes del Baix Llobregat - Fundesplai","isPartOf":{"@id":"https:\/\/fundesplai.org\/es\/#website"},"primaryImageOfPage":{"@id":"https:\/\/fundesplai.org\/es\/informa-t\/actualitat-es\/cerca-de-100-personas-participan-en-el-iv-foro-de-escuelas-verdes-del-baix-llobregat\/#primaryimage"},"image":{"@id":"https:\/\/fundesplai.org\/es\/informa-t\/actualitat-es\/cerca-de-100-personas-participan-en-el-iv-foro-de-escuelas-verdes-del-baix-llobregat\/#primaryimage"},"thumbnailUrl":"https:\/\/fundesplai.org\/test-joomla\/wp-content\/uploads\/sites\/26\/2018\/11\/escoles-verdes2.jpg","datePublished":"2018-11-13T13:03:44+00:00","author":{"@id":"https:\/\/fundesplai.org\/es\/#\/schema\/person\/c0e9e7466bb8ac06f5264324a6109733"},"breadcrumb":{"@id":"https:\/\/fundesplai.org\/es\/informa-t\/actualitat-es\/cerca-de-100-personas-participan-en-el-iv-foro-de-escuelas-verdes-del-baix-llobregat\/#breadcrumb"},"inLanguage":"es","potentialAction":[{"@type":"ReadAction","target":["https:\/\/fundesplai.org\/es\/informa-t\/actualitat-es\/cerca-de-100-personas-participan-en-el-iv-foro-de-escuelas-verdes-del-baix-llobregat\/"]}]},{"@type":"ImageObject","inLanguage":"es","@id":"https:\/\/fundesplai.org\/es\/informa-t\/actualitat-es\/cerca-de-100-personas-participan-en-el-iv-foro-de-escuelas-verdes-del-baix-llobregat\/#primaryimage","url":"https:\/\/fundesplai.org\/test-joomla\/wp-content\/uploads\/sites\/26\/2018\/11\/escoles-verdes2.jpg","contentUrl":"https:\/\/fundesplai.org\/test-joomla\/wp-content\/uploads\/sites\/26\/2018\/11\/escoles-verdes2.jpg"},{"@type":"BreadcrumbList","@id":"https:\/\/fundesplai.org\/es\/informa-t\/actualitat-es\/cerca-de-100-personas-participan-en-el-iv-foro-de-escuelas-verdes-del-baix-llobregat\/#breadcrumb","itemListElement":[{"@type":"ListItem","position":1,"name":"Inici","item":"https:\/\/fundesplai.org\/es\/inicio\/"},{"@type":"ListItem","position":2,"name":"Inf\u00f3rmate","item":"https:\/\/fundesplai.org\/es\/informate\/"},{"@type":"ListItem","position":3,"name":"Sin categor\u00eda","item":"https:\/\/fundesplai.org\/es\/informa-t\/category\/sin-categoria\/"},{"@type":"ListItem","position":4,"name":"Cerca de 100 personas participan en el IV Foro de Escuelas Verdes del Baix Llobregat"}]},{"@type":"WebSite","@id":"https:\/\/fundesplai.org\/es\/#website","url":"https:\/\/fundesplai.org\/es\/","name":"Fundesplai","description":"Eduquem per la conviv\u00e8ncia i la sostenibilitat","potentialAction":[{"@type":"SearchAction","target":{"@type":"EntryPoint","urlTemplate":"https:\/\/fundesplai.org\/es\/?s={search_term_string}"},"query-input":{"@type":"PropertyValueSpecification","valueRequired":true,"valueName":"search_term_string"}}],"inLanguage":"es"},{"@type":"Person","@id":"https:\/\/fundesplai.org\/es\/#\/schema\/person\/c0e9e7466bb8ac06f5264324a6109733","name":"Alfons Valle","image":{"@type":"ImageObject","inLanguage":"es","@id":"https:\/\/secure.gravatar.com\/avatar\/71d95a3f99a068ba570ac1314ed6911a59c5ae3f22ffcf23631cd1a861a640bc?s=96&d=mm&r=g","url":"https:\/\/secure.gravatar.com\/avatar\/71d95a3f99a068ba570ac1314ed6911a59c5ae3f22ffcf23631cd1a861a640bc?s=96&d=mm&r=g","contentUrl":"https:\/\/secure.gravatar.com\/avatar\/71d95a3f99a068ba570ac1314ed6911a59c5ae3f22ffcf23631cd1a861a640bc?s=96&d=mm&r=g","caption":"Alfons Valle"},"url":"https:\/\/fundesplai.org\/es\/informa-t\/author\/avalle\/"}]}},"_links":{"self":[{"href":"https:\/\/fundesplai.org\/es\/wp-json\/wp\/v2\/posts\/47880","targetHints":{"allow":["GET"]}}],"collection":[{"href":"https:\/\/fundesplai.org\/es\/wp-json\/wp\/v2\/posts"}],"about":[{"href":"https:\/\/fundesplai.org\/es\/wp-json\/wp\/v2\/types\/post"}],"author":[{"embeddable":true,"href":"https:\/\/fundesplai.org\/es\/wp-json\/wp\/v2\/users\/9"}],"replies":[{"embeddable":true,"href":"https:\/\/fundesplai.org\/es\/wp-json\/wp\/v2\/comments?post=47880"}],"version-history":[{"count":0,"href":"https:\/\/fundesplai.org\/es\/wp-json\/wp\/v2\/posts\/47880\/revisions"}],"wp:attachment":[{"href":"https:\/\/fundesplai.org\/es\/wp-json\/wp\/v2\/media?parent=47880"}],"wp:term":[{"taxonomy":"category","embeddable":true,"href":"https:\/\/fundesplai.org\/es\/wp-json\/wp\/v2\/categories?post=47880"},{"taxonomy":"post_tag","embeddable":true,"href":"https:\/\/fundesplai.org\/es\/wp-json\/wp\/v2\/tags?post=47880"}],"curies":[{"name":"wp","href":"https:\/\/api.w.org\/{rel}","templated":true}]}}