{"id":47878,"date":"2018-10-31T12:09:08","date_gmt":"2018-10-31T11:09:08","guid":{"rendered":"https:\/\/fundesplai.org\/informa-t\/sense-categoria\/nuria-valls-nueva-presidenta-de-la-liga\/"},"modified":"2018-10-31T12:09:08","modified_gmt":"2018-10-31T11:09:08","slug":"nuria-valls-nueva-presidenta-de-la-liga","status":"publish","type":"post","link":"https:\/\/fundesplai.org\/es\/informa-t\/actualitat-es\/nuria-valls-nueva-presidenta-de-la-liga\/","title":{"rendered":"N\u00faria Valls, nueva presidenta de La Liga"},"content":{"rendered":"<p>N\u00faria Valls, directora general de Fundesplai i Fundaci\u00f3n Esplai Ciutadania Compromesa, assumeix la presid\u00e8ncia de La Liga fins a l&#8217;any 2020.<\/p>\n<p><!--more--><\/p>\n<p class=\"intro\">Durante los d\u00edas, 28, 29 y 30 de octubre se han celebrado en Costa Rica reuniones de Junta Directiva de la Liga y tambi\u00e9n la Asamblea anual de entidades socias. La Asamblea ha elegido la composici\u00f3n de la nueva Junta, formada por diez personas de organizaciones de distintos pa\u00edses iberoamericanos. N\u00faria Valls, directora general de Fundesplai y Fundaci\u00f3n Esplai Ciudadan\u00eda Comprometida, asume la presidencia hasta el a\u00f1o 2020.<\/p>\n<p class=\"intro\"><img decoding=\"async\" class=\" size-full wp-image-5949\" src=\"https:\/\/fundesplai.org\/test-joomla\/wp-content\/uploads\/sites\/26\/2018\/10\/Nueva-junta-Liga-672x372.jpg\" alt=\"Nueva junta Liga 672x372\" width=\"100%\" height=\"NaN\"><\/p>\n<p>Fundaci\u00f3n Esplai fue una de las organizaciones fundadoras de la Liga Iberoamericana de Organizaciones de la Sociedad Civil, red que cumplir\u00e1 20 a\u00f1os el pr\u00f3ximo 2019. Para los pr\u00f3ximos dos a\u00f1os, asumimos la presidencia, nuestra directora, N\u00faria Valls, comparte desde ayer el trabajo de la junta directiva con:<\/p>\n<ul>\n<li>Francis Elizabeth Valverde Mosquera, ACHNU, Xile.<\/li>\n<li>Valdinei Valerio Da Silva, RENAPSI, Brasil.<\/li>\n<li>Pere Leonardo Delprato, El Abrojo, Uruguai.<\/li>\n<li>Miquel Cort\u00e9s Bofill, Fundaci\u00f3n Fe y Alegr\u00eda, Guatemala.<\/li>\n<li>Renee Solitud Natalie Fresard C\u00e0ceres, Fundaci\u00f3n Nacional para la Superaci\u00f3n de la Pobreza, Chile.<\/li>\n<li>Dora Daniela Dorantes Salgado, Seraj-Servicios a la Juventud, M\u00e8xic.<\/li>\n<li>Ruben Boanerges Quintanilla, FUNSALPRODESE, El Salvador.<\/li>\n<li>Jos\u00e9 Luis Siguil, Moviment TZUK KIM POP, Guatemala.<\/li>\n<li>Rolando Kandel, Fundaci\u00f3 SES, Argentina.<\/li>\n<li>Alejandra Solla, com a directora executiva, de Fundaci\u00f3 SES, Argentina.<\/li>\n<li>Ivonne del Pozo, al cargo de la secretar\u00eda t\u00e9cnica, de Fundaci\u00f3 Esplai.<\/li>\n<\/ul>\n<p>&nbsp;<\/p>\n<ul>\n<li>Presidencia de la Liga: Espa\u00f1a<\/li>\n<li>Vicepresidencias: Chile y Brasil<\/li>\n<li>Tesorer\u00eda: Guatemala<\/li>\n<li>Secretar\u00eda: Uruguay<\/li>\n<\/ul>\n","protected":false},"excerpt":{"rendered":"<p>N\u00faria Valls, directora general de Fundesplai i Fundaci\u00f3n Esplai Ciutadania Compromesa, assumeix la presid\u00e8ncia de La Liga fins a l&#8217;any 2020.<\/p>\n","protected":false},"author":9,"featured_media":0,"comment_status":"closed","ping_status":"closed","sticky":false,"template":"","format":"standard","meta":{"_et_pb_use_builder":"","_et_pb_old_content":"","_et_gb_content_width":"","footnotes":""},"categories":[937],"tags":[],"class_list":["post-47878","post","type-post","status-publish","format-standard","hentry","category-actualitat-es"],"yoast_head":"<!-- This site is optimized with the Yoast SEO plugin v27.4 - https:\/\/yoast.com\/product\/yoast-seo-wordpress\/ -->\n<title>N\u00faria Valls, nueva presidenta de La Liga - Fundesplai<\/title>\n<meta name=\"robots\" content=\"index, follow, max-snippet:-1, max-image-preview:large, max-video-preview:-1\" \/>\n<link rel=\"canonical\" href=\"https:\/\/fundesplai.org\/es\/informa-t\/actualitat-es\/nuria-valls-nueva-presidenta-de-la-liga\/\" \/>\n<meta property=\"og:locale\" content=\"es_ES\" \/>\n<meta property=\"og:type\" content=\"article\" \/>\n<meta property=\"og:title\" content=\"N\u00faria Valls, nueva presidenta de La Liga - Fundesplai\" \/>\n<meta property=\"og:description\" content=\"N\u00faria Valls, directora general de Fundesplai i Fundaci\u00f3n Esplai Ciutadania Compromesa, assumeix la presid\u00e8ncia de La Liga fins a l&#8217;any 2020.\" \/>\n<meta property=\"og:url\" content=\"https:\/\/fundesplai.org\/es\/informa-t\/actualitat-es\/nuria-valls-nueva-presidenta-de-la-liga\/\" \/>\n<meta property=\"og:site_name\" content=\"Fundesplai\" \/>\n<meta property=\"article:published_time\" content=\"2018-10-31T11:09:08+00:00\" \/>\n<meta property=\"og:image\" content=\"https:\/\/fundesplai.org\/test-joomla\/wp-content\/uploads\/sites\/26\/2018\/10\/Nueva-junta-Liga-672x372.jpg\" \/>\n<meta name=\"author\" content=\"Alfons Valle\" \/>\n<meta name=\"twitter:card\" content=\"summary_large_image\" \/>\n<meta name=\"twitter:label1\" content=\"Escrito por\" \/>\n\t<meta name=\"twitter:data1\" content=\"Alfons Valle\" \/>\n\t<meta name=\"twitter:label2\" content=\"Tiempo de lectura\" \/>\n\t<meta name=\"twitter:data2\" content=\"1 minuto\" \/>\n<script type=\"application\/ld+json\" class=\"yoast-schema-graph\">{\"@context\":\"https:\\\/\\\/schema.org\",\"@graph\":[{\"@type\":\"Article\",\"@id\":\"https:\\\/\\\/fundesplai.org\\\/es\\\/informa-t\\\/actualitat-es\\\/nuria-valls-nueva-presidenta-de-la-liga\\\/#article\",\"isPartOf\":{\"@id\":\"https:\\\/\\\/fundesplai.org\\\/es\\\/informa-t\\\/actualitat-es\\\/nuria-valls-nueva-presidenta-de-la-liga\\\/\"},\"author\":{\"name\":\"Alfons Valle\",\"@id\":\"https:\\\/\\\/fundesplai.org\\\/es\\\/#\\\/schema\\\/person\\\/c0e9e7466bb8ac06f5264324a6109733\"},\"headline\":\"N\u00faria Valls, nueva presidenta de La Liga\",\"datePublished\":\"2018-10-31T11:09:08+00:00\",\"mainEntityOfPage\":{\"@id\":\"https:\\\/\\\/fundesplai.org\\\/es\\\/informa-t\\\/actualitat-es\\\/nuria-valls-nueva-presidenta-de-la-liga\\\/\"},\"wordCount\":272,\"image\":{\"@id\":\"https:\\\/\\\/fundesplai.org\\\/es\\\/informa-t\\\/actualitat-es\\\/nuria-valls-nueva-presidenta-de-la-liga\\\/#primaryimage\"},\"thumbnailUrl\":\"https:\\\/\\\/fundesplai.org\\\/test-joomla\\\/wp-content\\\/uploads\\\/sites\\\/26\\\/2018\\\/10\\\/Nueva-junta-Liga-672x372.jpg\",\"articleSection\":[\"Actualitat\"],\"inLanguage\":\"es\"},{\"@type\":\"WebPage\",\"@id\":\"https:\\\/\\\/fundesplai.org\\\/es\\\/informa-t\\\/actualitat-es\\\/nuria-valls-nueva-presidenta-de-la-liga\\\/\",\"url\":\"https:\\\/\\\/fundesplai.org\\\/es\\\/informa-t\\\/actualitat-es\\\/nuria-valls-nueva-presidenta-de-la-liga\\\/\",\"name\":\"N\u00faria Valls, nueva presidenta de La Liga - Fundesplai\",\"isPartOf\":{\"@id\":\"https:\\\/\\\/fundesplai.org\\\/es\\\/#website\"},\"primaryImageOfPage\":{\"@id\":\"https:\\\/\\\/fundesplai.org\\\/es\\\/informa-t\\\/actualitat-es\\\/nuria-valls-nueva-presidenta-de-la-liga\\\/#primaryimage\"},\"image\":{\"@id\":\"https:\\\/\\\/fundesplai.org\\\/es\\\/informa-t\\\/actualitat-es\\\/nuria-valls-nueva-presidenta-de-la-liga\\\/#primaryimage\"},\"thumbnailUrl\":\"https:\\\/\\\/fundesplai.org\\\/test-joomla\\\/wp-content\\\/uploads\\\/sites\\\/26\\\/2018\\\/10\\\/Nueva-junta-Liga-672x372.jpg\",\"datePublished\":\"2018-10-31T11:09:08+00:00\",\"author\":{\"@id\":\"https:\\\/\\\/fundesplai.org\\\/es\\\/#\\\/schema\\\/person\\\/c0e9e7466bb8ac06f5264324a6109733\"},\"breadcrumb\":{\"@id\":\"https:\\\/\\\/fundesplai.org\\\/es\\\/informa-t\\\/actualitat-es\\\/nuria-valls-nueva-presidenta-de-la-liga\\\/#breadcrumb\"},\"inLanguage\":\"es\",\"potentialAction\":[{\"@type\":\"ReadAction\",\"target\":[\"https:\\\/\\\/fundesplai.org\\\/es\\\/informa-t\\\/actualitat-es\\\/nuria-valls-nueva-presidenta-de-la-liga\\\/\"]}]},{\"@type\":\"ImageObject\",\"inLanguage\":\"es\",\"@id\":\"https:\\\/\\\/fundesplai.org\\\/es\\\/informa-t\\\/actualitat-es\\\/nuria-valls-nueva-presidenta-de-la-liga\\\/#primaryimage\",\"url\":\"https:\\\/\\\/fundesplai.org\\\/test-joomla\\\/wp-content\\\/uploads\\\/sites\\\/26\\\/2018\\\/10\\\/Nueva-junta-Liga-672x372.jpg\",\"contentUrl\":\"https:\\\/\\\/fundesplai.org\\\/test-joomla\\\/wp-content\\\/uploads\\\/sites\\\/26\\\/2018\\\/10\\\/Nueva-junta-Liga-672x372.jpg\"},{\"@type\":\"BreadcrumbList\",\"@id\":\"https:\\\/\\\/fundesplai.org\\\/es\\\/informa-t\\\/actualitat-es\\\/nuria-valls-nueva-presidenta-de-la-liga\\\/#breadcrumb\",\"itemListElement\":[{\"@type\":\"ListItem\",\"position\":1,\"name\":\"Inici\",\"item\":\"https:\\\/\\\/fundesplai.org\\\/es\\\/inicio\\\/\"},{\"@type\":\"ListItem\",\"position\":2,\"name\":\"Inf\u00f3rmate\",\"item\":\"https:\\\/\\\/fundesplai.org\\\/es\\\/informate\\\/\"},{\"@type\":\"ListItem\",\"position\":3,\"name\":\"Sin categor\u00eda\",\"item\":\"https:\\\/\\\/fundesplai.org\\\/es\\\/informa-t\\\/category\\\/sin-categoria\\\/\"},{\"@type\":\"ListItem\",\"position\":4,\"name\":\"N\u00faria Valls, nueva presidenta de La Liga\"}]},{\"@type\":\"WebSite\",\"@id\":\"https:\\\/\\\/fundesplai.org\\\/es\\\/#website\",\"url\":\"https:\\\/\\\/fundesplai.org\\\/es\\\/\",\"name\":\"Fundesplai\",\"description\":\"Eduquem per la conviv\u00e8ncia i la sostenibilitat\",\"potentialAction\":[{\"@type\":\"SearchAction\",\"target\":{\"@type\":\"EntryPoint\",\"urlTemplate\":\"https:\\\/\\\/fundesplai.org\\\/es\\\/?s={search_term_string}\"},\"query-input\":{\"@type\":\"PropertyValueSpecification\",\"valueRequired\":true,\"valueName\":\"search_term_string\"}}],\"inLanguage\":\"es\"},{\"@type\":\"Person\",\"@id\":\"https:\\\/\\\/fundesplai.org\\\/es\\\/#\\\/schema\\\/person\\\/c0e9e7466bb8ac06f5264324a6109733\",\"name\":\"Alfons Valle\",\"image\":{\"@type\":\"ImageObject\",\"inLanguage\":\"es\",\"@id\":\"https:\\\/\\\/secure.gravatar.com\\\/avatar\\\/71d95a3f99a068ba570ac1314ed6911a59c5ae3f22ffcf23631cd1a861a640bc?s=96&d=mm&r=g\",\"url\":\"https:\\\/\\\/secure.gravatar.com\\\/avatar\\\/71d95a3f99a068ba570ac1314ed6911a59c5ae3f22ffcf23631cd1a861a640bc?s=96&d=mm&r=g\",\"contentUrl\":\"https:\\\/\\\/secure.gravatar.com\\\/avatar\\\/71d95a3f99a068ba570ac1314ed6911a59c5ae3f22ffcf23631cd1a861a640bc?s=96&d=mm&r=g\",\"caption\":\"Alfons Valle\"},\"url\":\"https:\\\/\\\/fundesplai.org\\\/es\\\/informa-t\\\/author\\\/avalle\\\/\"}]}<\/script>\n<!-- \/ Yoast SEO plugin. -->","yoast_head_json":{"title":"N\u00faria Valls, nueva presidenta de La Liga - Fundesplai","robots":{"index":"index","follow":"follow","max-snippet":"max-snippet:-1","max-image-preview":"max-image-preview:large","max-video-preview":"max-video-preview:-1"},"canonical":"https:\/\/fundesplai.org\/es\/informa-t\/actualitat-es\/nuria-valls-nueva-presidenta-de-la-liga\/","og_locale":"es_ES","og_type":"article","og_title":"N\u00faria Valls, nueva presidenta de La Liga - Fundesplai","og_description":"N\u00faria Valls, directora general de Fundesplai i Fundaci\u00f3n Esplai Ciutadania Compromesa, assumeix la presid\u00e8ncia de La Liga fins a l&#8217;any 2020.","og_url":"https:\/\/fundesplai.org\/es\/informa-t\/actualitat-es\/nuria-valls-nueva-presidenta-de-la-liga\/","og_site_name":"Fundesplai","article_published_time":"2018-10-31T11:09:08+00:00","og_image":[{"url":"https:\/\/fundesplai.org\/test-joomla\/wp-content\/uploads\/sites\/26\/2018\/10\/Nueva-junta-Liga-672x372.jpg","type":"","width":"","height":""}],"author":"Alfons Valle","twitter_card":"summary_large_image","twitter_misc":{"Escrito por":"Alfons Valle","Tiempo de lectura":"1 minuto"},"schema":{"@context":"https:\/\/schema.org","@graph":[{"@type":"Article","@id":"https:\/\/fundesplai.org\/es\/informa-t\/actualitat-es\/nuria-valls-nueva-presidenta-de-la-liga\/#article","isPartOf":{"@id":"https:\/\/fundesplai.org\/es\/informa-t\/actualitat-es\/nuria-valls-nueva-presidenta-de-la-liga\/"},"author":{"name":"Alfons Valle","@id":"https:\/\/fundesplai.org\/es\/#\/schema\/person\/c0e9e7466bb8ac06f5264324a6109733"},"headline":"N\u00faria Valls, nueva presidenta de La Liga","datePublished":"2018-10-31T11:09:08+00:00","mainEntityOfPage":{"@id":"https:\/\/fundesplai.org\/es\/informa-t\/actualitat-es\/nuria-valls-nueva-presidenta-de-la-liga\/"},"wordCount":272,"image":{"@id":"https:\/\/fundesplai.org\/es\/informa-t\/actualitat-es\/nuria-valls-nueva-presidenta-de-la-liga\/#primaryimage"},"thumbnailUrl":"https:\/\/fundesplai.org\/test-joomla\/wp-content\/uploads\/sites\/26\/2018\/10\/Nueva-junta-Liga-672x372.jpg","articleSection":["Actualitat"],"inLanguage":"es"},{"@type":"WebPage","@id":"https:\/\/fundesplai.org\/es\/informa-t\/actualitat-es\/nuria-valls-nueva-presidenta-de-la-liga\/","url":"https:\/\/fundesplai.org\/es\/informa-t\/actualitat-es\/nuria-valls-nueva-presidenta-de-la-liga\/","name":"N\u00faria Valls, nueva presidenta de La Liga - Fundesplai","isPartOf":{"@id":"https:\/\/fundesplai.org\/es\/#website"},"primaryImageOfPage":{"@id":"https:\/\/fundesplai.org\/es\/informa-t\/actualitat-es\/nuria-valls-nueva-presidenta-de-la-liga\/#primaryimage"},"image":{"@id":"https:\/\/fundesplai.org\/es\/informa-t\/actualitat-es\/nuria-valls-nueva-presidenta-de-la-liga\/#primaryimage"},"thumbnailUrl":"https:\/\/fundesplai.org\/test-joomla\/wp-content\/uploads\/sites\/26\/2018\/10\/Nueva-junta-Liga-672x372.jpg","datePublished":"2018-10-31T11:09:08+00:00","author":{"@id":"https:\/\/fundesplai.org\/es\/#\/schema\/person\/c0e9e7466bb8ac06f5264324a6109733"},"breadcrumb":{"@id":"https:\/\/fundesplai.org\/es\/informa-t\/actualitat-es\/nuria-valls-nueva-presidenta-de-la-liga\/#breadcrumb"},"inLanguage":"es","potentialAction":[{"@type":"ReadAction","target":["https:\/\/fundesplai.org\/es\/informa-t\/actualitat-es\/nuria-valls-nueva-presidenta-de-la-liga\/"]}]},{"@type":"ImageObject","inLanguage":"es","@id":"https:\/\/fundesplai.org\/es\/informa-t\/actualitat-es\/nuria-valls-nueva-presidenta-de-la-liga\/#primaryimage","url":"https:\/\/fundesplai.org\/test-joomla\/wp-content\/uploads\/sites\/26\/2018\/10\/Nueva-junta-Liga-672x372.jpg","contentUrl":"https:\/\/fundesplai.org\/test-joomla\/wp-content\/uploads\/sites\/26\/2018\/10\/Nueva-junta-Liga-672x372.jpg"},{"@type":"BreadcrumbList","@id":"https:\/\/fundesplai.org\/es\/informa-t\/actualitat-es\/nuria-valls-nueva-presidenta-de-la-liga\/#breadcrumb","itemListElement":[{"@type":"ListItem","position":1,"name":"Inici","item":"https:\/\/fundesplai.org\/es\/inicio\/"},{"@type":"ListItem","position":2,"name":"Inf\u00f3rmate","item":"https:\/\/fundesplai.org\/es\/informate\/"},{"@type":"ListItem","position":3,"name":"Sin categor\u00eda","item":"https:\/\/fundesplai.org\/es\/informa-t\/category\/sin-categoria\/"},{"@type":"ListItem","position":4,"name":"N\u00faria Valls, nueva presidenta de La Liga"}]},{"@type":"WebSite","@id":"https:\/\/fundesplai.org\/es\/#website","url":"https:\/\/fundesplai.org\/es\/","name":"Fundesplai","description":"Eduquem per la conviv\u00e8ncia i la sostenibilitat","potentialAction":[{"@type":"SearchAction","target":{"@type":"EntryPoint","urlTemplate":"https:\/\/fundesplai.org\/es\/?s={search_term_string}"},"query-input":{"@type":"PropertyValueSpecification","valueRequired":true,"valueName":"search_term_string"}}],"inLanguage":"es"},{"@type":"Person","@id":"https:\/\/fundesplai.org\/es\/#\/schema\/person\/c0e9e7466bb8ac06f5264324a6109733","name":"Alfons Valle","image":{"@type":"ImageObject","inLanguage":"es","@id":"https:\/\/secure.gravatar.com\/avatar\/71d95a3f99a068ba570ac1314ed6911a59c5ae3f22ffcf23631cd1a861a640bc?s=96&d=mm&r=g","url":"https:\/\/secure.gravatar.com\/avatar\/71d95a3f99a068ba570ac1314ed6911a59c5ae3f22ffcf23631cd1a861a640bc?s=96&d=mm&r=g","contentUrl":"https:\/\/secure.gravatar.com\/avatar\/71d95a3f99a068ba570ac1314ed6911a59c5ae3f22ffcf23631cd1a861a640bc?s=96&d=mm&r=g","caption":"Alfons Valle"},"url":"https:\/\/fundesplai.org\/es\/informa-t\/author\/avalle\/"}]}},"_links":{"self":[{"href":"https:\/\/fundesplai.org\/es\/wp-json\/wp\/v2\/posts\/47878","targetHints":{"allow":["GET"]}}],"collection":[{"href":"https:\/\/fundesplai.org\/es\/wp-json\/wp\/v2\/posts"}],"about":[{"href":"https:\/\/fundesplai.org\/es\/wp-json\/wp\/v2\/types\/post"}],"author":[{"embeddable":true,"href":"https:\/\/fundesplai.org\/es\/wp-json\/wp\/v2\/users\/9"}],"replies":[{"embeddable":true,"href":"https:\/\/fundesplai.org\/es\/wp-json\/wp\/v2\/comments?post=47878"}],"version-history":[{"count":0,"href":"https:\/\/fundesplai.org\/es\/wp-json\/wp\/v2\/posts\/47878\/revisions"}],"wp:attachment":[{"href":"https:\/\/fundesplai.org\/es\/wp-json\/wp\/v2\/media?parent=47878"}],"wp:term":[{"taxonomy":"category","embeddable":true,"href":"https:\/\/fundesplai.org\/es\/wp-json\/wp\/v2\/categories?post=47878"},{"taxonomy":"post_tag","embeddable":true,"href":"https:\/\/fundesplai.org\/es\/wp-json\/wp\/v2\/tags?post=47878"}],"curies":[{"name":"wp","href":"https:\/\/api.w.org\/{rel}","templated":true}]}}