{"id":47872,"date":"2018-10-22T13:23:24","date_gmt":"2018-10-22T11:23:24","guid":{"rendered":"https:\/\/fundesplai.org\/informa-t\/sense-categoria\/el-esplai-gisc-hace-45-anos\/"},"modified":"2023-08-14T11:31:38","modified_gmt":"2023-08-14T09:31:38","slug":"el-esplai-gisc-hace-45-anos","status":"publish","type":"post","link":"https:\/\/fundesplai.org\/es\/informa-t\/actualitat-es\/el-esplai-gisc-hace-45-anos\/","title":{"rendered":"\u00a1El Esplai GISC hace 45 a\u00f1os!"},"content":{"rendered":"<p>El pasado s\u00e1bado 20 de octubre el Esplai Gisc, del barrio de Sant Cosme en El Prat de Llobregat, inici\u00f3 los actos de su 45 aniversario. La celebraci\u00f3n cont\u00f3 con la presencia de ni\u00f1os, j\u00f3venes y familias de la entidad, responsables de otros esplais y de Fundesplai as\u00ed como de miembros fundadores y fundadoras de la entidad y las concejalas Anna Maria Cuello y Pilar Eslava, Concejala de &#8216;Igualdad, Juventud y Solidaridad&nbsp;y Teniente de alcalde del \u00c1rea de Igualdad y Derechos Sociales del Ayuntamiento de El Prat, respectivamente.<\/p>\n<p><!--more--><\/p>\n<p class=\"intro\">El pasado s\u00e1bado 20 de octubre el Esplai Gisc, del barrio de Sant Cosme en El Prat de Llobregat, inici\u00f3 los actos de su 45 aniversario. La celebraci\u00f3n cont\u00f3 con la presencia de ni\u00f1os, j\u00f3venes y familias de la entidad, responsables de otros esplais y de Fundesplai as\u00ed como de miembros fundadores y fundadoras de la entidad y las concejalas Anna Maria Cuello y&nbsp;Pilar Eslava, Concejala de Igualdad, Juventud y Solidaridad&nbsp;y&nbsp;Teniente de alcalde del \u00c1rea de Igualdad y Derechos Sociales&nbsp;del Ayuntamiento de El Prat, respectivamente.<\/p>\n<table style=\"height: 31px;width: 100%\">\n<tbody>\n<tr>\n<td colspan=\"2\"><img decoding=\"async\" class=\" size-full wp-image-5915\" src=\"https:\/\/fundesplai.org\/test-joomla\/wp-content\/uploads\/sites\/26\/2018\/10\/gisc-45.jpg\" alt=\"gisc 45\" width=\"100%\" height=\"NaN\"><\/td>\n<\/tr>\n<tr>\n<td><img decoding=\"async\" class=\" size-full wp-image-5919\" src=\"https:\/\/fundesplai.org\/test-joomla\/wp-content\/uploads\/sites\/26\/2018\/10\/gisc-45-3.jpg\" alt=\"gisc 45 3\" width=\"100%\" height=\"NaN\"><\/td>\n<td><img decoding=\"async\" class=\" size-full wp-image-5921\" src=\"https:\/\/fundesplai.org\/test-joomla\/wp-content\/uploads\/sites\/26\/2018\/10\/gisc-45-2.jpg\" alt=\"gisc 45 2\" width=\"100%\" height=\"NaN\"><\/td>\n<\/tr>\n<\/tbody>\n<\/table>\n<p>El esplai naci\u00f3 en 1973 con el objetivo de impulsar la educaci\u00f3n en el ocio de los ni\u00f1os y j\u00f3venes del&nbsp;barrio de Sant Cosme del Prat de Llobregat y desde hace m\u00e1s de 40 a\u00f1os, organiza, como entidad de ocio en el barrio, actividades educativas en el tiempo libre de los ni\u00f1os, adolescentes y sus familias y colabora con la comunidad de vecinos , entidades y escuela del barrio. Comparte y educa, con la&nbsp;<a href=\"https:\/\/fundesplai.org\/ca\/\" target=\"_blank\" rel=\"noopener\">Federaci\u00f3n y Fundaci\u00f3n Catalana del Esplai<\/a>.<\/p>\n<p>Durante la celebraci\u00f3n, Jos\u00e9 Luis Rodr\u00edguez, ex director del esplai, destac\u00f3 la labor comunitaria en favor del barrio y el compromiso de monitoras y monitores, de ni\u00f1os, j\u00f3venes y familias as\u00ed como de las administraciones p\u00fablicas. En el acto tambi\u00e9n se present\u00f3 un mural que hab\u00edan elaborado ni\u00f1os y j\u00f3venes. LA Festa termin\u00f3 con una actuaci\u00f3n de animaci\u00f3n infantil con el Grupo Pep Callau y Pepsicolen de la Fundaci\u00f3n La Roda.&nbsp;<\/p>\n<p>&nbsp;<\/p>\n","protected":false},"excerpt":{"rendered":"<p>El pasado s\u00e1bado 20 de octubre el Esplai Gisc, del barrio de Sant Cosme en El Prat de Llobregat, inici\u00f3 los actos de su 45 aniversario. La celebraci\u00f3n cont\u00f3 con la presencia de ni\u00f1os, j\u00f3venes y familias de la entidad, responsables de otros esplais y de Fundesplai as\u00ed como de miembros fundadores y fundadoras de [&hellip;]<\/p>\n","protected":false},"author":4,"featured_media":0,"comment_status":"closed","ping_status":"closed","sticky":false,"template":"","format":"standard","meta":{"_et_pb_use_builder":"","_et_pb_old_content":"","_et_gb_content_width":"","footnotes":""},"categories":[937],"tags":[],"class_list":["post-47872","post","type-post","status-publish","format-standard","hentry","category-actualitat-es"],"yoast_head":"<!-- This site is optimized with the Yoast SEO plugin v27.4 - https:\/\/yoast.com\/product\/yoast-seo-wordpress\/ -->\n<title>\u00a1El Esplai GISC hace 45 a\u00f1os! - Fundesplai<\/title>\n<meta name=\"robots\" content=\"index, follow, max-snippet:-1, max-image-preview:large, max-video-preview:-1\" \/>\n<link rel=\"canonical\" href=\"https:\/\/fundesplai.org\/es\/informa-t\/actualitat-es\/el-esplai-gisc-hace-45-anos\/\" \/>\n<meta property=\"og:locale\" content=\"es_ES\" \/>\n<meta property=\"og:type\" content=\"article\" \/>\n<meta property=\"og:title\" content=\"\u00a1El Esplai GISC hace 45 a\u00f1os! - Fundesplai\" \/>\n<meta property=\"og:description\" content=\"El pasado s\u00e1bado 20 de octubre el Esplai Gisc, del barrio de Sant Cosme en El Prat de Llobregat, inici\u00f3 los actos de su 45 aniversario. La celebraci\u00f3n cont\u00f3 con la presencia de ni\u00f1os, j\u00f3venes y familias de la entidad, responsables de otros esplais y de Fundesplai as\u00ed como de miembros fundadores y fundadoras de [&hellip;]\" \/>\n<meta property=\"og:url\" content=\"https:\/\/fundesplai.org\/es\/informa-t\/actualitat-es\/el-esplai-gisc-hace-45-anos\/\" \/>\n<meta property=\"og:site_name\" content=\"Fundesplai\" \/>\n<meta property=\"article:published_time\" content=\"2018-10-22T11:23:24+00:00\" \/>\n<meta property=\"article:modified_time\" content=\"2023-08-14T09:31:38+00:00\" \/>\n<meta property=\"og:image\" content=\"https:\/\/fundesplai.org\/test-joomla\/wp-content\/uploads\/sites\/26\/2018\/10\/gisc-45.jpg\" \/>\n<meta name=\"author\" content=\"Ferran\" \/>\n<meta name=\"twitter:card\" content=\"summary_large_image\" \/>\n<meta name=\"twitter:label1\" content=\"Escrito por\" \/>\n\t<meta name=\"twitter:data1\" content=\"Ferran\" \/>\n\t<meta name=\"twitter:label2\" content=\"Tiempo de lectura\" \/>\n\t<meta name=\"twitter:data2\" content=\"2 minutos\" \/>\n<script type=\"application\/ld+json\" class=\"yoast-schema-graph\">{\"@context\":\"https:\\\/\\\/schema.org\",\"@graph\":[{\"@type\":\"Article\",\"@id\":\"https:\\\/\\\/fundesplai.org\\\/es\\\/informa-t\\\/actualitat-es\\\/el-esplai-gisc-hace-45-anos\\\/#article\",\"isPartOf\":{\"@id\":\"https:\\\/\\\/fundesplai.org\\\/es\\\/informa-t\\\/actualitat-es\\\/el-esplai-gisc-hace-45-anos\\\/\"},\"author\":{\"name\":\"Ferran\",\"@id\":\"https:\\\/\\\/fundesplai.org\\\/es\\\/#\\\/schema\\\/person\\\/67e7825d8ec54561cc24e36ba6b0f633\"},\"headline\":\"\u00a1El Esplai GISC hace 45 a\u00f1os!\",\"datePublished\":\"2018-10-22T11:23:24+00:00\",\"dateModified\":\"2023-08-14T09:31:38+00:00\",\"mainEntityOfPage\":{\"@id\":\"https:\\\/\\\/fundesplai.org\\\/es\\\/informa-t\\\/actualitat-es\\\/el-esplai-gisc-hace-45-anos\\\/\"},\"wordCount\":366,\"image\":{\"@id\":\"https:\\\/\\\/fundesplai.org\\\/es\\\/informa-t\\\/actualitat-es\\\/el-esplai-gisc-hace-45-anos\\\/#primaryimage\"},\"thumbnailUrl\":\"https:\\\/\\\/fundesplai.org\\\/test-joomla\\\/wp-content\\\/uploads\\\/sites\\\/26\\\/2018\\\/10\\\/gisc-45.jpg\",\"articleSection\":[\"Actualitat\"],\"inLanguage\":\"es\"},{\"@type\":\"WebPage\",\"@id\":\"https:\\\/\\\/fundesplai.org\\\/es\\\/informa-t\\\/actualitat-es\\\/el-esplai-gisc-hace-45-anos\\\/\",\"url\":\"https:\\\/\\\/fundesplai.org\\\/es\\\/informa-t\\\/actualitat-es\\\/el-esplai-gisc-hace-45-anos\\\/\",\"name\":\"\u00a1El Esplai GISC hace 45 a\u00f1os! - Fundesplai\",\"isPartOf\":{\"@id\":\"https:\\\/\\\/fundesplai.org\\\/es\\\/#website\"},\"primaryImageOfPage\":{\"@id\":\"https:\\\/\\\/fundesplai.org\\\/es\\\/informa-t\\\/actualitat-es\\\/el-esplai-gisc-hace-45-anos\\\/#primaryimage\"},\"image\":{\"@id\":\"https:\\\/\\\/fundesplai.org\\\/es\\\/informa-t\\\/actualitat-es\\\/el-esplai-gisc-hace-45-anos\\\/#primaryimage\"},\"thumbnailUrl\":\"https:\\\/\\\/fundesplai.org\\\/test-joomla\\\/wp-content\\\/uploads\\\/sites\\\/26\\\/2018\\\/10\\\/gisc-45.jpg\",\"datePublished\":\"2018-10-22T11:23:24+00:00\",\"dateModified\":\"2023-08-14T09:31:38+00:00\",\"author\":{\"@id\":\"https:\\\/\\\/fundesplai.org\\\/es\\\/#\\\/schema\\\/person\\\/67e7825d8ec54561cc24e36ba6b0f633\"},\"breadcrumb\":{\"@id\":\"https:\\\/\\\/fundesplai.org\\\/es\\\/informa-t\\\/actualitat-es\\\/el-esplai-gisc-hace-45-anos\\\/#breadcrumb\"},\"inLanguage\":\"es\",\"potentialAction\":[{\"@type\":\"ReadAction\",\"target\":[\"https:\\\/\\\/fundesplai.org\\\/es\\\/informa-t\\\/actualitat-es\\\/el-esplai-gisc-hace-45-anos\\\/\"]}]},{\"@type\":\"ImageObject\",\"inLanguage\":\"es\",\"@id\":\"https:\\\/\\\/fundesplai.org\\\/es\\\/informa-t\\\/actualitat-es\\\/el-esplai-gisc-hace-45-anos\\\/#primaryimage\",\"url\":\"https:\\\/\\\/fundesplai.org\\\/test-joomla\\\/wp-content\\\/uploads\\\/sites\\\/26\\\/2018\\\/10\\\/gisc-45.jpg\",\"contentUrl\":\"https:\\\/\\\/fundesplai.org\\\/test-joomla\\\/wp-content\\\/uploads\\\/sites\\\/26\\\/2018\\\/10\\\/gisc-45.jpg\"},{\"@type\":\"BreadcrumbList\",\"@id\":\"https:\\\/\\\/fundesplai.org\\\/es\\\/informa-t\\\/actualitat-es\\\/el-esplai-gisc-hace-45-anos\\\/#breadcrumb\",\"itemListElement\":[{\"@type\":\"ListItem\",\"position\":1,\"name\":\"Inici\",\"item\":\"https:\\\/\\\/fundesplai.org\\\/es\\\/inicio\\\/\"},{\"@type\":\"ListItem\",\"position\":2,\"name\":\"Inf\u00f3rmate\",\"item\":\"https:\\\/\\\/fundesplai.org\\\/es\\\/informate\\\/\"},{\"@type\":\"ListItem\",\"position\":3,\"name\":\"Actualitat\",\"item\":\"https:\\\/\\\/fundesplai.org\\\/es\\\/informa-t\\\/category\\\/actualitat-es\\\/\"},{\"@type\":\"ListItem\",\"position\":4,\"name\":\"\u00a1El Esplai GISC hace 45 a\u00f1os!\"}]},{\"@type\":\"WebSite\",\"@id\":\"https:\\\/\\\/fundesplai.org\\\/es\\\/#website\",\"url\":\"https:\\\/\\\/fundesplai.org\\\/es\\\/\",\"name\":\"Fundesplai\",\"description\":\"Eduquem per la conviv\u00e8ncia i la sostenibilitat\",\"potentialAction\":[{\"@type\":\"SearchAction\",\"target\":{\"@type\":\"EntryPoint\",\"urlTemplate\":\"https:\\\/\\\/fundesplai.org\\\/es\\\/?s={search_term_string}\"},\"query-input\":{\"@type\":\"PropertyValueSpecification\",\"valueRequired\":true,\"valueName\":\"search_term_string\"}}],\"inLanguage\":\"es\"},{\"@type\":\"Person\",\"@id\":\"https:\\\/\\\/fundesplai.org\\\/es\\\/#\\\/schema\\\/person\\\/67e7825d8ec54561cc24e36ba6b0f633\",\"name\":\"Ferran\",\"image\":{\"@type\":\"ImageObject\",\"inLanguage\":\"es\",\"@id\":\"https:\\\/\\\/secure.gravatar.com\\\/avatar\\\/a3510350976b58aae6eccd1e36f066b660a69ef63f97fde3cba8205db7db816a?s=96&d=mm&r=g\",\"url\":\"https:\\\/\\\/secure.gravatar.com\\\/avatar\\\/a3510350976b58aae6eccd1e36f066b660a69ef63f97fde3cba8205db7db816a?s=96&d=mm&r=g\",\"contentUrl\":\"https:\\\/\\\/secure.gravatar.com\\\/avatar\\\/a3510350976b58aae6eccd1e36f066b660a69ef63f97fde3cba8205db7db816a?s=96&d=mm&r=g\",\"caption\":\"Ferran\"},\"url\":\"https:\\\/\\\/fundesplai.org\\\/es\\\/informa-t\\\/author\\\/fvidal\\\/\"}]}<\/script>\n<!-- \/ Yoast SEO plugin. -->","yoast_head_json":{"title":"\u00a1El Esplai GISC hace 45 a\u00f1os! - Fundesplai","robots":{"index":"index","follow":"follow","max-snippet":"max-snippet:-1","max-image-preview":"max-image-preview:large","max-video-preview":"max-video-preview:-1"},"canonical":"https:\/\/fundesplai.org\/es\/informa-t\/actualitat-es\/el-esplai-gisc-hace-45-anos\/","og_locale":"es_ES","og_type":"article","og_title":"\u00a1El Esplai GISC hace 45 a\u00f1os! - Fundesplai","og_description":"El pasado s\u00e1bado 20 de octubre el Esplai Gisc, del barrio de Sant Cosme en El Prat de Llobregat, inici\u00f3 los actos de su 45 aniversario. La celebraci\u00f3n cont\u00f3 con la presencia de ni\u00f1os, j\u00f3venes y familias de la entidad, responsables de otros esplais y de Fundesplai as\u00ed como de miembros fundadores y fundadoras de [&hellip;]","og_url":"https:\/\/fundesplai.org\/es\/informa-t\/actualitat-es\/el-esplai-gisc-hace-45-anos\/","og_site_name":"Fundesplai","article_published_time":"2018-10-22T11:23:24+00:00","article_modified_time":"2023-08-14T09:31:38+00:00","og_image":[{"url":"https:\/\/fundesplai.org\/test-joomla\/wp-content\/uploads\/sites\/26\/2018\/10\/gisc-45.jpg","type":"","width":"","height":""}],"author":"Ferran","twitter_card":"summary_large_image","twitter_misc":{"Escrito por":"Ferran","Tiempo de lectura":"2 minutos"},"schema":{"@context":"https:\/\/schema.org","@graph":[{"@type":"Article","@id":"https:\/\/fundesplai.org\/es\/informa-t\/actualitat-es\/el-esplai-gisc-hace-45-anos\/#article","isPartOf":{"@id":"https:\/\/fundesplai.org\/es\/informa-t\/actualitat-es\/el-esplai-gisc-hace-45-anos\/"},"author":{"name":"Ferran","@id":"https:\/\/fundesplai.org\/es\/#\/schema\/person\/67e7825d8ec54561cc24e36ba6b0f633"},"headline":"\u00a1El Esplai GISC hace 45 a\u00f1os!","datePublished":"2018-10-22T11:23:24+00:00","dateModified":"2023-08-14T09:31:38+00:00","mainEntityOfPage":{"@id":"https:\/\/fundesplai.org\/es\/informa-t\/actualitat-es\/el-esplai-gisc-hace-45-anos\/"},"wordCount":366,"image":{"@id":"https:\/\/fundesplai.org\/es\/informa-t\/actualitat-es\/el-esplai-gisc-hace-45-anos\/#primaryimage"},"thumbnailUrl":"https:\/\/fundesplai.org\/test-joomla\/wp-content\/uploads\/sites\/26\/2018\/10\/gisc-45.jpg","articleSection":["Actualitat"],"inLanguage":"es"},{"@type":"WebPage","@id":"https:\/\/fundesplai.org\/es\/informa-t\/actualitat-es\/el-esplai-gisc-hace-45-anos\/","url":"https:\/\/fundesplai.org\/es\/informa-t\/actualitat-es\/el-esplai-gisc-hace-45-anos\/","name":"\u00a1El Esplai GISC hace 45 a\u00f1os! - Fundesplai","isPartOf":{"@id":"https:\/\/fundesplai.org\/es\/#website"},"primaryImageOfPage":{"@id":"https:\/\/fundesplai.org\/es\/informa-t\/actualitat-es\/el-esplai-gisc-hace-45-anos\/#primaryimage"},"image":{"@id":"https:\/\/fundesplai.org\/es\/informa-t\/actualitat-es\/el-esplai-gisc-hace-45-anos\/#primaryimage"},"thumbnailUrl":"https:\/\/fundesplai.org\/test-joomla\/wp-content\/uploads\/sites\/26\/2018\/10\/gisc-45.jpg","datePublished":"2018-10-22T11:23:24+00:00","dateModified":"2023-08-14T09:31:38+00:00","author":{"@id":"https:\/\/fundesplai.org\/es\/#\/schema\/person\/67e7825d8ec54561cc24e36ba6b0f633"},"breadcrumb":{"@id":"https:\/\/fundesplai.org\/es\/informa-t\/actualitat-es\/el-esplai-gisc-hace-45-anos\/#breadcrumb"},"inLanguage":"es","potentialAction":[{"@type":"ReadAction","target":["https:\/\/fundesplai.org\/es\/informa-t\/actualitat-es\/el-esplai-gisc-hace-45-anos\/"]}]},{"@type":"ImageObject","inLanguage":"es","@id":"https:\/\/fundesplai.org\/es\/informa-t\/actualitat-es\/el-esplai-gisc-hace-45-anos\/#primaryimage","url":"https:\/\/fundesplai.org\/test-joomla\/wp-content\/uploads\/sites\/26\/2018\/10\/gisc-45.jpg","contentUrl":"https:\/\/fundesplai.org\/test-joomla\/wp-content\/uploads\/sites\/26\/2018\/10\/gisc-45.jpg"},{"@type":"BreadcrumbList","@id":"https:\/\/fundesplai.org\/es\/informa-t\/actualitat-es\/el-esplai-gisc-hace-45-anos\/#breadcrumb","itemListElement":[{"@type":"ListItem","position":1,"name":"Inici","item":"https:\/\/fundesplai.org\/es\/inicio\/"},{"@type":"ListItem","position":2,"name":"Inf\u00f3rmate","item":"https:\/\/fundesplai.org\/es\/informate\/"},{"@type":"ListItem","position":3,"name":"Actualitat","item":"https:\/\/fundesplai.org\/es\/informa-t\/category\/actualitat-es\/"},{"@type":"ListItem","position":4,"name":"\u00a1El Esplai GISC hace 45 a\u00f1os!"}]},{"@type":"WebSite","@id":"https:\/\/fundesplai.org\/es\/#website","url":"https:\/\/fundesplai.org\/es\/","name":"Fundesplai","description":"Eduquem per la conviv\u00e8ncia i la sostenibilitat","potentialAction":[{"@type":"SearchAction","target":{"@type":"EntryPoint","urlTemplate":"https:\/\/fundesplai.org\/es\/?s={search_term_string}"},"query-input":{"@type":"PropertyValueSpecification","valueRequired":true,"valueName":"search_term_string"}}],"inLanguage":"es"},{"@type":"Person","@id":"https:\/\/fundesplai.org\/es\/#\/schema\/person\/67e7825d8ec54561cc24e36ba6b0f633","name":"Ferran","image":{"@type":"ImageObject","inLanguage":"es","@id":"https:\/\/secure.gravatar.com\/avatar\/a3510350976b58aae6eccd1e36f066b660a69ef63f97fde3cba8205db7db816a?s=96&d=mm&r=g","url":"https:\/\/secure.gravatar.com\/avatar\/a3510350976b58aae6eccd1e36f066b660a69ef63f97fde3cba8205db7db816a?s=96&d=mm&r=g","contentUrl":"https:\/\/secure.gravatar.com\/avatar\/a3510350976b58aae6eccd1e36f066b660a69ef63f97fde3cba8205db7db816a?s=96&d=mm&r=g","caption":"Ferran"},"url":"https:\/\/fundesplai.org\/es\/informa-t\/author\/fvidal\/"}]}},"_links":{"self":[{"href":"https:\/\/fundesplai.org\/es\/wp-json\/wp\/v2\/posts\/47872","targetHints":{"allow":["GET"]}}],"collection":[{"href":"https:\/\/fundesplai.org\/es\/wp-json\/wp\/v2\/posts"}],"about":[{"href":"https:\/\/fundesplai.org\/es\/wp-json\/wp\/v2\/types\/post"}],"author":[{"embeddable":true,"href":"https:\/\/fundesplai.org\/es\/wp-json\/wp\/v2\/users\/4"}],"replies":[{"embeddable":true,"href":"https:\/\/fundesplai.org\/es\/wp-json\/wp\/v2\/comments?post=47872"}],"version-history":[{"count":1,"href":"https:\/\/fundesplai.org\/es\/wp-json\/wp\/v2\/posts\/47872\/revisions"}],"predecessor-version":[{"id":47873,"href":"https:\/\/fundesplai.org\/es\/wp-json\/wp\/v2\/posts\/47872\/revisions\/47873"}],"wp:attachment":[{"href":"https:\/\/fundesplai.org\/es\/wp-json\/wp\/v2\/media?parent=47872"}],"wp:term":[{"taxonomy":"category","embeddable":true,"href":"https:\/\/fundesplai.org\/es\/wp-json\/wp\/v2\/categories?post=47872"},{"taxonomy":"post_tag","embeddable":true,"href":"https:\/\/fundesplai.org\/es\/wp-json\/wp\/v2\/tags?post=47872"}],"curies":[{"name":"wp","href":"https:\/\/api.w.org\/{rel}","templated":true}]}}