{"id":47869,"date":"2018-10-09T17:26:20","date_gmt":"2018-10-09T15:26:20","guid":{"rendered":"https:\/\/fundesplai.org\/informa-t\/sense-categoria\/el-esplai-macedonia-de-castelldefels-impulsa-el-teatro-inclusivo\/"},"modified":"2018-10-09T17:26:20","modified_gmt":"2018-10-09T15:26:20","slug":"el-esplai-macedonia-de-castelldefels-impulsa-el-teatro-inclusivo","status":"publish","type":"post","link":"https:\/\/fundesplai.org\/es\/informa-t\/actualitat-es\/el-esplai-macedonia-de-castelldefels-impulsa-el-teatro-inclusivo\/","title":{"rendered":"El Esplai Macedonia de Castelldefels impulsa el \u00abTeatro Inclusivo\u00bb"},"content":{"rendered":"<p>El Esplai Macedonia (Castelldefels),  &nbsp;servicio de ocio municipal para ni\u00f1os y j\u00f3venes con diversidad funcional&nbsp; que gestiona Fundesplai desde hace 2 a\u00f1os y medio, ha impulsado este mes de septiembre el nuevo proyecto de \u00abTeatro Inclusivo\u00bb.<\/p>\n<p><!--more--><\/p>\n<table style=\"height: 19px;width: 100%\">\n<tbody>\n<tr>\n<td><img decoding=\"async\" class=\" size-full wp-image-5878\" src=\"https:\/\/fundesplai.org\/test-joomla\/wp-content\/uploads\/sites\/26\/2018\/10\/teatre.jpg\" alt=\"teatro\" width=\"100%\" height=\"NaN\"><\/td>\n<td><img decoding=\"async\" class=\" size-full wp-image-5883\" src=\"https:\/\/fundesplai.org\/test-joomla\/wp-content\/uploads\/sites\/26\/2018\/10\/teatre2_edited_def.jpg\" alt=\"teatre2 edited def\" width=\"100%\" height=\"NaN\"><\/td>\n<\/tr>\n<\/tbody>\n<\/table>\n<p>El Esplai Macedonia (Castelldefels),  &nbsp;servicio de ocio municipal para ni\u00f1os y j\u00f3venes con diversidad funcional&nbsp; que gestiona Fundesplai desde hace 2 a\u00f1os y medio, ha impulsado este mes de septiembre el nuevo proyecto de \u00abTeatro Inclusivo\u00bb.<\/p>\n<p>Esta experiencia es pionera en el municipio y cuenta con la colaboraci\u00f3n de la asociaci\u00f3n de teatro amateur Diviertt y el teatro Plaza de Castelldefels.<\/p>\n<p>El proyecto <strong>\u00abTeatro Inclusivo\u00bb<\/strong> normaliza la vida de las personas con diversidad funcional, a trav\u00e9s&nbsp; de las artes esc\u00e9nicas, ya que chicos y chicas de diversas capacidades y edades (de Macedonia y Diviertt), se interrelacionan y hacen nuevas amistades, mejoran sus habilidades comunicativas, su autoestima, creatividad, espontaneidad, imaginaci\u00f3n, y mucha diversi\u00f3n, as\u00ed como tambi\u00e9n les ayuda a eliminar sus miedos y barreras sociales.<\/p>\n<p><strong>Basado en el aprendizaje y servicio<\/strong><\/p>\n<p>Este proyecto que se basa en la metodolog\u00eda <strong>de Aprendizaje Servicio,<\/strong> hace que los chicos y chicas adquieran nuevos aprendizajes, y al mismo tiempo, tambi\u00e9n es una experiencia de servicio hacia el municipio porque pretende <strong>ofrecer un espect\u00e1culo teatral y musical dentro del programa de espect\u00e1culos del teatro Plaza.<\/strong><\/p>\n<p>Desde Fundesplai y el Ayuntamiento de Castelldefels se hace una apuesta firme, de sensibilizaci\u00f3n y concienciaci\u00f3n a la ciudadan\u00eda hacia las personas con otras capacidades. <strong>Y que el proyecto de teatro, como actividad de ocio, sea un medio de adaptaci\u00f3n para su inclusi\u00f3n.<\/strong><\/p>\n","protected":false},"excerpt":{"rendered":"<p>El Esplai Macedonia (Castelldefels), &nbsp;servicio de ocio municipal para ni\u00f1os y j\u00f3venes con diversidad funcional&nbsp; que gestiona Fundesplai desde hace 2 a\u00f1os y medio, ha impulsado este mes de septiembre el nuevo proyecto de \u00abTeatro Inclusivo\u00bb.<\/p>\n","protected":false},"author":4,"featured_media":0,"comment_status":"closed","ping_status":"closed","sticky":false,"template":"","format":"standard","meta":{"_et_pb_use_builder":"","_et_pb_old_content":"","_et_gb_content_width":"","footnotes":""},"categories":[937],"tags":[],"class_list":["post-47869","post","type-post","status-publish","format-standard","hentry","category-actualitat-es"],"yoast_head":"<!-- This site is optimized with the Yoast SEO plugin v27.4 - https:\/\/yoast.com\/product\/yoast-seo-wordpress\/ -->\n<title>El Esplai Macedonia de Castelldefels impulsa el &quot;Teatro Inclusivo&quot; - Fundesplai<\/title>\n<meta name=\"robots\" content=\"index, follow, max-snippet:-1, max-image-preview:large, max-video-preview:-1\" \/>\n<link rel=\"canonical\" href=\"https:\/\/fundesplai.org\/es\/informa-t\/actualitat-es\/el-esplai-macedonia-de-castelldefels-impulsa-el-teatro-inclusivo\/\" \/>\n<meta property=\"og:locale\" content=\"es_ES\" \/>\n<meta property=\"og:type\" content=\"article\" \/>\n<meta property=\"og:title\" content=\"El Esplai Macedonia de Castelldefels impulsa el &quot;Teatro Inclusivo&quot; - Fundesplai\" \/>\n<meta property=\"og:description\" content=\"El Esplai Macedonia (Castelldefels), &nbsp;servicio de ocio municipal para ni\u00f1os y j\u00f3venes con diversidad funcional&nbsp; que gestiona Fundesplai desde hace 2 a\u00f1os y medio, ha impulsado este mes de septiembre el nuevo proyecto de \u00abTeatro Inclusivo\u00bb.\" \/>\n<meta property=\"og:url\" content=\"https:\/\/fundesplai.org\/es\/informa-t\/actualitat-es\/el-esplai-macedonia-de-castelldefels-impulsa-el-teatro-inclusivo\/\" \/>\n<meta property=\"og:site_name\" content=\"Fundesplai\" \/>\n<meta property=\"article:published_time\" content=\"2018-10-09T15:26:20+00:00\" \/>\n<meta property=\"og:image\" content=\"https:\/\/fundesplai.org\/test-joomla\/wp-content\/uploads\/sites\/26\/2018\/10\/teatre.jpg\" \/>\n<meta name=\"author\" content=\"Ferran\" \/>\n<meta name=\"twitter:card\" content=\"summary_large_image\" \/>\n<meta name=\"twitter:label1\" content=\"Escrito por\" \/>\n\t<meta name=\"twitter:data1\" content=\"Ferran\" \/>\n\t<meta name=\"twitter:label2\" content=\"Tiempo de lectura\" \/>\n\t<meta name=\"twitter:data2\" content=\"1 minuto\" \/>\n<script type=\"application\/ld+json\" class=\"yoast-schema-graph\">{\"@context\":\"https:\\\/\\\/schema.org\",\"@graph\":[{\"@type\":\"Article\",\"@id\":\"https:\\\/\\\/fundesplai.org\\\/es\\\/informa-t\\\/actualitat-es\\\/el-esplai-macedonia-de-castelldefels-impulsa-el-teatro-inclusivo\\\/#article\",\"isPartOf\":{\"@id\":\"https:\\\/\\\/fundesplai.org\\\/es\\\/informa-t\\\/actualitat-es\\\/el-esplai-macedonia-de-castelldefels-impulsa-el-teatro-inclusivo\\\/\"},\"author\":{\"name\":\"Ferran\",\"@id\":\"https:\\\/\\\/fundesplai.org\\\/es\\\/#\\\/schema\\\/person\\\/67e7825d8ec54561cc24e36ba6b0f633\"},\"headline\":\"El Esplai Macedonia de Castelldefels impulsa el \u00abTeatro Inclusivo\u00bb\",\"datePublished\":\"2018-10-09T15:26:20+00:00\",\"mainEntityOfPage\":{\"@id\":\"https:\\\/\\\/fundesplai.org\\\/es\\\/informa-t\\\/actualitat-es\\\/el-esplai-macedonia-de-castelldefels-impulsa-el-teatro-inclusivo\\\/\"},\"wordCount\":292,\"image\":{\"@id\":\"https:\\\/\\\/fundesplai.org\\\/es\\\/informa-t\\\/actualitat-es\\\/el-esplai-macedonia-de-castelldefels-impulsa-el-teatro-inclusivo\\\/#primaryimage\"},\"thumbnailUrl\":\"https:\\\/\\\/fundesplai.org\\\/test-joomla\\\/wp-content\\\/uploads\\\/sites\\\/26\\\/2018\\\/10\\\/teatre.jpg\",\"articleSection\":[\"Actualitat\"],\"inLanguage\":\"es\"},{\"@type\":\"WebPage\",\"@id\":\"https:\\\/\\\/fundesplai.org\\\/es\\\/informa-t\\\/actualitat-es\\\/el-esplai-macedonia-de-castelldefels-impulsa-el-teatro-inclusivo\\\/\",\"url\":\"https:\\\/\\\/fundesplai.org\\\/es\\\/informa-t\\\/actualitat-es\\\/el-esplai-macedonia-de-castelldefels-impulsa-el-teatro-inclusivo\\\/\",\"name\":\"El Esplai Macedonia de Castelldefels impulsa el \\\"Teatro Inclusivo\\\" - Fundesplai\",\"isPartOf\":{\"@id\":\"https:\\\/\\\/fundesplai.org\\\/es\\\/#website\"},\"primaryImageOfPage\":{\"@id\":\"https:\\\/\\\/fundesplai.org\\\/es\\\/informa-t\\\/actualitat-es\\\/el-esplai-macedonia-de-castelldefels-impulsa-el-teatro-inclusivo\\\/#primaryimage\"},\"image\":{\"@id\":\"https:\\\/\\\/fundesplai.org\\\/es\\\/informa-t\\\/actualitat-es\\\/el-esplai-macedonia-de-castelldefels-impulsa-el-teatro-inclusivo\\\/#primaryimage\"},\"thumbnailUrl\":\"https:\\\/\\\/fundesplai.org\\\/test-joomla\\\/wp-content\\\/uploads\\\/sites\\\/26\\\/2018\\\/10\\\/teatre.jpg\",\"datePublished\":\"2018-10-09T15:26:20+00:00\",\"author\":{\"@id\":\"https:\\\/\\\/fundesplai.org\\\/es\\\/#\\\/schema\\\/person\\\/67e7825d8ec54561cc24e36ba6b0f633\"},\"breadcrumb\":{\"@id\":\"https:\\\/\\\/fundesplai.org\\\/es\\\/informa-t\\\/actualitat-es\\\/el-esplai-macedonia-de-castelldefels-impulsa-el-teatro-inclusivo\\\/#breadcrumb\"},\"inLanguage\":\"es\",\"potentialAction\":[{\"@type\":\"ReadAction\",\"target\":[\"https:\\\/\\\/fundesplai.org\\\/es\\\/informa-t\\\/actualitat-es\\\/el-esplai-macedonia-de-castelldefels-impulsa-el-teatro-inclusivo\\\/\"]}]},{\"@type\":\"ImageObject\",\"inLanguage\":\"es\",\"@id\":\"https:\\\/\\\/fundesplai.org\\\/es\\\/informa-t\\\/actualitat-es\\\/el-esplai-macedonia-de-castelldefels-impulsa-el-teatro-inclusivo\\\/#primaryimage\",\"url\":\"https:\\\/\\\/fundesplai.org\\\/test-joomla\\\/wp-content\\\/uploads\\\/sites\\\/26\\\/2018\\\/10\\\/teatre.jpg\",\"contentUrl\":\"https:\\\/\\\/fundesplai.org\\\/test-joomla\\\/wp-content\\\/uploads\\\/sites\\\/26\\\/2018\\\/10\\\/teatre.jpg\"},{\"@type\":\"BreadcrumbList\",\"@id\":\"https:\\\/\\\/fundesplai.org\\\/es\\\/informa-t\\\/actualitat-es\\\/el-esplai-macedonia-de-castelldefels-impulsa-el-teatro-inclusivo\\\/#breadcrumb\",\"itemListElement\":[{\"@type\":\"ListItem\",\"position\":1,\"name\":\"Inici\",\"item\":\"https:\\\/\\\/fundesplai.org\\\/es\\\/inicio\\\/\"},{\"@type\":\"ListItem\",\"position\":2,\"name\":\"Inf\u00f3rmate\",\"item\":\"https:\\\/\\\/fundesplai.org\\\/es\\\/informate\\\/\"},{\"@type\":\"ListItem\",\"position\":3,\"name\":\"Sin categor\u00eda\",\"item\":\"https:\\\/\\\/fundesplai.org\\\/es\\\/informa-t\\\/category\\\/sin-categoria\\\/\"},{\"@type\":\"ListItem\",\"position\":4,\"name\":\"El Esplai Macedonia de Castelldefels impulsa el &#8220;Teatro Inclusivo&#8221;\"}]},{\"@type\":\"WebSite\",\"@id\":\"https:\\\/\\\/fundesplai.org\\\/es\\\/#website\",\"url\":\"https:\\\/\\\/fundesplai.org\\\/es\\\/\",\"name\":\"Fundesplai\",\"description\":\"Eduquem per la conviv\u00e8ncia i la sostenibilitat\",\"potentialAction\":[{\"@type\":\"SearchAction\",\"target\":{\"@type\":\"EntryPoint\",\"urlTemplate\":\"https:\\\/\\\/fundesplai.org\\\/es\\\/?s={search_term_string}\"},\"query-input\":{\"@type\":\"PropertyValueSpecification\",\"valueRequired\":true,\"valueName\":\"search_term_string\"}}],\"inLanguage\":\"es\"},{\"@type\":\"Person\",\"@id\":\"https:\\\/\\\/fundesplai.org\\\/es\\\/#\\\/schema\\\/person\\\/67e7825d8ec54561cc24e36ba6b0f633\",\"name\":\"Ferran\",\"image\":{\"@type\":\"ImageObject\",\"inLanguage\":\"es\",\"@id\":\"https:\\\/\\\/secure.gravatar.com\\\/avatar\\\/a3510350976b58aae6eccd1e36f066b660a69ef63f97fde3cba8205db7db816a?s=96&d=mm&r=g\",\"url\":\"https:\\\/\\\/secure.gravatar.com\\\/avatar\\\/a3510350976b58aae6eccd1e36f066b660a69ef63f97fde3cba8205db7db816a?s=96&d=mm&r=g\",\"contentUrl\":\"https:\\\/\\\/secure.gravatar.com\\\/avatar\\\/a3510350976b58aae6eccd1e36f066b660a69ef63f97fde3cba8205db7db816a?s=96&d=mm&r=g\",\"caption\":\"Ferran\"},\"url\":\"https:\\\/\\\/fundesplai.org\\\/es\\\/informa-t\\\/author\\\/fvidal\\\/\"}]}<\/script>\n<!-- \/ Yoast SEO plugin. -->","yoast_head_json":{"title":"El Esplai Macedonia de Castelldefels impulsa el \"Teatro Inclusivo\" - Fundesplai","robots":{"index":"index","follow":"follow","max-snippet":"max-snippet:-1","max-image-preview":"max-image-preview:large","max-video-preview":"max-video-preview:-1"},"canonical":"https:\/\/fundesplai.org\/es\/informa-t\/actualitat-es\/el-esplai-macedonia-de-castelldefels-impulsa-el-teatro-inclusivo\/","og_locale":"es_ES","og_type":"article","og_title":"El Esplai Macedonia de Castelldefels impulsa el \"Teatro Inclusivo\" - Fundesplai","og_description":"El Esplai Macedonia (Castelldefels), &nbsp;servicio de ocio municipal para ni\u00f1os y j\u00f3venes con diversidad funcional&nbsp; que gestiona Fundesplai desde hace 2 a\u00f1os y medio, ha impulsado este mes de septiembre el nuevo proyecto de \u00abTeatro Inclusivo\u00bb.","og_url":"https:\/\/fundesplai.org\/es\/informa-t\/actualitat-es\/el-esplai-macedonia-de-castelldefels-impulsa-el-teatro-inclusivo\/","og_site_name":"Fundesplai","article_published_time":"2018-10-09T15:26:20+00:00","og_image":[{"url":"https:\/\/fundesplai.org\/test-joomla\/wp-content\/uploads\/sites\/26\/2018\/10\/teatre.jpg","type":"","width":"","height":""}],"author":"Ferran","twitter_card":"summary_large_image","twitter_misc":{"Escrito por":"Ferran","Tiempo de lectura":"1 minuto"},"schema":{"@context":"https:\/\/schema.org","@graph":[{"@type":"Article","@id":"https:\/\/fundesplai.org\/es\/informa-t\/actualitat-es\/el-esplai-macedonia-de-castelldefels-impulsa-el-teatro-inclusivo\/#article","isPartOf":{"@id":"https:\/\/fundesplai.org\/es\/informa-t\/actualitat-es\/el-esplai-macedonia-de-castelldefels-impulsa-el-teatro-inclusivo\/"},"author":{"name":"Ferran","@id":"https:\/\/fundesplai.org\/es\/#\/schema\/person\/67e7825d8ec54561cc24e36ba6b0f633"},"headline":"El Esplai Macedonia de Castelldefels impulsa el \u00abTeatro Inclusivo\u00bb","datePublished":"2018-10-09T15:26:20+00:00","mainEntityOfPage":{"@id":"https:\/\/fundesplai.org\/es\/informa-t\/actualitat-es\/el-esplai-macedonia-de-castelldefels-impulsa-el-teatro-inclusivo\/"},"wordCount":292,"image":{"@id":"https:\/\/fundesplai.org\/es\/informa-t\/actualitat-es\/el-esplai-macedonia-de-castelldefels-impulsa-el-teatro-inclusivo\/#primaryimage"},"thumbnailUrl":"https:\/\/fundesplai.org\/test-joomla\/wp-content\/uploads\/sites\/26\/2018\/10\/teatre.jpg","articleSection":["Actualitat"],"inLanguage":"es"},{"@type":"WebPage","@id":"https:\/\/fundesplai.org\/es\/informa-t\/actualitat-es\/el-esplai-macedonia-de-castelldefels-impulsa-el-teatro-inclusivo\/","url":"https:\/\/fundesplai.org\/es\/informa-t\/actualitat-es\/el-esplai-macedonia-de-castelldefels-impulsa-el-teatro-inclusivo\/","name":"El Esplai Macedonia de Castelldefels impulsa el \"Teatro Inclusivo\" - Fundesplai","isPartOf":{"@id":"https:\/\/fundesplai.org\/es\/#website"},"primaryImageOfPage":{"@id":"https:\/\/fundesplai.org\/es\/informa-t\/actualitat-es\/el-esplai-macedonia-de-castelldefels-impulsa-el-teatro-inclusivo\/#primaryimage"},"image":{"@id":"https:\/\/fundesplai.org\/es\/informa-t\/actualitat-es\/el-esplai-macedonia-de-castelldefels-impulsa-el-teatro-inclusivo\/#primaryimage"},"thumbnailUrl":"https:\/\/fundesplai.org\/test-joomla\/wp-content\/uploads\/sites\/26\/2018\/10\/teatre.jpg","datePublished":"2018-10-09T15:26:20+00:00","author":{"@id":"https:\/\/fundesplai.org\/es\/#\/schema\/person\/67e7825d8ec54561cc24e36ba6b0f633"},"breadcrumb":{"@id":"https:\/\/fundesplai.org\/es\/informa-t\/actualitat-es\/el-esplai-macedonia-de-castelldefels-impulsa-el-teatro-inclusivo\/#breadcrumb"},"inLanguage":"es","potentialAction":[{"@type":"ReadAction","target":["https:\/\/fundesplai.org\/es\/informa-t\/actualitat-es\/el-esplai-macedonia-de-castelldefels-impulsa-el-teatro-inclusivo\/"]}]},{"@type":"ImageObject","inLanguage":"es","@id":"https:\/\/fundesplai.org\/es\/informa-t\/actualitat-es\/el-esplai-macedonia-de-castelldefels-impulsa-el-teatro-inclusivo\/#primaryimage","url":"https:\/\/fundesplai.org\/test-joomla\/wp-content\/uploads\/sites\/26\/2018\/10\/teatre.jpg","contentUrl":"https:\/\/fundesplai.org\/test-joomla\/wp-content\/uploads\/sites\/26\/2018\/10\/teatre.jpg"},{"@type":"BreadcrumbList","@id":"https:\/\/fundesplai.org\/es\/informa-t\/actualitat-es\/el-esplai-macedonia-de-castelldefels-impulsa-el-teatro-inclusivo\/#breadcrumb","itemListElement":[{"@type":"ListItem","position":1,"name":"Inici","item":"https:\/\/fundesplai.org\/es\/inicio\/"},{"@type":"ListItem","position":2,"name":"Inf\u00f3rmate","item":"https:\/\/fundesplai.org\/es\/informate\/"},{"@type":"ListItem","position":3,"name":"Sin categor\u00eda","item":"https:\/\/fundesplai.org\/es\/informa-t\/category\/sin-categoria\/"},{"@type":"ListItem","position":4,"name":"El Esplai Macedonia de Castelldefels impulsa el &#8220;Teatro Inclusivo&#8221;"}]},{"@type":"WebSite","@id":"https:\/\/fundesplai.org\/es\/#website","url":"https:\/\/fundesplai.org\/es\/","name":"Fundesplai","description":"Eduquem per la conviv\u00e8ncia i la sostenibilitat","potentialAction":[{"@type":"SearchAction","target":{"@type":"EntryPoint","urlTemplate":"https:\/\/fundesplai.org\/es\/?s={search_term_string}"},"query-input":{"@type":"PropertyValueSpecification","valueRequired":true,"valueName":"search_term_string"}}],"inLanguage":"es"},{"@type":"Person","@id":"https:\/\/fundesplai.org\/es\/#\/schema\/person\/67e7825d8ec54561cc24e36ba6b0f633","name":"Ferran","image":{"@type":"ImageObject","inLanguage":"es","@id":"https:\/\/secure.gravatar.com\/avatar\/a3510350976b58aae6eccd1e36f066b660a69ef63f97fde3cba8205db7db816a?s=96&d=mm&r=g","url":"https:\/\/secure.gravatar.com\/avatar\/a3510350976b58aae6eccd1e36f066b660a69ef63f97fde3cba8205db7db816a?s=96&d=mm&r=g","contentUrl":"https:\/\/secure.gravatar.com\/avatar\/a3510350976b58aae6eccd1e36f066b660a69ef63f97fde3cba8205db7db816a?s=96&d=mm&r=g","caption":"Ferran"},"url":"https:\/\/fundesplai.org\/es\/informa-t\/author\/fvidal\/"}]}},"_links":{"self":[{"href":"https:\/\/fundesplai.org\/es\/wp-json\/wp\/v2\/posts\/47869","targetHints":{"allow":["GET"]}}],"collection":[{"href":"https:\/\/fundesplai.org\/es\/wp-json\/wp\/v2\/posts"}],"about":[{"href":"https:\/\/fundesplai.org\/es\/wp-json\/wp\/v2\/types\/post"}],"author":[{"embeddable":true,"href":"https:\/\/fundesplai.org\/es\/wp-json\/wp\/v2\/users\/4"}],"replies":[{"embeddable":true,"href":"https:\/\/fundesplai.org\/es\/wp-json\/wp\/v2\/comments?post=47869"}],"version-history":[{"count":0,"href":"https:\/\/fundesplai.org\/es\/wp-json\/wp\/v2\/posts\/47869\/revisions"}],"wp:attachment":[{"href":"https:\/\/fundesplai.org\/es\/wp-json\/wp\/v2\/media?parent=47869"}],"wp:term":[{"taxonomy":"category","embeddable":true,"href":"https:\/\/fundesplai.org\/es\/wp-json\/wp\/v2\/categories?post=47869"},{"taxonomy":"post_tag","embeddable":true,"href":"https:\/\/fundesplai.org\/es\/wp-json\/wp\/v2\/tags?post=47869"}],"curies":[{"name":"wp","href":"https:\/\/api.w.org\/{rel}","templated":true}]}}