{"id":47867,"date":"2018-10-09T12:31:18","date_gmt":"2018-10-09T10:31:18","guid":{"rendered":"https:\/\/fundesplai.org\/informa-t\/sense-categoria\/jornada-sobre-proteccion-de-datos-para-entidades-no-lucrativas\/"},"modified":"2018-10-09T12:31:18","modified_gmt":"2018-10-09T10:31:18","slug":"jornada-sobre-proteccion-de-datos-para-entidades-no-lucrativas","status":"publish","type":"post","link":"https:\/\/fundesplai.org\/es\/informa-t\/actualitat-es\/jornada-sobre-proteccion-de-datos-para-entidades-no-lucrativas\/","title":{"rendered":"Jornada sobre protecci\u00f3n de datos para entidades no lucrativas"},"content":{"rendered":"<p>Suport Associatiu organiza el pr\u00f3ximo mi\u00e9rcoles 24 de octubre, a las 9.45h horas, en el Centro de Estudios Jur\u00eddicos (Calle de Ausi\u00e0s Marc, 40, Barcelona).<\/p>\n<p><!--more--><\/p>\n<p class=\"intro\">Apoyo Asociativo, el departamento de Fundesplai que se dedica al Tercer Sector, organiza el pr\u00f3ximo mi\u00e9rcoles 24 de octubre, a las 9.45 horas, en el Centro de Estudios Jur\u00eddicos (Calle de Ausi\u00e0s Marc, 40, Barcelona la jornada \u00abC\u00f3mo cumplir con la ley de protecci\u00f3n de datos paso a paso\u00bb, en torno a la aplicaci\u00f3n de la ley de protecci\u00f3n de datos en entidades no lucrativas. El acto contar\u00e1 con t\u00e9cnicas de la Autoridad Catalana de Protecci\u00f3n de Datos (APDCAT), el organismo de Catalu\u00f1a m\u00e1s especializado en la materia.<\/p>\n<p><a href=\"Fundesplai%20organitza%20el%20proper%20dimecres%2024%20d'octubre,%20a%20les%2010%20hores,%20al%20Centre%20C%C3%ADvic%20Pati%20Llimona%20(carrer%20del%20Regomir%203,%20Barcelona)%20la%20jornada%20%22Com%20complir%20amb%20la%20llei%20de%20protecci%C3%B3%20de%20dades%20pas%20a%20pas%22,%20que%20vol%20resoldre%20al%20voltant%20de%20l%E2%80%99aplicaci%C3%B3%20de%20la%20llei%20de%20protecci%C3%B3%20de%20dades%20en%20entitats%20no%20lucratives.%20L%E2%80%99acte%20comptar%C3%A0%20amb%20t%C3%A8cniques%20de%20l%E2%80%99Autoritat%20Catalana%20de%20Protecci%C3%B3%20de%20Dades,%20l%E2%80%99organisme%20de%20Catalunya%20m%C3%A9s%20especialitzat%20en%20la%20mat%C3%A8ria.\"><img decoding=\"async\" class=\" size-full wp-image-5873\" src=\"https:\/\/fundesplai.org\/test-joomla\/wp-content\/uploads\/sites\/26\/2018\/10\/FotoJornadaBona-canal.jpg\" alt=\"FotoJornadaBona canal\" width=\"100%\" height=\"NaN\"><\/a><\/p>\n<p><span style=\"background-color: transparent\">El Parlamento europeo aprob\u00f3 el nuevo reglamento de protecci\u00f3n de datos en abril de 2016 y, despu\u00e9s de un per\u00edodo de transici\u00f3n, entr\u00f3 en vigor plenamente el 25 de mayo de este a\u00f1o. Desde esa fecha hasta el momento este cambio normativo ha generado m\u00faltiples consultas a Suport Associatiu, el \u00e1rea de de Fundesplai dedicada al asesoramiento y gesti\u00f3n de las entidades del Tercer Sector.<\/span><\/p>\n<p>El acto del mi\u00e9rcoles 24\/10 quiere dar respuesta a gran parte de las dudas que se han generado en este tiempo gracias a la participaci\u00f3n de los expertos de la Autoridad Catalana de Protecci\u00f3n de Datos y de los t\u00e9cnicos de Fundesplai.<\/p>\n<p><strong>Programa:<\/strong><\/p>\n<hr>\n<ul>\n<li>09:45h &#8211; Acreditaci\u00f3n y entrega de documentaci\u00f3n.<\/li>\n<li>10:00h &#8211; Bienvenida<\/li>\n<li>10:10-10:25 \u2013 &nbsp;Retos de las entidades en temas de gesti\u00f3n a partir de los datos del Panor\u00e1mico, a cargo de Joaquim Sabater, presidente del Observatorio del Tercer Sector (OTS).<\/li>\n<li>10:25h-11:45h &#8211; Ponencia:&nbsp;\u00abAspectos pr\u00e1cticos para entidades sin \u00e1nimo de lucro para cumplir con la ley de protecci\u00f3n de datos\u00bb, a cargo de Joana Mar\u00ed, responsable de evaluaci\u00f3n y estudios tecnol\u00f3gicos de la APDCAT, y de Gl\u00f2ria Freixa, responsable de registro de delegados de protecci\u00f3n de datos y de programas de formaci\u00f3n y cooperaci\u00f3n de la APDCAT.<\/li>\n<li>11:45h-12:15h &#8211; Preguntas y clausura.<\/li>\n<\/ul>\n<p><a href=\"http:\/\/projectes.fundesplai.org\/canals\/jornada-de-suport-associatiu-2018\"><img loading=\"lazy\" decoding=\"async\" class=\" size-full wp-image-5272\" style=\"display: block;margin-left: auto;margin-right: auto\" src=\"https:\/\/fundesplai.org\/test-joomla\/wp-content\/uploads\/sites\/26\/2018\/03\/inscripcions_ok.jpg\" alt=\"inscripcions ok\" width=\"300\" height=\"50\"><\/a><\/p>\n<p>&nbsp;<\/p>\n","protected":false},"excerpt":{"rendered":"<p>Suport Associatiu organiza el pr\u00f3ximo mi\u00e9rcoles 24 de octubre, a las 9.45h horas, en el Centro de Estudios Jur\u00eddicos (Calle de Ausi\u00e0s Marc, 40, Barcelona).<\/p>\n","protected":false},"author":4,"featured_media":0,"comment_status":"closed","ping_status":"closed","sticky":false,"template":"","format":"standard","meta":{"_et_pb_use_builder":"","_et_pb_old_content":"","_et_gb_content_width":"","footnotes":""},"categories":[937],"tags":[962],"class_list":["post-47867","post","type-post","status-publish","format-standard","hentry","category-actualitat-es","tag-fundesplai-es"],"yoast_head":"<!-- This site is optimized with the Yoast SEO plugin v27.4 - https:\/\/yoast.com\/product\/yoast-seo-wordpress\/ -->\n<title>Jornada sobre protecci\u00f3n de datos para entidades no lucrativas - Fundesplai<\/title>\n<meta name=\"robots\" content=\"index, follow, max-snippet:-1, max-image-preview:large, max-video-preview:-1\" \/>\n<link rel=\"canonical\" href=\"https:\/\/fundesplai.org\/es\/informa-t\/actualitat-es\/jornada-sobre-proteccion-de-datos-para-entidades-no-lucrativas\/\" \/>\n<meta property=\"og:locale\" content=\"es_ES\" \/>\n<meta property=\"og:type\" content=\"article\" \/>\n<meta property=\"og:title\" content=\"Jornada sobre protecci\u00f3n de datos para entidades no lucrativas - Fundesplai\" \/>\n<meta property=\"og:description\" content=\"Suport Associatiu organiza el pr\u00f3ximo mi\u00e9rcoles 24 de octubre, a las 9.45h horas, en el Centro de Estudios Jur\u00eddicos (Calle de Ausi\u00e0s Marc, 40, Barcelona).\" \/>\n<meta property=\"og:url\" content=\"https:\/\/fundesplai.org\/es\/informa-t\/actualitat-es\/jornada-sobre-proteccion-de-datos-para-entidades-no-lucrativas\/\" \/>\n<meta property=\"og:site_name\" content=\"Fundesplai\" \/>\n<meta property=\"article:published_time\" content=\"2018-10-09T10:31:18+00:00\" \/>\n<meta property=\"og:image\" content=\"https:\/\/fundesplai.org\/test-joomla\/wp-content\/uploads\/sites\/26\/2018\/10\/FotoJornadaBona-canal.jpg\" \/>\n<meta name=\"author\" content=\"Ferran\" \/>\n<meta name=\"twitter:card\" content=\"summary_large_image\" \/>\n<meta name=\"twitter:label1\" content=\"Escrito por\" \/>\n\t<meta name=\"twitter:data1\" content=\"Ferran\" \/>\n\t<meta name=\"twitter:label2\" content=\"Tiempo de lectura\" \/>\n\t<meta name=\"twitter:data2\" content=\"2 minutos\" \/>\n<script type=\"application\/ld+json\" class=\"yoast-schema-graph\">{\"@context\":\"https:\\\/\\\/schema.org\",\"@graph\":[{\"@type\":\"Article\",\"@id\":\"https:\\\/\\\/fundesplai.org\\\/es\\\/informa-t\\\/actualitat-es\\\/jornada-sobre-proteccion-de-datos-para-entidades-no-lucrativas\\\/#article\",\"isPartOf\":{\"@id\":\"https:\\\/\\\/fundesplai.org\\\/es\\\/informa-t\\\/actualitat-es\\\/jornada-sobre-proteccion-de-datos-para-entidades-no-lucrativas\\\/\"},\"author\":{\"name\":\"Ferran\",\"@id\":\"https:\\\/\\\/fundesplai.org\\\/es\\\/#\\\/schema\\\/person\\\/67e7825d8ec54561cc24e36ba6b0f633\"},\"headline\":\"Jornada sobre protecci\u00f3n de datos para entidades no lucrativas\",\"datePublished\":\"2018-10-09T10:31:18+00:00\",\"mainEntityOfPage\":{\"@id\":\"https:\\\/\\\/fundesplai.org\\\/es\\\/informa-t\\\/actualitat-es\\\/jornada-sobre-proteccion-de-datos-para-entidades-no-lucrativas\\\/\"},\"wordCount\":367,\"image\":{\"@id\":\"https:\\\/\\\/fundesplai.org\\\/es\\\/informa-t\\\/actualitat-es\\\/jornada-sobre-proteccion-de-datos-para-entidades-no-lucrativas\\\/#primaryimage\"},\"thumbnailUrl\":\"https:\\\/\\\/fundesplai.org\\\/test-joomla\\\/wp-content\\\/uploads\\\/sites\\\/26\\\/2018\\\/10\\\/FotoJornadaBona-canal.jpg\",\"keywords\":[\"fundesplai\"],\"articleSection\":[\"Actualitat\"],\"inLanguage\":\"es\"},{\"@type\":\"WebPage\",\"@id\":\"https:\\\/\\\/fundesplai.org\\\/es\\\/informa-t\\\/actualitat-es\\\/jornada-sobre-proteccion-de-datos-para-entidades-no-lucrativas\\\/\",\"url\":\"https:\\\/\\\/fundesplai.org\\\/es\\\/informa-t\\\/actualitat-es\\\/jornada-sobre-proteccion-de-datos-para-entidades-no-lucrativas\\\/\",\"name\":\"Jornada sobre protecci\u00f3n de datos para entidades no lucrativas - Fundesplai\",\"isPartOf\":{\"@id\":\"https:\\\/\\\/fundesplai.org\\\/es\\\/#website\"},\"primaryImageOfPage\":{\"@id\":\"https:\\\/\\\/fundesplai.org\\\/es\\\/informa-t\\\/actualitat-es\\\/jornada-sobre-proteccion-de-datos-para-entidades-no-lucrativas\\\/#primaryimage\"},\"image\":{\"@id\":\"https:\\\/\\\/fundesplai.org\\\/es\\\/informa-t\\\/actualitat-es\\\/jornada-sobre-proteccion-de-datos-para-entidades-no-lucrativas\\\/#primaryimage\"},\"thumbnailUrl\":\"https:\\\/\\\/fundesplai.org\\\/test-joomla\\\/wp-content\\\/uploads\\\/sites\\\/26\\\/2018\\\/10\\\/FotoJornadaBona-canal.jpg\",\"datePublished\":\"2018-10-09T10:31:18+00:00\",\"author\":{\"@id\":\"https:\\\/\\\/fundesplai.org\\\/es\\\/#\\\/schema\\\/person\\\/67e7825d8ec54561cc24e36ba6b0f633\"},\"breadcrumb\":{\"@id\":\"https:\\\/\\\/fundesplai.org\\\/es\\\/informa-t\\\/actualitat-es\\\/jornada-sobre-proteccion-de-datos-para-entidades-no-lucrativas\\\/#breadcrumb\"},\"inLanguage\":\"es\",\"potentialAction\":[{\"@type\":\"ReadAction\",\"target\":[\"https:\\\/\\\/fundesplai.org\\\/es\\\/informa-t\\\/actualitat-es\\\/jornada-sobre-proteccion-de-datos-para-entidades-no-lucrativas\\\/\"]}]},{\"@type\":\"ImageObject\",\"inLanguage\":\"es\",\"@id\":\"https:\\\/\\\/fundesplai.org\\\/es\\\/informa-t\\\/actualitat-es\\\/jornada-sobre-proteccion-de-datos-para-entidades-no-lucrativas\\\/#primaryimage\",\"url\":\"https:\\\/\\\/fundesplai.org\\\/test-joomla\\\/wp-content\\\/uploads\\\/sites\\\/26\\\/2018\\\/10\\\/FotoJornadaBona-canal.jpg\",\"contentUrl\":\"https:\\\/\\\/fundesplai.org\\\/test-joomla\\\/wp-content\\\/uploads\\\/sites\\\/26\\\/2018\\\/10\\\/FotoJornadaBona-canal.jpg\"},{\"@type\":\"BreadcrumbList\",\"@id\":\"https:\\\/\\\/fundesplai.org\\\/es\\\/informa-t\\\/actualitat-es\\\/jornada-sobre-proteccion-de-datos-para-entidades-no-lucrativas\\\/#breadcrumb\",\"itemListElement\":[{\"@type\":\"ListItem\",\"position\":1,\"name\":\"Inici\",\"item\":\"https:\\\/\\\/fundesplai.org\\\/es\\\/inicio\\\/\"},{\"@type\":\"ListItem\",\"position\":2,\"name\":\"Inf\u00f3rmate\",\"item\":\"https:\\\/\\\/fundesplai.org\\\/es\\\/informate\\\/\"},{\"@type\":\"ListItem\",\"position\":3,\"name\":\"Sin categor\u00eda\",\"item\":\"https:\\\/\\\/fundesplai.org\\\/es\\\/informa-t\\\/category\\\/sin-categoria\\\/\"},{\"@type\":\"ListItem\",\"position\":4,\"name\":\"Jornada sobre protecci\u00f3n de datos para entidades no lucrativas\"}]},{\"@type\":\"WebSite\",\"@id\":\"https:\\\/\\\/fundesplai.org\\\/es\\\/#website\",\"url\":\"https:\\\/\\\/fundesplai.org\\\/es\\\/\",\"name\":\"Fundesplai\",\"description\":\"Eduquem per la conviv\u00e8ncia i la sostenibilitat\",\"potentialAction\":[{\"@type\":\"SearchAction\",\"target\":{\"@type\":\"EntryPoint\",\"urlTemplate\":\"https:\\\/\\\/fundesplai.org\\\/es\\\/?s={search_term_string}\"},\"query-input\":{\"@type\":\"PropertyValueSpecification\",\"valueRequired\":true,\"valueName\":\"search_term_string\"}}],\"inLanguage\":\"es\"},{\"@type\":\"Person\",\"@id\":\"https:\\\/\\\/fundesplai.org\\\/es\\\/#\\\/schema\\\/person\\\/67e7825d8ec54561cc24e36ba6b0f633\",\"name\":\"Ferran\",\"image\":{\"@type\":\"ImageObject\",\"inLanguage\":\"es\",\"@id\":\"https:\\\/\\\/secure.gravatar.com\\\/avatar\\\/a3510350976b58aae6eccd1e36f066b660a69ef63f97fde3cba8205db7db816a?s=96&d=mm&r=g\",\"url\":\"https:\\\/\\\/secure.gravatar.com\\\/avatar\\\/a3510350976b58aae6eccd1e36f066b660a69ef63f97fde3cba8205db7db816a?s=96&d=mm&r=g\",\"contentUrl\":\"https:\\\/\\\/secure.gravatar.com\\\/avatar\\\/a3510350976b58aae6eccd1e36f066b660a69ef63f97fde3cba8205db7db816a?s=96&d=mm&r=g\",\"caption\":\"Ferran\"},\"url\":\"https:\\\/\\\/fundesplai.org\\\/es\\\/informa-t\\\/author\\\/fvidal\\\/\"}]}<\/script>\n<!-- \/ Yoast SEO plugin. -->","yoast_head_json":{"title":"Jornada sobre protecci\u00f3n de datos para entidades no lucrativas - Fundesplai","robots":{"index":"index","follow":"follow","max-snippet":"max-snippet:-1","max-image-preview":"max-image-preview:large","max-video-preview":"max-video-preview:-1"},"canonical":"https:\/\/fundesplai.org\/es\/informa-t\/actualitat-es\/jornada-sobre-proteccion-de-datos-para-entidades-no-lucrativas\/","og_locale":"es_ES","og_type":"article","og_title":"Jornada sobre protecci\u00f3n de datos para entidades no lucrativas - Fundesplai","og_description":"Suport Associatiu organiza el pr\u00f3ximo mi\u00e9rcoles 24 de octubre, a las 9.45h horas, en el Centro de Estudios Jur\u00eddicos (Calle de Ausi\u00e0s Marc, 40, Barcelona).","og_url":"https:\/\/fundesplai.org\/es\/informa-t\/actualitat-es\/jornada-sobre-proteccion-de-datos-para-entidades-no-lucrativas\/","og_site_name":"Fundesplai","article_published_time":"2018-10-09T10:31:18+00:00","og_image":[{"url":"https:\/\/fundesplai.org\/test-joomla\/wp-content\/uploads\/sites\/26\/2018\/10\/FotoJornadaBona-canal.jpg","type":"","width":"","height":""}],"author":"Ferran","twitter_card":"summary_large_image","twitter_misc":{"Escrito por":"Ferran","Tiempo de lectura":"2 minutos"},"schema":{"@context":"https:\/\/schema.org","@graph":[{"@type":"Article","@id":"https:\/\/fundesplai.org\/es\/informa-t\/actualitat-es\/jornada-sobre-proteccion-de-datos-para-entidades-no-lucrativas\/#article","isPartOf":{"@id":"https:\/\/fundesplai.org\/es\/informa-t\/actualitat-es\/jornada-sobre-proteccion-de-datos-para-entidades-no-lucrativas\/"},"author":{"name":"Ferran","@id":"https:\/\/fundesplai.org\/es\/#\/schema\/person\/67e7825d8ec54561cc24e36ba6b0f633"},"headline":"Jornada sobre protecci\u00f3n de datos para entidades no lucrativas","datePublished":"2018-10-09T10:31:18+00:00","mainEntityOfPage":{"@id":"https:\/\/fundesplai.org\/es\/informa-t\/actualitat-es\/jornada-sobre-proteccion-de-datos-para-entidades-no-lucrativas\/"},"wordCount":367,"image":{"@id":"https:\/\/fundesplai.org\/es\/informa-t\/actualitat-es\/jornada-sobre-proteccion-de-datos-para-entidades-no-lucrativas\/#primaryimage"},"thumbnailUrl":"https:\/\/fundesplai.org\/test-joomla\/wp-content\/uploads\/sites\/26\/2018\/10\/FotoJornadaBona-canal.jpg","keywords":["fundesplai"],"articleSection":["Actualitat"],"inLanguage":"es"},{"@type":"WebPage","@id":"https:\/\/fundesplai.org\/es\/informa-t\/actualitat-es\/jornada-sobre-proteccion-de-datos-para-entidades-no-lucrativas\/","url":"https:\/\/fundesplai.org\/es\/informa-t\/actualitat-es\/jornada-sobre-proteccion-de-datos-para-entidades-no-lucrativas\/","name":"Jornada sobre protecci\u00f3n de datos para entidades no lucrativas - Fundesplai","isPartOf":{"@id":"https:\/\/fundesplai.org\/es\/#website"},"primaryImageOfPage":{"@id":"https:\/\/fundesplai.org\/es\/informa-t\/actualitat-es\/jornada-sobre-proteccion-de-datos-para-entidades-no-lucrativas\/#primaryimage"},"image":{"@id":"https:\/\/fundesplai.org\/es\/informa-t\/actualitat-es\/jornada-sobre-proteccion-de-datos-para-entidades-no-lucrativas\/#primaryimage"},"thumbnailUrl":"https:\/\/fundesplai.org\/test-joomla\/wp-content\/uploads\/sites\/26\/2018\/10\/FotoJornadaBona-canal.jpg","datePublished":"2018-10-09T10:31:18+00:00","author":{"@id":"https:\/\/fundesplai.org\/es\/#\/schema\/person\/67e7825d8ec54561cc24e36ba6b0f633"},"breadcrumb":{"@id":"https:\/\/fundesplai.org\/es\/informa-t\/actualitat-es\/jornada-sobre-proteccion-de-datos-para-entidades-no-lucrativas\/#breadcrumb"},"inLanguage":"es","potentialAction":[{"@type":"ReadAction","target":["https:\/\/fundesplai.org\/es\/informa-t\/actualitat-es\/jornada-sobre-proteccion-de-datos-para-entidades-no-lucrativas\/"]}]},{"@type":"ImageObject","inLanguage":"es","@id":"https:\/\/fundesplai.org\/es\/informa-t\/actualitat-es\/jornada-sobre-proteccion-de-datos-para-entidades-no-lucrativas\/#primaryimage","url":"https:\/\/fundesplai.org\/test-joomla\/wp-content\/uploads\/sites\/26\/2018\/10\/FotoJornadaBona-canal.jpg","contentUrl":"https:\/\/fundesplai.org\/test-joomla\/wp-content\/uploads\/sites\/26\/2018\/10\/FotoJornadaBona-canal.jpg"},{"@type":"BreadcrumbList","@id":"https:\/\/fundesplai.org\/es\/informa-t\/actualitat-es\/jornada-sobre-proteccion-de-datos-para-entidades-no-lucrativas\/#breadcrumb","itemListElement":[{"@type":"ListItem","position":1,"name":"Inici","item":"https:\/\/fundesplai.org\/es\/inicio\/"},{"@type":"ListItem","position":2,"name":"Inf\u00f3rmate","item":"https:\/\/fundesplai.org\/es\/informate\/"},{"@type":"ListItem","position":3,"name":"Sin categor\u00eda","item":"https:\/\/fundesplai.org\/es\/informa-t\/category\/sin-categoria\/"},{"@type":"ListItem","position":4,"name":"Jornada sobre protecci\u00f3n de datos para entidades no lucrativas"}]},{"@type":"WebSite","@id":"https:\/\/fundesplai.org\/es\/#website","url":"https:\/\/fundesplai.org\/es\/","name":"Fundesplai","description":"Eduquem per la conviv\u00e8ncia i la sostenibilitat","potentialAction":[{"@type":"SearchAction","target":{"@type":"EntryPoint","urlTemplate":"https:\/\/fundesplai.org\/es\/?s={search_term_string}"},"query-input":{"@type":"PropertyValueSpecification","valueRequired":true,"valueName":"search_term_string"}}],"inLanguage":"es"},{"@type":"Person","@id":"https:\/\/fundesplai.org\/es\/#\/schema\/person\/67e7825d8ec54561cc24e36ba6b0f633","name":"Ferran","image":{"@type":"ImageObject","inLanguage":"es","@id":"https:\/\/secure.gravatar.com\/avatar\/a3510350976b58aae6eccd1e36f066b660a69ef63f97fde3cba8205db7db816a?s=96&d=mm&r=g","url":"https:\/\/secure.gravatar.com\/avatar\/a3510350976b58aae6eccd1e36f066b660a69ef63f97fde3cba8205db7db816a?s=96&d=mm&r=g","contentUrl":"https:\/\/secure.gravatar.com\/avatar\/a3510350976b58aae6eccd1e36f066b660a69ef63f97fde3cba8205db7db816a?s=96&d=mm&r=g","caption":"Ferran"},"url":"https:\/\/fundesplai.org\/es\/informa-t\/author\/fvidal\/"}]}},"_links":{"self":[{"href":"https:\/\/fundesplai.org\/es\/wp-json\/wp\/v2\/posts\/47867","targetHints":{"allow":["GET"]}}],"collection":[{"href":"https:\/\/fundesplai.org\/es\/wp-json\/wp\/v2\/posts"}],"about":[{"href":"https:\/\/fundesplai.org\/es\/wp-json\/wp\/v2\/types\/post"}],"author":[{"embeddable":true,"href":"https:\/\/fundesplai.org\/es\/wp-json\/wp\/v2\/users\/4"}],"replies":[{"embeddable":true,"href":"https:\/\/fundesplai.org\/es\/wp-json\/wp\/v2\/comments?post=47867"}],"version-history":[{"count":0,"href":"https:\/\/fundesplai.org\/es\/wp-json\/wp\/v2\/posts\/47867\/revisions"}],"wp:attachment":[{"href":"https:\/\/fundesplai.org\/es\/wp-json\/wp\/v2\/media?parent=47867"}],"wp:term":[{"taxonomy":"category","embeddable":true,"href":"https:\/\/fundesplai.org\/es\/wp-json\/wp\/v2\/categories?post=47867"},{"taxonomy":"post_tag","embeddable":true,"href":"https:\/\/fundesplai.org\/es\/wp-json\/wp\/v2\/tags?post=47867"}],"curies":[{"name":"wp","href":"https:\/\/api.w.org\/{rel}","templated":true}]}}