{"id":47864,"date":"2018-10-01T13:00:55","date_gmt":"2018-10-01T11:00:55","guid":{"rendered":"https:\/\/fundesplai.org\/informa-t\/sense-categoria\/7a-jornada-de-intercambio-de-experiencias-de-aprendizaje-y-servicio\/"},"modified":"2018-10-01T13:00:55","modified_gmt":"2018-10-01T11:00:55","slug":"7a-jornada-de-intercambio-de-experiencias-de-aprendizaje-y-servicio","status":"publish","type":"post","link":"https:\/\/fundesplai.org\/es\/informa-t\/actualitat-es\/7a-jornada-de-intercambio-de-experiencias-de-aprendizaje-y-servicio\/","title":{"rendered":"7a jornada de intercambio de experiencias de Aprendizaje y Servicio"},"content":{"rendered":"<p>El viernes 19 de octubre, a las 16h, tendr\u00e1 lugar la&nbsp;  7\u00aa jornada de intercambio de experiencias de Aprendizaje y Servicio, organizada por el Centro Promotor de Aprendizaje y Servicio y el Instituto de Ciencias de la Educaci\u00f3n de la Universidad de Barcelona.<\/p>\n<p><!--more--><\/p>\n<p><img decoding=\"async\" class=\" size-full wp-image-5772\" src=\"https:\/\/fundesplai.org\/test-joomla\/wp-content\/uploads\/sites\/26\/2018\/10\/aps_web.jpg\" alt=\"aps web\" width=\"100%\" height=\"NaN\"><\/p>\n<p>El viernes 19 de octubre, a las 16h, tendr\u00e1 lugar la 7a jornada de intercambio de experiencias de Aprendizaje y Servicio, organizada por el Centro Promotor de Aprendizaje y Servicio y el Instituto de Ciencias de la Educaci\u00f3n de la Universidad de Barcelona. La jornada tendr\u00e1 lugar en el Edificio Mediod\u00eda, del Campus Mundet (Vall d&#8217;Hebr\u00f3n 171, Barcelona).<\/p>\n<p>El acto ser\u00e1 un espacio de encuentro, reflexi\u00f3n y di\u00e1logo entre profesionales y voluntarios\/as que est\u00e1n interesados \u200b\u200ben proyectos de aprendizaje y servicio (APS). El APS&nbsp; integra el servicio a la comunidad con el aprendizaje de contenidos, competencias, habilidades o valores.&nbsp;<\/p>\n<p><strong>Talleres, experiencias y conferencia<\/strong><\/p>\n<p>Tras el recibimiento y acreditaciones, a las 16.30h empezar\u00e1n los talleres que abordar\u00e1n diferentes herramientas para dise\u00f1ar, introducir la creatividad, trabajar recursos literarios y profundizar o promover la reflexi\u00f3n en proyectos APS.<\/p>\n<p>Posteriormente,&nbsp;Josep Puig, presidente del Centro Promotor de Aprendizaje Servicio, y&nbsp;Carme Panchon, directora adjunta del Instituto de Ciencias de la Educaci\u00f3n de la Universidad de Barcelona, \u200b\u200bpresentar\u00e1n la jornada y dar\u00e1n paso a&nbsp;la exposici\u00f3n dos experiencias APS relacionadas con la sostenibilidad: la experiencia del grado de Ciencias Ambientales de la UB y los proyectos de ApS en el Jard\u00edn Marimurtra y en el delta de la Tordera.<\/p>\n<p>Por \u00faltimo, la jornada acabar\u00e1 con ula conferencia &nbsp;\u00abDel aprendizaje servicio al liderazgo social\u00bb, a cargo de \u00c0ngel Casti\u00f1eira, profesor del Departamento de Ciencias Sociales en ESADE, director de la C\u00e1tedra Liderazgos y Gobernanza Democr\u00e1tica<\/p>\n<p><a href=\"http:\/\/www.ub.edu\/ice\/jornades\/aps2018\"><strong>M\u00e1s informaci\u00f3n e inscripciones&nbsp;<\/strong><\/a><\/p>\n","protected":false},"excerpt":{"rendered":"<p>El viernes 19 de octubre, a las 16h, tendr\u00e1 lugar la&nbsp; 7\u00aa jornada de intercambio de experiencias de Aprendizaje y Servicio, organizada por el Centro Promotor de Aprendizaje y Servicio y el Instituto de Ciencias de la Educaci\u00f3n de la Universidad de Barcelona.<\/p>\n","protected":false},"author":9,"featured_media":0,"comment_status":"closed","ping_status":"closed","sticky":false,"template":"","format":"standard","meta":{"_et_pb_use_builder":"","_et_pb_old_content":"","_et_gb_content_width":"","footnotes":""},"categories":[937],"tags":[],"class_list":["post-47864","post","type-post","status-publish","format-standard","hentry","category-actualitat-es"],"yoast_head":"<!-- This site is optimized with the Yoast SEO plugin v27.4 - https:\/\/yoast.com\/product\/yoast-seo-wordpress\/ -->\n<title>7a jornada de intercambio de experiencias de Aprendizaje y Servicio - Fundesplai<\/title>\n<meta name=\"robots\" content=\"index, follow, max-snippet:-1, max-image-preview:large, max-video-preview:-1\" \/>\n<link rel=\"canonical\" href=\"https:\/\/fundesplai.org\/es\/informa-t\/actualitat-es\/7a-jornada-de-intercambio-de-experiencias-de-aprendizaje-y-servicio\/\" \/>\n<meta property=\"og:locale\" content=\"es_ES\" \/>\n<meta property=\"og:type\" content=\"article\" \/>\n<meta property=\"og:title\" content=\"7a jornada de intercambio de experiencias de Aprendizaje y Servicio - Fundesplai\" \/>\n<meta property=\"og:description\" content=\"El viernes 19 de octubre, a las 16h, tendr\u00e1 lugar la&nbsp; 7\u00aa jornada de intercambio de experiencias de Aprendizaje y Servicio, organizada por el Centro Promotor de Aprendizaje y Servicio y el Instituto de Ciencias de la Educaci\u00f3n de la Universidad de Barcelona.\" \/>\n<meta property=\"og:url\" content=\"https:\/\/fundesplai.org\/es\/informa-t\/actualitat-es\/7a-jornada-de-intercambio-de-experiencias-de-aprendizaje-y-servicio\/\" \/>\n<meta property=\"og:site_name\" content=\"Fundesplai\" \/>\n<meta property=\"article:published_time\" content=\"2018-10-01T11:00:55+00:00\" \/>\n<meta property=\"og:image\" content=\"https:\/\/fundesplai.org\/test-joomla\/wp-content\/uploads\/sites\/26\/2018\/10\/aps_web.jpg\" \/>\n<meta name=\"author\" content=\"Alfons Valle\" \/>\n<meta name=\"twitter:card\" content=\"summary_large_image\" \/>\n<meta name=\"twitter:label1\" content=\"Escrito por\" \/>\n\t<meta name=\"twitter:data1\" content=\"Alfons Valle\" \/>\n\t<meta name=\"twitter:label2\" content=\"Tiempo de lectura\" \/>\n\t<meta name=\"twitter:data2\" content=\"2 minutos\" \/>\n<script type=\"application\/ld+json\" class=\"yoast-schema-graph\">{\"@context\":\"https:\\\/\\\/schema.org\",\"@graph\":[{\"@type\":\"Article\",\"@id\":\"https:\\\/\\\/fundesplai.org\\\/es\\\/informa-t\\\/actualitat-es\\\/7a-jornada-de-intercambio-de-experiencias-de-aprendizaje-y-servicio\\\/#article\",\"isPartOf\":{\"@id\":\"https:\\\/\\\/fundesplai.org\\\/es\\\/informa-t\\\/actualitat-es\\\/7a-jornada-de-intercambio-de-experiencias-de-aprendizaje-y-servicio\\\/\"},\"author\":{\"name\":\"Alfons Valle\",\"@id\":\"https:\\\/\\\/fundesplai.org\\\/es\\\/#\\\/schema\\\/person\\\/c0e9e7466bb8ac06f5264324a6109733\"},\"headline\":\"7a jornada de intercambio de experiencias de Aprendizaje y Servicio\",\"datePublished\":\"2018-10-01T11:00:55+00:00\",\"mainEntityOfPage\":{\"@id\":\"https:\\\/\\\/fundesplai.org\\\/es\\\/informa-t\\\/actualitat-es\\\/7a-jornada-de-intercambio-de-experiencias-de-aprendizaje-y-servicio\\\/\"},\"wordCount\":323,\"image\":{\"@id\":\"https:\\\/\\\/fundesplai.org\\\/es\\\/informa-t\\\/actualitat-es\\\/7a-jornada-de-intercambio-de-experiencias-de-aprendizaje-y-servicio\\\/#primaryimage\"},\"thumbnailUrl\":\"https:\\\/\\\/fundesplai.org\\\/test-joomla\\\/wp-content\\\/uploads\\\/sites\\\/26\\\/2018\\\/10\\\/aps_web.jpg\",\"articleSection\":[\"Actualitat\"],\"inLanguage\":\"es\"},{\"@type\":\"WebPage\",\"@id\":\"https:\\\/\\\/fundesplai.org\\\/es\\\/informa-t\\\/actualitat-es\\\/7a-jornada-de-intercambio-de-experiencias-de-aprendizaje-y-servicio\\\/\",\"url\":\"https:\\\/\\\/fundesplai.org\\\/es\\\/informa-t\\\/actualitat-es\\\/7a-jornada-de-intercambio-de-experiencias-de-aprendizaje-y-servicio\\\/\",\"name\":\"7a jornada de intercambio de experiencias de Aprendizaje y Servicio - Fundesplai\",\"isPartOf\":{\"@id\":\"https:\\\/\\\/fundesplai.org\\\/es\\\/#website\"},\"primaryImageOfPage\":{\"@id\":\"https:\\\/\\\/fundesplai.org\\\/es\\\/informa-t\\\/actualitat-es\\\/7a-jornada-de-intercambio-de-experiencias-de-aprendizaje-y-servicio\\\/#primaryimage\"},\"image\":{\"@id\":\"https:\\\/\\\/fundesplai.org\\\/es\\\/informa-t\\\/actualitat-es\\\/7a-jornada-de-intercambio-de-experiencias-de-aprendizaje-y-servicio\\\/#primaryimage\"},\"thumbnailUrl\":\"https:\\\/\\\/fundesplai.org\\\/test-joomla\\\/wp-content\\\/uploads\\\/sites\\\/26\\\/2018\\\/10\\\/aps_web.jpg\",\"datePublished\":\"2018-10-01T11:00:55+00:00\",\"author\":{\"@id\":\"https:\\\/\\\/fundesplai.org\\\/es\\\/#\\\/schema\\\/person\\\/c0e9e7466bb8ac06f5264324a6109733\"},\"breadcrumb\":{\"@id\":\"https:\\\/\\\/fundesplai.org\\\/es\\\/informa-t\\\/actualitat-es\\\/7a-jornada-de-intercambio-de-experiencias-de-aprendizaje-y-servicio\\\/#breadcrumb\"},\"inLanguage\":\"es\",\"potentialAction\":[{\"@type\":\"ReadAction\",\"target\":[\"https:\\\/\\\/fundesplai.org\\\/es\\\/informa-t\\\/actualitat-es\\\/7a-jornada-de-intercambio-de-experiencias-de-aprendizaje-y-servicio\\\/\"]}]},{\"@type\":\"ImageObject\",\"inLanguage\":\"es\",\"@id\":\"https:\\\/\\\/fundesplai.org\\\/es\\\/informa-t\\\/actualitat-es\\\/7a-jornada-de-intercambio-de-experiencias-de-aprendizaje-y-servicio\\\/#primaryimage\",\"url\":\"https:\\\/\\\/fundesplai.org\\\/test-joomla\\\/wp-content\\\/uploads\\\/sites\\\/26\\\/2018\\\/10\\\/aps_web.jpg\",\"contentUrl\":\"https:\\\/\\\/fundesplai.org\\\/test-joomla\\\/wp-content\\\/uploads\\\/sites\\\/26\\\/2018\\\/10\\\/aps_web.jpg\"},{\"@type\":\"BreadcrumbList\",\"@id\":\"https:\\\/\\\/fundesplai.org\\\/es\\\/informa-t\\\/actualitat-es\\\/7a-jornada-de-intercambio-de-experiencias-de-aprendizaje-y-servicio\\\/#breadcrumb\",\"itemListElement\":[{\"@type\":\"ListItem\",\"position\":1,\"name\":\"Inici\",\"item\":\"https:\\\/\\\/fundesplai.org\\\/es\\\/inicio\\\/\"},{\"@type\":\"ListItem\",\"position\":2,\"name\":\"Inf\u00f3rmate\",\"item\":\"https:\\\/\\\/fundesplai.org\\\/es\\\/informate\\\/\"},{\"@type\":\"ListItem\",\"position\":3,\"name\":\"Sin categor\u00eda\",\"item\":\"https:\\\/\\\/fundesplai.org\\\/es\\\/informa-t\\\/category\\\/sin-categoria\\\/\"},{\"@type\":\"ListItem\",\"position\":4,\"name\":\"7a jornada de intercambio de experiencias de Aprendizaje y Servicio\"}]},{\"@type\":\"WebSite\",\"@id\":\"https:\\\/\\\/fundesplai.org\\\/es\\\/#website\",\"url\":\"https:\\\/\\\/fundesplai.org\\\/es\\\/\",\"name\":\"Fundesplai\",\"description\":\"Eduquem per la conviv\u00e8ncia i la sostenibilitat\",\"potentialAction\":[{\"@type\":\"SearchAction\",\"target\":{\"@type\":\"EntryPoint\",\"urlTemplate\":\"https:\\\/\\\/fundesplai.org\\\/es\\\/?s={search_term_string}\"},\"query-input\":{\"@type\":\"PropertyValueSpecification\",\"valueRequired\":true,\"valueName\":\"search_term_string\"}}],\"inLanguage\":\"es\"},{\"@type\":\"Person\",\"@id\":\"https:\\\/\\\/fundesplai.org\\\/es\\\/#\\\/schema\\\/person\\\/c0e9e7466bb8ac06f5264324a6109733\",\"name\":\"Alfons Valle\",\"image\":{\"@type\":\"ImageObject\",\"inLanguage\":\"es\",\"@id\":\"https:\\\/\\\/secure.gravatar.com\\\/avatar\\\/71d95a3f99a068ba570ac1314ed6911a59c5ae3f22ffcf23631cd1a861a640bc?s=96&d=mm&r=g\",\"url\":\"https:\\\/\\\/secure.gravatar.com\\\/avatar\\\/71d95a3f99a068ba570ac1314ed6911a59c5ae3f22ffcf23631cd1a861a640bc?s=96&d=mm&r=g\",\"contentUrl\":\"https:\\\/\\\/secure.gravatar.com\\\/avatar\\\/71d95a3f99a068ba570ac1314ed6911a59c5ae3f22ffcf23631cd1a861a640bc?s=96&d=mm&r=g\",\"caption\":\"Alfons Valle\"},\"url\":\"https:\\\/\\\/fundesplai.org\\\/es\\\/informa-t\\\/author\\\/avalle\\\/\"}]}<\/script>\n<!-- \/ Yoast SEO plugin. -->","yoast_head_json":{"title":"7a jornada de intercambio de experiencias de Aprendizaje y Servicio - Fundesplai","robots":{"index":"index","follow":"follow","max-snippet":"max-snippet:-1","max-image-preview":"max-image-preview:large","max-video-preview":"max-video-preview:-1"},"canonical":"https:\/\/fundesplai.org\/es\/informa-t\/actualitat-es\/7a-jornada-de-intercambio-de-experiencias-de-aprendizaje-y-servicio\/","og_locale":"es_ES","og_type":"article","og_title":"7a jornada de intercambio de experiencias de Aprendizaje y Servicio - Fundesplai","og_description":"El viernes 19 de octubre, a las 16h, tendr\u00e1 lugar la&nbsp; 7\u00aa jornada de intercambio de experiencias de Aprendizaje y Servicio, organizada por el Centro Promotor de Aprendizaje y Servicio y el Instituto de Ciencias de la Educaci\u00f3n de la Universidad de Barcelona.","og_url":"https:\/\/fundesplai.org\/es\/informa-t\/actualitat-es\/7a-jornada-de-intercambio-de-experiencias-de-aprendizaje-y-servicio\/","og_site_name":"Fundesplai","article_published_time":"2018-10-01T11:00:55+00:00","og_image":[{"url":"https:\/\/fundesplai.org\/test-joomla\/wp-content\/uploads\/sites\/26\/2018\/10\/aps_web.jpg","type":"","width":"","height":""}],"author":"Alfons Valle","twitter_card":"summary_large_image","twitter_misc":{"Escrito por":"Alfons Valle","Tiempo de lectura":"2 minutos"},"schema":{"@context":"https:\/\/schema.org","@graph":[{"@type":"Article","@id":"https:\/\/fundesplai.org\/es\/informa-t\/actualitat-es\/7a-jornada-de-intercambio-de-experiencias-de-aprendizaje-y-servicio\/#article","isPartOf":{"@id":"https:\/\/fundesplai.org\/es\/informa-t\/actualitat-es\/7a-jornada-de-intercambio-de-experiencias-de-aprendizaje-y-servicio\/"},"author":{"name":"Alfons Valle","@id":"https:\/\/fundesplai.org\/es\/#\/schema\/person\/c0e9e7466bb8ac06f5264324a6109733"},"headline":"7a jornada de intercambio de experiencias de Aprendizaje y Servicio","datePublished":"2018-10-01T11:00:55+00:00","mainEntityOfPage":{"@id":"https:\/\/fundesplai.org\/es\/informa-t\/actualitat-es\/7a-jornada-de-intercambio-de-experiencias-de-aprendizaje-y-servicio\/"},"wordCount":323,"image":{"@id":"https:\/\/fundesplai.org\/es\/informa-t\/actualitat-es\/7a-jornada-de-intercambio-de-experiencias-de-aprendizaje-y-servicio\/#primaryimage"},"thumbnailUrl":"https:\/\/fundesplai.org\/test-joomla\/wp-content\/uploads\/sites\/26\/2018\/10\/aps_web.jpg","articleSection":["Actualitat"],"inLanguage":"es"},{"@type":"WebPage","@id":"https:\/\/fundesplai.org\/es\/informa-t\/actualitat-es\/7a-jornada-de-intercambio-de-experiencias-de-aprendizaje-y-servicio\/","url":"https:\/\/fundesplai.org\/es\/informa-t\/actualitat-es\/7a-jornada-de-intercambio-de-experiencias-de-aprendizaje-y-servicio\/","name":"7a jornada de intercambio de experiencias de Aprendizaje y Servicio - Fundesplai","isPartOf":{"@id":"https:\/\/fundesplai.org\/es\/#website"},"primaryImageOfPage":{"@id":"https:\/\/fundesplai.org\/es\/informa-t\/actualitat-es\/7a-jornada-de-intercambio-de-experiencias-de-aprendizaje-y-servicio\/#primaryimage"},"image":{"@id":"https:\/\/fundesplai.org\/es\/informa-t\/actualitat-es\/7a-jornada-de-intercambio-de-experiencias-de-aprendizaje-y-servicio\/#primaryimage"},"thumbnailUrl":"https:\/\/fundesplai.org\/test-joomla\/wp-content\/uploads\/sites\/26\/2018\/10\/aps_web.jpg","datePublished":"2018-10-01T11:00:55+00:00","author":{"@id":"https:\/\/fundesplai.org\/es\/#\/schema\/person\/c0e9e7466bb8ac06f5264324a6109733"},"breadcrumb":{"@id":"https:\/\/fundesplai.org\/es\/informa-t\/actualitat-es\/7a-jornada-de-intercambio-de-experiencias-de-aprendizaje-y-servicio\/#breadcrumb"},"inLanguage":"es","potentialAction":[{"@type":"ReadAction","target":["https:\/\/fundesplai.org\/es\/informa-t\/actualitat-es\/7a-jornada-de-intercambio-de-experiencias-de-aprendizaje-y-servicio\/"]}]},{"@type":"ImageObject","inLanguage":"es","@id":"https:\/\/fundesplai.org\/es\/informa-t\/actualitat-es\/7a-jornada-de-intercambio-de-experiencias-de-aprendizaje-y-servicio\/#primaryimage","url":"https:\/\/fundesplai.org\/test-joomla\/wp-content\/uploads\/sites\/26\/2018\/10\/aps_web.jpg","contentUrl":"https:\/\/fundesplai.org\/test-joomla\/wp-content\/uploads\/sites\/26\/2018\/10\/aps_web.jpg"},{"@type":"BreadcrumbList","@id":"https:\/\/fundesplai.org\/es\/informa-t\/actualitat-es\/7a-jornada-de-intercambio-de-experiencias-de-aprendizaje-y-servicio\/#breadcrumb","itemListElement":[{"@type":"ListItem","position":1,"name":"Inici","item":"https:\/\/fundesplai.org\/es\/inicio\/"},{"@type":"ListItem","position":2,"name":"Inf\u00f3rmate","item":"https:\/\/fundesplai.org\/es\/informate\/"},{"@type":"ListItem","position":3,"name":"Sin categor\u00eda","item":"https:\/\/fundesplai.org\/es\/informa-t\/category\/sin-categoria\/"},{"@type":"ListItem","position":4,"name":"7a jornada de intercambio de experiencias de Aprendizaje y Servicio"}]},{"@type":"WebSite","@id":"https:\/\/fundesplai.org\/es\/#website","url":"https:\/\/fundesplai.org\/es\/","name":"Fundesplai","description":"Eduquem per la conviv\u00e8ncia i la sostenibilitat","potentialAction":[{"@type":"SearchAction","target":{"@type":"EntryPoint","urlTemplate":"https:\/\/fundesplai.org\/es\/?s={search_term_string}"},"query-input":{"@type":"PropertyValueSpecification","valueRequired":true,"valueName":"search_term_string"}}],"inLanguage":"es"},{"@type":"Person","@id":"https:\/\/fundesplai.org\/es\/#\/schema\/person\/c0e9e7466bb8ac06f5264324a6109733","name":"Alfons Valle","image":{"@type":"ImageObject","inLanguage":"es","@id":"https:\/\/secure.gravatar.com\/avatar\/71d95a3f99a068ba570ac1314ed6911a59c5ae3f22ffcf23631cd1a861a640bc?s=96&d=mm&r=g","url":"https:\/\/secure.gravatar.com\/avatar\/71d95a3f99a068ba570ac1314ed6911a59c5ae3f22ffcf23631cd1a861a640bc?s=96&d=mm&r=g","contentUrl":"https:\/\/secure.gravatar.com\/avatar\/71d95a3f99a068ba570ac1314ed6911a59c5ae3f22ffcf23631cd1a861a640bc?s=96&d=mm&r=g","caption":"Alfons Valle"},"url":"https:\/\/fundesplai.org\/es\/informa-t\/author\/avalle\/"}]}},"_links":{"self":[{"href":"https:\/\/fundesplai.org\/es\/wp-json\/wp\/v2\/posts\/47864","targetHints":{"allow":["GET"]}}],"collection":[{"href":"https:\/\/fundesplai.org\/es\/wp-json\/wp\/v2\/posts"}],"about":[{"href":"https:\/\/fundesplai.org\/es\/wp-json\/wp\/v2\/types\/post"}],"author":[{"embeddable":true,"href":"https:\/\/fundesplai.org\/es\/wp-json\/wp\/v2\/users\/9"}],"replies":[{"embeddable":true,"href":"https:\/\/fundesplai.org\/es\/wp-json\/wp\/v2\/comments?post=47864"}],"version-history":[{"count":0,"href":"https:\/\/fundesplai.org\/es\/wp-json\/wp\/v2\/posts\/47864\/revisions"}],"wp:attachment":[{"href":"https:\/\/fundesplai.org\/es\/wp-json\/wp\/v2\/media?parent=47864"}],"wp:term":[{"taxonomy":"category","embeddable":true,"href":"https:\/\/fundesplai.org\/es\/wp-json\/wp\/v2\/categories?post=47864"},{"taxonomy":"post_tag","embeddable":true,"href":"https:\/\/fundesplai.org\/es\/wp-json\/wp\/v2\/tags?post=47864"}],"curies":[{"name":"wp","href":"https:\/\/api.w.org\/{rel}","templated":true}]}}