{"id":47858,"date":"2018-09-06T12:27:23","date_gmt":"2018-09-06T10:27:23","guid":{"rendered":"https:\/\/fundesplai.org\/informa-t\/sense-categoria\/encuentro-de-inicio-de-curso-del-tiempo-del-mediodia-de-fundesplai\/"},"modified":"2018-09-06T12:27:23","modified_gmt":"2018-09-06T10:27:23","slug":"encuentro-de-inicio-de-curso-del-tiempo-del-mediodia-de-fundesplai","status":"publish","type":"post","link":"https:\/\/fundesplai.org\/es\/informa-t\/actualitat-es\/encuentro-de-inicio-de-curso-del-tiempo-del-mediodia-de-fundesplai\/","title":{"rendered":"Encuentro de inicio de curso del tiempo del mediod\u00eda de Fundesplai"},"content":{"rendered":"<p>El jueves 6 de septiembre se han reunido en Centre Esplai&#8230;<\/p>\n<p><!--more--><\/p>\n<p>Este jueves 6 de septiembre se han reunido en Centre Esplai, la sede de Fundesplai en el barrio de Sant Cosme del Prat de Llobregat, cerca de 70 cocineros\/as y coordinadores\/as del tiempo del mediod\u00eda de las escuelas donde la entidad est\u00e1 presente.<\/p>\n<p>&nbsp;<\/p>\n<table style=\"height: 37px;width: 100%\">\n<tbody>\n<tr>\n<td colspan=\"2\"><img decoding=\"async\" class=\" size-full wp-image-5670\" src=\"https:\/\/fundesplai.org\/test-joomla\/wp-content\/uploads\/sites\/26\/2018\/09\/TrobadaSESCO2018Grup.jpg\" alt=\"TrobadaSESCO2018Grup\" width=\"100%\" height=\"NaN\"><\/td>\n<\/tr>\n<tr>\n<td><img decoding=\"async\" class=\" size-full wp-image-5673\" src=\"https:\/\/fundesplai.org\/test-joomla\/wp-content\/uploads\/sites\/26\/2018\/09\/TrobadaSESCO2018Cuina.jpg\" alt=\"TrobadaSESCO2018Cuina\" width=\"100%\" height=\"NaN\"><\/td>\n<td><a href=\"https:\/\/youtu.be\/zFk4AjtSpxc\"><img decoding=\"async\" class=\" size-full wp-image-5679\" src=\"https:\/\/fundesplai.org\/test-joomla\/wp-content\/uploads\/sites\/26\/2018\/09\/Video2def.jpg\" alt=\"Video2def\" width=\"100%\" height=\"NaN\"><\/a><\/td>\n<\/tr>\n<tr>\n<td>&nbsp;<\/td>\n<td><strong>Mira el v\u00eddeo del tiempo educativo del mediod\u00eda<\/strong><\/td>\n<\/tr>\n<\/tbody>\n<\/table>\n<p>El encuentro, que se ha desarrollado de 9 a 17:30h, ha servido para dar el pistoletazo de salida al curso 2018\/19. El acto ha comenzado con una charla sobre temas motivacionales y posteriormente se han impartido distintos talleres sobre prevenci\u00f3n de riesgos laborales, gesti\u00f3n e intercambio de experiencias innovadoras.<\/p>\n<p>En este \u00faltimo \u00e1mbito, coordinadoras y coordinadores de escuelas han explicado iniciativas que est\u00e1n aplicando para la resoluci\u00f3n de conflictos, la promoci\u00f3n de la autonom\u00eda de los ni\u00f1os en los comedores, la aplicaci\u00f3n de la propuesta educativa \u00abEncoratja&#8217;t\u00bb por la igualdad de g\u00e9nero y la violencia cero, la dinamizaci\u00f3n de la web, la organizaci\u00f3n de los equipos de monitores\/as en comisiones de trabajo o el ocio en el mediod\u00eda.<\/p>\n<p>Despu\u00e9s del almuerzo, se han continuado impartiendo formaciones m\u00e1s espec\u00edficas sobre alergias e intolerancias a cocineros\/as y coordinadores\/as han trabajado en grupos los aspectos que han tratado durante la ma\u00f1ana, adem\u00e1s de aspectos de gesti\u00f3n del d\u00eda a d\u00eda e informaciones diversas para compartir con sus equipos.<\/p>\n","protected":false},"excerpt":{"rendered":"<p>El jueves 6 de septiembre se han reunido en Centre Esplai&#8230;<\/p>\n","protected":false},"author":9,"featured_media":0,"comment_status":"closed","ping_status":"closed","sticky":false,"template":"","format":"standard","meta":{"_et_pb_use_builder":"","_et_pb_old_content":"","_et_gb_content_width":"","footnotes":""},"categories":[937],"tags":[],"class_list":["post-47858","post","type-post","status-publish","format-standard","hentry","category-actualitat-es"],"yoast_head":"<!-- This site is optimized with the Yoast SEO plugin v27.4 - https:\/\/yoast.com\/product\/yoast-seo-wordpress\/ -->\n<title>Encuentro de inicio de curso del tiempo del mediod\u00eda de Fundesplai - Fundesplai<\/title>\n<meta name=\"robots\" content=\"index, follow, max-snippet:-1, max-image-preview:large, max-video-preview:-1\" \/>\n<link rel=\"canonical\" href=\"https:\/\/fundesplai.org\/es\/informa-t\/actualitat-es\/encuentro-de-inicio-de-curso-del-tiempo-del-mediodia-de-fundesplai\/\" \/>\n<meta property=\"og:locale\" content=\"es_ES\" \/>\n<meta property=\"og:type\" content=\"article\" \/>\n<meta property=\"og:title\" content=\"Encuentro de inicio de curso del tiempo del mediod\u00eda de Fundesplai - Fundesplai\" \/>\n<meta property=\"og:description\" content=\"El jueves 6 de septiembre se han reunido en Centre Esplai&#8230;\" \/>\n<meta property=\"og:url\" content=\"https:\/\/fundesplai.org\/es\/informa-t\/actualitat-es\/encuentro-de-inicio-de-curso-del-tiempo-del-mediodia-de-fundesplai\/\" \/>\n<meta property=\"og:site_name\" content=\"Fundesplai\" \/>\n<meta property=\"article:published_time\" content=\"2018-09-06T10:27:23+00:00\" \/>\n<meta property=\"og:image\" content=\"https:\/\/fundesplai.org\/test-joomla\/wp-content\/uploads\/sites\/26\/2018\/09\/TrobadaSESCO2018Grup.jpg\" \/>\n<meta name=\"author\" content=\"Alfons Valle\" \/>\n<meta name=\"twitter:card\" content=\"summary_large_image\" \/>\n<meta name=\"twitter:label1\" content=\"Escrito por\" \/>\n\t<meta name=\"twitter:data1\" content=\"Alfons Valle\" \/>\n\t<meta name=\"twitter:label2\" content=\"Tiempo de lectura\" \/>\n\t<meta name=\"twitter:data2\" content=\"1 minuto\" \/>\n<script type=\"application\/ld+json\" class=\"yoast-schema-graph\">{\"@context\":\"https:\\\/\\\/schema.org\",\"@graph\":[{\"@type\":\"Article\",\"@id\":\"https:\\\/\\\/fundesplai.org\\\/es\\\/informa-t\\\/actualitat-es\\\/encuentro-de-inicio-de-curso-del-tiempo-del-mediodia-de-fundesplai\\\/#article\",\"isPartOf\":{\"@id\":\"https:\\\/\\\/fundesplai.org\\\/es\\\/informa-t\\\/actualitat-es\\\/encuentro-de-inicio-de-curso-del-tiempo-del-mediodia-de-fundesplai\\\/\"},\"author\":{\"name\":\"Alfons Valle\",\"@id\":\"https:\\\/\\\/fundesplai.org\\\/es\\\/#\\\/schema\\\/person\\\/c0e9e7466bb8ac06f5264324a6109733\"},\"headline\":\"Encuentro de inicio de curso del tiempo del mediod\u00eda de Fundesplai\",\"datePublished\":\"2018-09-06T10:27:23+00:00\",\"mainEntityOfPage\":{\"@id\":\"https:\\\/\\\/fundesplai.org\\\/es\\\/informa-t\\\/actualitat-es\\\/encuentro-de-inicio-de-curso-del-tiempo-del-mediodia-de-fundesplai\\\/\"},\"wordCount\":265,\"image\":{\"@id\":\"https:\\\/\\\/fundesplai.org\\\/es\\\/informa-t\\\/actualitat-es\\\/encuentro-de-inicio-de-curso-del-tiempo-del-mediodia-de-fundesplai\\\/#primaryimage\"},\"thumbnailUrl\":\"https:\\\/\\\/fundesplai.org\\\/test-joomla\\\/wp-content\\\/uploads\\\/sites\\\/26\\\/2018\\\/09\\\/TrobadaSESCO2018Grup.jpg\",\"articleSection\":[\"Actualitat\"],\"inLanguage\":\"es\"},{\"@type\":\"WebPage\",\"@id\":\"https:\\\/\\\/fundesplai.org\\\/es\\\/informa-t\\\/actualitat-es\\\/encuentro-de-inicio-de-curso-del-tiempo-del-mediodia-de-fundesplai\\\/\",\"url\":\"https:\\\/\\\/fundesplai.org\\\/es\\\/informa-t\\\/actualitat-es\\\/encuentro-de-inicio-de-curso-del-tiempo-del-mediodia-de-fundesplai\\\/\",\"name\":\"Encuentro de inicio de curso del tiempo del mediod\u00eda de Fundesplai - Fundesplai\",\"isPartOf\":{\"@id\":\"https:\\\/\\\/fundesplai.org\\\/es\\\/#website\"},\"primaryImageOfPage\":{\"@id\":\"https:\\\/\\\/fundesplai.org\\\/es\\\/informa-t\\\/actualitat-es\\\/encuentro-de-inicio-de-curso-del-tiempo-del-mediodia-de-fundesplai\\\/#primaryimage\"},\"image\":{\"@id\":\"https:\\\/\\\/fundesplai.org\\\/es\\\/informa-t\\\/actualitat-es\\\/encuentro-de-inicio-de-curso-del-tiempo-del-mediodia-de-fundesplai\\\/#primaryimage\"},\"thumbnailUrl\":\"https:\\\/\\\/fundesplai.org\\\/test-joomla\\\/wp-content\\\/uploads\\\/sites\\\/26\\\/2018\\\/09\\\/TrobadaSESCO2018Grup.jpg\",\"datePublished\":\"2018-09-06T10:27:23+00:00\",\"author\":{\"@id\":\"https:\\\/\\\/fundesplai.org\\\/es\\\/#\\\/schema\\\/person\\\/c0e9e7466bb8ac06f5264324a6109733\"},\"breadcrumb\":{\"@id\":\"https:\\\/\\\/fundesplai.org\\\/es\\\/informa-t\\\/actualitat-es\\\/encuentro-de-inicio-de-curso-del-tiempo-del-mediodia-de-fundesplai\\\/#breadcrumb\"},\"inLanguage\":\"es\",\"potentialAction\":[{\"@type\":\"ReadAction\",\"target\":[\"https:\\\/\\\/fundesplai.org\\\/es\\\/informa-t\\\/actualitat-es\\\/encuentro-de-inicio-de-curso-del-tiempo-del-mediodia-de-fundesplai\\\/\"]}]},{\"@type\":\"ImageObject\",\"inLanguage\":\"es\",\"@id\":\"https:\\\/\\\/fundesplai.org\\\/es\\\/informa-t\\\/actualitat-es\\\/encuentro-de-inicio-de-curso-del-tiempo-del-mediodia-de-fundesplai\\\/#primaryimage\",\"url\":\"https:\\\/\\\/fundesplai.org\\\/test-joomla\\\/wp-content\\\/uploads\\\/sites\\\/26\\\/2018\\\/09\\\/TrobadaSESCO2018Grup.jpg\",\"contentUrl\":\"https:\\\/\\\/fundesplai.org\\\/test-joomla\\\/wp-content\\\/uploads\\\/sites\\\/26\\\/2018\\\/09\\\/TrobadaSESCO2018Grup.jpg\"},{\"@type\":\"BreadcrumbList\",\"@id\":\"https:\\\/\\\/fundesplai.org\\\/es\\\/informa-t\\\/actualitat-es\\\/encuentro-de-inicio-de-curso-del-tiempo-del-mediodia-de-fundesplai\\\/#breadcrumb\",\"itemListElement\":[{\"@type\":\"ListItem\",\"position\":1,\"name\":\"Inici\",\"item\":\"https:\\\/\\\/fundesplai.org\\\/es\\\/inicio\\\/\"},{\"@type\":\"ListItem\",\"position\":2,\"name\":\"Inf\u00f3rmate\",\"item\":\"https:\\\/\\\/fundesplai.org\\\/es\\\/informate\\\/\"},{\"@type\":\"ListItem\",\"position\":3,\"name\":\"Sin categor\u00eda\",\"item\":\"https:\\\/\\\/fundesplai.org\\\/es\\\/informa-t\\\/category\\\/sin-categoria\\\/\"},{\"@type\":\"ListItem\",\"position\":4,\"name\":\"Encuentro de inicio de curso del tiempo del mediod\u00eda de Fundesplai\"}]},{\"@type\":\"WebSite\",\"@id\":\"https:\\\/\\\/fundesplai.org\\\/es\\\/#website\",\"url\":\"https:\\\/\\\/fundesplai.org\\\/es\\\/\",\"name\":\"Fundesplai\",\"description\":\"Eduquem per la conviv\u00e8ncia i la sostenibilitat\",\"potentialAction\":[{\"@type\":\"SearchAction\",\"target\":{\"@type\":\"EntryPoint\",\"urlTemplate\":\"https:\\\/\\\/fundesplai.org\\\/es\\\/?s={search_term_string}\"},\"query-input\":{\"@type\":\"PropertyValueSpecification\",\"valueRequired\":true,\"valueName\":\"search_term_string\"}}],\"inLanguage\":\"es\"},{\"@type\":\"Person\",\"@id\":\"https:\\\/\\\/fundesplai.org\\\/es\\\/#\\\/schema\\\/person\\\/c0e9e7466bb8ac06f5264324a6109733\",\"name\":\"Alfons Valle\",\"image\":{\"@type\":\"ImageObject\",\"inLanguage\":\"es\",\"@id\":\"https:\\\/\\\/secure.gravatar.com\\\/avatar\\\/71d95a3f99a068ba570ac1314ed6911a59c5ae3f22ffcf23631cd1a861a640bc?s=96&d=mm&r=g\",\"url\":\"https:\\\/\\\/secure.gravatar.com\\\/avatar\\\/71d95a3f99a068ba570ac1314ed6911a59c5ae3f22ffcf23631cd1a861a640bc?s=96&d=mm&r=g\",\"contentUrl\":\"https:\\\/\\\/secure.gravatar.com\\\/avatar\\\/71d95a3f99a068ba570ac1314ed6911a59c5ae3f22ffcf23631cd1a861a640bc?s=96&d=mm&r=g\",\"caption\":\"Alfons Valle\"},\"url\":\"https:\\\/\\\/fundesplai.org\\\/es\\\/informa-t\\\/author\\\/avalle\\\/\"}]}<\/script>\n<!-- \/ Yoast SEO plugin. -->","yoast_head_json":{"title":"Encuentro de inicio de curso del tiempo del mediod\u00eda de Fundesplai - Fundesplai","robots":{"index":"index","follow":"follow","max-snippet":"max-snippet:-1","max-image-preview":"max-image-preview:large","max-video-preview":"max-video-preview:-1"},"canonical":"https:\/\/fundesplai.org\/es\/informa-t\/actualitat-es\/encuentro-de-inicio-de-curso-del-tiempo-del-mediodia-de-fundesplai\/","og_locale":"es_ES","og_type":"article","og_title":"Encuentro de inicio de curso del tiempo del mediod\u00eda de Fundesplai - Fundesplai","og_description":"El jueves 6 de septiembre se han reunido en Centre Esplai&#8230;","og_url":"https:\/\/fundesplai.org\/es\/informa-t\/actualitat-es\/encuentro-de-inicio-de-curso-del-tiempo-del-mediodia-de-fundesplai\/","og_site_name":"Fundesplai","article_published_time":"2018-09-06T10:27:23+00:00","og_image":[{"url":"https:\/\/fundesplai.org\/test-joomla\/wp-content\/uploads\/sites\/26\/2018\/09\/TrobadaSESCO2018Grup.jpg","type":"","width":"","height":""}],"author":"Alfons Valle","twitter_card":"summary_large_image","twitter_misc":{"Escrito por":"Alfons Valle","Tiempo de lectura":"1 minuto"},"schema":{"@context":"https:\/\/schema.org","@graph":[{"@type":"Article","@id":"https:\/\/fundesplai.org\/es\/informa-t\/actualitat-es\/encuentro-de-inicio-de-curso-del-tiempo-del-mediodia-de-fundesplai\/#article","isPartOf":{"@id":"https:\/\/fundesplai.org\/es\/informa-t\/actualitat-es\/encuentro-de-inicio-de-curso-del-tiempo-del-mediodia-de-fundesplai\/"},"author":{"name":"Alfons Valle","@id":"https:\/\/fundesplai.org\/es\/#\/schema\/person\/c0e9e7466bb8ac06f5264324a6109733"},"headline":"Encuentro de inicio de curso del tiempo del mediod\u00eda de Fundesplai","datePublished":"2018-09-06T10:27:23+00:00","mainEntityOfPage":{"@id":"https:\/\/fundesplai.org\/es\/informa-t\/actualitat-es\/encuentro-de-inicio-de-curso-del-tiempo-del-mediodia-de-fundesplai\/"},"wordCount":265,"image":{"@id":"https:\/\/fundesplai.org\/es\/informa-t\/actualitat-es\/encuentro-de-inicio-de-curso-del-tiempo-del-mediodia-de-fundesplai\/#primaryimage"},"thumbnailUrl":"https:\/\/fundesplai.org\/test-joomla\/wp-content\/uploads\/sites\/26\/2018\/09\/TrobadaSESCO2018Grup.jpg","articleSection":["Actualitat"],"inLanguage":"es"},{"@type":"WebPage","@id":"https:\/\/fundesplai.org\/es\/informa-t\/actualitat-es\/encuentro-de-inicio-de-curso-del-tiempo-del-mediodia-de-fundesplai\/","url":"https:\/\/fundesplai.org\/es\/informa-t\/actualitat-es\/encuentro-de-inicio-de-curso-del-tiempo-del-mediodia-de-fundesplai\/","name":"Encuentro de inicio de curso del tiempo del mediod\u00eda de Fundesplai - Fundesplai","isPartOf":{"@id":"https:\/\/fundesplai.org\/es\/#website"},"primaryImageOfPage":{"@id":"https:\/\/fundesplai.org\/es\/informa-t\/actualitat-es\/encuentro-de-inicio-de-curso-del-tiempo-del-mediodia-de-fundesplai\/#primaryimage"},"image":{"@id":"https:\/\/fundesplai.org\/es\/informa-t\/actualitat-es\/encuentro-de-inicio-de-curso-del-tiempo-del-mediodia-de-fundesplai\/#primaryimage"},"thumbnailUrl":"https:\/\/fundesplai.org\/test-joomla\/wp-content\/uploads\/sites\/26\/2018\/09\/TrobadaSESCO2018Grup.jpg","datePublished":"2018-09-06T10:27:23+00:00","author":{"@id":"https:\/\/fundesplai.org\/es\/#\/schema\/person\/c0e9e7466bb8ac06f5264324a6109733"},"breadcrumb":{"@id":"https:\/\/fundesplai.org\/es\/informa-t\/actualitat-es\/encuentro-de-inicio-de-curso-del-tiempo-del-mediodia-de-fundesplai\/#breadcrumb"},"inLanguage":"es","potentialAction":[{"@type":"ReadAction","target":["https:\/\/fundesplai.org\/es\/informa-t\/actualitat-es\/encuentro-de-inicio-de-curso-del-tiempo-del-mediodia-de-fundesplai\/"]}]},{"@type":"ImageObject","inLanguage":"es","@id":"https:\/\/fundesplai.org\/es\/informa-t\/actualitat-es\/encuentro-de-inicio-de-curso-del-tiempo-del-mediodia-de-fundesplai\/#primaryimage","url":"https:\/\/fundesplai.org\/test-joomla\/wp-content\/uploads\/sites\/26\/2018\/09\/TrobadaSESCO2018Grup.jpg","contentUrl":"https:\/\/fundesplai.org\/test-joomla\/wp-content\/uploads\/sites\/26\/2018\/09\/TrobadaSESCO2018Grup.jpg"},{"@type":"BreadcrumbList","@id":"https:\/\/fundesplai.org\/es\/informa-t\/actualitat-es\/encuentro-de-inicio-de-curso-del-tiempo-del-mediodia-de-fundesplai\/#breadcrumb","itemListElement":[{"@type":"ListItem","position":1,"name":"Inici","item":"https:\/\/fundesplai.org\/es\/inicio\/"},{"@type":"ListItem","position":2,"name":"Inf\u00f3rmate","item":"https:\/\/fundesplai.org\/es\/informate\/"},{"@type":"ListItem","position":3,"name":"Sin categor\u00eda","item":"https:\/\/fundesplai.org\/es\/informa-t\/category\/sin-categoria\/"},{"@type":"ListItem","position":4,"name":"Encuentro de inicio de curso del tiempo del mediod\u00eda de Fundesplai"}]},{"@type":"WebSite","@id":"https:\/\/fundesplai.org\/es\/#website","url":"https:\/\/fundesplai.org\/es\/","name":"Fundesplai","description":"Eduquem per la conviv\u00e8ncia i la sostenibilitat","potentialAction":[{"@type":"SearchAction","target":{"@type":"EntryPoint","urlTemplate":"https:\/\/fundesplai.org\/es\/?s={search_term_string}"},"query-input":{"@type":"PropertyValueSpecification","valueRequired":true,"valueName":"search_term_string"}}],"inLanguage":"es"},{"@type":"Person","@id":"https:\/\/fundesplai.org\/es\/#\/schema\/person\/c0e9e7466bb8ac06f5264324a6109733","name":"Alfons Valle","image":{"@type":"ImageObject","inLanguage":"es","@id":"https:\/\/secure.gravatar.com\/avatar\/71d95a3f99a068ba570ac1314ed6911a59c5ae3f22ffcf23631cd1a861a640bc?s=96&d=mm&r=g","url":"https:\/\/secure.gravatar.com\/avatar\/71d95a3f99a068ba570ac1314ed6911a59c5ae3f22ffcf23631cd1a861a640bc?s=96&d=mm&r=g","contentUrl":"https:\/\/secure.gravatar.com\/avatar\/71d95a3f99a068ba570ac1314ed6911a59c5ae3f22ffcf23631cd1a861a640bc?s=96&d=mm&r=g","caption":"Alfons Valle"},"url":"https:\/\/fundesplai.org\/es\/informa-t\/author\/avalle\/"}]}},"_links":{"self":[{"href":"https:\/\/fundesplai.org\/es\/wp-json\/wp\/v2\/posts\/47858","targetHints":{"allow":["GET"]}}],"collection":[{"href":"https:\/\/fundesplai.org\/es\/wp-json\/wp\/v2\/posts"}],"about":[{"href":"https:\/\/fundesplai.org\/es\/wp-json\/wp\/v2\/types\/post"}],"author":[{"embeddable":true,"href":"https:\/\/fundesplai.org\/es\/wp-json\/wp\/v2\/users\/9"}],"replies":[{"embeddable":true,"href":"https:\/\/fundesplai.org\/es\/wp-json\/wp\/v2\/comments?post=47858"}],"version-history":[{"count":0,"href":"https:\/\/fundesplai.org\/es\/wp-json\/wp\/v2\/posts\/47858\/revisions"}],"wp:attachment":[{"href":"https:\/\/fundesplai.org\/es\/wp-json\/wp\/v2\/media?parent=47858"}],"wp:term":[{"taxonomy":"category","embeddable":true,"href":"https:\/\/fundesplai.org\/es\/wp-json\/wp\/v2\/categories?post=47858"},{"taxonomy":"post_tag","embeddable":true,"href":"https:\/\/fundesplai.org\/es\/wp-json\/wp\/v2\/tags?post=47858"}],"curies":[{"name":"wp","href":"https:\/\/api.w.org\/{rel}","templated":true}]}}