{"id":47857,"date":"2018-07-31T11:04:22","date_gmt":"2018-07-31T09:04:22","guid":{"rendered":"https:\/\/fundesplai.org\/informa-t\/sense-categoria\/en-agosto-abierto\/"},"modified":"2018-07-31T11:04:22","modified_gmt":"2018-07-31T09:04:22","slug":"en-agosto-abierto","status":"publish","type":"post","link":"https:\/\/fundesplai.org\/es\/informa-t\/actualitat-es\/en-agosto-abierto\/","title":{"rendered":"En agosto, \u00a1abierto!"},"content":{"rendered":"<p>En agosto, en Fundesplai no cerramos: durante este mes hacemos muchas actividades. Casales, colonias en familia en los mejores equipamientos de naturaleza y en entornos como los Pirineos, sierra del Monsec y pantano de Camarassa, Guilleries y pantano de Sau, Montseny&#8230; y cursos de formaci\u00f3n.<\/p>\n<p><!--more--><\/p>\n<p><img decoding=\"async\" class=\" size-full wp-image-5652\" src=\"https:\/\/fundesplai.org\/test-joomla\/wp-content\/uploads\/sites\/26\/2018\/07\/estiu_canal.jpg\" alt=\"estiu canal\" width=\"100%\" height=\"NaN\"><\/p>\n<p>En agosto, en Fundesplai no cerramos: durante este mes hacemos muchas actividades. <strong>Para los ni\u00f1os y j\u00f3venes<\/strong> se hacen casales en muchas localidades como Roses, Llan\u00e7\u00e0, Garriguella, Port de la Selva o Palau Saverdera. Adem\u00e1s, algunos esplais como el CE Pubilla Casas &#8211; Can Vidalet (Hospitalet &#8211; Esplugues de Llobregat), el CE Bellvitge (Hospitalet), La Casa del Sol Naciente (Tremp), Salsa Joven (Girona) o Insoc Guadalhorce ( Terrassa) tambi\u00e9n organizan casales de verano y algunas colonias durante este mes.<\/p>\n<p><strong>Para las familias,<\/strong> en agosto las casas de colonias y albergues de naturaleza de Fundesplai abren sus puertas para las familias. Son equipamientos ideales para disfrutar de unos d\u00edas de descanso en familia o con amigos, en entornos naturales como el pantano de Sau, los Pirineos, la sierra del Montsec y el pantano de Camarasa, el Montse\u00f1&#8230;<\/p>\n<p>Desde 590\u20ac para dos adultos y dos ni\u00f1os y ni\u00f1as hasta los 16 a\u00f1os se puede disfrutar de una semana en pensi\u00f3n completa con actividades de naturaleza incluidas.<\/p>\n<p>Adem\u00e1s, como novedad, este a\u00f1o se realizan unas estancias de <a href=\"ca\/inici-ca\/130-ofertes-i-promocions\/1679-aquest-agost-reconnecta-amb-la-natura\"><strong>colonias off line<\/strong><\/a> pensadas para disfrutar de la naturaleza y desconectar de m\u00f3viles y tabletas. Del 3 al 5 de agosto en la casa de colonias de Ogassa (Pirineos) y del 27 al 29 de agosto y del 29 al 31 de agotos en La Tra\u00fcna (Montseny) se podr\u00e1n disfrutar de estas estancias con actividades de naturaleza, men\u00fa con productos KM0&#8230;<\/p>\n<p>Tambi\u00e9n hacemos <strong>cursos de formaci\u00f3n<\/strong>: uno de <a href=\"ca\/formacio\/formacio-subvencionada\/formacio-per-a-treballadors-en-actiu\/416-gamificacio-l-aprenentatge-a-traves-del-joc\">Gamificaci\u00f3n<\/a> (aplicar los procesos del juego al \u00e1mbito laboral) y uno de <a href=\"ca\/formacio\/arees-de-formacio\/lleure-educatiu\/45-curs-de-monitors-es-de-lleure\">Monitor\/a de Ocio.<\/a><\/p>\n<p><a href=\"http:\/\/estiu.fundesplai.org\" style=\"font-family: Geneva, Arial, Helvetica, sans-serif;font-size: 16px;text-transform: capitalize;font-weight: bolder;font-variant: small-caps;color: #ffffff;background-color: #dc143c;background-position: center center;text-align: center;width: 350px\">M\u00e1s Informaci\u00f3n<\/a><\/p>\n","protected":false},"excerpt":{"rendered":"<p>En agosto, en Fundesplai no cerramos: durante este mes hacemos muchas actividades. Casales, colonias en familia en los mejores equipamientos de naturaleza y en entornos como los Pirineos, sierra del Monsec y pantano de Camarassa, Guilleries y pantano de Sau, Montseny&#8230; y cursos de formaci\u00f3n.<\/p>\n","protected":false},"author":9,"featured_media":0,"comment_status":"closed","ping_status":"closed","sticky":false,"template":"","format":"standard","meta":{"_et_pb_use_builder":"","_et_pb_old_content":"","_et_gb_content_width":"","footnotes":""},"categories":[937],"tags":[966],"class_list":["post-47857","post","type-post","status-publish","format-standard","hentry","category-actualitat-es","tag-verano-es"],"yoast_head":"<!-- This site is optimized with the Yoast SEO plugin v27.4 - https:\/\/yoast.com\/product\/yoast-seo-wordpress\/ -->\n<title>En agosto, \u00a1abierto! - Fundesplai<\/title>\n<meta name=\"robots\" content=\"index, follow, max-snippet:-1, max-image-preview:large, max-video-preview:-1\" \/>\n<link rel=\"canonical\" href=\"https:\/\/fundesplai.org\/es\/informa-t\/actualitat-es\/en-agosto-abierto\/\" \/>\n<meta property=\"og:locale\" content=\"es_ES\" \/>\n<meta property=\"og:type\" content=\"article\" \/>\n<meta property=\"og:title\" content=\"En agosto, \u00a1abierto! - Fundesplai\" \/>\n<meta property=\"og:description\" content=\"En agosto, en Fundesplai no cerramos: durante este mes hacemos muchas actividades. Casales, colonias en familia en los mejores equipamientos de naturaleza y en entornos como los Pirineos, sierra del Monsec y pantano de Camarassa, Guilleries y pantano de Sau, Montseny&#8230; y cursos de formaci\u00f3n.\" \/>\n<meta property=\"og:url\" content=\"https:\/\/fundesplai.org\/es\/informa-t\/actualitat-es\/en-agosto-abierto\/\" \/>\n<meta property=\"og:site_name\" content=\"Fundesplai\" \/>\n<meta property=\"article:published_time\" content=\"2018-07-31T09:04:22+00:00\" \/>\n<meta property=\"og:image\" content=\"https:\/\/fundesplai.org\/test-joomla\/wp-content\/uploads\/sites\/26\/2018\/07\/estiu_canal.jpg\" \/>\n<meta name=\"author\" content=\"Alfons Valle\" \/>\n<meta name=\"twitter:card\" content=\"summary_large_image\" \/>\n<meta name=\"twitter:label1\" content=\"Escrito por\" \/>\n\t<meta name=\"twitter:data1\" content=\"Alfons Valle\" \/>\n\t<meta name=\"twitter:label2\" content=\"Tiempo de lectura\" \/>\n\t<meta name=\"twitter:data2\" content=\"2 minutos\" \/>\n<script type=\"application\/ld+json\" class=\"yoast-schema-graph\">{\"@context\":\"https:\\\/\\\/schema.org\",\"@graph\":[{\"@type\":\"Article\",\"@id\":\"https:\\\/\\\/fundesplai.org\\\/es\\\/informa-t\\\/actualitat-es\\\/en-agosto-abierto\\\/#article\",\"isPartOf\":{\"@id\":\"https:\\\/\\\/fundesplai.org\\\/es\\\/informa-t\\\/actualitat-es\\\/en-agosto-abierto\\\/\"},\"author\":{\"name\":\"Alfons Valle\",\"@id\":\"https:\\\/\\\/fundesplai.org\\\/es\\\/#\\\/schema\\\/person\\\/c0e9e7466bb8ac06f5264324a6109733\"},\"headline\":\"En agosto, \u00a1abierto!\",\"datePublished\":\"2018-07-31T09:04:22+00:00\",\"mainEntityOfPage\":{\"@id\":\"https:\\\/\\\/fundesplai.org\\\/es\\\/informa-t\\\/actualitat-es\\\/en-agosto-abierto\\\/\"},\"wordCount\":319,\"image\":{\"@id\":\"https:\\\/\\\/fundesplai.org\\\/es\\\/informa-t\\\/actualitat-es\\\/en-agosto-abierto\\\/#primaryimage\"},\"thumbnailUrl\":\"https:\\\/\\\/fundesplai.org\\\/test-joomla\\\/wp-content\\\/uploads\\\/sites\\\/26\\\/2018\\\/07\\\/estiu_canal.jpg\",\"keywords\":[\"verano\"],\"articleSection\":[\"Actualitat\"],\"inLanguage\":\"es\"},{\"@type\":\"WebPage\",\"@id\":\"https:\\\/\\\/fundesplai.org\\\/es\\\/informa-t\\\/actualitat-es\\\/en-agosto-abierto\\\/\",\"url\":\"https:\\\/\\\/fundesplai.org\\\/es\\\/informa-t\\\/actualitat-es\\\/en-agosto-abierto\\\/\",\"name\":\"En agosto, \u00a1abierto! - Fundesplai\",\"isPartOf\":{\"@id\":\"https:\\\/\\\/fundesplai.org\\\/es\\\/#website\"},\"primaryImageOfPage\":{\"@id\":\"https:\\\/\\\/fundesplai.org\\\/es\\\/informa-t\\\/actualitat-es\\\/en-agosto-abierto\\\/#primaryimage\"},\"image\":{\"@id\":\"https:\\\/\\\/fundesplai.org\\\/es\\\/informa-t\\\/actualitat-es\\\/en-agosto-abierto\\\/#primaryimage\"},\"thumbnailUrl\":\"https:\\\/\\\/fundesplai.org\\\/test-joomla\\\/wp-content\\\/uploads\\\/sites\\\/26\\\/2018\\\/07\\\/estiu_canal.jpg\",\"datePublished\":\"2018-07-31T09:04:22+00:00\",\"author\":{\"@id\":\"https:\\\/\\\/fundesplai.org\\\/es\\\/#\\\/schema\\\/person\\\/c0e9e7466bb8ac06f5264324a6109733\"},\"breadcrumb\":{\"@id\":\"https:\\\/\\\/fundesplai.org\\\/es\\\/informa-t\\\/actualitat-es\\\/en-agosto-abierto\\\/#breadcrumb\"},\"inLanguage\":\"es\",\"potentialAction\":[{\"@type\":\"ReadAction\",\"target\":[\"https:\\\/\\\/fundesplai.org\\\/es\\\/informa-t\\\/actualitat-es\\\/en-agosto-abierto\\\/\"]}]},{\"@type\":\"ImageObject\",\"inLanguage\":\"es\",\"@id\":\"https:\\\/\\\/fundesplai.org\\\/es\\\/informa-t\\\/actualitat-es\\\/en-agosto-abierto\\\/#primaryimage\",\"url\":\"https:\\\/\\\/fundesplai.org\\\/test-joomla\\\/wp-content\\\/uploads\\\/sites\\\/26\\\/2018\\\/07\\\/estiu_canal.jpg\",\"contentUrl\":\"https:\\\/\\\/fundesplai.org\\\/test-joomla\\\/wp-content\\\/uploads\\\/sites\\\/26\\\/2018\\\/07\\\/estiu_canal.jpg\"},{\"@type\":\"BreadcrumbList\",\"@id\":\"https:\\\/\\\/fundesplai.org\\\/es\\\/informa-t\\\/actualitat-es\\\/en-agosto-abierto\\\/#breadcrumb\",\"itemListElement\":[{\"@type\":\"ListItem\",\"position\":1,\"name\":\"Inici\",\"item\":\"https:\\\/\\\/fundesplai.org\\\/es\\\/inicio\\\/\"},{\"@type\":\"ListItem\",\"position\":2,\"name\":\"Inf\u00f3rmate\",\"item\":\"https:\\\/\\\/fundesplai.org\\\/es\\\/informate\\\/\"},{\"@type\":\"ListItem\",\"position\":3,\"name\":\"Sin categor\u00eda\",\"item\":\"https:\\\/\\\/fundesplai.org\\\/es\\\/informa-t\\\/category\\\/sin-categoria\\\/\"},{\"@type\":\"ListItem\",\"position\":4,\"name\":\"En agosto, \u00a1abierto!\"}]},{\"@type\":\"WebSite\",\"@id\":\"https:\\\/\\\/fundesplai.org\\\/es\\\/#website\",\"url\":\"https:\\\/\\\/fundesplai.org\\\/es\\\/\",\"name\":\"Fundesplai\",\"description\":\"Eduquem per la conviv\u00e8ncia i la sostenibilitat\",\"potentialAction\":[{\"@type\":\"SearchAction\",\"target\":{\"@type\":\"EntryPoint\",\"urlTemplate\":\"https:\\\/\\\/fundesplai.org\\\/es\\\/?s={search_term_string}\"},\"query-input\":{\"@type\":\"PropertyValueSpecification\",\"valueRequired\":true,\"valueName\":\"search_term_string\"}}],\"inLanguage\":\"es\"},{\"@type\":\"Person\",\"@id\":\"https:\\\/\\\/fundesplai.org\\\/es\\\/#\\\/schema\\\/person\\\/c0e9e7466bb8ac06f5264324a6109733\",\"name\":\"Alfons Valle\",\"image\":{\"@type\":\"ImageObject\",\"inLanguage\":\"es\",\"@id\":\"https:\\\/\\\/secure.gravatar.com\\\/avatar\\\/71d95a3f99a068ba570ac1314ed6911a59c5ae3f22ffcf23631cd1a861a640bc?s=96&d=mm&r=g\",\"url\":\"https:\\\/\\\/secure.gravatar.com\\\/avatar\\\/71d95a3f99a068ba570ac1314ed6911a59c5ae3f22ffcf23631cd1a861a640bc?s=96&d=mm&r=g\",\"contentUrl\":\"https:\\\/\\\/secure.gravatar.com\\\/avatar\\\/71d95a3f99a068ba570ac1314ed6911a59c5ae3f22ffcf23631cd1a861a640bc?s=96&d=mm&r=g\",\"caption\":\"Alfons Valle\"},\"url\":\"https:\\\/\\\/fundesplai.org\\\/es\\\/informa-t\\\/author\\\/avalle\\\/\"}]}<\/script>\n<!-- \/ Yoast SEO plugin. -->","yoast_head_json":{"title":"En agosto, \u00a1abierto! - Fundesplai","robots":{"index":"index","follow":"follow","max-snippet":"max-snippet:-1","max-image-preview":"max-image-preview:large","max-video-preview":"max-video-preview:-1"},"canonical":"https:\/\/fundesplai.org\/es\/informa-t\/actualitat-es\/en-agosto-abierto\/","og_locale":"es_ES","og_type":"article","og_title":"En agosto, \u00a1abierto! - Fundesplai","og_description":"En agosto, en Fundesplai no cerramos: durante este mes hacemos muchas actividades. Casales, colonias en familia en los mejores equipamientos de naturaleza y en entornos como los Pirineos, sierra del Monsec y pantano de Camarassa, Guilleries y pantano de Sau, Montseny&#8230; y cursos de formaci\u00f3n.","og_url":"https:\/\/fundesplai.org\/es\/informa-t\/actualitat-es\/en-agosto-abierto\/","og_site_name":"Fundesplai","article_published_time":"2018-07-31T09:04:22+00:00","og_image":[{"url":"https:\/\/fundesplai.org\/test-joomla\/wp-content\/uploads\/sites\/26\/2018\/07\/estiu_canal.jpg","type":"","width":"","height":""}],"author":"Alfons Valle","twitter_card":"summary_large_image","twitter_misc":{"Escrito por":"Alfons Valle","Tiempo de lectura":"2 minutos"},"schema":{"@context":"https:\/\/schema.org","@graph":[{"@type":"Article","@id":"https:\/\/fundesplai.org\/es\/informa-t\/actualitat-es\/en-agosto-abierto\/#article","isPartOf":{"@id":"https:\/\/fundesplai.org\/es\/informa-t\/actualitat-es\/en-agosto-abierto\/"},"author":{"name":"Alfons Valle","@id":"https:\/\/fundesplai.org\/es\/#\/schema\/person\/c0e9e7466bb8ac06f5264324a6109733"},"headline":"En agosto, \u00a1abierto!","datePublished":"2018-07-31T09:04:22+00:00","mainEntityOfPage":{"@id":"https:\/\/fundesplai.org\/es\/informa-t\/actualitat-es\/en-agosto-abierto\/"},"wordCount":319,"image":{"@id":"https:\/\/fundesplai.org\/es\/informa-t\/actualitat-es\/en-agosto-abierto\/#primaryimage"},"thumbnailUrl":"https:\/\/fundesplai.org\/test-joomla\/wp-content\/uploads\/sites\/26\/2018\/07\/estiu_canal.jpg","keywords":["verano"],"articleSection":["Actualitat"],"inLanguage":"es"},{"@type":"WebPage","@id":"https:\/\/fundesplai.org\/es\/informa-t\/actualitat-es\/en-agosto-abierto\/","url":"https:\/\/fundesplai.org\/es\/informa-t\/actualitat-es\/en-agosto-abierto\/","name":"En agosto, \u00a1abierto! - Fundesplai","isPartOf":{"@id":"https:\/\/fundesplai.org\/es\/#website"},"primaryImageOfPage":{"@id":"https:\/\/fundesplai.org\/es\/informa-t\/actualitat-es\/en-agosto-abierto\/#primaryimage"},"image":{"@id":"https:\/\/fundesplai.org\/es\/informa-t\/actualitat-es\/en-agosto-abierto\/#primaryimage"},"thumbnailUrl":"https:\/\/fundesplai.org\/test-joomla\/wp-content\/uploads\/sites\/26\/2018\/07\/estiu_canal.jpg","datePublished":"2018-07-31T09:04:22+00:00","author":{"@id":"https:\/\/fundesplai.org\/es\/#\/schema\/person\/c0e9e7466bb8ac06f5264324a6109733"},"breadcrumb":{"@id":"https:\/\/fundesplai.org\/es\/informa-t\/actualitat-es\/en-agosto-abierto\/#breadcrumb"},"inLanguage":"es","potentialAction":[{"@type":"ReadAction","target":["https:\/\/fundesplai.org\/es\/informa-t\/actualitat-es\/en-agosto-abierto\/"]}]},{"@type":"ImageObject","inLanguage":"es","@id":"https:\/\/fundesplai.org\/es\/informa-t\/actualitat-es\/en-agosto-abierto\/#primaryimage","url":"https:\/\/fundesplai.org\/test-joomla\/wp-content\/uploads\/sites\/26\/2018\/07\/estiu_canal.jpg","contentUrl":"https:\/\/fundesplai.org\/test-joomla\/wp-content\/uploads\/sites\/26\/2018\/07\/estiu_canal.jpg"},{"@type":"BreadcrumbList","@id":"https:\/\/fundesplai.org\/es\/informa-t\/actualitat-es\/en-agosto-abierto\/#breadcrumb","itemListElement":[{"@type":"ListItem","position":1,"name":"Inici","item":"https:\/\/fundesplai.org\/es\/inicio\/"},{"@type":"ListItem","position":2,"name":"Inf\u00f3rmate","item":"https:\/\/fundesplai.org\/es\/informate\/"},{"@type":"ListItem","position":3,"name":"Sin categor\u00eda","item":"https:\/\/fundesplai.org\/es\/informa-t\/category\/sin-categoria\/"},{"@type":"ListItem","position":4,"name":"En agosto, \u00a1abierto!"}]},{"@type":"WebSite","@id":"https:\/\/fundesplai.org\/es\/#website","url":"https:\/\/fundesplai.org\/es\/","name":"Fundesplai","description":"Eduquem per la conviv\u00e8ncia i la sostenibilitat","potentialAction":[{"@type":"SearchAction","target":{"@type":"EntryPoint","urlTemplate":"https:\/\/fundesplai.org\/es\/?s={search_term_string}"},"query-input":{"@type":"PropertyValueSpecification","valueRequired":true,"valueName":"search_term_string"}}],"inLanguage":"es"},{"@type":"Person","@id":"https:\/\/fundesplai.org\/es\/#\/schema\/person\/c0e9e7466bb8ac06f5264324a6109733","name":"Alfons Valle","image":{"@type":"ImageObject","inLanguage":"es","@id":"https:\/\/secure.gravatar.com\/avatar\/71d95a3f99a068ba570ac1314ed6911a59c5ae3f22ffcf23631cd1a861a640bc?s=96&d=mm&r=g","url":"https:\/\/secure.gravatar.com\/avatar\/71d95a3f99a068ba570ac1314ed6911a59c5ae3f22ffcf23631cd1a861a640bc?s=96&d=mm&r=g","contentUrl":"https:\/\/secure.gravatar.com\/avatar\/71d95a3f99a068ba570ac1314ed6911a59c5ae3f22ffcf23631cd1a861a640bc?s=96&d=mm&r=g","caption":"Alfons Valle"},"url":"https:\/\/fundesplai.org\/es\/informa-t\/author\/avalle\/"}]}},"_links":{"self":[{"href":"https:\/\/fundesplai.org\/es\/wp-json\/wp\/v2\/posts\/47857","targetHints":{"allow":["GET"]}}],"collection":[{"href":"https:\/\/fundesplai.org\/es\/wp-json\/wp\/v2\/posts"}],"about":[{"href":"https:\/\/fundesplai.org\/es\/wp-json\/wp\/v2\/types\/post"}],"author":[{"embeddable":true,"href":"https:\/\/fundesplai.org\/es\/wp-json\/wp\/v2\/users\/9"}],"replies":[{"embeddable":true,"href":"https:\/\/fundesplai.org\/es\/wp-json\/wp\/v2\/comments?post=47857"}],"version-history":[{"count":0,"href":"https:\/\/fundesplai.org\/es\/wp-json\/wp\/v2\/posts\/47857\/revisions"}],"wp:attachment":[{"href":"https:\/\/fundesplai.org\/es\/wp-json\/wp\/v2\/media?parent=47857"}],"wp:term":[{"taxonomy":"category","embeddable":true,"href":"https:\/\/fundesplai.org\/es\/wp-json\/wp\/v2\/categories?post=47857"},{"taxonomy":"post_tag","embeddable":true,"href":"https:\/\/fundesplai.org\/es\/wp-json\/wp\/v2\/tags?post=47857"}],"curies":[{"name":"wp","href":"https:\/\/api.w.org\/{rel}","templated":true}]}}