{"id":47855,"date":"2018-07-30T11:16:55","date_gmt":"2018-07-30T09:16:55","guid":{"rendered":"https:\/\/fundesplai.org\/informa-t\/sense-categoria\/fundesplai-dinamiza-cinco-campamentos-urbanos-del-proyecto-baobab-en-barcelona\/"},"modified":"2023-08-14T10:30:35","modified_gmt":"2023-08-14T08:30:35","slug":"fundesplai-dinamiza-cinco-campamentos-urbanos-del-proyecto-baobab-en-barcelona","status":"publish","type":"post","link":"https:\/\/fundesplai.org\/es\/informa-t\/actualitat-es\/fundesplai-dinamiza-cinco-campamentos-urbanos-del-proyecto-baobab-en-barcelona\/","title":{"rendered":"Fundesplai dinamiza cinco campamentos urbanos del proyecto Baobab en Barcelona"},"content":{"rendered":"<p>M\u00e1s de 700 ni\u00f1os de 4 a 12 a\u00f1os participar\u00e1n en los 9 centros y campamentos urbanos en el marco del Programa Baobab del Instituto Municipal de Educaci\u00f3n de Barcelona (IMEB) del Ayuntamiento.<\/p>\n<p><!--more--><\/p>\n<p><img loading=\"lazy\" decoding=\"async\" class=\" alignleft size-full wp-image-4564\" style=\"margin: 5px;float: left\" src=\"https:\/\/fundesplai.org\/test-joomla\/wp-content\/uploads\/sites\/26\/2017\/09\/baobab.jpg\" alt=\"baobab\" width=\"350\" height=\"221\"><\/p>\n<p>M\u00e1s de 700 ni\u00f1os de 4 a 12 a\u00f1os participar\u00e1n en los 9 casales y campamentos urbanos en el marco del Programa Baobab del Instituto Municipal de Educaci\u00f3n de Barcelona (IMEB) del Ayuntamiento en el marco del Pla de Barris de la ciudad en los barrios de la Teixonera, Bon Pastor, Trinidad Vieja, Trinidad Nueva, San Gen\u00eds de los Agudells, Bar\u00f3n de Vivero, Marina del Puerto, Marina del Prat Rojo y Besos-Verneda.<\/p>\n<p>Fundesplai dinamizar\u00e1 los 3 campamentos y urbanos y 2 de los casales.<\/p>\n<p>El Programa Baobab quiere refuerzo e impulsar proyectos de ocio comunitario en diferentes barrios de la ciudad para mejorar la dinamizaci\u00f3n social y comunitaria de los ni\u00f1os, j\u00f3venes y sus familias.<\/p>\n","protected":false},"excerpt":{"rendered":"<p>M\u00e1s de 700 ni\u00f1os de 4 a 12 a\u00f1os participar\u00e1n en los 9 centros y campamentos urbanos en el marco del Programa Baobab del Instituto Municipal de Educaci\u00f3n de Barcelona (IMEB) del Ayuntamiento.<\/p>\n","protected":false},"author":4,"featured_media":0,"comment_status":"closed","ping_status":"closed","sticky":false,"template":"","format":"standard","meta":{"_et_pb_use_builder":"","_et_pb_old_content":"","_et_gb_content_width":"","footnotes":""},"categories":[937],"tags":[],"class_list":["post-47855","post","type-post","status-publish","format-standard","hentry","category-actualitat-es"],"yoast_head":"<!-- This site is optimized with the Yoast SEO plugin v27.4 - https:\/\/yoast.com\/product\/yoast-seo-wordpress\/ -->\n<title>Fundesplai dinamiza cinco campamentos urbanos del proyecto Baobab en Barcelona - Fundesplai<\/title>\n<meta name=\"robots\" content=\"index, follow, max-snippet:-1, max-image-preview:large, max-video-preview:-1\" \/>\n<link rel=\"canonical\" href=\"https:\/\/fundesplai.org\/es\/informa-t\/actualitat-es\/fundesplai-dinamiza-cinco-campamentos-urbanos-del-proyecto-baobab-en-barcelona\/\" \/>\n<meta property=\"og:locale\" content=\"es_ES\" \/>\n<meta property=\"og:type\" content=\"article\" \/>\n<meta property=\"og:title\" content=\"Fundesplai dinamiza cinco campamentos urbanos del proyecto Baobab en Barcelona - Fundesplai\" \/>\n<meta property=\"og:description\" content=\"M\u00e1s de 700 ni\u00f1os de 4 a 12 a\u00f1os participar\u00e1n en los 9 centros y campamentos urbanos en el marco del Programa Baobab del Instituto Municipal de Educaci\u00f3n de Barcelona (IMEB) del Ayuntamiento.\" \/>\n<meta property=\"og:url\" content=\"https:\/\/fundesplai.org\/es\/informa-t\/actualitat-es\/fundesplai-dinamiza-cinco-campamentos-urbanos-del-proyecto-baobab-en-barcelona\/\" \/>\n<meta property=\"og:site_name\" content=\"Fundesplai\" \/>\n<meta property=\"article:published_time\" content=\"2018-07-30T09:16:55+00:00\" \/>\n<meta property=\"article:modified_time\" content=\"2023-08-14T08:30:35+00:00\" \/>\n<meta property=\"og:image\" content=\"https:\/\/fundesplai.org\/test-joomla\/wp-content\/uploads\/sites\/26\/2017\/09\/baobab.jpg\" \/>\n<meta name=\"author\" content=\"Ferran\" \/>\n<meta name=\"twitter:card\" content=\"summary_large_image\" \/>\n<meta name=\"twitter:label1\" content=\"Escrito por\" \/>\n\t<meta name=\"twitter:data1\" content=\"Ferran\" \/>\n\t<meta name=\"twitter:label2\" content=\"Tiempo de lectura\" \/>\n\t<meta name=\"twitter:data2\" content=\"1 minuto\" \/>\n<script type=\"application\/ld+json\" class=\"yoast-schema-graph\">{\"@context\":\"https:\\\/\\\/schema.org\",\"@graph\":[{\"@type\":\"Article\",\"@id\":\"https:\\\/\\\/fundesplai.org\\\/es\\\/informa-t\\\/actualitat-es\\\/fundesplai-dinamiza-cinco-campamentos-urbanos-del-proyecto-baobab-en-barcelona\\\/#article\",\"isPartOf\":{\"@id\":\"https:\\\/\\\/fundesplai.org\\\/es\\\/informa-t\\\/actualitat-es\\\/fundesplai-dinamiza-cinco-campamentos-urbanos-del-proyecto-baobab-en-barcelona\\\/\"},\"author\":{\"name\":\"Ferran\",\"@id\":\"https:\\\/\\\/fundesplai.org\\\/es\\\/#\\\/schema\\\/person\\\/67e7825d8ec54561cc24e36ba6b0f633\"},\"headline\":\"Fundesplai dinamiza cinco campamentos urbanos del proyecto Baobab en Barcelona\",\"datePublished\":\"2018-07-30T09:16:55+00:00\",\"dateModified\":\"2023-08-14T08:30:35+00:00\",\"mainEntityOfPage\":{\"@id\":\"https:\\\/\\\/fundesplai.org\\\/es\\\/informa-t\\\/actualitat-es\\\/fundesplai-dinamiza-cinco-campamentos-urbanos-del-proyecto-baobab-en-barcelona\\\/\"},\"wordCount\":163,\"image\":{\"@id\":\"https:\\\/\\\/fundesplai.org\\\/es\\\/informa-t\\\/actualitat-es\\\/fundesplai-dinamiza-cinco-campamentos-urbanos-del-proyecto-baobab-en-barcelona\\\/#primaryimage\"},\"thumbnailUrl\":\"https:\\\/\\\/fundesplai.org\\\/test-joomla\\\/wp-content\\\/uploads\\\/sites\\\/26\\\/2017\\\/09\\\/baobab.jpg\",\"articleSection\":[\"Actualitat\"],\"inLanguage\":\"es\"},{\"@type\":\"WebPage\",\"@id\":\"https:\\\/\\\/fundesplai.org\\\/es\\\/informa-t\\\/actualitat-es\\\/fundesplai-dinamiza-cinco-campamentos-urbanos-del-proyecto-baobab-en-barcelona\\\/\",\"url\":\"https:\\\/\\\/fundesplai.org\\\/es\\\/informa-t\\\/actualitat-es\\\/fundesplai-dinamiza-cinco-campamentos-urbanos-del-proyecto-baobab-en-barcelona\\\/\",\"name\":\"Fundesplai dinamiza cinco campamentos urbanos del proyecto Baobab en Barcelona - Fundesplai\",\"isPartOf\":{\"@id\":\"https:\\\/\\\/fundesplai.org\\\/es\\\/#website\"},\"primaryImageOfPage\":{\"@id\":\"https:\\\/\\\/fundesplai.org\\\/es\\\/informa-t\\\/actualitat-es\\\/fundesplai-dinamiza-cinco-campamentos-urbanos-del-proyecto-baobab-en-barcelona\\\/#primaryimage\"},\"image\":{\"@id\":\"https:\\\/\\\/fundesplai.org\\\/es\\\/informa-t\\\/actualitat-es\\\/fundesplai-dinamiza-cinco-campamentos-urbanos-del-proyecto-baobab-en-barcelona\\\/#primaryimage\"},\"thumbnailUrl\":\"https:\\\/\\\/fundesplai.org\\\/test-joomla\\\/wp-content\\\/uploads\\\/sites\\\/26\\\/2017\\\/09\\\/baobab.jpg\",\"datePublished\":\"2018-07-30T09:16:55+00:00\",\"dateModified\":\"2023-08-14T08:30:35+00:00\",\"author\":{\"@id\":\"https:\\\/\\\/fundesplai.org\\\/es\\\/#\\\/schema\\\/person\\\/67e7825d8ec54561cc24e36ba6b0f633\"},\"breadcrumb\":{\"@id\":\"https:\\\/\\\/fundesplai.org\\\/es\\\/informa-t\\\/actualitat-es\\\/fundesplai-dinamiza-cinco-campamentos-urbanos-del-proyecto-baobab-en-barcelona\\\/#breadcrumb\"},\"inLanguage\":\"es\",\"potentialAction\":[{\"@type\":\"ReadAction\",\"target\":[\"https:\\\/\\\/fundesplai.org\\\/es\\\/informa-t\\\/actualitat-es\\\/fundesplai-dinamiza-cinco-campamentos-urbanos-del-proyecto-baobab-en-barcelona\\\/\"]}]},{\"@type\":\"ImageObject\",\"inLanguage\":\"es\",\"@id\":\"https:\\\/\\\/fundesplai.org\\\/es\\\/informa-t\\\/actualitat-es\\\/fundesplai-dinamiza-cinco-campamentos-urbanos-del-proyecto-baobab-en-barcelona\\\/#primaryimage\",\"url\":\"https:\\\/\\\/fundesplai.org\\\/test-joomla\\\/wp-content\\\/uploads\\\/sites\\\/26\\\/2017\\\/09\\\/baobab.jpg\",\"contentUrl\":\"https:\\\/\\\/fundesplai.org\\\/test-joomla\\\/wp-content\\\/uploads\\\/sites\\\/26\\\/2017\\\/09\\\/baobab.jpg\"},{\"@type\":\"BreadcrumbList\",\"@id\":\"https:\\\/\\\/fundesplai.org\\\/es\\\/informa-t\\\/actualitat-es\\\/fundesplai-dinamiza-cinco-campamentos-urbanos-del-proyecto-baobab-en-barcelona\\\/#breadcrumb\",\"itemListElement\":[{\"@type\":\"ListItem\",\"position\":1,\"name\":\"Inici\",\"item\":\"https:\\\/\\\/fundesplai.org\\\/es\\\/inicio\\\/\"},{\"@type\":\"ListItem\",\"position\":2,\"name\":\"Inf\u00f3rmate\",\"item\":\"https:\\\/\\\/fundesplai.org\\\/es\\\/informate\\\/\"},{\"@type\":\"ListItem\",\"position\":3,\"name\":\"Actualitat\",\"item\":\"https:\\\/\\\/fundesplai.org\\\/es\\\/informa-t\\\/category\\\/actualitat-es\\\/\"},{\"@type\":\"ListItem\",\"position\":4,\"name\":\"Fundesplai dinamiza cinco campamentos urbanos del proyecto Baobab en Barcelona\"}]},{\"@type\":\"WebSite\",\"@id\":\"https:\\\/\\\/fundesplai.org\\\/es\\\/#website\",\"url\":\"https:\\\/\\\/fundesplai.org\\\/es\\\/\",\"name\":\"Fundesplai\",\"description\":\"Eduquem per la conviv\u00e8ncia i la sostenibilitat\",\"potentialAction\":[{\"@type\":\"SearchAction\",\"target\":{\"@type\":\"EntryPoint\",\"urlTemplate\":\"https:\\\/\\\/fundesplai.org\\\/es\\\/?s={search_term_string}\"},\"query-input\":{\"@type\":\"PropertyValueSpecification\",\"valueRequired\":true,\"valueName\":\"search_term_string\"}}],\"inLanguage\":\"es\"},{\"@type\":\"Person\",\"@id\":\"https:\\\/\\\/fundesplai.org\\\/es\\\/#\\\/schema\\\/person\\\/67e7825d8ec54561cc24e36ba6b0f633\",\"name\":\"Ferran\",\"image\":{\"@type\":\"ImageObject\",\"inLanguage\":\"es\",\"@id\":\"https:\\\/\\\/secure.gravatar.com\\\/avatar\\\/a3510350976b58aae6eccd1e36f066b660a69ef63f97fde3cba8205db7db816a?s=96&d=mm&r=g\",\"url\":\"https:\\\/\\\/secure.gravatar.com\\\/avatar\\\/a3510350976b58aae6eccd1e36f066b660a69ef63f97fde3cba8205db7db816a?s=96&d=mm&r=g\",\"contentUrl\":\"https:\\\/\\\/secure.gravatar.com\\\/avatar\\\/a3510350976b58aae6eccd1e36f066b660a69ef63f97fde3cba8205db7db816a?s=96&d=mm&r=g\",\"caption\":\"Ferran\"},\"url\":\"https:\\\/\\\/fundesplai.org\\\/es\\\/informa-t\\\/author\\\/fvidal\\\/\"}]}<\/script>\n<!-- \/ Yoast SEO plugin. -->","yoast_head_json":{"title":"Fundesplai dinamiza cinco campamentos urbanos del proyecto Baobab en Barcelona - Fundesplai","robots":{"index":"index","follow":"follow","max-snippet":"max-snippet:-1","max-image-preview":"max-image-preview:large","max-video-preview":"max-video-preview:-1"},"canonical":"https:\/\/fundesplai.org\/es\/informa-t\/actualitat-es\/fundesplai-dinamiza-cinco-campamentos-urbanos-del-proyecto-baobab-en-barcelona\/","og_locale":"es_ES","og_type":"article","og_title":"Fundesplai dinamiza cinco campamentos urbanos del proyecto Baobab en Barcelona - Fundesplai","og_description":"M\u00e1s de 700 ni\u00f1os de 4 a 12 a\u00f1os participar\u00e1n en los 9 centros y campamentos urbanos en el marco del Programa Baobab del Instituto Municipal de Educaci\u00f3n de Barcelona (IMEB) del Ayuntamiento.","og_url":"https:\/\/fundesplai.org\/es\/informa-t\/actualitat-es\/fundesplai-dinamiza-cinco-campamentos-urbanos-del-proyecto-baobab-en-barcelona\/","og_site_name":"Fundesplai","article_published_time":"2018-07-30T09:16:55+00:00","article_modified_time":"2023-08-14T08:30:35+00:00","og_image":[{"url":"https:\/\/fundesplai.org\/test-joomla\/wp-content\/uploads\/sites\/26\/2017\/09\/baobab.jpg","type":"","width":"","height":""}],"author":"Ferran","twitter_card":"summary_large_image","twitter_misc":{"Escrito por":"Ferran","Tiempo de lectura":"1 minuto"},"schema":{"@context":"https:\/\/schema.org","@graph":[{"@type":"Article","@id":"https:\/\/fundesplai.org\/es\/informa-t\/actualitat-es\/fundesplai-dinamiza-cinco-campamentos-urbanos-del-proyecto-baobab-en-barcelona\/#article","isPartOf":{"@id":"https:\/\/fundesplai.org\/es\/informa-t\/actualitat-es\/fundesplai-dinamiza-cinco-campamentos-urbanos-del-proyecto-baobab-en-barcelona\/"},"author":{"name":"Ferran","@id":"https:\/\/fundesplai.org\/es\/#\/schema\/person\/67e7825d8ec54561cc24e36ba6b0f633"},"headline":"Fundesplai dinamiza cinco campamentos urbanos del proyecto Baobab en Barcelona","datePublished":"2018-07-30T09:16:55+00:00","dateModified":"2023-08-14T08:30:35+00:00","mainEntityOfPage":{"@id":"https:\/\/fundesplai.org\/es\/informa-t\/actualitat-es\/fundesplai-dinamiza-cinco-campamentos-urbanos-del-proyecto-baobab-en-barcelona\/"},"wordCount":163,"image":{"@id":"https:\/\/fundesplai.org\/es\/informa-t\/actualitat-es\/fundesplai-dinamiza-cinco-campamentos-urbanos-del-proyecto-baobab-en-barcelona\/#primaryimage"},"thumbnailUrl":"https:\/\/fundesplai.org\/test-joomla\/wp-content\/uploads\/sites\/26\/2017\/09\/baobab.jpg","articleSection":["Actualitat"],"inLanguage":"es"},{"@type":"WebPage","@id":"https:\/\/fundesplai.org\/es\/informa-t\/actualitat-es\/fundesplai-dinamiza-cinco-campamentos-urbanos-del-proyecto-baobab-en-barcelona\/","url":"https:\/\/fundesplai.org\/es\/informa-t\/actualitat-es\/fundesplai-dinamiza-cinco-campamentos-urbanos-del-proyecto-baobab-en-barcelona\/","name":"Fundesplai dinamiza cinco campamentos urbanos del proyecto Baobab en Barcelona - Fundesplai","isPartOf":{"@id":"https:\/\/fundesplai.org\/es\/#website"},"primaryImageOfPage":{"@id":"https:\/\/fundesplai.org\/es\/informa-t\/actualitat-es\/fundesplai-dinamiza-cinco-campamentos-urbanos-del-proyecto-baobab-en-barcelona\/#primaryimage"},"image":{"@id":"https:\/\/fundesplai.org\/es\/informa-t\/actualitat-es\/fundesplai-dinamiza-cinco-campamentos-urbanos-del-proyecto-baobab-en-barcelona\/#primaryimage"},"thumbnailUrl":"https:\/\/fundesplai.org\/test-joomla\/wp-content\/uploads\/sites\/26\/2017\/09\/baobab.jpg","datePublished":"2018-07-30T09:16:55+00:00","dateModified":"2023-08-14T08:30:35+00:00","author":{"@id":"https:\/\/fundesplai.org\/es\/#\/schema\/person\/67e7825d8ec54561cc24e36ba6b0f633"},"breadcrumb":{"@id":"https:\/\/fundesplai.org\/es\/informa-t\/actualitat-es\/fundesplai-dinamiza-cinco-campamentos-urbanos-del-proyecto-baobab-en-barcelona\/#breadcrumb"},"inLanguage":"es","potentialAction":[{"@type":"ReadAction","target":["https:\/\/fundesplai.org\/es\/informa-t\/actualitat-es\/fundesplai-dinamiza-cinco-campamentos-urbanos-del-proyecto-baobab-en-barcelona\/"]}]},{"@type":"ImageObject","inLanguage":"es","@id":"https:\/\/fundesplai.org\/es\/informa-t\/actualitat-es\/fundesplai-dinamiza-cinco-campamentos-urbanos-del-proyecto-baobab-en-barcelona\/#primaryimage","url":"https:\/\/fundesplai.org\/test-joomla\/wp-content\/uploads\/sites\/26\/2017\/09\/baobab.jpg","contentUrl":"https:\/\/fundesplai.org\/test-joomla\/wp-content\/uploads\/sites\/26\/2017\/09\/baobab.jpg"},{"@type":"BreadcrumbList","@id":"https:\/\/fundesplai.org\/es\/informa-t\/actualitat-es\/fundesplai-dinamiza-cinco-campamentos-urbanos-del-proyecto-baobab-en-barcelona\/#breadcrumb","itemListElement":[{"@type":"ListItem","position":1,"name":"Inici","item":"https:\/\/fundesplai.org\/es\/inicio\/"},{"@type":"ListItem","position":2,"name":"Inf\u00f3rmate","item":"https:\/\/fundesplai.org\/es\/informate\/"},{"@type":"ListItem","position":3,"name":"Actualitat","item":"https:\/\/fundesplai.org\/es\/informa-t\/category\/actualitat-es\/"},{"@type":"ListItem","position":4,"name":"Fundesplai dinamiza cinco campamentos urbanos del proyecto Baobab en Barcelona"}]},{"@type":"WebSite","@id":"https:\/\/fundesplai.org\/es\/#website","url":"https:\/\/fundesplai.org\/es\/","name":"Fundesplai","description":"Eduquem per la conviv\u00e8ncia i la sostenibilitat","potentialAction":[{"@type":"SearchAction","target":{"@type":"EntryPoint","urlTemplate":"https:\/\/fundesplai.org\/es\/?s={search_term_string}"},"query-input":{"@type":"PropertyValueSpecification","valueRequired":true,"valueName":"search_term_string"}}],"inLanguage":"es"},{"@type":"Person","@id":"https:\/\/fundesplai.org\/es\/#\/schema\/person\/67e7825d8ec54561cc24e36ba6b0f633","name":"Ferran","image":{"@type":"ImageObject","inLanguage":"es","@id":"https:\/\/secure.gravatar.com\/avatar\/a3510350976b58aae6eccd1e36f066b660a69ef63f97fde3cba8205db7db816a?s=96&d=mm&r=g","url":"https:\/\/secure.gravatar.com\/avatar\/a3510350976b58aae6eccd1e36f066b660a69ef63f97fde3cba8205db7db816a?s=96&d=mm&r=g","contentUrl":"https:\/\/secure.gravatar.com\/avatar\/a3510350976b58aae6eccd1e36f066b660a69ef63f97fde3cba8205db7db816a?s=96&d=mm&r=g","caption":"Ferran"},"url":"https:\/\/fundesplai.org\/es\/informa-t\/author\/fvidal\/"}]}},"_links":{"self":[{"href":"https:\/\/fundesplai.org\/es\/wp-json\/wp\/v2\/posts\/47855","targetHints":{"allow":["GET"]}}],"collection":[{"href":"https:\/\/fundesplai.org\/es\/wp-json\/wp\/v2\/posts"}],"about":[{"href":"https:\/\/fundesplai.org\/es\/wp-json\/wp\/v2\/types\/post"}],"author":[{"embeddable":true,"href":"https:\/\/fundesplai.org\/es\/wp-json\/wp\/v2\/users\/4"}],"replies":[{"embeddable":true,"href":"https:\/\/fundesplai.org\/es\/wp-json\/wp\/v2\/comments?post=47855"}],"version-history":[{"count":1,"href":"https:\/\/fundesplai.org\/es\/wp-json\/wp\/v2\/posts\/47855\/revisions"}],"predecessor-version":[{"id":47856,"href":"https:\/\/fundesplai.org\/es\/wp-json\/wp\/v2\/posts\/47855\/revisions\/47856"}],"wp:attachment":[{"href":"https:\/\/fundesplai.org\/es\/wp-json\/wp\/v2\/media?parent=47855"}],"wp:term":[{"taxonomy":"category","embeddable":true,"href":"https:\/\/fundesplai.org\/es\/wp-json\/wp\/v2\/categories?post=47855"},{"taxonomy":"post_tag","embeddable":true,"href":"https:\/\/fundesplai.org\/es\/wp-json\/wp\/v2\/tags?post=47855"}],"curies":[{"name":"wp","href":"https:\/\/api.w.org\/{rel}","templated":true}]}}