{"id":47854,"date":"2018-07-27T10:35:24","date_gmt":"2018-07-27T08:35:24","guid":{"rendered":"https:\/\/fundesplai.org\/informa-t\/sense-categoria\/representantes-de-fundesplai-se-han-reunido-con-el-consejero-de-trabajo-asuntos-sociales-y-familias-y-la-directora-general-de-juventud-de-la-generalitat\/"},"modified":"2018-07-27T10:35:24","modified_gmt":"2018-07-27T08:35:24","slug":"representantes-de-fundesplai-se-han-reunido-con-el-consejero-de-trabajo-asuntos-sociales-y-familias-y-la-directora-general-de-juventud-de-la-generalitat","status":"publish","type":"post","link":"https:\/\/fundesplai.org\/es\/informa-t\/actualitat-es\/representantes-de-fundesplai-se-han-reunido-con-el-consejero-de-trabajo-asuntos-sociales-y-familias-y-la-directora-general-de-juventud-de-la-generalitat\/","title":{"rendered":"Representantes de Fundesplai se han reunido con el Consejero de Trabajo, Asuntos Sociales y Familias y la Directora General de Juventud de la Generalitat"},"content":{"rendered":"<p>Representantes de Fundesplai se han reunido estos d\u00edas con el Consejero de Trabajo, Asuntos Sociales y Familias, Chakir el Homrani, y la Directora General de Juventud de la Generalitat, Marta Vilalta.<\/p>\n<p><!--more--><\/p>\n<table style=\"height: 37px;width: 100%\">\n<tbody>\n<tr>\n<td><img decoding=\"async\" class=\" size-full wp-image-5629\" src=\"https:\/\/fundesplai.org\/test-joomla\/wp-content\/uploads\/sites\/26\/2018\/07\/ReunioConsellerdef.jpg\" alt=\"ReunioConsellerdef\" width=\"100%\" height=\"NaN\"><\/td>\n<td><img decoding=\"async\" class=\" size-full wp-image-5634\" src=\"https:\/\/fundesplai.org\/test-joomla\/wp-content\/uploads\/sites\/26\/2018\/07\/DirGralJov1.jpg\" alt=\"DirGralJov1\" width=\"100%\" height=\"NaN\"><\/td>\n<\/tr>\n<tr>\n<td><img decoding=\"async\" class=\" size-full wp-image-5636\" src=\"https:\/\/fundesplai.org\/test-joomla\/wp-content\/uploads\/sites\/26\/2018\/07\/DirGralJov2.jpg\" alt=\"DirGralJov2\" width=\"100%\" height=\"NaN\">&nbsp;<\/td>\n<td><img decoding=\"async\" class=\" size-full wp-image-5637\" src=\"https:\/\/fundesplai.org\/test-joomla\/wp-content\/uploads\/sites\/26\/2018\/07\/DirGralJov3.jpg\" alt=\"DirGralJov3\" width=\"100%\" height=\"NaN\">&nbsp;<\/td>\n<\/tr>\n<\/tbody>\n<\/table>\n<p>El pasado martes 24 de julio el Consejero de Trabajo, Asuntos Sociales y Familias de la Generalitat, Chakir el Homrani, se reuni\u00f3 con Josep Gass\u00f3 y N\u00faria Valles, Presidente y Directora General de Relaciones y Comunicaci\u00f3n de Fundesplai respectivamente.<\/p>\n<p>Durante el encuentro se trataron diferentes temas relacionados con las iniciativas educativas y sociales en favor de los ni\u00f1os y j\u00f3venes que promueven una ciudadan\u00eda comprometida y transformadora en esplais, escuelas y barrios que impulsa Fundesplai.&nbsp;<\/p>\n<p><strong>La Directora General de Juventud visita los campamentos de Fundesplai<\/strong><\/p>\n<p>Por otra parte, el jueves 26 de julio la Directora General de Juventud de la Generalitat, Marta Vilalta, visit\u00f3 los campamentos de j\u00f3venes y las colonias de diferentes esplais de la Federaci\u00f3n Catalana del Esplai en las instalaciones de la Estaci\u00f3n de \u00c0ger (\u00c0ger). Anna Romeu, Vicepresidenta de Fundesplai, Carles Xifra, Director de Acciones y Programas Educativos, Sociales y del Tercer Sector de Fundesplai, mostraron en Vilalta las actividades de los esplais acompa\u00f1ados tambi\u00e9n del Alcalde de \u00c0ger, Llu\u00eds Ardiaca, y otros representantes institucionales y de la entidad.<\/p>\n<p>Vilalta estuvo conversando con ni\u00f1os y j\u00f3venes de los esplais Druida (Barcelona), Espurnes (Esplugues de Llobregat) y La Gresca (Ripollet) que est\u00e1n estos d\u00edas haciendo sus estancias en los terrenos de acampada y los vagones.<\/p>\n<p>Los j\u00f3venes y responsables conversaron con Vilalta y explicaron las diferentes actividades que est\u00e1n llevando a cabo estos d\u00edas: construcci\u00f3n de hoteles de insectos que ayudan a mejorar la biodiversidad de peque\u00f1os espacios naturales, rutas en piraguas para descubrir el entorno del pantano de Camarassa, etc.<\/p>\n","protected":false},"excerpt":{"rendered":"<p>Representantes de Fundesplai se han reunido estos d\u00edas con el Consejero de Trabajo, Asuntos Sociales y Familias, Chakir el Homrani, y la Directora General de Juventud de la Generalitat, Marta Vilalta.<\/p>\n","protected":false},"author":4,"featured_media":0,"comment_status":"closed","ping_status":"closed","sticky":false,"template":"","format":"standard","meta":{"_et_pb_use_builder":"","_et_pb_old_content":"","_et_gb_content_width":"","footnotes":""},"categories":[937],"tags":[],"class_list":["post-47854","post","type-post","status-publish","format-standard","hentry","category-actualitat-es"],"yoast_head":"<!-- This site is optimized with the Yoast SEO plugin v27.4 - https:\/\/yoast.com\/product\/yoast-seo-wordpress\/ -->\n<title>Representantes de Fundesplai se han reunido con el Consejero de Trabajo, Asuntos Sociales y Familias y la Directora General de Juventud de la Generalitat - Fundesplai<\/title>\n<meta name=\"robots\" content=\"index, follow, max-snippet:-1, max-image-preview:large, max-video-preview:-1\" \/>\n<link rel=\"canonical\" href=\"https:\/\/fundesplai.org\/es\/informa-t\/actualitat-es\/representantes-de-fundesplai-se-han-reunido-con-el-consejero-de-trabajo-asuntos-sociales-y-familias-y-la-directora-general-de-juventud-de-la-generalitat\/\" \/>\n<meta property=\"og:locale\" content=\"es_ES\" \/>\n<meta property=\"og:type\" content=\"article\" \/>\n<meta property=\"og:title\" content=\"Representantes de Fundesplai se han reunido con el Consejero de Trabajo, Asuntos Sociales y Familias y la Directora General de Juventud de la Generalitat - Fundesplai\" \/>\n<meta property=\"og:description\" content=\"Representantes de Fundesplai se han reunido estos d\u00edas con el Consejero de Trabajo, Asuntos Sociales y Familias, Chakir el Homrani, y la Directora General de Juventud de la Generalitat, Marta Vilalta.\" \/>\n<meta property=\"og:url\" content=\"https:\/\/fundesplai.org\/es\/informa-t\/actualitat-es\/representantes-de-fundesplai-se-han-reunido-con-el-consejero-de-trabajo-asuntos-sociales-y-familias-y-la-directora-general-de-juventud-de-la-generalitat\/\" \/>\n<meta property=\"og:site_name\" content=\"Fundesplai\" \/>\n<meta property=\"article:published_time\" content=\"2018-07-27T08:35:24+00:00\" \/>\n<meta property=\"og:image\" content=\"https:\/\/fundesplai.org\/test-joomla\/wp-content\/uploads\/sites\/26\/2018\/07\/ReunioConsellerdef.jpg\" \/>\n<meta name=\"author\" content=\"Ferran\" \/>\n<meta name=\"twitter:card\" content=\"summary_large_image\" \/>\n<meta name=\"twitter:label1\" content=\"Escrito por\" \/>\n\t<meta name=\"twitter:data1\" content=\"Ferran\" \/>\n\t<meta name=\"twitter:label2\" content=\"Tiempo de lectura\" \/>\n\t<meta name=\"twitter:data2\" content=\"2 minutos\" \/>\n<script type=\"application\/ld+json\" class=\"yoast-schema-graph\">{\"@context\":\"https:\\\/\\\/schema.org\",\"@graph\":[{\"@type\":\"Article\",\"@id\":\"https:\\\/\\\/fundesplai.org\\\/es\\\/informa-t\\\/actualitat-es\\\/representantes-de-fundesplai-se-han-reunido-con-el-consejero-de-trabajo-asuntos-sociales-y-familias-y-la-directora-general-de-juventud-de-la-generalitat\\\/#article\",\"isPartOf\":{\"@id\":\"https:\\\/\\\/fundesplai.org\\\/es\\\/informa-t\\\/actualitat-es\\\/representantes-de-fundesplai-se-han-reunido-con-el-consejero-de-trabajo-asuntos-sociales-y-familias-y-la-directora-general-de-juventud-de-la-generalitat\\\/\"},\"author\":{\"name\":\"Ferran\",\"@id\":\"https:\\\/\\\/fundesplai.org\\\/es\\\/#\\\/schema\\\/person\\\/67e7825d8ec54561cc24e36ba6b0f633\"},\"headline\":\"Representantes de Fundesplai se han reunido con el Consejero de Trabajo, Asuntos Sociales y Familias y la Directora General de Juventud de la Generalitat\",\"datePublished\":\"2018-07-27T08:35:24+00:00\",\"mainEntityOfPage\":{\"@id\":\"https:\\\/\\\/fundesplai.org\\\/es\\\/informa-t\\\/actualitat-es\\\/representantes-de-fundesplai-se-han-reunido-con-el-consejero-de-trabajo-asuntos-sociales-y-familias-y-la-directora-general-de-juventud-de-la-generalitat\\\/\"},\"wordCount\":331,\"image\":{\"@id\":\"https:\\\/\\\/fundesplai.org\\\/es\\\/informa-t\\\/actualitat-es\\\/representantes-de-fundesplai-se-han-reunido-con-el-consejero-de-trabajo-asuntos-sociales-y-familias-y-la-directora-general-de-juventud-de-la-generalitat\\\/#primaryimage\"},\"thumbnailUrl\":\"https:\\\/\\\/fundesplai.org\\\/test-joomla\\\/wp-content\\\/uploads\\\/sites\\\/26\\\/2018\\\/07\\\/ReunioConsellerdef.jpg\",\"articleSection\":[\"Actualitat\"],\"inLanguage\":\"es\"},{\"@type\":\"WebPage\",\"@id\":\"https:\\\/\\\/fundesplai.org\\\/es\\\/informa-t\\\/actualitat-es\\\/representantes-de-fundesplai-se-han-reunido-con-el-consejero-de-trabajo-asuntos-sociales-y-familias-y-la-directora-general-de-juventud-de-la-generalitat\\\/\",\"url\":\"https:\\\/\\\/fundesplai.org\\\/es\\\/informa-t\\\/actualitat-es\\\/representantes-de-fundesplai-se-han-reunido-con-el-consejero-de-trabajo-asuntos-sociales-y-familias-y-la-directora-general-de-juventud-de-la-generalitat\\\/\",\"name\":\"Representantes de Fundesplai se han reunido con el Consejero de Trabajo, Asuntos Sociales y Familias y la Directora General de Juventud de la Generalitat - Fundesplai\",\"isPartOf\":{\"@id\":\"https:\\\/\\\/fundesplai.org\\\/es\\\/#website\"},\"primaryImageOfPage\":{\"@id\":\"https:\\\/\\\/fundesplai.org\\\/es\\\/informa-t\\\/actualitat-es\\\/representantes-de-fundesplai-se-han-reunido-con-el-consejero-de-trabajo-asuntos-sociales-y-familias-y-la-directora-general-de-juventud-de-la-generalitat\\\/#primaryimage\"},\"image\":{\"@id\":\"https:\\\/\\\/fundesplai.org\\\/es\\\/informa-t\\\/actualitat-es\\\/representantes-de-fundesplai-se-han-reunido-con-el-consejero-de-trabajo-asuntos-sociales-y-familias-y-la-directora-general-de-juventud-de-la-generalitat\\\/#primaryimage\"},\"thumbnailUrl\":\"https:\\\/\\\/fundesplai.org\\\/test-joomla\\\/wp-content\\\/uploads\\\/sites\\\/26\\\/2018\\\/07\\\/ReunioConsellerdef.jpg\",\"datePublished\":\"2018-07-27T08:35:24+00:00\",\"author\":{\"@id\":\"https:\\\/\\\/fundesplai.org\\\/es\\\/#\\\/schema\\\/person\\\/67e7825d8ec54561cc24e36ba6b0f633\"},\"breadcrumb\":{\"@id\":\"https:\\\/\\\/fundesplai.org\\\/es\\\/informa-t\\\/actualitat-es\\\/representantes-de-fundesplai-se-han-reunido-con-el-consejero-de-trabajo-asuntos-sociales-y-familias-y-la-directora-general-de-juventud-de-la-generalitat\\\/#breadcrumb\"},\"inLanguage\":\"es\",\"potentialAction\":[{\"@type\":\"ReadAction\",\"target\":[\"https:\\\/\\\/fundesplai.org\\\/es\\\/informa-t\\\/actualitat-es\\\/representantes-de-fundesplai-se-han-reunido-con-el-consejero-de-trabajo-asuntos-sociales-y-familias-y-la-directora-general-de-juventud-de-la-generalitat\\\/\"]}]},{\"@type\":\"ImageObject\",\"inLanguage\":\"es\",\"@id\":\"https:\\\/\\\/fundesplai.org\\\/es\\\/informa-t\\\/actualitat-es\\\/representantes-de-fundesplai-se-han-reunido-con-el-consejero-de-trabajo-asuntos-sociales-y-familias-y-la-directora-general-de-juventud-de-la-generalitat\\\/#primaryimage\",\"url\":\"https:\\\/\\\/fundesplai.org\\\/test-joomla\\\/wp-content\\\/uploads\\\/sites\\\/26\\\/2018\\\/07\\\/ReunioConsellerdef.jpg\",\"contentUrl\":\"https:\\\/\\\/fundesplai.org\\\/test-joomla\\\/wp-content\\\/uploads\\\/sites\\\/26\\\/2018\\\/07\\\/ReunioConsellerdef.jpg\"},{\"@type\":\"BreadcrumbList\",\"@id\":\"https:\\\/\\\/fundesplai.org\\\/es\\\/informa-t\\\/actualitat-es\\\/representantes-de-fundesplai-se-han-reunido-con-el-consejero-de-trabajo-asuntos-sociales-y-familias-y-la-directora-general-de-juventud-de-la-generalitat\\\/#breadcrumb\",\"itemListElement\":[{\"@type\":\"ListItem\",\"position\":1,\"name\":\"Inici\",\"item\":\"https:\\\/\\\/fundesplai.org\\\/es\\\/inicio\\\/\"},{\"@type\":\"ListItem\",\"position\":2,\"name\":\"Inf\u00f3rmate\",\"item\":\"https:\\\/\\\/fundesplai.org\\\/es\\\/informate\\\/\"},{\"@type\":\"ListItem\",\"position\":3,\"name\":\"Sin categor\u00eda\",\"item\":\"https:\\\/\\\/fundesplai.org\\\/es\\\/informa-t\\\/category\\\/sin-categoria\\\/\"},{\"@type\":\"ListItem\",\"position\":4,\"name\":\"Representantes de Fundesplai se han reunido con el Consejero de Trabajo, Asuntos Sociales y Familias y la Directora General de Juventud de la Generalitat\"}]},{\"@type\":\"WebSite\",\"@id\":\"https:\\\/\\\/fundesplai.org\\\/es\\\/#website\",\"url\":\"https:\\\/\\\/fundesplai.org\\\/es\\\/\",\"name\":\"Fundesplai\",\"description\":\"Eduquem per la conviv\u00e8ncia i la sostenibilitat\",\"potentialAction\":[{\"@type\":\"SearchAction\",\"target\":{\"@type\":\"EntryPoint\",\"urlTemplate\":\"https:\\\/\\\/fundesplai.org\\\/es\\\/?s={search_term_string}\"},\"query-input\":{\"@type\":\"PropertyValueSpecification\",\"valueRequired\":true,\"valueName\":\"search_term_string\"}}],\"inLanguage\":\"es\"},{\"@type\":\"Person\",\"@id\":\"https:\\\/\\\/fundesplai.org\\\/es\\\/#\\\/schema\\\/person\\\/67e7825d8ec54561cc24e36ba6b0f633\",\"name\":\"Ferran\",\"image\":{\"@type\":\"ImageObject\",\"inLanguage\":\"es\",\"@id\":\"https:\\\/\\\/secure.gravatar.com\\\/avatar\\\/a3510350976b58aae6eccd1e36f066b660a69ef63f97fde3cba8205db7db816a?s=96&d=mm&r=g\",\"url\":\"https:\\\/\\\/secure.gravatar.com\\\/avatar\\\/a3510350976b58aae6eccd1e36f066b660a69ef63f97fde3cba8205db7db816a?s=96&d=mm&r=g\",\"contentUrl\":\"https:\\\/\\\/secure.gravatar.com\\\/avatar\\\/a3510350976b58aae6eccd1e36f066b660a69ef63f97fde3cba8205db7db816a?s=96&d=mm&r=g\",\"caption\":\"Ferran\"},\"url\":\"https:\\\/\\\/fundesplai.org\\\/es\\\/informa-t\\\/author\\\/fvidal\\\/\"}]}<\/script>\n<!-- \/ Yoast SEO plugin. -->","yoast_head_json":{"title":"Representantes de Fundesplai se han reunido con el Consejero de Trabajo, Asuntos Sociales y Familias y la Directora General de Juventud de la Generalitat - Fundesplai","robots":{"index":"index","follow":"follow","max-snippet":"max-snippet:-1","max-image-preview":"max-image-preview:large","max-video-preview":"max-video-preview:-1"},"canonical":"https:\/\/fundesplai.org\/es\/informa-t\/actualitat-es\/representantes-de-fundesplai-se-han-reunido-con-el-consejero-de-trabajo-asuntos-sociales-y-familias-y-la-directora-general-de-juventud-de-la-generalitat\/","og_locale":"es_ES","og_type":"article","og_title":"Representantes de Fundesplai se han reunido con el Consejero de Trabajo, Asuntos Sociales y Familias y la Directora General de Juventud de la Generalitat - Fundesplai","og_description":"Representantes de Fundesplai se han reunido estos d\u00edas con el Consejero de Trabajo, Asuntos Sociales y Familias, Chakir el Homrani, y la Directora General de Juventud de la Generalitat, Marta Vilalta.","og_url":"https:\/\/fundesplai.org\/es\/informa-t\/actualitat-es\/representantes-de-fundesplai-se-han-reunido-con-el-consejero-de-trabajo-asuntos-sociales-y-familias-y-la-directora-general-de-juventud-de-la-generalitat\/","og_site_name":"Fundesplai","article_published_time":"2018-07-27T08:35:24+00:00","og_image":[{"url":"https:\/\/fundesplai.org\/test-joomla\/wp-content\/uploads\/sites\/26\/2018\/07\/ReunioConsellerdef.jpg","type":"","width":"","height":""}],"author":"Ferran","twitter_card":"summary_large_image","twitter_misc":{"Escrito por":"Ferran","Tiempo de lectura":"2 minutos"},"schema":{"@context":"https:\/\/schema.org","@graph":[{"@type":"Article","@id":"https:\/\/fundesplai.org\/es\/informa-t\/actualitat-es\/representantes-de-fundesplai-se-han-reunido-con-el-consejero-de-trabajo-asuntos-sociales-y-familias-y-la-directora-general-de-juventud-de-la-generalitat\/#article","isPartOf":{"@id":"https:\/\/fundesplai.org\/es\/informa-t\/actualitat-es\/representantes-de-fundesplai-se-han-reunido-con-el-consejero-de-trabajo-asuntos-sociales-y-familias-y-la-directora-general-de-juventud-de-la-generalitat\/"},"author":{"name":"Ferran","@id":"https:\/\/fundesplai.org\/es\/#\/schema\/person\/67e7825d8ec54561cc24e36ba6b0f633"},"headline":"Representantes de Fundesplai se han reunido con el Consejero de Trabajo, Asuntos Sociales y Familias y la Directora General de Juventud de la Generalitat","datePublished":"2018-07-27T08:35:24+00:00","mainEntityOfPage":{"@id":"https:\/\/fundesplai.org\/es\/informa-t\/actualitat-es\/representantes-de-fundesplai-se-han-reunido-con-el-consejero-de-trabajo-asuntos-sociales-y-familias-y-la-directora-general-de-juventud-de-la-generalitat\/"},"wordCount":331,"image":{"@id":"https:\/\/fundesplai.org\/es\/informa-t\/actualitat-es\/representantes-de-fundesplai-se-han-reunido-con-el-consejero-de-trabajo-asuntos-sociales-y-familias-y-la-directora-general-de-juventud-de-la-generalitat\/#primaryimage"},"thumbnailUrl":"https:\/\/fundesplai.org\/test-joomla\/wp-content\/uploads\/sites\/26\/2018\/07\/ReunioConsellerdef.jpg","articleSection":["Actualitat"],"inLanguage":"es"},{"@type":"WebPage","@id":"https:\/\/fundesplai.org\/es\/informa-t\/actualitat-es\/representantes-de-fundesplai-se-han-reunido-con-el-consejero-de-trabajo-asuntos-sociales-y-familias-y-la-directora-general-de-juventud-de-la-generalitat\/","url":"https:\/\/fundesplai.org\/es\/informa-t\/actualitat-es\/representantes-de-fundesplai-se-han-reunido-con-el-consejero-de-trabajo-asuntos-sociales-y-familias-y-la-directora-general-de-juventud-de-la-generalitat\/","name":"Representantes de Fundesplai se han reunido con el Consejero de Trabajo, Asuntos Sociales y Familias y la Directora General de Juventud de la Generalitat - Fundesplai","isPartOf":{"@id":"https:\/\/fundesplai.org\/es\/#website"},"primaryImageOfPage":{"@id":"https:\/\/fundesplai.org\/es\/informa-t\/actualitat-es\/representantes-de-fundesplai-se-han-reunido-con-el-consejero-de-trabajo-asuntos-sociales-y-familias-y-la-directora-general-de-juventud-de-la-generalitat\/#primaryimage"},"image":{"@id":"https:\/\/fundesplai.org\/es\/informa-t\/actualitat-es\/representantes-de-fundesplai-se-han-reunido-con-el-consejero-de-trabajo-asuntos-sociales-y-familias-y-la-directora-general-de-juventud-de-la-generalitat\/#primaryimage"},"thumbnailUrl":"https:\/\/fundesplai.org\/test-joomla\/wp-content\/uploads\/sites\/26\/2018\/07\/ReunioConsellerdef.jpg","datePublished":"2018-07-27T08:35:24+00:00","author":{"@id":"https:\/\/fundesplai.org\/es\/#\/schema\/person\/67e7825d8ec54561cc24e36ba6b0f633"},"breadcrumb":{"@id":"https:\/\/fundesplai.org\/es\/informa-t\/actualitat-es\/representantes-de-fundesplai-se-han-reunido-con-el-consejero-de-trabajo-asuntos-sociales-y-familias-y-la-directora-general-de-juventud-de-la-generalitat\/#breadcrumb"},"inLanguage":"es","potentialAction":[{"@type":"ReadAction","target":["https:\/\/fundesplai.org\/es\/informa-t\/actualitat-es\/representantes-de-fundesplai-se-han-reunido-con-el-consejero-de-trabajo-asuntos-sociales-y-familias-y-la-directora-general-de-juventud-de-la-generalitat\/"]}]},{"@type":"ImageObject","inLanguage":"es","@id":"https:\/\/fundesplai.org\/es\/informa-t\/actualitat-es\/representantes-de-fundesplai-se-han-reunido-con-el-consejero-de-trabajo-asuntos-sociales-y-familias-y-la-directora-general-de-juventud-de-la-generalitat\/#primaryimage","url":"https:\/\/fundesplai.org\/test-joomla\/wp-content\/uploads\/sites\/26\/2018\/07\/ReunioConsellerdef.jpg","contentUrl":"https:\/\/fundesplai.org\/test-joomla\/wp-content\/uploads\/sites\/26\/2018\/07\/ReunioConsellerdef.jpg"},{"@type":"BreadcrumbList","@id":"https:\/\/fundesplai.org\/es\/informa-t\/actualitat-es\/representantes-de-fundesplai-se-han-reunido-con-el-consejero-de-trabajo-asuntos-sociales-y-familias-y-la-directora-general-de-juventud-de-la-generalitat\/#breadcrumb","itemListElement":[{"@type":"ListItem","position":1,"name":"Inici","item":"https:\/\/fundesplai.org\/es\/inicio\/"},{"@type":"ListItem","position":2,"name":"Inf\u00f3rmate","item":"https:\/\/fundesplai.org\/es\/informate\/"},{"@type":"ListItem","position":3,"name":"Sin categor\u00eda","item":"https:\/\/fundesplai.org\/es\/informa-t\/category\/sin-categoria\/"},{"@type":"ListItem","position":4,"name":"Representantes de Fundesplai se han reunido con el Consejero de Trabajo, Asuntos Sociales y Familias y la Directora General de Juventud de la Generalitat"}]},{"@type":"WebSite","@id":"https:\/\/fundesplai.org\/es\/#website","url":"https:\/\/fundesplai.org\/es\/","name":"Fundesplai","description":"Eduquem per la conviv\u00e8ncia i la sostenibilitat","potentialAction":[{"@type":"SearchAction","target":{"@type":"EntryPoint","urlTemplate":"https:\/\/fundesplai.org\/es\/?s={search_term_string}"},"query-input":{"@type":"PropertyValueSpecification","valueRequired":true,"valueName":"search_term_string"}}],"inLanguage":"es"},{"@type":"Person","@id":"https:\/\/fundesplai.org\/es\/#\/schema\/person\/67e7825d8ec54561cc24e36ba6b0f633","name":"Ferran","image":{"@type":"ImageObject","inLanguage":"es","@id":"https:\/\/secure.gravatar.com\/avatar\/a3510350976b58aae6eccd1e36f066b660a69ef63f97fde3cba8205db7db816a?s=96&d=mm&r=g","url":"https:\/\/secure.gravatar.com\/avatar\/a3510350976b58aae6eccd1e36f066b660a69ef63f97fde3cba8205db7db816a?s=96&d=mm&r=g","contentUrl":"https:\/\/secure.gravatar.com\/avatar\/a3510350976b58aae6eccd1e36f066b660a69ef63f97fde3cba8205db7db816a?s=96&d=mm&r=g","caption":"Ferran"},"url":"https:\/\/fundesplai.org\/es\/informa-t\/author\/fvidal\/"}]}},"_links":{"self":[{"href":"https:\/\/fundesplai.org\/es\/wp-json\/wp\/v2\/posts\/47854","targetHints":{"allow":["GET"]}}],"collection":[{"href":"https:\/\/fundesplai.org\/es\/wp-json\/wp\/v2\/posts"}],"about":[{"href":"https:\/\/fundesplai.org\/es\/wp-json\/wp\/v2\/types\/post"}],"author":[{"embeddable":true,"href":"https:\/\/fundesplai.org\/es\/wp-json\/wp\/v2\/users\/4"}],"replies":[{"embeddable":true,"href":"https:\/\/fundesplai.org\/es\/wp-json\/wp\/v2\/comments?post=47854"}],"version-history":[{"count":0,"href":"https:\/\/fundesplai.org\/es\/wp-json\/wp\/v2\/posts\/47854\/revisions"}],"wp:attachment":[{"href":"https:\/\/fundesplai.org\/es\/wp-json\/wp\/v2\/media?parent=47854"}],"wp:term":[{"taxonomy":"category","embeddable":true,"href":"https:\/\/fundesplai.org\/es\/wp-json\/wp\/v2\/categories?post=47854"},{"taxonomy":"post_tag","embeddable":true,"href":"https:\/\/fundesplai.org\/es\/wp-json\/wp\/v2\/tags?post=47854"}],"curies":[{"name":"wp","href":"https:\/\/api.w.org\/{rel}","templated":true}]}}