{"id":47853,"date":"2018-07-06T11:43:43","date_gmt":"2018-07-06T09:43:43","guid":{"rendered":"https:\/\/fundesplai.org\/informa-t\/sense-categoria\/aun-quedan-plazas-disponibles-para-las-actividades-de-verano\/"},"modified":"2018-07-06T11:43:43","modified_gmt":"2018-07-06T09:43:43","slug":"aun-quedan-plazas-disponibles-para-las-actividades-de-verano","status":"publish","type":"post","link":"https:\/\/fundesplai.org\/es\/informa-t\/actualitat-es\/aun-quedan-plazas-disponibles-para-las-actividades-de-verano\/","title":{"rendered":"A\u00fan quedan plazas disponibles para las actividades de verano"},"content":{"rendered":"<p>Estos d\u00edas, la muestra de felicidad entre los ni\u00f1os y j\u00f3venes es muy intensa: caras de felicidad, &nbsp;emociones a flor de piel, nuevas aventuras, actividades de todos los colores y muy refrescantes para todos los gustos!<\/p>\n<p><!--more--><\/p>\n<p class=\"intro\"><span style=\"background-color: transparent\">Estos d\u00edas, la muestra de felicidad entre los ni\u00f1os y j\u00f3venes es muy intensa: caras de felicidad, &nbsp;emociones a flor de piel, nuevas aventuras, actividades de todos los colores y muy refrescantes para todos los gustos! Con el objetivo de que ni\u00f1os y j\u00f3venes se adentren en la magia de los <\/span><strong style=\"background-color: transparent\">casales, las colonias, los campamentos, las rutas y campos de trabajo&#8230;<\/strong><span style=\"background-color: transparent\">y es que las vivencias y emociones de estos d\u00edas son inmensos, experiencias para la vida&#8230; \u00a1esto es la aventura del verano!<\/span><\/p>\n<table style=\"width: 100%\">\n<tbody>\n<tr>\n<td colspan=\"2\"><img decoding=\"async\" class=\" size-full wp-image-5601\" src=\"https:\/\/fundesplai.org\/test-joomla\/wp-content\/uploads\/sites\/26\/2018\/07\/camptreball_def.jpg\" alt=\"camptreball def\" width=\"100%\" height=\"NaN\"><\/td>\n<\/tr>\n<tr>\n<td><img decoding=\"async\" class=\" size-full wp-image-5604\" src=\"https:\/\/fundesplai.org\/test-joomla\/wp-content\/uploads\/sites\/26\/2018\/07\/Estiu_fundesplai.jpg\" alt=\"Estiu fundesplai\" width=\"100%\" height=\"NaN\"><\/td>\n<td><img decoding=\"async\" class=\" size-full wp-image-5606\" src=\"https:\/\/fundesplai.org\/test-joomla\/wp-content\/uploads\/sites\/26\/2018\/07\/piragua.jpg\" alt=\"piragua\" width=\"100%\" height=\"NaN\"><\/td>\n<\/tr>\n<tr>\n<td><img decoding=\"async\" class=\" size-full wp-image-5608\" src=\"https:\/\/fundesplai.org\/test-joomla\/wp-content\/uploads\/sites\/26\/2018\/07\/Estiu_esplais.jpg\" alt=\"Estiu esplais\" width=\"100%\" height=\"NaN\"><\/td>\n<td><img decoding=\"async\" class=\" size-full wp-image-5609\" src=\"https:\/\/fundesplai.org\/test-joomla\/wp-content\/uploads\/sites\/26\/2018\/07\/Estiu_esplais2.jpg\" alt=\"Estiu esplais2\" width=\"100%\" height=\"NaN\"><\/td>\n<\/tr>\n<\/tbody>\n<\/table>\n<p>Miles de ni\u00f1os y j\u00f3venes est\u00e1n participando en las actividades de Fundesplai y los esplais que forman parte. La campa\u00f1a <a href=\"https:\/\/estiu.fundesplai.org\/\">\u00abAcierta el Verano &#8211; Un verano para todos\u00bb<\/a> empezaron el pasado 25 de junio y se alargar\u00e1 hasta los 15 de septiembre. A\u00fan quedan plazas disponibles para casales, colonias, campamentos, campos de trabajo y vacaciones en familia.<\/p>\n<p><strong>Una oportunidad para crecer<\/strong><\/p>\n<p>Ir de casales y colonias ayuda a crecer, a hacerte m\u00e1s aut\u00f3nomo, \u00a1ayuda a socializar, a tomar decisiones, a compartir en grupo, a aprender a estar solo y libre! Y es que la libertad es una de las palabras que m\u00e1s destacan los ni\u00f1os, puesto que se encuentran en un ambiente diferente, sin los adultos de referencia, con otros chicos y chicas, y con m\u00faltiples y nuevas oportunidades a su alrededor.&nbsp;<\/p>\n<p>Apoyarles en esta aventura es vital y les ayuda a confiar m\u00e1s en s\u00ed mismos y en sus capacidades. \u00a1Los momentos m\u00e1gicos de ni\u00f1o no se pueden dejar escapar!<\/p>\n<p><strong>Gran diversidad de actividades<\/strong><\/p>\n<p>Entre las plazas que todav\u00eda est\u00e1n disponibles, se puede elegir entre casales tecnol\u00f3gicos o de idiomas, colonias y campamentos en las mejores instalaciones de naura, campos de trabajo, etc. Familias y grupos tambi\u00e9n pueden reservar plazas para vacaciones en familia en las casas de colonias y albergues de naturaleza de Fundesplai, donde podr\u00e1n disfrutar de unos d\u00edas en plena naturaleza con todo incluido por un precio muy asequible. Este a\u00f1o, como novedad, se ofrece un <a href=\"ca\/families\/serveis-per-a-families\/promocions\/1679-aquest-agost-reconnecta-amb-la-natura\">cap de setmana de \u00abdetox\u00bbdigital<\/a>: del 13 al 15 de julio se puede disfrutar de una estancia en el coraz\u00f3n del Montseny sin m\u00f3viles, con actividades de naturaleza y men\u00fa especial de productos km0.&nbsp;<\/p>\n<p><strong>Verano para todos los ni\u00f1os<\/strong><\/p>\n<p>Las vacaciones escolares son tambi\u00e9n un momento en el que se pueden agravar las diferencias entre ni\u00f1os por motivos econ\u00f3micos, ya que muchas familias no pueden permitirse asumir el coste de un casal o unas colonias. Por eso, desde Fundesplai impulsa la campa\u00f1a <a href=\"ca\/nosaltres\/et-necessitem\/donacions\">\u00abUn verano para todos!\u00bb<\/a> que recoge fondos para becar a ni\u00f1os y j\u00f3venes en situaci\u00f3n de vulnerabilidad social.<\/p>\n","protected":false},"excerpt":{"rendered":"<p>Estos d\u00edas, la muestra de felicidad entre los ni\u00f1os y j\u00f3venes es muy intensa: caras de felicidad, &nbsp;emociones a flor de piel, nuevas aventuras, actividades de todos los colores y muy refrescantes para todos los gustos!<\/p>\n","protected":false},"author":9,"featured_media":0,"comment_status":"closed","ping_status":"closed","sticky":false,"template":"","format":"standard","meta":{"_et_pb_use_builder":"","_et_pb_old_content":"","_et_gb_content_width":"","footnotes":""},"categories":[937],"tags":[968,962,966],"class_list":["post-47853","post","type-post","status-publish","format-standard","hentry","category-actualitat-es","tag-colonias","tag-fundesplai-es","tag-verano-es"],"yoast_head":"<!-- This site is optimized with the Yoast SEO plugin v27.4 - https:\/\/yoast.com\/product\/yoast-seo-wordpress\/ -->\n<title>A\u00fan quedan plazas disponibles para las actividades de verano - Fundesplai<\/title>\n<meta name=\"robots\" content=\"index, follow, max-snippet:-1, max-image-preview:large, max-video-preview:-1\" \/>\n<link rel=\"canonical\" href=\"https:\/\/fundesplai.org\/es\/informa-t\/actualitat-es\/aun-quedan-plazas-disponibles-para-las-actividades-de-verano\/\" \/>\n<meta property=\"og:locale\" content=\"es_ES\" \/>\n<meta property=\"og:type\" content=\"article\" \/>\n<meta property=\"og:title\" content=\"A\u00fan quedan plazas disponibles para las actividades de verano - Fundesplai\" \/>\n<meta property=\"og:description\" content=\"Estos d\u00edas, la muestra de felicidad entre los ni\u00f1os y j\u00f3venes es muy intensa: caras de felicidad, &nbsp;emociones a flor de piel, nuevas aventuras, actividades de todos los colores y muy refrescantes para todos los gustos!\" \/>\n<meta property=\"og:url\" content=\"https:\/\/fundesplai.org\/es\/informa-t\/actualitat-es\/aun-quedan-plazas-disponibles-para-las-actividades-de-verano\/\" \/>\n<meta property=\"og:site_name\" content=\"Fundesplai\" \/>\n<meta property=\"article:published_time\" content=\"2018-07-06T09:43:43+00:00\" \/>\n<meta property=\"og:image\" content=\"https:\/\/fundesplai.org\/test-joomla\/wp-content\/uploads\/sites\/26\/2018\/07\/camptreball_def.jpg\" \/>\n<meta name=\"author\" content=\"Alfons Valle\" \/>\n<meta name=\"twitter:card\" content=\"summary_large_image\" \/>\n<meta name=\"twitter:label1\" content=\"Escrito por\" \/>\n\t<meta name=\"twitter:data1\" content=\"Alfons Valle\" \/>\n\t<meta name=\"twitter:label2\" content=\"Tiempo de lectura\" \/>\n\t<meta name=\"twitter:data2\" content=\"3 minutos\" \/>\n<script type=\"application\/ld+json\" class=\"yoast-schema-graph\">{\"@context\":\"https:\\\/\\\/schema.org\",\"@graph\":[{\"@type\":\"Article\",\"@id\":\"https:\\\/\\\/fundesplai.org\\\/es\\\/informa-t\\\/actualitat-es\\\/aun-quedan-plazas-disponibles-para-las-actividades-de-verano\\\/#article\",\"isPartOf\":{\"@id\":\"https:\\\/\\\/fundesplai.org\\\/es\\\/informa-t\\\/actualitat-es\\\/aun-quedan-plazas-disponibles-para-las-actividades-de-verano\\\/\"},\"author\":{\"name\":\"Alfons Valle\",\"@id\":\"https:\\\/\\\/fundesplai.org\\\/es\\\/#\\\/schema\\\/person\\\/c0e9e7466bb8ac06f5264324a6109733\"},\"headline\":\"A\u00fan quedan plazas disponibles para las actividades de verano\",\"datePublished\":\"2018-07-06T09:43:43+00:00\",\"mainEntityOfPage\":{\"@id\":\"https:\\\/\\\/fundesplai.org\\\/es\\\/informa-t\\\/actualitat-es\\\/aun-quedan-plazas-disponibles-para-las-actividades-de-verano\\\/\"},\"wordCount\":510,\"image\":{\"@id\":\"https:\\\/\\\/fundesplai.org\\\/es\\\/informa-t\\\/actualitat-es\\\/aun-quedan-plazas-disponibles-para-las-actividades-de-verano\\\/#primaryimage\"},\"thumbnailUrl\":\"https:\\\/\\\/fundesplai.org\\\/test-joomla\\\/wp-content\\\/uploads\\\/sites\\\/26\\\/2018\\\/07\\\/camptreball_def.jpg\",\"keywords\":[\"colonias\",\"fundesplai\",\"verano\"],\"articleSection\":[\"Actualitat\"],\"inLanguage\":\"es\"},{\"@type\":\"WebPage\",\"@id\":\"https:\\\/\\\/fundesplai.org\\\/es\\\/informa-t\\\/actualitat-es\\\/aun-quedan-plazas-disponibles-para-las-actividades-de-verano\\\/\",\"url\":\"https:\\\/\\\/fundesplai.org\\\/es\\\/informa-t\\\/actualitat-es\\\/aun-quedan-plazas-disponibles-para-las-actividades-de-verano\\\/\",\"name\":\"A\u00fan quedan plazas disponibles para las actividades de verano - Fundesplai\",\"isPartOf\":{\"@id\":\"https:\\\/\\\/fundesplai.org\\\/es\\\/#website\"},\"primaryImageOfPage\":{\"@id\":\"https:\\\/\\\/fundesplai.org\\\/es\\\/informa-t\\\/actualitat-es\\\/aun-quedan-plazas-disponibles-para-las-actividades-de-verano\\\/#primaryimage\"},\"image\":{\"@id\":\"https:\\\/\\\/fundesplai.org\\\/es\\\/informa-t\\\/actualitat-es\\\/aun-quedan-plazas-disponibles-para-las-actividades-de-verano\\\/#primaryimage\"},\"thumbnailUrl\":\"https:\\\/\\\/fundesplai.org\\\/test-joomla\\\/wp-content\\\/uploads\\\/sites\\\/26\\\/2018\\\/07\\\/camptreball_def.jpg\",\"datePublished\":\"2018-07-06T09:43:43+00:00\",\"author\":{\"@id\":\"https:\\\/\\\/fundesplai.org\\\/es\\\/#\\\/schema\\\/person\\\/c0e9e7466bb8ac06f5264324a6109733\"},\"breadcrumb\":{\"@id\":\"https:\\\/\\\/fundesplai.org\\\/es\\\/informa-t\\\/actualitat-es\\\/aun-quedan-plazas-disponibles-para-las-actividades-de-verano\\\/#breadcrumb\"},\"inLanguage\":\"es\",\"potentialAction\":[{\"@type\":\"ReadAction\",\"target\":[\"https:\\\/\\\/fundesplai.org\\\/es\\\/informa-t\\\/actualitat-es\\\/aun-quedan-plazas-disponibles-para-las-actividades-de-verano\\\/\"]}]},{\"@type\":\"ImageObject\",\"inLanguage\":\"es\",\"@id\":\"https:\\\/\\\/fundesplai.org\\\/es\\\/informa-t\\\/actualitat-es\\\/aun-quedan-plazas-disponibles-para-las-actividades-de-verano\\\/#primaryimage\",\"url\":\"https:\\\/\\\/fundesplai.org\\\/test-joomla\\\/wp-content\\\/uploads\\\/sites\\\/26\\\/2018\\\/07\\\/camptreball_def.jpg\",\"contentUrl\":\"https:\\\/\\\/fundesplai.org\\\/test-joomla\\\/wp-content\\\/uploads\\\/sites\\\/26\\\/2018\\\/07\\\/camptreball_def.jpg\"},{\"@type\":\"BreadcrumbList\",\"@id\":\"https:\\\/\\\/fundesplai.org\\\/es\\\/informa-t\\\/actualitat-es\\\/aun-quedan-plazas-disponibles-para-las-actividades-de-verano\\\/#breadcrumb\",\"itemListElement\":[{\"@type\":\"ListItem\",\"position\":1,\"name\":\"Inici\",\"item\":\"https:\\\/\\\/fundesplai.org\\\/es\\\/inicio\\\/\"},{\"@type\":\"ListItem\",\"position\":2,\"name\":\"Inf\u00f3rmate\",\"item\":\"https:\\\/\\\/fundesplai.org\\\/es\\\/informate\\\/\"},{\"@type\":\"ListItem\",\"position\":3,\"name\":\"Sin categor\u00eda\",\"item\":\"https:\\\/\\\/fundesplai.org\\\/es\\\/informa-t\\\/category\\\/sin-categoria\\\/\"},{\"@type\":\"ListItem\",\"position\":4,\"name\":\"A\u00fan quedan plazas disponibles para las actividades de verano\"}]},{\"@type\":\"WebSite\",\"@id\":\"https:\\\/\\\/fundesplai.org\\\/es\\\/#website\",\"url\":\"https:\\\/\\\/fundesplai.org\\\/es\\\/\",\"name\":\"Fundesplai\",\"description\":\"Eduquem per la conviv\u00e8ncia i la sostenibilitat\",\"potentialAction\":[{\"@type\":\"SearchAction\",\"target\":{\"@type\":\"EntryPoint\",\"urlTemplate\":\"https:\\\/\\\/fundesplai.org\\\/es\\\/?s={search_term_string}\"},\"query-input\":{\"@type\":\"PropertyValueSpecification\",\"valueRequired\":true,\"valueName\":\"search_term_string\"}}],\"inLanguage\":\"es\"},{\"@type\":\"Person\",\"@id\":\"https:\\\/\\\/fundesplai.org\\\/es\\\/#\\\/schema\\\/person\\\/c0e9e7466bb8ac06f5264324a6109733\",\"name\":\"Alfons Valle\",\"image\":{\"@type\":\"ImageObject\",\"inLanguage\":\"es\",\"@id\":\"https:\\\/\\\/secure.gravatar.com\\\/avatar\\\/71d95a3f99a068ba570ac1314ed6911a59c5ae3f22ffcf23631cd1a861a640bc?s=96&d=mm&r=g\",\"url\":\"https:\\\/\\\/secure.gravatar.com\\\/avatar\\\/71d95a3f99a068ba570ac1314ed6911a59c5ae3f22ffcf23631cd1a861a640bc?s=96&d=mm&r=g\",\"contentUrl\":\"https:\\\/\\\/secure.gravatar.com\\\/avatar\\\/71d95a3f99a068ba570ac1314ed6911a59c5ae3f22ffcf23631cd1a861a640bc?s=96&d=mm&r=g\",\"caption\":\"Alfons Valle\"},\"url\":\"https:\\\/\\\/fundesplai.org\\\/es\\\/informa-t\\\/author\\\/avalle\\\/\"}]}<\/script>\n<!-- \/ Yoast SEO plugin. -->","yoast_head_json":{"title":"A\u00fan quedan plazas disponibles para las actividades de verano - Fundesplai","robots":{"index":"index","follow":"follow","max-snippet":"max-snippet:-1","max-image-preview":"max-image-preview:large","max-video-preview":"max-video-preview:-1"},"canonical":"https:\/\/fundesplai.org\/es\/informa-t\/actualitat-es\/aun-quedan-plazas-disponibles-para-las-actividades-de-verano\/","og_locale":"es_ES","og_type":"article","og_title":"A\u00fan quedan plazas disponibles para las actividades de verano - Fundesplai","og_description":"Estos d\u00edas, la muestra de felicidad entre los ni\u00f1os y j\u00f3venes es muy intensa: caras de felicidad, &nbsp;emociones a flor de piel, nuevas aventuras, actividades de todos los colores y muy refrescantes para todos los gustos!","og_url":"https:\/\/fundesplai.org\/es\/informa-t\/actualitat-es\/aun-quedan-plazas-disponibles-para-las-actividades-de-verano\/","og_site_name":"Fundesplai","article_published_time":"2018-07-06T09:43:43+00:00","og_image":[{"url":"https:\/\/fundesplai.org\/test-joomla\/wp-content\/uploads\/sites\/26\/2018\/07\/camptreball_def.jpg","type":"","width":"","height":""}],"author":"Alfons Valle","twitter_card":"summary_large_image","twitter_misc":{"Escrito por":"Alfons Valle","Tiempo de lectura":"3 minutos"},"schema":{"@context":"https:\/\/schema.org","@graph":[{"@type":"Article","@id":"https:\/\/fundesplai.org\/es\/informa-t\/actualitat-es\/aun-quedan-plazas-disponibles-para-las-actividades-de-verano\/#article","isPartOf":{"@id":"https:\/\/fundesplai.org\/es\/informa-t\/actualitat-es\/aun-quedan-plazas-disponibles-para-las-actividades-de-verano\/"},"author":{"name":"Alfons Valle","@id":"https:\/\/fundesplai.org\/es\/#\/schema\/person\/c0e9e7466bb8ac06f5264324a6109733"},"headline":"A\u00fan quedan plazas disponibles para las actividades de verano","datePublished":"2018-07-06T09:43:43+00:00","mainEntityOfPage":{"@id":"https:\/\/fundesplai.org\/es\/informa-t\/actualitat-es\/aun-quedan-plazas-disponibles-para-las-actividades-de-verano\/"},"wordCount":510,"image":{"@id":"https:\/\/fundesplai.org\/es\/informa-t\/actualitat-es\/aun-quedan-plazas-disponibles-para-las-actividades-de-verano\/#primaryimage"},"thumbnailUrl":"https:\/\/fundesplai.org\/test-joomla\/wp-content\/uploads\/sites\/26\/2018\/07\/camptreball_def.jpg","keywords":["colonias","fundesplai","verano"],"articleSection":["Actualitat"],"inLanguage":"es"},{"@type":"WebPage","@id":"https:\/\/fundesplai.org\/es\/informa-t\/actualitat-es\/aun-quedan-plazas-disponibles-para-las-actividades-de-verano\/","url":"https:\/\/fundesplai.org\/es\/informa-t\/actualitat-es\/aun-quedan-plazas-disponibles-para-las-actividades-de-verano\/","name":"A\u00fan quedan plazas disponibles para las actividades de verano - Fundesplai","isPartOf":{"@id":"https:\/\/fundesplai.org\/es\/#website"},"primaryImageOfPage":{"@id":"https:\/\/fundesplai.org\/es\/informa-t\/actualitat-es\/aun-quedan-plazas-disponibles-para-las-actividades-de-verano\/#primaryimage"},"image":{"@id":"https:\/\/fundesplai.org\/es\/informa-t\/actualitat-es\/aun-quedan-plazas-disponibles-para-las-actividades-de-verano\/#primaryimage"},"thumbnailUrl":"https:\/\/fundesplai.org\/test-joomla\/wp-content\/uploads\/sites\/26\/2018\/07\/camptreball_def.jpg","datePublished":"2018-07-06T09:43:43+00:00","author":{"@id":"https:\/\/fundesplai.org\/es\/#\/schema\/person\/c0e9e7466bb8ac06f5264324a6109733"},"breadcrumb":{"@id":"https:\/\/fundesplai.org\/es\/informa-t\/actualitat-es\/aun-quedan-plazas-disponibles-para-las-actividades-de-verano\/#breadcrumb"},"inLanguage":"es","potentialAction":[{"@type":"ReadAction","target":["https:\/\/fundesplai.org\/es\/informa-t\/actualitat-es\/aun-quedan-plazas-disponibles-para-las-actividades-de-verano\/"]}]},{"@type":"ImageObject","inLanguage":"es","@id":"https:\/\/fundesplai.org\/es\/informa-t\/actualitat-es\/aun-quedan-plazas-disponibles-para-las-actividades-de-verano\/#primaryimage","url":"https:\/\/fundesplai.org\/test-joomla\/wp-content\/uploads\/sites\/26\/2018\/07\/camptreball_def.jpg","contentUrl":"https:\/\/fundesplai.org\/test-joomla\/wp-content\/uploads\/sites\/26\/2018\/07\/camptreball_def.jpg"},{"@type":"BreadcrumbList","@id":"https:\/\/fundesplai.org\/es\/informa-t\/actualitat-es\/aun-quedan-plazas-disponibles-para-las-actividades-de-verano\/#breadcrumb","itemListElement":[{"@type":"ListItem","position":1,"name":"Inici","item":"https:\/\/fundesplai.org\/es\/inicio\/"},{"@type":"ListItem","position":2,"name":"Inf\u00f3rmate","item":"https:\/\/fundesplai.org\/es\/informate\/"},{"@type":"ListItem","position":3,"name":"Sin categor\u00eda","item":"https:\/\/fundesplai.org\/es\/informa-t\/category\/sin-categoria\/"},{"@type":"ListItem","position":4,"name":"A\u00fan quedan plazas disponibles para las actividades de verano"}]},{"@type":"WebSite","@id":"https:\/\/fundesplai.org\/es\/#website","url":"https:\/\/fundesplai.org\/es\/","name":"Fundesplai","description":"Eduquem per la conviv\u00e8ncia i la sostenibilitat","potentialAction":[{"@type":"SearchAction","target":{"@type":"EntryPoint","urlTemplate":"https:\/\/fundesplai.org\/es\/?s={search_term_string}"},"query-input":{"@type":"PropertyValueSpecification","valueRequired":true,"valueName":"search_term_string"}}],"inLanguage":"es"},{"@type":"Person","@id":"https:\/\/fundesplai.org\/es\/#\/schema\/person\/c0e9e7466bb8ac06f5264324a6109733","name":"Alfons Valle","image":{"@type":"ImageObject","inLanguage":"es","@id":"https:\/\/secure.gravatar.com\/avatar\/71d95a3f99a068ba570ac1314ed6911a59c5ae3f22ffcf23631cd1a861a640bc?s=96&d=mm&r=g","url":"https:\/\/secure.gravatar.com\/avatar\/71d95a3f99a068ba570ac1314ed6911a59c5ae3f22ffcf23631cd1a861a640bc?s=96&d=mm&r=g","contentUrl":"https:\/\/secure.gravatar.com\/avatar\/71d95a3f99a068ba570ac1314ed6911a59c5ae3f22ffcf23631cd1a861a640bc?s=96&d=mm&r=g","caption":"Alfons Valle"},"url":"https:\/\/fundesplai.org\/es\/informa-t\/author\/avalle\/"}]}},"_links":{"self":[{"href":"https:\/\/fundesplai.org\/es\/wp-json\/wp\/v2\/posts\/47853","targetHints":{"allow":["GET"]}}],"collection":[{"href":"https:\/\/fundesplai.org\/es\/wp-json\/wp\/v2\/posts"}],"about":[{"href":"https:\/\/fundesplai.org\/es\/wp-json\/wp\/v2\/types\/post"}],"author":[{"embeddable":true,"href":"https:\/\/fundesplai.org\/es\/wp-json\/wp\/v2\/users\/9"}],"replies":[{"embeddable":true,"href":"https:\/\/fundesplai.org\/es\/wp-json\/wp\/v2\/comments?post=47853"}],"version-history":[{"count":0,"href":"https:\/\/fundesplai.org\/es\/wp-json\/wp\/v2\/posts\/47853\/revisions"}],"wp:attachment":[{"href":"https:\/\/fundesplai.org\/es\/wp-json\/wp\/v2\/media?parent=47853"}],"wp:term":[{"taxonomy":"category","embeddable":true,"href":"https:\/\/fundesplai.org\/es\/wp-json\/wp\/v2\/categories?post=47853"},{"taxonomy":"post_tag","embeddable":true,"href":"https:\/\/fundesplai.org\/es\/wp-json\/wp\/v2\/tags?post=47853"}],"curies":[{"name":"wp","href":"https:\/\/api.w.org\/{rel}","templated":true}]}}