{"id":47845,"date":"2018-06-21T11:58:49","date_gmt":"2018-06-21T09:58:49","guid":{"rendered":"https:\/\/fundesplai.org\/informa-t\/sense-categoria\/sonamos-con-el-futuro\/"},"modified":"2023-08-14T09:31:02","modified_gmt":"2023-08-14T07:31:02","slug":"sonamos-con-el-futuro","status":"publish","type":"post","link":"https:\/\/fundesplai.org\/es\/informa-t\/actualitat-es\/sonamos-con-el-futuro\/","title":{"rendered":"So\u00f1amos con el futuro"},"content":{"rendered":"<p><a href=\"http:\/\/projectes.fundesplai.org\/somiem-el-futur\/\"><strong>\u00abSomiem el futur\u00bb<\/strong><\/a> es nombre del nuevo marco estrat\u00e9gico para la innovaci\u00f3n educativa que est\u00e1 desarrollando Fundesplai.<\/p>\n<p><!--more--><\/p>\n<p><a href=\"http:\/\/projectes.fundesplai.org\/somiem-el-futur\/\"><img decoding=\"async\" class=\" size-full wp-image-5566\" src=\"https:\/\/fundesplai.org\/test-joomla\/wp-content\/uploads\/sites\/26\/2018\/06\/Somiem_el_futur_web_allargat.jpg\" alt=\"So\u00f1amos con la futura web alargada\" width=\"100%\" height=\"NaN\"><\/a><\/p>\n<p>En los \u00faltimos cuatro a\u00f1os, Fundesplai ha impulsado un profundo cambio de cultura organizativa hacia una estructura m\u00e1s horizontal y participativa, con el fin de dar mejores respuestas a una sociedad con retos r\u00e1pidamente cambiantes. Una vez consolidada esta transformaci\u00f3n, hab\u00eda que establecer cu\u00e1les son las prioridades y c\u00f3mo actuar en los pr\u00f3ximos a\u00f1os. <strong><a href=\"http:\/\/projectes.fundesplai.org\/somiem-el-futur\/\">\u201cSomiem el futur\u201d<\/a><\/strong> es el t\u00edtulo que lleva ese proceso, bajo la forma de un marco estrat\u00e9gico. Un nombre que es toda una declaraci\u00f3n de intenciones sobre flexibilidad y apertura.<\/p>\n<p>Para ello Fundesplai part\u00eda de la base de dos elementos: una misi\u00f3n y valores plenamente vigentes, pero un contexto global en constante transformaci\u00f3n, que a menudo pide respuestas \u00e1giles a nuevas necesidades.<\/p>\n<p>Este punto de partida aconsejaba huir de las rigidez que supone un plan estrat\u00e9gico tradicional y optar por un marco estrat\u00e9gico, un espacio participativo y reflexivo que garantiza la orientaci\u00f3n fundamental de la actuaci\u00f3n de Fundesplai pero que a su vez ofrece flexibilidad para adaptarse .<\/p>\n<p><strong>Objetivos <\/strong><\/p>\n<p>El marco estrat\u00e9gico establece cinco metas: la implicaci\u00f3n y el compromiso del equipo para potenciar el sentido de pertenencia; la generaci\u00f3n de nuevas ideas que ayuden a identificar los retos y romper l\u00edmites en las respuestas; la promoci\u00f3n de nuevos liderazgos y el desarrollo de procesos de formaci\u00f3n continua; la consolidaci\u00f3n del posicionamiento de Fundesplai como actor educativo y social relevante y con incidencia pol\u00edtica y social, y la generaci\u00f3n de espacios de reflexi\u00f3n permanentes que garanticen la innovaci\u00f3n.<\/p>\n<p><strong>Redarqu\u00eda y liderazgos compartidos<\/strong><\/p>\n<p>El Marco Estrat\u00e9gico representa para Fundesplai un proceso en el que tan importantes son los objetivos como la forma de alcanzarlos. La forma de realizar condicionar\u00e1 los resultados obtenidos. Por este motivo, y en sinton\u00eda con la nueva estructura que ha impulsado la entidad en los \u00faltimos a\u00f1os, los cimientos de todo el trabajo ser\u00e1n la redrqu\u00eda y los liderazgos compartidos.<\/p>\n<p>La redrqu\u00eda es un nuevo orden organizativo caracterizado por la horizontalidad, en contraposici\u00f3n a las jerarqu\u00edas impuestas, que promueve la colaboraci\u00f3n y la creatividad de los equipos y que comporta una mayor responsabilidad y compromiso individual. Una din\u00e1mica que favorece la aparici\u00f3n de liderazgos compartidos, colaborativos, y que facilita la respuesta a los retos inesperados, tan habituales en los \u00faltimos a\u00f1os.<\/p>\n<p><strong>Como <\/strong><\/p>\n<p>La elaboraci\u00f3n del Marco Estrat\u00e9gico comenz\u00f3 en el mes de junio de 2017 y est\u00e1 previsto que finalice a finales de 2018. En este tiempo, se organizar\u00e1n diferentes sesiones presenciales (talleres con expertos, jornadas&#8230;) en las que participar\u00e1n tanto personas de la organizaci\u00f3n como aquellas externas que comparten nuestros valores y que se complementar\u00e1n con foros y espacios digitales abiertos a la participaci\u00f3n externa .<\/p>\n<p>Todas las aportaciones girar\u00e1n en torno a los 8 focos (peque\u00f1a infancia, infancia, juventud, familias, personas mayores, tercer sector, trabajadores\/as y voluntarios\/as), las orientaciones (inclusi\u00f3n, empleabilidad, ciudadan\u00eda, espacio y tiempo, nuevos paradigmas educativos , sostenibilidad, viabilidad y metodolog\u00eda) y la escala (internacional, nacional, local) que puede ver en el gr\u00e1fico superior.<\/p>\n<p><a href=\"http:\/\/projectes.fundesplai.org\/somiem-el-futur\/\"><img loading=\"lazy\" decoding=\"async\" class=\" size-full wp-image-5568\" style=\"display: block;margin-left: auto;margin-right: auto\" src=\"https:\/\/fundesplai.org\/test-joomla\/wp-content\/uploads\/sites\/26\/2018\/06\/VOLSABERMES.jpg\" alt=\"QUIERESSABERM\u00c1S\" width=\"288\" height=\"56\"><\/a><\/p>\n","protected":false},"excerpt":{"rendered":"<p>\u00abSomiem el futur\u00bb es nombre del nuevo marco estrat\u00e9gico para la innovaci\u00f3n educativa que est\u00e1 desarrollando Fundesplai.<\/p>\n","protected":false},"author":9,"featured_media":0,"comment_status":"closed","ping_status":"closed","sticky":false,"template":"","format":"standard","meta":{"_et_pb_use_builder":"","_et_pb_old_content":"","_et_gb_content_width":"","footnotes":""},"categories":[937],"tags":[],"class_list":["post-47845","post","type-post","status-publish","format-standard","hentry","category-actualitat-es"],"yoast_head":"<!-- This site is optimized with the Yoast SEO plugin v27.4 - https:\/\/yoast.com\/product\/yoast-seo-wordpress\/ -->\n<title>So\u00f1amos con el futuro - Fundesplai<\/title>\n<meta name=\"robots\" content=\"index, follow, max-snippet:-1, max-image-preview:large, max-video-preview:-1\" \/>\n<link rel=\"canonical\" href=\"https:\/\/fundesplai.org\/es\/informa-t\/actualitat-es\/sonamos-con-el-futuro\/\" \/>\n<meta property=\"og:locale\" content=\"es_ES\" \/>\n<meta property=\"og:type\" content=\"article\" \/>\n<meta property=\"og:title\" content=\"So\u00f1amos con el futuro - Fundesplai\" \/>\n<meta property=\"og:description\" content=\"\u00abSomiem el futur\u00bb es nombre del nuevo marco estrat\u00e9gico para la innovaci\u00f3n educativa que est\u00e1 desarrollando Fundesplai.\" \/>\n<meta property=\"og:url\" content=\"https:\/\/fundesplai.org\/es\/informa-t\/actualitat-es\/sonamos-con-el-futuro\/\" \/>\n<meta property=\"og:site_name\" content=\"Fundesplai\" \/>\n<meta property=\"article:published_time\" content=\"2018-06-21T09:58:49+00:00\" \/>\n<meta property=\"article:modified_time\" content=\"2023-08-14T07:31:02+00:00\" \/>\n<meta property=\"og:image\" content=\"https:\/\/fundesplai.org\/test-joomla\/wp-content\/uploads\/sites\/26\/2018\/06\/Somiem_el_futur_web_allargat.jpg\" \/>\n<meta name=\"author\" content=\"Alfons Valle\" \/>\n<meta name=\"twitter:card\" content=\"summary_large_image\" \/>\n<meta name=\"twitter:label1\" content=\"Escrito por\" \/>\n\t<meta name=\"twitter:data1\" content=\"Alfons Valle\" \/>\n\t<meta name=\"twitter:label2\" content=\"Tiempo de lectura\" \/>\n\t<meta name=\"twitter:data2\" content=\"3 minutos\" \/>\n<script type=\"application\/ld+json\" class=\"yoast-schema-graph\">{\"@context\":\"https:\\\/\\\/schema.org\",\"@graph\":[{\"@type\":\"Article\",\"@id\":\"https:\\\/\\\/fundesplai.org\\\/es\\\/informa-t\\\/actualitat-es\\\/sonamos-con-el-futuro\\\/#article\",\"isPartOf\":{\"@id\":\"https:\\\/\\\/fundesplai.org\\\/es\\\/informa-t\\\/actualitat-es\\\/sonamos-con-el-futuro\\\/\"},\"author\":{\"name\":\"Alfons Valle\",\"@id\":\"https:\\\/\\\/fundesplai.org\\\/es\\\/#\\\/schema\\\/person\\\/c0e9e7466bb8ac06f5264324a6109733\"},\"headline\":\"So\u00f1amos con el futuro\",\"datePublished\":\"2018-06-21T09:58:49+00:00\",\"dateModified\":\"2023-08-14T07:31:02+00:00\",\"mainEntityOfPage\":{\"@id\":\"https:\\\/\\\/fundesplai.org\\\/es\\\/informa-t\\\/actualitat-es\\\/sonamos-con-el-futuro\\\/\"},\"wordCount\":561,\"image\":{\"@id\":\"https:\\\/\\\/fundesplai.org\\\/es\\\/informa-t\\\/actualitat-es\\\/sonamos-con-el-futuro\\\/#primaryimage\"},\"thumbnailUrl\":\"https:\\\/\\\/fundesplai.org\\\/test-joomla\\\/wp-content\\\/uploads\\\/sites\\\/26\\\/2018\\\/06\\\/Somiem_el_futur_web_allargat.jpg\",\"articleSection\":[\"Actualitat\"],\"inLanguage\":\"es\"},{\"@type\":\"WebPage\",\"@id\":\"https:\\\/\\\/fundesplai.org\\\/es\\\/informa-t\\\/actualitat-es\\\/sonamos-con-el-futuro\\\/\",\"url\":\"https:\\\/\\\/fundesplai.org\\\/es\\\/informa-t\\\/actualitat-es\\\/sonamos-con-el-futuro\\\/\",\"name\":\"So\u00f1amos con el futuro - Fundesplai\",\"isPartOf\":{\"@id\":\"https:\\\/\\\/fundesplai.org\\\/es\\\/#website\"},\"primaryImageOfPage\":{\"@id\":\"https:\\\/\\\/fundesplai.org\\\/es\\\/informa-t\\\/actualitat-es\\\/sonamos-con-el-futuro\\\/#primaryimage\"},\"image\":{\"@id\":\"https:\\\/\\\/fundesplai.org\\\/es\\\/informa-t\\\/actualitat-es\\\/sonamos-con-el-futuro\\\/#primaryimage\"},\"thumbnailUrl\":\"https:\\\/\\\/fundesplai.org\\\/test-joomla\\\/wp-content\\\/uploads\\\/sites\\\/26\\\/2018\\\/06\\\/Somiem_el_futur_web_allargat.jpg\",\"datePublished\":\"2018-06-21T09:58:49+00:00\",\"dateModified\":\"2023-08-14T07:31:02+00:00\",\"author\":{\"@id\":\"https:\\\/\\\/fundesplai.org\\\/es\\\/#\\\/schema\\\/person\\\/c0e9e7466bb8ac06f5264324a6109733\"},\"breadcrumb\":{\"@id\":\"https:\\\/\\\/fundesplai.org\\\/es\\\/informa-t\\\/actualitat-es\\\/sonamos-con-el-futuro\\\/#breadcrumb\"},\"inLanguage\":\"es\",\"potentialAction\":[{\"@type\":\"ReadAction\",\"target\":[\"https:\\\/\\\/fundesplai.org\\\/es\\\/informa-t\\\/actualitat-es\\\/sonamos-con-el-futuro\\\/\"]}]},{\"@type\":\"ImageObject\",\"inLanguage\":\"es\",\"@id\":\"https:\\\/\\\/fundesplai.org\\\/es\\\/informa-t\\\/actualitat-es\\\/sonamos-con-el-futuro\\\/#primaryimage\",\"url\":\"https:\\\/\\\/fundesplai.org\\\/test-joomla\\\/wp-content\\\/uploads\\\/sites\\\/26\\\/2018\\\/06\\\/Somiem_el_futur_web_allargat.jpg\",\"contentUrl\":\"https:\\\/\\\/fundesplai.org\\\/test-joomla\\\/wp-content\\\/uploads\\\/sites\\\/26\\\/2018\\\/06\\\/Somiem_el_futur_web_allargat.jpg\"},{\"@type\":\"BreadcrumbList\",\"@id\":\"https:\\\/\\\/fundesplai.org\\\/es\\\/informa-t\\\/actualitat-es\\\/sonamos-con-el-futuro\\\/#breadcrumb\",\"itemListElement\":[{\"@type\":\"ListItem\",\"position\":1,\"name\":\"Inici\",\"item\":\"https:\\\/\\\/fundesplai.org\\\/es\\\/inicio\\\/\"},{\"@type\":\"ListItem\",\"position\":2,\"name\":\"Inf\u00f3rmate\",\"item\":\"https:\\\/\\\/fundesplai.org\\\/es\\\/informate\\\/\"},{\"@type\":\"ListItem\",\"position\":3,\"name\":\"Actualitat\",\"item\":\"https:\\\/\\\/fundesplai.org\\\/es\\\/informa-t\\\/category\\\/actualitat-es\\\/\"},{\"@type\":\"ListItem\",\"position\":4,\"name\":\"So\u00f1amos con el futuro\"}]},{\"@type\":\"WebSite\",\"@id\":\"https:\\\/\\\/fundesplai.org\\\/es\\\/#website\",\"url\":\"https:\\\/\\\/fundesplai.org\\\/es\\\/\",\"name\":\"Fundesplai\",\"description\":\"Eduquem per la conviv\u00e8ncia i la sostenibilitat\",\"potentialAction\":[{\"@type\":\"SearchAction\",\"target\":{\"@type\":\"EntryPoint\",\"urlTemplate\":\"https:\\\/\\\/fundesplai.org\\\/es\\\/?s={search_term_string}\"},\"query-input\":{\"@type\":\"PropertyValueSpecification\",\"valueRequired\":true,\"valueName\":\"search_term_string\"}}],\"inLanguage\":\"es\"},{\"@type\":\"Person\",\"@id\":\"https:\\\/\\\/fundesplai.org\\\/es\\\/#\\\/schema\\\/person\\\/c0e9e7466bb8ac06f5264324a6109733\",\"name\":\"Alfons Valle\",\"image\":{\"@type\":\"ImageObject\",\"inLanguage\":\"es\",\"@id\":\"https:\\\/\\\/secure.gravatar.com\\\/avatar\\\/71d95a3f99a068ba570ac1314ed6911a59c5ae3f22ffcf23631cd1a861a640bc?s=96&d=mm&r=g\",\"url\":\"https:\\\/\\\/secure.gravatar.com\\\/avatar\\\/71d95a3f99a068ba570ac1314ed6911a59c5ae3f22ffcf23631cd1a861a640bc?s=96&d=mm&r=g\",\"contentUrl\":\"https:\\\/\\\/secure.gravatar.com\\\/avatar\\\/71d95a3f99a068ba570ac1314ed6911a59c5ae3f22ffcf23631cd1a861a640bc?s=96&d=mm&r=g\",\"caption\":\"Alfons Valle\"},\"url\":\"https:\\\/\\\/fundesplai.org\\\/es\\\/informa-t\\\/author\\\/avalle\\\/\"}]}<\/script>\n<!-- \/ Yoast SEO plugin. -->","yoast_head_json":{"title":"So\u00f1amos con el futuro - Fundesplai","robots":{"index":"index","follow":"follow","max-snippet":"max-snippet:-1","max-image-preview":"max-image-preview:large","max-video-preview":"max-video-preview:-1"},"canonical":"https:\/\/fundesplai.org\/es\/informa-t\/actualitat-es\/sonamos-con-el-futuro\/","og_locale":"es_ES","og_type":"article","og_title":"So\u00f1amos con el futuro - Fundesplai","og_description":"\u00abSomiem el futur\u00bb es nombre del nuevo marco estrat\u00e9gico para la innovaci\u00f3n educativa que est\u00e1 desarrollando Fundesplai.","og_url":"https:\/\/fundesplai.org\/es\/informa-t\/actualitat-es\/sonamos-con-el-futuro\/","og_site_name":"Fundesplai","article_published_time":"2018-06-21T09:58:49+00:00","article_modified_time":"2023-08-14T07:31:02+00:00","og_image":[{"url":"https:\/\/fundesplai.org\/test-joomla\/wp-content\/uploads\/sites\/26\/2018\/06\/Somiem_el_futur_web_allargat.jpg","type":"","width":"","height":""}],"author":"Alfons Valle","twitter_card":"summary_large_image","twitter_misc":{"Escrito por":"Alfons Valle","Tiempo de lectura":"3 minutos"},"schema":{"@context":"https:\/\/schema.org","@graph":[{"@type":"Article","@id":"https:\/\/fundesplai.org\/es\/informa-t\/actualitat-es\/sonamos-con-el-futuro\/#article","isPartOf":{"@id":"https:\/\/fundesplai.org\/es\/informa-t\/actualitat-es\/sonamos-con-el-futuro\/"},"author":{"name":"Alfons Valle","@id":"https:\/\/fundesplai.org\/es\/#\/schema\/person\/c0e9e7466bb8ac06f5264324a6109733"},"headline":"So\u00f1amos con el futuro","datePublished":"2018-06-21T09:58:49+00:00","dateModified":"2023-08-14T07:31:02+00:00","mainEntityOfPage":{"@id":"https:\/\/fundesplai.org\/es\/informa-t\/actualitat-es\/sonamos-con-el-futuro\/"},"wordCount":561,"image":{"@id":"https:\/\/fundesplai.org\/es\/informa-t\/actualitat-es\/sonamos-con-el-futuro\/#primaryimage"},"thumbnailUrl":"https:\/\/fundesplai.org\/test-joomla\/wp-content\/uploads\/sites\/26\/2018\/06\/Somiem_el_futur_web_allargat.jpg","articleSection":["Actualitat"],"inLanguage":"es"},{"@type":"WebPage","@id":"https:\/\/fundesplai.org\/es\/informa-t\/actualitat-es\/sonamos-con-el-futuro\/","url":"https:\/\/fundesplai.org\/es\/informa-t\/actualitat-es\/sonamos-con-el-futuro\/","name":"So\u00f1amos con el futuro - Fundesplai","isPartOf":{"@id":"https:\/\/fundesplai.org\/es\/#website"},"primaryImageOfPage":{"@id":"https:\/\/fundesplai.org\/es\/informa-t\/actualitat-es\/sonamos-con-el-futuro\/#primaryimage"},"image":{"@id":"https:\/\/fundesplai.org\/es\/informa-t\/actualitat-es\/sonamos-con-el-futuro\/#primaryimage"},"thumbnailUrl":"https:\/\/fundesplai.org\/test-joomla\/wp-content\/uploads\/sites\/26\/2018\/06\/Somiem_el_futur_web_allargat.jpg","datePublished":"2018-06-21T09:58:49+00:00","dateModified":"2023-08-14T07:31:02+00:00","author":{"@id":"https:\/\/fundesplai.org\/es\/#\/schema\/person\/c0e9e7466bb8ac06f5264324a6109733"},"breadcrumb":{"@id":"https:\/\/fundesplai.org\/es\/informa-t\/actualitat-es\/sonamos-con-el-futuro\/#breadcrumb"},"inLanguage":"es","potentialAction":[{"@type":"ReadAction","target":["https:\/\/fundesplai.org\/es\/informa-t\/actualitat-es\/sonamos-con-el-futuro\/"]}]},{"@type":"ImageObject","inLanguage":"es","@id":"https:\/\/fundesplai.org\/es\/informa-t\/actualitat-es\/sonamos-con-el-futuro\/#primaryimage","url":"https:\/\/fundesplai.org\/test-joomla\/wp-content\/uploads\/sites\/26\/2018\/06\/Somiem_el_futur_web_allargat.jpg","contentUrl":"https:\/\/fundesplai.org\/test-joomla\/wp-content\/uploads\/sites\/26\/2018\/06\/Somiem_el_futur_web_allargat.jpg"},{"@type":"BreadcrumbList","@id":"https:\/\/fundesplai.org\/es\/informa-t\/actualitat-es\/sonamos-con-el-futuro\/#breadcrumb","itemListElement":[{"@type":"ListItem","position":1,"name":"Inici","item":"https:\/\/fundesplai.org\/es\/inicio\/"},{"@type":"ListItem","position":2,"name":"Inf\u00f3rmate","item":"https:\/\/fundesplai.org\/es\/informate\/"},{"@type":"ListItem","position":3,"name":"Actualitat","item":"https:\/\/fundesplai.org\/es\/informa-t\/category\/actualitat-es\/"},{"@type":"ListItem","position":4,"name":"So\u00f1amos con el futuro"}]},{"@type":"WebSite","@id":"https:\/\/fundesplai.org\/es\/#website","url":"https:\/\/fundesplai.org\/es\/","name":"Fundesplai","description":"Eduquem per la conviv\u00e8ncia i la sostenibilitat","potentialAction":[{"@type":"SearchAction","target":{"@type":"EntryPoint","urlTemplate":"https:\/\/fundesplai.org\/es\/?s={search_term_string}"},"query-input":{"@type":"PropertyValueSpecification","valueRequired":true,"valueName":"search_term_string"}}],"inLanguage":"es"},{"@type":"Person","@id":"https:\/\/fundesplai.org\/es\/#\/schema\/person\/c0e9e7466bb8ac06f5264324a6109733","name":"Alfons Valle","image":{"@type":"ImageObject","inLanguage":"es","@id":"https:\/\/secure.gravatar.com\/avatar\/71d95a3f99a068ba570ac1314ed6911a59c5ae3f22ffcf23631cd1a861a640bc?s=96&d=mm&r=g","url":"https:\/\/secure.gravatar.com\/avatar\/71d95a3f99a068ba570ac1314ed6911a59c5ae3f22ffcf23631cd1a861a640bc?s=96&d=mm&r=g","contentUrl":"https:\/\/secure.gravatar.com\/avatar\/71d95a3f99a068ba570ac1314ed6911a59c5ae3f22ffcf23631cd1a861a640bc?s=96&d=mm&r=g","caption":"Alfons Valle"},"url":"https:\/\/fundesplai.org\/es\/informa-t\/author\/avalle\/"}]}},"_links":{"self":[{"href":"https:\/\/fundesplai.org\/es\/wp-json\/wp\/v2\/posts\/47845","targetHints":{"allow":["GET"]}}],"collection":[{"href":"https:\/\/fundesplai.org\/es\/wp-json\/wp\/v2\/posts"}],"about":[{"href":"https:\/\/fundesplai.org\/es\/wp-json\/wp\/v2\/types\/post"}],"author":[{"embeddable":true,"href":"https:\/\/fundesplai.org\/es\/wp-json\/wp\/v2\/users\/9"}],"replies":[{"embeddable":true,"href":"https:\/\/fundesplai.org\/es\/wp-json\/wp\/v2\/comments?post=47845"}],"version-history":[{"count":2,"href":"https:\/\/fundesplai.org\/es\/wp-json\/wp\/v2\/posts\/47845\/revisions"}],"predecessor-version":[{"id":47847,"href":"https:\/\/fundesplai.org\/es\/wp-json\/wp\/v2\/posts\/47845\/revisions\/47847"}],"wp:attachment":[{"href":"https:\/\/fundesplai.org\/es\/wp-json\/wp\/v2\/media?parent=47845"}],"wp:term":[{"taxonomy":"category","embeddable":true,"href":"https:\/\/fundesplai.org\/es\/wp-json\/wp\/v2\/categories?post=47845"},{"taxonomy":"post_tag","embeddable":true,"href":"https:\/\/fundesplai.org\/es\/wp-json\/wp\/v2\/tags?post=47845"}],"curies":[{"name":"wp","href":"https:\/\/api.w.org\/{rel}","templated":true}]}}