{"id":47843,"date":"2018-06-20T15:37:38","date_gmt":"2018-06-20T13:37:38","guid":{"rendered":"https:\/\/fundesplai.org\/informa-t\/sense-categoria\/cierre-de-curso-con-trabajadoras-y-trabajadores-de-apoyo-a-los-ninos-con-necesidades-educativas-especiales\/"},"modified":"2018-06-20T15:37:38","modified_gmt":"2018-06-20T13:37:38","slug":"cierre-de-curso-con-trabajadoras-y-trabajadores-de-apoyo-a-los-ninos-con-necesidades-educativas-especiales","status":"publish","type":"post","link":"https:\/\/fundesplai.org\/es\/informa-t\/actualitat-es\/cierre-de-curso-con-trabajadoras-y-trabajadores-de-apoyo-a-los-ninos-con-necesidades-educativas-especiales\/","title":{"rendered":"Cierre de curso con trabajadoras y trabajadores de apoyo a los ni\u00f1os con necesidades educativas especiales"},"content":{"rendered":"<p>Los d\u00edas 11, 13 y 19 de junio se han realizado las reuniones de clausura del curso 2017-2018, con las trabajadoras y trabajadores de apoyo a los ni\u00f1os con necesidades educativas especiales de los diferentes territorios que gestiona Fundesplai (Catalunya Central, Valles Occidental, Barcelona Comarcas y Barcelona Ciudad).<\/p>\n<p><!--more--><\/p>\n<table style=\"height: 37px;width: 100%\">\n<tbody>\n<tr>\n<td colspan=\"2\"><img decoding=\"async\" class=\" size-full wp-image-5550\" src=\"https:\/\/fundesplai.org\/test-joomla\/wp-content\/uploads\/sites\/26\/2018\/06\/suport_nee3.jpg\" alt=\"suport nee3\" width=\"100%\" height=\"NaN\"><\/td>\n<\/tr>\n<tr>\n<td><img decoding=\"async\" class=\" size-full wp-image-5554\" src=\"https:\/\/fundesplai.org\/test-joomla\/wp-content\/uploads\/sites\/26\/2018\/06\/suport_nee.jpg\" alt=\"suport nee\" width=\"100%\" height=\"NaN\"><\/td>\n<td><img decoding=\"async\" class=\" size-full wp-image-5557\" src=\"https:\/\/fundesplai.org\/test-joomla\/wp-content\/uploads\/sites\/26\/2018\/06\/suport_nee5.jpg\" alt=\"suport nee5\" width=\"100%\" height=\"NaN\"><\/td>\n<\/tr>\n<\/tbody>\n<\/table>\n<p>Los d\u00edas 11, 13 y 19 de junio se han realizado las reuniones de clausura del curso 2017-2018, con las trabajadoras y trabajadores de apoyo a los ni\u00f1os con necesidades educativas especiales de los diferentes territorios que gestiona Fundesplai (Catalunya Central, Valles Occidental, Barcelona Comarcas y Barcelona Ciudad).<\/p>\n<p><strong style=\"background-color: transparent\">M\u00e1s de doscientas monitoras y monitores<\/strong> <span style=\"background-color: transparent\">han participado en las diferentes reuniones, donde se han tratado diferentes temas&nbsp; span, de car\u00e1cter organizativo, laboral y pedag\u00f3gico, poniendo siempre en valor l<\/span><strong style=\"background-color: transparent\">a importante labor de apoyo que realizan en los centros educativos,&nbsp; favor de la inclusi\u00f3n de ni\u00f1os y j\u00f3venes con necesidades educativas especiales<\/strong><span style=\"background-color: transparent\">.<\/span><\/p>\n","protected":false},"excerpt":{"rendered":"<p>Los d\u00edas 11, 13 y 19 de junio se han realizado las reuniones de clausura del curso 2017-2018, con las trabajadoras y trabajadores de apoyo a los ni\u00f1os con necesidades educativas especiales de los diferentes territorios que gestiona Fundesplai (Catalunya Central, Valles Occidental, Barcelona Comarcas y Barcelona Ciudad).<\/p>\n","protected":false},"author":4,"featured_media":0,"comment_status":"closed","ping_status":"closed","sticky":false,"template":"","format":"standard","meta":{"_et_pb_use_builder":"","_et_pb_old_content":"","_et_gb_content_width":"","footnotes":""},"categories":[937],"tags":[],"class_list":["post-47843","post","type-post","status-publish","format-standard","hentry","category-actualitat-es"],"yoast_head":"<!-- This site is optimized with the Yoast SEO plugin v27.4 - https:\/\/yoast.com\/product\/yoast-seo-wordpress\/ -->\n<title>Cierre de curso con trabajadoras y trabajadores de apoyo a los ni\u00f1os con necesidades educativas especiales - Fundesplai<\/title>\n<meta name=\"robots\" content=\"index, follow, max-snippet:-1, max-image-preview:large, max-video-preview:-1\" \/>\n<link rel=\"canonical\" href=\"https:\/\/fundesplai.org\/es\/informa-t\/actualitat-es\/cierre-de-curso-con-trabajadoras-y-trabajadores-de-apoyo-a-los-ninos-con-necesidades-educativas-especiales\/\" \/>\n<meta property=\"og:locale\" content=\"es_ES\" \/>\n<meta property=\"og:type\" content=\"article\" \/>\n<meta property=\"og:title\" content=\"Cierre de curso con trabajadoras y trabajadores de apoyo a los ni\u00f1os con necesidades educativas especiales - Fundesplai\" \/>\n<meta property=\"og:description\" content=\"Los d\u00edas 11, 13 y 19 de junio se han realizado las reuniones de clausura del curso 2017-2018, con las trabajadoras y trabajadores de apoyo a los ni\u00f1os con necesidades educativas especiales de los diferentes territorios que gestiona Fundesplai (Catalunya Central, Valles Occidental, Barcelona Comarcas y Barcelona Ciudad).\" \/>\n<meta property=\"og:url\" content=\"https:\/\/fundesplai.org\/es\/informa-t\/actualitat-es\/cierre-de-curso-con-trabajadoras-y-trabajadores-de-apoyo-a-los-ninos-con-necesidades-educativas-especiales\/\" \/>\n<meta property=\"og:site_name\" content=\"Fundesplai\" \/>\n<meta property=\"article:published_time\" content=\"2018-06-20T13:37:38+00:00\" \/>\n<meta property=\"og:image\" content=\"https:\/\/fundesplai.org\/test-joomla\/wp-content\/uploads\/sites\/26\/2018\/06\/suport_nee3.jpg\" \/>\n<meta name=\"author\" content=\"Ferran\" \/>\n<meta name=\"twitter:card\" content=\"summary_large_image\" \/>\n<meta name=\"twitter:label1\" content=\"Escrito por\" \/>\n\t<meta name=\"twitter:data1\" content=\"Ferran\" \/>\n\t<meta name=\"twitter:label2\" content=\"Tiempo de lectura\" \/>\n\t<meta name=\"twitter:data2\" content=\"1 minuto\" \/>\n<script type=\"application\/ld+json\" class=\"yoast-schema-graph\">{\"@context\":\"https:\\\/\\\/schema.org\",\"@graph\":[{\"@type\":\"Article\",\"@id\":\"https:\\\/\\\/fundesplai.org\\\/es\\\/informa-t\\\/actualitat-es\\\/cierre-de-curso-con-trabajadoras-y-trabajadores-de-apoyo-a-los-ninos-con-necesidades-educativas-especiales\\\/#article\",\"isPartOf\":{\"@id\":\"https:\\\/\\\/fundesplai.org\\\/es\\\/informa-t\\\/actualitat-es\\\/cierre-de-curso-con-trabajadoras-y-trabajadores-de-apoyo-a-los-ninos-con-necesidades-educativas-especiales\\\/\"},\"author\":{\"name\":\"Ferran\",\"@id\":\"https:\\\/\\\/fundesplai.org\\\/es\\\/#\\\/schema\\\/person\\\/67e7825d8ec54561cc24e36ba6b0f633\"},\"headline\":\"Cierre de curso con trabajadoras y trabajadores de apoyo a los ni\u00f1os con necesidades educativas especiales\",\"datePublished\":\"2018-06-20T13:37:38+00:00\",\"mainEntityOfPage\":{\"@id\":\"https:\\\/\\\/fundesplai.org\\\/es\\\/informa-t\\\/actualitat-es\\\/cierre-de-curso-con-trabajadoras-y-trabajadores-de-apoyo-a-los-ninos-con-necesidades-educativas-especiales\\\/\"},\"wordCount\":172,\"image\":{\"@id\":\"https:\\\/\\\/fundesplai.org\\\/es\\\/informa-t\\\/actualitat-es\\\/cierre-de-curso-con-trabajadoras-y-trabajadores-de-apoyo-a-los-ninos-con-necesidades-educativas-especiales\\\/#primaryimage\"},\"thumbnailUrl\":\"https:\\\/\\\/fundesplai.org\\\/test-joomla\\\/wp-content\\\/uploads\\\/sites\\\/26\\\/2018\\\/06\\\/suport_nee3.jpg\",\"articleSection\":[\"Actualitat\"],\"inLanguage\":\"es\"},{\"@type\":\"WebPage\",\"@id\":\"https:\\\/\\\/fundesplai.org\\\/es\\\/informa-t\\\/actualitat-es\\\/cierre-de-curso-con-trabajadoras-y-trabajadores-de-apoyo-a-los-ninos-con-necesidades-educativas-especiales\\\/\",\"url\":\"https:\\\/\\\/fundesplai.org\\\/es\\\/informa-t\\\/actualitat-es\\\/cierre-de-curso-con-trabajadoras-y-trabajadores-de-apoyo-a-los-ninos-con-necesidades-educativas-especiales\\\/\",\"name\":\"Cierre de curso con trabajadoras y trabajadores de apoyo a los ni\u00f1os con necesidades educativas especiales - Fundesplai\",\"isPartOf\":{\"@id\":\"https:\\\/\\\/fundesplai.org\\\/es\\\/#website\"},\"primaryImageOfPage\":{\"@id\":\"https:\\\/\\\/fundesplai.org\\\/es\\\/informa-t\\\/actualitat-es\\\/cierre-de-curso-con-trabajadoras-y-trabajadores-de-apoyo-a-los-ninos-con-necesidades-educativas-especiales\\\/#primaryimage\"},\"image\":{\"@id\":\"https:\\\/\\\/fundesplai.org\\\/es\\\/informa-t\\\/actualitat-es\\\/cierre-de-curso-con-trabajadoras-y-trabajadores-de-apoyo-a-los-ninos-con-necesidades-educativas-especiales\\\/#primaryimage\"},\"thumbnailUrl\":\"https:\\\/\\\/fundesplai.org\\\/test-joomla\\\/wp-content\\\/uploads\\\/sites\\\/26\\\/2018\\\/06\\\/suport_nee3.jpg\",\"datePublished\":\"2018-06-20T13:37:38+00:00\",\"author\":{\"@id\":\"https:\\\/\\\/fundesplai.org\\\/es\\\/#\\\/schema\\\/person\\\/67e7825d8ec54561cc24e36ba6b0f633\"},\"breadcrumb\":{\"@id\":\"https:\\\/\\\/fundesplai.org\\\/es\\\/informa-t\\\/actualitat-es\\\/cierre-de-curso-con-trabajadoras-y-trabajadores-de-apoyo-a-los-ninos-con-necesidades-educativas-especiales\\\/#breadcrumb\"},\"inLanguage\":\"es\",\"potentialAction\":[{\"@type\":\"ReadAction\",\"target\":[\"https:\\\/\\\/fundesplai.org\\\/es\\\/informa-t\\\/actualitat-es\\\/cierre-de-curso-con-trabajadoras-y-trabajadores-de-apoyo-a-los-ninos-con-necesidades-educativas-especiales\\\/\"]}]},{\"@type\":\"ImageObject\",\"inLanguage\":\"es\",\"@id\":\"https:\\\/\\\/fundesplai.org\\\/es\\\/informa-t\\\/actualitat-es\\\/cierre-de-curso-con-trabajadoras-y-trabajadores-de-apoyo-a-los-ninos-con-necesidades-educativas-especiales\\\/#primaryimage\",\"url\":\"https:\\\/\\\/fundesplai.org\\\/test-joomla\\\/wp-content\\\/uploads\\\/sites\\\/26\\\/2018\\\/06\\\/suport_nee3.jpg\",\"contentUrl\":\"https:\\\/\\\/fundesplai.org\\\/test-joomla\\\/wp-content\\\/uploads\\\/sites\\\/26\\\/2018\\\/06\\\/suport_nee3.jpg\"},{\"@type\":\"BreadcrumbList\",\"@id\":\"https:\\\/\\\/fundesplai.org\\\/es\\\/informa-t\\\/actualitat-es\\\/cierre-de-curso-con-trabajadoras-y-trabajadores-de-apoyo-a-los-ninos-con-necesidades-educativas-especiales\\\/#breadcrumb\",\"itemListElement\":[{\"@type\":\"ListItem\",\"position\":1,\"name\":\"Inici\",\"item\":\"https:\\\/\\\/fundesplai.org\\\/es\\\/inicio\\\/\"},{\"@type\":\"ListItem\",\"position\":2,\"name\":\"Inf\u00f3rmate\",\"item\":\"https:\\\/\\\/fundesplai.org\\\/es\\\/informate\\\/\"},{\"@type\":\"ListItem\",\"position\":3,\"name\":\"Sin categor\u00eda\",\"item\":\"https:\\\/\\\/fundesplai.org\\\/es\\\/informa-t\\\/category\\\/sin-categoria\\\/\"},{\"@type\":\"ListItem\",\"position\":4,\"name\":\"Cierre de curso con trabajadoras y trabajadores de apoyo a los ni\u00f1os con necesidades educativas especiales\"}]},{\"@type\":\"WebSite\",\"@id\":\"https:\\\/\\\/fundesplai.org\\\/es\\\/#website\",\"url\":\"https:\\\/\\\/fundesplai.org\\\/es\\\/\",\"name\":\"Fundesplai\",\"description\":\"Eduquem per la conviv\u00e8ncia i la sostenibilitat\",\"potentialAction\":[{\"@type\":\"SearchAction\",\"target\":{\"@type\":\"EntryPoint\",\"urlTemplate\":\"https:\\\/\\\/fundesplai.org\\\/es\\\/?s={search_term_string}\"},\"query-input\":{\"@type\":\"PropertyValueSpecification\",\"valueRequired\":true,\"valueName\":\"search_term_string\"}}],\"inLanguage\":\"es\"},{\"@type\":\"Person\",\"@id\":\"https:\\\/\\\/fundesplai.org\\\/es\\\/#\\\/schema\\\/person\\\/67e7825d8ec54561cc24e36ba6b0f633\",\"name\":\"Ferran\",\"image\":{\"@type\":\"ImageObject\",\"inLanguage\":\"es\",\"@id\":\"https:\\\/\\\/secure.gravatar.com\\\/avatar\\\/a3510350976b58aae6eccd1e36f066b660a69ef63f97fde3cba8205db7db816a?s=96&d=mm&r=g\",\"url\":\"https:\\\/\\\/secure.gravatar.com\\\/avatar\\\/a3510350976b58aae6eccd1e36f066b660a69ef63f97fde3cba8205db7db816a?s=96&d=mm&r=g\",\"contentUrl\":\"https:\\\/\\\/secure.gravatar.com\\\/avatar\\\/a3510350976b58aae6eccd1e36f066b660a69ef63f97fde3cba8205db7db816a?s=96&d=mm&r=g\",\"caption\":\"Ferran\"},\"url\":\"https:\\\/\\\/fundesplai.org\\\/es\\\/informa-t\\\/author\\\/fvidal\\\/\"}]}<\/script>\n<!-- \/ Yoast SEO plugin. -->","yoast_head_json":{"title":"Cierre de curso con trabajadoras y trabajadores de apoyo a los ni\u00f1os con necesidades educativas especiales - Fundesplai","robots":{"index":"index","follow":"follow","max-snippet":"max-snippet:-1","max-image-preview":"max-image-preview:large","max-video-preview":"max-video-preview:-1"},"canonical":"https:\/\/fundesplai.org\/es\/informa-t\/actualitat-es\/cierre-de-curso-con-trabajadoras-y-trabajadores-de-apoyo-a-los-ninos-con-necesidades-educativas-especiales\/","og_locale":"es_ES","og_type":"article","og_title":"Cierre de curso con trabajadoras y trabajadores de apoyo a los ni\u00f1os con necesidades educativas especiales - Fundesplai","og_description":"Los d\u00edas 11, 13 y 19 de junio se han realizado las reuniones de clausura del curso 2017-2018, con las trabajadoras y trabajadores de apoyo a los ni\u00f1os con necesidades educativas especiales de los diferentes territorios que gestiona Fundesplai (Catalunya Central, Valles Occidental, Barcelona Comarcas y Barcelona Ciudad).","og_url":"https:\/\/fundesplai.org\/es\/informa-t\/actualitat-es\/cierre-de-curso-con-trabajadoras-y-trabajadores-de-apoyo-a-los-ninos-con-necesidades-educativas-especiales\/","og_site_name":"Fundesplai","article_published_time":"2018-06-20T13:37:38+00:00","og_image":[{"url":"https:\/\/fundesplai.org\/test-joomla\/wp-content\/uploads\/sites\/26\/2018\/06\/suport_nee3.jpg","type":"","width":"","height":""}],"author":"Ferran","twitter_card":"summary_large_image","twitter_misc":{"Escrito por":"Ferran","Tiempo de lectura":"1 minuto"},"schema":{"@context":"https:\/\/schema.org","@graph":[{"@type":"Article","@id":"https:\/\/fundesplai.org\/es\/informa-t\/actualitat-es\/cierre-de-curso-con-trabajadoras-y-trabajadores-de-apoyo-a-los-ninos-con-necesidades-educativas-especiales\/#article","isPartOf":{"@id":"https:\/\/fundesplai.org\/es\/informa-t\/actualitat-es\/cierre-de-curso-con-trabajadoras-y-trabajadores-de-apoyo-a-los-ninos-con-necesidades-educativas-especiales\/"},"author":{"name":"Ferran","@id":"https:\/\/fundesplai.org\/es\/#\/schema\/person\/67e7825d8ec54561cc24e36ba6b0f633"},"headline":"Cierre de curso con trabajadoras y trabajadores de apoyo a los ni\u00f1os con necesidades educativas especiales","datePublished":"2018-06-20T13:37:38+00:00","mainEntityOfPage":{"@id":"https:\/\/fundesplai.org\/es\/informa-t\/actualitat-es\/cierre-de-curso-con-trabajadoras-y-trabajadores-de-apoyo-a-los-ninos-con-necesidades-educativas-especiales\/"},"wordCount":172,"image":{"@id":"https:\/\/fundesplai.org\/es\/informa-t\/actualitat-es\/cierre-de-curso-con-trabajadoras-y-trabajadores-de-apoyo-a-los-ninos-con-necesidades-educativas-especiales\/#primaryimage"},"thumbnailUrl":"https:\/\/fundesplai.org\/test-joomla\/wp-content\/uploads\/sites\/26\/2018\/06\/suport_nee3.jpg","articleSection":["Actualitat"],"inLanguage":"es"},{"@type":"WebPage","@id":"https:\/\/fundesplai.org\/es\/informa-t\/actualitat-es\/cierre-de-curso-con-trabajadoras-y-trabajadores-de-apoyo-a-los-ninos-con-necesidades-educativas-especiales\/","url":"https:\/\/fundesplai.org\/es\/informa-t\/actualitat-es\/cierre-de-curso-con-trabajadoras-y-trabajadores-de-apoyo-a-los-ninos-con-necesidades-educativas-especiales\/","name":"Cierre de curso con trabajadoras y trabajadores de apoyo a los ni\u00f1os con necesidades educativas especiales - Fundesplai","isPartOf":{"@id":"https:\/\/fundesplai.org\/es\/#website"},"primaryImageOfPage":{"@id":"https:\/\/fundesplai.org\/es\/informa-t\/actualitat-es\/cierre-de-curso-con-trabajadoras-y-trabajadores-de-apoyo-a-los-ninos-con-necesidades-educativas-especiales\/#primaryimage"},"image":{"@id":"https:\/\/fundesplai.org\/es\/informa-t\/actualitat-es\/cierre-de-curso-con-trabajadoras-y-trabajadores-de-apoyo-a-los-ninos-con-necesidades-educativas-especiales\/#primaryimage"},"thumbnailUrl":"https:\/\/fundesplai.org\/test-joomla\/wp-content\/uploads\/sites\/26\/2018\/06\/suport_nee3.jpg","datePublished":"2018-06-20T13:37:38+00:00","author":{"@id":"https:\/\/fundesplai.org\/es\/#\/schema\/person\/67e7825d8ec54561cc24e36ba6b0f633"},"breadcrumb":{"@id":"https:\/\/fundesplai.org\/es\/informa-t\/actualitat-es\/cierre-de-curso-con-trabajadoras-y-trabajadores-de-apoyo-a-los-ninos-con-necesidades-educativas-especiales\/#breadcrumb"},"inLanguage":"es","potentialAction":[{"@type":"ReadAction","target":["https:\/\/fundesplai.org\/es\/informa-t\/actualitat-es\/cierre-de-curso-con-trabajadoras-y-trabajadores-de-apoyo-a-los-ninos-con-necesidades-educativas-especiales\/"]}]},{"@type":"ImageObject","inLanguage":"es","@id":"https:\/\/fundesplai.org\/es\/informa-t\/actualitat-es\/cierre-de-curso-con-trabajadoras-y-trabajadores-de-apoyo-a-los-ninos-con-necesidades-educativas-especiales\/#primaryimage","url":"https:\/\/fundesplai.org\/test-joomla\/wp-content\/uploads\/sites\/26\/2018\/06\/suport_nee3.jpg","contentUrl":"https:\/\/fundesplai.org\/test-joomla\/wp-content\/uploads\/sites\/26\/2018\/06\/suport_nee3.jpg"},{"@type":"BreadcrumbList","@id":"https:\/\/fundesplai.org\/es\/informa-t\/actualitat-es\/cierre-de-curso-con-trabajadoras-y-trabajadores-de-apoyo-a-los-ninos-con-necesidades-educativas-especiales\/#breadcrumb","itemListElement":[{"@type":"ListItem","position":1,"name":"Inici","item":"https:\/\/fundesplai.org\/es\/inicio\/"},{"@type":"ListItem","position":2,"name":"Inf\u00f3rmate","item":"https:\/\/fundesplai.org\/es\/informate\/"},{"@type":"ListItem","position":3,"name":"Sin categor\u00eda","item":"https:\/\/fundesplai.org\/es\/informa-t\/category\/sin-categoria\/"},{"@type":"ListItem","position":4,"name":"Cierre de curso con trabajadoras y trabajadores de apoyo a los ni\u00f1os con necesidades educativas especiales"}]},{"@type":"WebSite","@id":"https:\/\/fundesplai.org\/es\/#website","url":"https:\/\/fundesplai.org\/es\/","name":"Fundesplai","description":"Eduquem per la conviv\u00e8ncia i la sostenibilitat","potentialAction":[{"@type":"SearchAction","target":{"@type":"EntryPoint","urlTemplate":"https:\/\/fundesplai.org\/es\/?s={search_term_string}"},"query-input":{"@type":"PropertyValueSpecification","valueRequired":true,"valueName":"search_term_string"}}],"inLanguage":"es"},{"@type":"Person","@id":"https:\/\/fundesplai.org\/es\/#\/schema\/person\/67e7825d8ec54561cc24e36ba6b0f633","name":"Ferran","image":{"@type":"ImageObject","inLanguage":"es","@id":"https:\/\/secure.gravatar.com\/avatar\/a3510350976b58aae6eccd1e36f066b660a69ef63f97fde3cba8205db7db816a?s=96&d=mm&r=g","url":"https:\/\/secure.gravatar.com\/avatar\/a3510350976b58aae6eccd1e36f066b660a69ef63f97fde3cba8205db7db816a?s=96&d=mm&r=g","contentUrl":"https:\/\/secure.gravatar.com\/avatar\/a3510350976b58aae6eccd1e36f066b660a69ef63f97fde3cba8205db7db816a?s=96&d=mm&r=g","caption":"Ferran"},"url":"https:\/\/fundesplai.org\/es\/informa-t\/author\/fvidal\/"}]}},"_links":{"self":[{"href":"https:\/\/fundesplai.org\/es\/wp-json\/wp\/v2\/posts\/47843","targetHints":{"allow":["GET"]}}],"collection":[{"href":"https:\/\/fundesplai.org\/es\/wp-json\/wp\/v2\/posts"}],"about":[{"href":"https:\/\/fundesplai.org\/es\/wp-json\/wp\/v2\/types\/post"}],"author":[{"embeddable":true,"href":"https:\/\/fundesplai.org\/es\/wp-json\/wp\/v2\/users\/4"}],"replies":[{"embeddable":true,"href":"https:\/\/fundesplai.org\/es\/wp-json\/wp\/v2\/comments?post=47843"}],"version-history":[{"count":0,"href":"https:\/\/fundesplai.org\/es\/wp-json\/wp\/v2\/posts\/47843\/revisions"}],"wp:attachment":[{"href":"https:\/\/fundesplai.org\/es\/wp-json\/wp\/v2\/media?parent=47843"}],"wp:term":[{"taxonomy":"category","embeddable":true,"href":"https:\/\/fundesplai.org\/es\/wp-json\/wp\/v2\/categories?post=47843"},{"taxonomy":"post_tag","embeddable":true,"href":"https:\/\/fundesplai.org\/es\/wp-json\/wp\/v2\/tags?post=47843"}],"curies":[{"name":"wp","href":"https:\/\/api.w.org\/{rel}","templated":true}]}}