{"id":47838,"date":"2018-06-12T11:03:51","date_gmt":"2018-06-12T09:03:51","guid":{"rendered":"https:\/\/fundesplai.org\/informa-t\/sense-categoria\/2a-edicion-festival-edufilms\/"},"modified":"2018-06-12T11:03:51","modified_gmt":"2018-06-12T09:03:51","slug":"2a-edicion-festival-edufilms","status":"publish","type":"post","link":"https:\/\/fundesplai.org\/es\/informa-t\/actualitat-es\/2a-edicion-festival-edufilms\/","title":{"rendered":"2a edici\u00f3n Festival Edufilms"},"content":{"rendered":"<p>El 11 de junio se ha celebrado en la Filmoteca Catalunya la II edici\u00f3n del Festival EduFilms Cinema Jove para la transformaci\u00f3n social.<\/p>\n<p><!--more--><\/p>\n<p class=\"intro\" align=\"center\"><strong>Fundesplai presenta 14 cortometrajes elaborados por adolescentes en torno a la igualdad de g\u00e9nero y la violencia cero<\/strong><\/p>\n<p><img decoding=\"async\" class=\" size-full wp-image-5518\" src=\"https:\/\/fundesplai.org\/test-joomla\/wp-content\/uploads\/sites\/26\/2018\/06\/2Edufilms.jpg\" alt=\"2Edufilms\" width=\"100%\" height=\"NaN\"><\/p>\n<p>El lunes 11 de junio se ha celebrado en la Filmoteca Catalu\u00f1a la <a href=\"https:\/\/esplai.fundesplai.org\/edufilms\/\">II edici\u00f3n del Festival EduFilms<\/a>: <a href=\"https:\/\/esplai.fundesplai.org\/edufilms\/\">Festival de Cinema Jove para la transformaci\u00f3n social,<\/a> &nbsp;que impulsan la Federaci\u00f3n Catalana del Esplai y Fundesplai gracias a la colaboraci\u00f3n de &#8216;Obra Social \u00abLa Caixa\u00bb.<\/p>\n<p>En el transcurso del festival, en el que asisten unas 350 personas, se han presentado 14 cortometrajes de tem\u00e1tica social en torno a las violencias en general y con mirada de g\u00e9nero, elaborados por j\u00f3venes de 14 a 20 a\u00f1os participantes en diferentes centros de esparcimiento y proyectos socioeducativos impulsados \u200b\u200bpor Fundesplai.<\/p>\n<p>Precisamente este a\u00f1o Fundesplai est\u00e1 impulsando de manera transversal en todos sus centros de esparcimiento y en las escuelas donde realiza servicios la propuesta educativa \u201c<a href=\"http:\/\/projectes.fundesplai.org\/encoratjat\/\">Encoratja\u2019t<\/a>\u201d a favor de la igualdad de g\u00e9nero y la violencia cero..<\/p>\n<p>Desde hace unos a\u00f1os, Fundesplai impulsa la creaci\u00f3n de cortometrajes de tem\u00e1tica social, por tratarse de una iniciativa educativa de Aprendizaje y Servicio muy significativa para los y las j\u00f3venes:&nbsp; en la etapa de aprendizaje, los grupos de j\u00f3venes cuentan con el apoyo de entidades especializadas en audiovisuales y participan activamente en todas las fases de producci\u00f3n: reflexi\u00f3n y elecci\u00f3n del tema; discusi\u00f3n y redacci\u00f3n del gui\u00f3n audiovisual; caracterizaci\u00f3n de los personajes y b\u00fasqueda de localizaciones; rodaje y estreno de la producci\u00f3n audiovisual. &nbsp;En la fase de servicio se organiza el Festival EduFilms y se impulsan distintas campa\u00f1as comunicativas para generar debate social y concienciar al entorno: divulgaci\u00f3n de los cortos en las redes sociales, charlas en los esplais, en los centros educativos, participaci\u00f3n en jornadas&#8230;<\/p>\n<p><strong>&nbsp;<\/strong><strong>Catorce cortometrajes y un corto invitado<\/strong><\/p>\n<p>En el transcurso de la <a href=\"http:\/\/projectes.fundesplai.org\/canals?mailpoet_router&amp;endpoint=track&amp;action=click&amp;data=WyI5IiwiMTM0ZDExIiwiMTUyIiwiMjIxY2YzYjA4Y2FjIixmYWxzZV0\">II edici\u00f3n del Festival EduFilms<\/a> en la Filmoteca Catalunya, se han proyectado 14 cortometrajes elaborados por los j\u00f3venes, adem\u00e1s de la participaci\u00f3n del \u201ccorto invitado\u201d del proyecto XAJI de &nbsp;la Plataforma Unitaria Contra las Violencias de G\u00e9nero :<\/p>\n<ul>\n<li><strong>El Giro:<\/strong> este cortometraje apuesta por dar visibilidad a los comportamientos y actitudes que favorecen la convivencia y las relaciones en el instituto. Una reflexi\u00f3n sobre c\u00f3mo prevenir y combatir el bullying en el instituto. Joves esplai Guadalhorce (Terrasa).<\/li>\n<\/ul>\n<ul>\n<li><strong>Boy:<\/strong>\u00bfy si cada d\u00eda ocultases tu identidad sentida por miedo al rechazo y la discriminaci\u00f3n? \u00bfY si empezaras una bonita relaci\u00f3n de amistad sin sincerarte? Un corto sobre la transexualidad y el conflicto personal que viven las personas trans. J\u00f3venes esplai Diversidad L\u00fadica (Sant Feliu de Llobregat).<\/li>\n<\/ul>\n<ul>\n<li><strong>Xarxa<\/strong>: Como un simple \u201cclic\u201d en el m\u00f3vil puede condicionar la vida de una persona. Un relato sobre el uso de las redes sociales, la amistad, la libertad y el respeto a la intimidad de las personas. Jov\u00e9nes esplai Druida (Barcelona).<\/li>\n<\/ul>\n<ul>\n<li><strong>Codo con codo:<\/strong> una mirada sobre el fen\u00f3meno de la exclusi\u00f3n y el valor de la amistad para hacerle frente. Proyecto Servicio Comunitario, Esplai Fontsanta y alumnado de la escuela especial Virolai y el Instituto Maria Aur\u00e8lia Capmany de Cornell\u00e0 de Llobregat.<\/li>\n<\/ul>\n<ul>\n<li><strong>Go back: <\/strong>este corto aborda la cuesti\u00f3n de los embarazos no deseados en la adolescencia y plantea la necesidad de concienciar sobre la importancia del uso del preservativo. Grupo de j\u00f3venes del esplai Pubilla Cases \u2013Can Vidalet (Hospitalet y Esplugues de Llobregat)<\/li>\n<\/ul>\n<ul>\n<li><strong>Voces:<\/strong> cinco historias reales de mujeres que viven situaciones en las que la desigualdad y el sexismo se ha normalizado. Historias que ayudan a romper el silencio. Esplai Nus y proyecto 7\u00ba Arte. (Sant Joan Desp\u00ed)<\/li>\n<\/ul>\n<ul>\n<li><strong>Homo<\/strong>. Descubrir la orientaci\u00f3n sexual de unos amigos llevar\u00e1 a una serie de reacciones por parte del grupo que conducen al conflicto personal y grupal y nos aporta una mirada reflexiva en relaci\u00f3n a la homofobia. J\u00f3venes proyecto Imago Fundesplai.<\/li>\n<\/ul>\n<ul>\n<li><strong>Game Over<\/strong>. Realidad y ficci\u00f3n se dan de la mano, en un mundo dominado y controlado por los poderosos. A trav\u00e9s de un videojuego nos acercamos a la crudeza de una historia que se repite, donde el papel de las v\u00edctimas y los opresores &nbsp;acostumbran a jugar siempre las mismas personas. J\u00f3venes proyecto Imago Fundesplai.<\/li>\n<\/ul>\n<ul>\n<li><strong>Ahora Yo:<\/strong> \u00bftodo por amor? una historia sobre el intento de anulaci\u00f3n y la violencia que un chico intenta ejercer sobre una chica&nbsp; cuando son pareja, como intenta alejarla de su mundo y adentrarse en el de las drogas. Todo rodado con un estilo de docu-ficci\u00f3n para dotar de realismo al cortometraje. J\u00f3venes proyecto Imago Fundesplai.<\/li>\n<\/ul>\n<ul>\n<li><strong>5 v\u00eddeos spots por la igualdad de g\u00e9nero.<\/strong> 1 minuto puede ser tiempo suficiente para mostrar c\u00f3mo el machismo sigue demasiado presente en nuestras vidas. Una invitaci\u00f3n a reflexionar sobre esta cuesti\u00f3n a trav\u00e9s de cinco espots.&nbsp; Esplais: La Barretina, Trencal\u00f2s, La Tortuga, La Maduixa i ADIMIR.<\/li>\n<\/ul>\n","protected":false},"excerpt":{"rendered":"<p>El 11 de junio se ha celebrado en la Filmoteca Catalunya la II edici\u00f3n del Festival EduFilms Cinema Jove para la transformaci\u00f3n social.<\/p>\n","protected":false},"author":4,"featured_media":0,"comment_status":"closed","ping_status":"closed","sticky":false,"template":"","format":"standard","meta":{"_et_pb_use_builder":"","_et_pb_old_content":"","_et_gb_content_width":"","footnotes":""},"categories":[937],"tags":[],"class_list":["post-47838","post","type-post","status-publish","format-standard","hentry","category-actualitat-es"],"yoast_head":"<!-- This site is optimized with the Yoast SEO plugin v27.4 - https:\/\/yoast.com\/product\/yoast-seo-wordpress\/ -->\n<title>2a edici\u00f3n Festival Edufilms - Fundesplai<\/title>\n<meta name=\"robots\" content=\"index, follow, max-snippet:-1, max-image-preview:large, max-video-preview:-1\" \/>\n<link rel=\"canonical\" href=\"https:\/\/fundesplai.org\/es\/informa-t\/actualitat-es\/2a-edicion-festival-edufilms\/\" \/>\n<meta property=\"og:locale\" content=\"es_ES\" \/>\n<meta property=\"og:type\" content=\"article\" \/>\n<meta property=\"og:title\" content=\"2a edici\u00f3n Festival Edufilms - Fundesplai\" \/>\n<meta property=\"og:description\" content=\"El 11 de junio se ha celebrado en la Filmoteca Catalunya la II edici\u00f3n del Festival EduFilms Cinema Jove para la transformaci\u00f3n social.\" \/>\n<meta property=\"og:url\" content=\"https:\/\/fundesplai.org\/es\/informa-t\/actualitat-es\/2a-edicion-festival-edufilms\/\" \/>\n<meta property=\"og:site_name\" content=\"Fundesplai\" \/>\n<meta property=\"article:published_time\" content=\"2018-06-12T09:03:51+00:00\" \/>\n<meta property=\"og:image\" content=\"https:\/\/fundesplai.org\/test-joomla\/wp-content\/uploads\/sites\/26\/2018\/06\/2Edufilms.jpg\" \/>\n<meta name=\"author\" content=\"Ferran\" \/>\n<meta name=\"twitter:card\" content=\"summary_large_image\" \/>\n<meta name=\"twitter:label1\" content=\"Escrito por\" \/>\n\t<meta name=\"twitter:data1\" content=\"Ferran\" \/>\n\t<meta name=\"twitter:label2\" content=\"Tiempo de lectura\" \/>\n\t<meta name=\"twitter:data2\" content=\"4 minutos\" \/>\n<script type=\"application\/ld+json\" class=\"yoast-schema-graph\">{\"@context\":\"https:\\\/\\\/schema.org\",\"@graph\":[{\"@type\":\"Article\",\"@id\":\"https:\\\/\\\/fundesplai.org\\\/es\\\/informa-t\\\/actualitat-es\\\/2a-edicion-festival-edufilms\\\/#article\",\"isPartOf\":{\"@id\":\"https:\\\/\\\/fundesplai.org\\\/es\\\/informa-t\\\/actualitat-es\\\/2a-edicion-festival-edufilms\\\/\"},\"author\":{\"name\":\"Ferran\",\"@id\":\"https:\\\/\\\/fundesplai.org\\\/es\\\/#\\\/schema\\\/person\\\/67e7825d8ec54561cc24e36ba6b0f633\"},\"headline\":\"2a edici\u00f3n Festival Edufilms\",\"datePublished\":\"2018-06-12T09:03:51+00:00\",\"mainEntityOfPage\":{\"@id\":\"https:\\\/\\\/fundesplai.org\\\/es\\\/informa-t\\\/actualitat-es\\\/2a-edicion-festival-edufilms\\\/\"},\"wordCount\":864,\"image\":{\"@id\":\"https:\\\/\\\/fundesplai.org\\\/es\\\/informa-t\\\/actualitat-es\\\/2a-edicion-festival-edufilms\\\/#primaryimage\"},\"thumbnailUrl\":\"https:\\\/\\\/fundesplai.org\\\/test-joomla\\\/wp-content\\\/uploads\\\/sites\\\/26\\\/2018\\\/06\\\/2Edufilms.jpg\",\"articleSection\":[\"Actualitat\"],\"inLanguage\":\"es\"},{\"@type\":\"WebPage\",\"@id\":\"https:\\\/\\\/fundesplai.org\\\/es\\\/informa-t\\\/actualitat-es\\\/2a-edicion-festival-edufilms\\\/\",\"url\":\"https:\\\/\\\/fundesplai.org\\\/es\\\/informa-t\\\/actualitat-es\\\/2a-edicion-festival-edufilms\\\/\",\"name\":\"2a edici\u00f3n Festival Edufilms - Fundesplai\",\"isPartOf\":{\"@id\":\"https:\\\/\\\/fundesplai.org\\\/es\\\/#website\"},\"primaryImageOfPage\":{\"@id\":\"https:\\\/\\\/fundesplai.org\\\/es\\\/informa-t\\\/actualitat-es\\\/2a-edicion-festival-edufilms\\\/#primaryimage\"},\"image\":{\"@id\":\"https:\\\/\\\/fundesplai.org\\\/es\\\/informa-t\\\/actualitat-es\\\/2a-edicion-festival-edufilms\\\/#primaryimage\"},\"thumbnailUrl\":\"https:\\\/\\\/fundesplai.org\\\/test-joomla\\\/wp-content\\\/uploads\\\/sites\\\/26\\\/2018\\\/06\\\/2Edufilms.jpg\",\"datePublished\":\"2018-06-12T09:03:51+00:00\",\"author\":{\"@id\":\"https:\\\/\\\/fundesplai.org\\\/es\\\/#\\\/schema\\\/person\\\/67e7825d8ec54561cc24e36ba6b0f633\"},\"breadcrumb\":{\"@id\":\"https:\\\/\\\/fundesplai.org\\\/es\\\/informa-t\\\/actualitat-es\\\/2a-edicion-festival-edufilms\\\/#breadcrumb\"},\"inLanguage\":\"es\",\"potentialAction\":[{\"@type\":\"ReadAction\",\"target\":[\"https:\\\/\\\/fundesplai.org\\\/es\\\/informa-t\\\/actualitat-es\\\/2a-edicion-festival-edufilms\\\/\"]}]},{\"@type\":\"ImageObject\",\"inLanguage\":\"es\",\"@id\":\"https:\\\/\\\/fundesplai.org\\\/es\\\/informa-t\\\/actualitat-es\\\/2a-edicion-festival-edufilms\\\/#primaryimage\",\"url\":\"https:\\\/\\\/fundesplai.org\\\/test-joomla\\\/wp-content\\\/uploads\\\/sites\\\/26\\\/2018\\\/06\\\/2Edufilms.jpg\",\"contentUrl\":\"https:\\\/\\\/fundesplai.org\\\/test-joomla\\\/wp-content\\\/uploads\\\/sites\\\/26\\\/2018\\\/06\\\/2Edufilms.jpg\"},{\"@type\":\"BreadcrumbList\",\"@id\":\"https:\\\/\\\/fundesplai.org\\\/es\\\/informa-t\\\/actualitat-es\\\/2a-edicion-festival-edufilms\\\/#breadcrumb\",\"itemListElement\":[{\"@type\":\"ListItem\",\"position\":1,\"name\":\"Inici\",\"item\":\"https:\\\/\\\/fundesplai.org\\\/es\\\/inicio\\\/\"},{\"@type\":\"ListItem\",\"position\":2,\"name\":\"Inf\u00f3rmate\",\"item\":\"https:\\\/\\\/fundesplai.org\\\/es\\\/informate\\\/\"},{\"@type\":\"ListItem\",\"position\":3,\"name\":\"Sin categor\u00eda\",\"item\":\"https:\\\/\\\/fundesplai.org\\\/es\\\/informa-t\\\/category\\\/sin-categoria\\\/\"},{\"@type\":\"ListItem\",\"position\":4,\"name\":\"2a edici\u00f3n Festival Edufilms\"}]},{\"@type\":\"WebSite\",\"@id\":\"https:\\\/\\\/fundesplai.org\\\/es\\\/#website\",\"url\":\"https:\\\/\\\/fundesplai.org\\\/es\\\/\",\"name\":\"Fundesplai\",\"description\":\"Eduquem per la conviv\u00e8ncia i la sostenibilitat\",\"potentialAction\":[{\"@type\":\"SearchAction\",\"target\":{\"@type\":\"EntryPoint\",\"urlTemplate\":\"https:\\\/\\\/fundesplai.org\\\/es\\\/?s={search_term_string}\"},\"query-input\":{\"@type\":\"PropertyValueSpecification\",\"valueRequired\":true,\"valueName\":\"search_term_string\"}}],\"inLanguage\":\"es\"},{\"@type\":\"Person\",\"@id\":\"https:\\\/\\\/fundesplai.org\\\/es\\\/#\\\/schema\\\/person\\\/67e7825d8ec54561cc24e36ba6b0f633\",\"name\":\"Ferran\",\"image\":{\"@type\":\"ImageObject\",\"inLanguage\":\"es\",\"@id\":\"https:\\\/\\\/secure.gravatar.com\\\/avatar\\\/a3510350976b58aae6eccd1e36f066b660a69ef63f97fde3cba8205db7db816a?s=96&d=mm&r=g\",\"url\":\"https:\\\/\\\/secure.gravatar.com\\\/avatar\\\/a3510350976b58aae6eccd1e36f066b660a69ef63f97fde3cba8205db7db816a?s=96&d=mm&r=g\",\"contentUrl\":\"https:\\\/\\\/secure.gravatar.com\\\/avatar\\\/a3510350976b58aae6eccd1e36f066b660a69ef63f97fde3cba8205db7db816a?s=96&d=mm&r=g\",\"caption\":\"Ferran\"},\"url\":\"https:\\\/\\\/fundesplai.org\\\/es\\\/informa-t\\\/author\\\/fvidal\\\/\"}]}<\/script>\n<!-- \/ Yoast SEO plugin. -->","yoast_head_json":{"title":"2a edici\u00f3n Festival Edufilms - Fundesplai","robots":{"index":"index","follow":"follow","max-snippet":"max-snippet:-1","max-image-preview":"max-image-preview:large","max-video-preview":"max-video-preview:-1"},"canonical":"https:\/\/fundesplai.org\/es\/informa-t\/actualitat-es\/2a-edicion-festival-edufilms\/","og_locale":"es_ES","og_type":"article","og_title":"2a edici\u00f3n Festival Edufilms - Fundesplai","og_description":"El 11 de junio se ha celebrado en la Filmoteca Catalunya la II edici\u00f3n del Festival EduFilms Cinema Jove para la transformaci\u00f3n social.","og_url":"https:\/\/fundesplai.org\/es\/informa-t\/actualitat-es\/2a-edicion-festival-edufilms\/","og_site_name":"Fundesplai","article_published_time":"2018-06-12T09:03:51+00:00","og_image":[{"url":"https:\/\/fundesplai.org\/test-joomla\/wp-content\/uploads\/sites\/26\/2018\/06\/2Edufilms.jpg","type":"","width":"","height":""}],"author":"Ferran","twitter_card":"summary_large_image","twitter_misc":{"Escrito por":"Ferran","Tiempo de lectura":"4 minutos"},"schema":{"@context":"https:\/\/schema.org","@graph":[{"@type":"Article","@id":"https:\/\/fundesplai.org\/es\/informa-t\/actualitat-es\/2a-edicion-festival-edufilms\/#article","isPartOf":{"@id":"https:\/\/fundesplai.org\/es\/informa-t\/actualitat-es\/2a-edicion-festival-edufilms\/"},"author":{"name":"Ferran","@id":"https:\/\/fundesplai.org\/es\/#\/schema\/person\/67e7825d8ec54561cc24e36ba6b0f633"},"headline":"2a edici\u00f3n Festival Edufilms","datePublished":"2018-06-12T09:03:51+00:00","mainEntityOfPage":{"@id":"https:\/\/fundesplai.org\/es\/informa-t\/actualitat-es\/2a-edicion-festival-edufilms\/"},"wordCount":864,"image":{"@id":"https:\/\/fundesplai.org\/es\/informa-t\/actualitat-es\/2a-edicion-festival-edufilms\/#primaryimage"},"thumbnailUrl":"https:\/\/fundesplai.org\/test-joomla\/wp-content\/uploads\/sites\/26\/2018\/06\/2Edufilms.jpg","articleSection":["Actualitat"],"inLanguage":"es"},{"@type":"WebPage","@id":"https:\/\/fundesplai.org\/es\/informa-t\/actualitat-es\/2a-edicion-festival-edufilms\/","url":"https:\/\/fundesplai.org\/es\/informa-t\/actualitat-es\/2a-edicion-festival-edufilms\/","name":"2a edici\u00f3n Festival Edufilms - Fundesplai","isPartOf":{"@id":"https:\/\/fundesplai.org\/es\/#website"},"primaryImageOfPage":{"@id":"https:\/\/fundesplai.org\/es\/informa-t\/actualitat-es\/2a-edicion-festival-edufilms\/#primaryimage"},"image":{"@id":"https:\/\/fundesplai.org\/es\/informa-t\/actualitat-es\/2a-edicion-festival-edufilms\/#primaryimage"},"thumbnailUrl":"https:\/\/fundesplai.org\/test-joomla\/wp-content\/uploads\/sites\/26\/2018\/06\/2Edufilms.jpg","datePublished":"2018-06-12T09:03:51+00:00","author":{"@id":"https:\/\/fundesplai.org\/es\/#\/schema\/person\/67e7825d8ec54561cc24e36ba6b0f633"},"breadcrumb":{"@id":"https:\/\/fundesplai.org\/es\/informa-t\/actualitat-es\/2a-edicion-festival-edufilms\/#breadcrumb"},"inLanguage":"es","potentialAction":[{"@type":"ReadAction","target":["https:\/\/fundesplai.org\/es\/informa-t\/actualitat-es\/2a-edicion-festival-edufilms\/"]}]},{"@type":"ImageObject","inLanguage":"es","@id":"https:\/\/fundesplai.org\/es\/informa-t\/actualitat-es\/2a-edicion-festival-edufilms\/#primaryimage","url":"https:\/\/fundesplai.org\/test-joomla\/wp-content\/uploads\/sites\/26\/2018\/06\/2Edufilms.jpg","contentUrl":"https:\/\/fundesplai.org\/test-joomla\/wp-content\/uploads\/sites\/26\/2018\/06\/2Edufilms.jpg"},{"@type":"BreadcrumbList","@id":"https:\/\/fundesplai.org\/es\/informa-t\/actualitat-es\/2a-edicion-festival-edufilms\/#breadcrumb","itemListElement":[{"@type":"ListItem","position":1,"name":"Inici","item":"https:\/\/fundesplai.org\/es\/inicio\/"},{"@type":"ListItem","position":2,"name":"Inf\u00f3rmate","item":"https:\/\/fundesplai.org\/es\/informate\/"},{"@type":"ListItem","position":3,"name":"Sin categor\u00eda","item":"https:\/\/fundesplai.org\/es\/informa-t\/category\/sin-categoria\/"},{"@type":"ListItem","position":4,"name":"2a edici\u00f3n Festival Edufilms"}]},{"@type":"WebSite","@id":"https:\/\/fundesplai.org\/es\/#website","url":"https:\/\/fundesplai.org\/es\/","name":"Fundesplai","description":"Eduquem per la conviv\u00e8ncia i la sostenibilitat","potentialAction":[{"@type":"SearchAction","target":{"@type":"EntryPoint","urlTemplate":"https:\/\/fundesplai.org\/es\/?s={search_term_string}"},"query-input":{"@type":"PropertyValueSpecification","valueRequired":true,"valueName":"search_term_string"}}],"inLanguage":"es"},{"@type":"Person","@id":"https:\/\/fundesplai.org\/es\/#\/schema\/person\/67e7825d8ec54561cc24e36ba6b0f633","name":"Ferran","image":{"@type":"ImageObject","inLanguage":"es","@id":"https:\/\/secure.gravatar.com\/avatar\/a3510350976b58aae6eccd1e36f066b660a69ef63f97fde3cba8205db7db816a?s=96&d=mm&r=g","url":"https:\/\/secure.gravatar.com\/avatar\/a3510350976b58aae6eccd1e36f066b660a69ef63f97fde3cba8205db7db816a?s=96&d=mm&r=g","contentUrl":"https:\/\/secure.gravatar.com\/avatar\/a3510350976b58aae6eccd1e36f066b660a69ef63f97fde3cba8205db7db816a?s=96&d=mm&r=g","caption":"Ferran"},"url":"https:\/\/fundesplai.org\/es\/informa-t\/author\/fvidal\/"}]}},"_links":{"self":[{"href":"https:\/\/fundesplai.org\/es\/wp-json\/wp\/v2\/posts\/47838","targetHints":{"allow":["GET"]}}],"collection":[{"href":"https:\/\/fundesplai.org\/es\/wp-json\/wp\/v2\/posts"}],"about":[{"href":"https:\/\/fundesplai.org\/es\/wp-json\/wp\/v2\/types\/post"}],"author":[{"embeddable":true,"href":"https:\/\/fundesplai.org\/es\/wp-json\/wp\/v2\/users\/4"}],"replies":[{"embeddable":true,"href":"https:\/\/fundesplai.org\/es\/wp-json\/wp\/v2\/comments?post=47838"}],"version-history":[{"count":0,"href":"https:\/\/fundesplai.org\/es\/wp-json\/wp\/v2\/posts\/47838\/revisions"}],"wp:attachment":[{"href":"https:\/\/fundesplai.org\/es\/wp-json\/wp\/v2\/media?parent=47838"}],"wp:term":[{"taxonomy":"category","embeddable":true,"href":"https:\/\/fundesplai.org\/es\/wp-json\/wp\/v2\/categories?post=47838"},{"taxonomy":"post_tag","embeddable":true,"href":"https:\/\/fundesplai.org\/es\/wp-json\/wp\/v2\/tags?post=47838"}],"curies":[{"name":"wp","href":"https:\/\/api.w.org\/{rel}","templated":true}]}}