{"id":47837,"date":"2018-05-30T17:12:31","date_gmt":"2018-05-30T15:12:31","guid":{"rendered":"https:\/\/fundesplai.org\/informa-t\/sense-categoria\/el-foro-de-fundacion-esplai-reune-a-250-jovenes-por-la-igualdad-de-genero\/"},"modified":"2018-05-30T17:12:31","modified_gmt":"2018-05-30T15:12:31","slug":"el-foro-de-fundacion-esplai-reune-a-250-jovenes-por-la-igualdad-de-genero","status":"publish","type":"post","link":"https:\/\/fundesplai.org\/es\/informa-t\/actualitat-es\/el-foro-de-fundacion-esplai-reune-a-250-jovenes-por-la-igualdad-de-genero\/","title":{"rendered":"El Foro de Fundaci\u00f3n Esplai re\u00fane a 250 j\u00f3venes por la igualdad de g\u00e9nero"},"content":{"rendered":"<p>El fin de semana del 26 y 27 de mayo se celebr\u00f3 en Madrid el Foro de Fundaci\u00f3 Esplai.<\/p>\n<p><!--more--><\/p>\n<p class=\"intro\">El fin de semana del 26 y 27 de mayo se celebr\u00f3 en Madrid el Foro de Fundaci\u00f3 Esplai, con la participaci\u00f3n de 250 j\u00f3venes voluntarios, voluntarias, educadores y educadoras de los proyectos que impulsa la organizaci\u00f3n. El tema de este a\u00f1o ha sido la igualdad de g\u00e9nero y sobre \u00e9l han girado los distintos actos y actividades desarrollados durante estos dos d\u00edas.<\/p>\n<table style=\"width: 100%\">\n<tbody>\n<tr>\n<td colspan=\"2\"><img decoding=\"async\" class=\" size-full wp-image-5481\" src=\"https:\/\/fundesplai.org\/test-joomla\/wp-content\/uploads\/sites\/26\/2018\/05\/Foro3.jpg\" alt=\"Foro Fundacion Esplai\" width=\"100%\" height=\"NaN\"><\/td>\n<\/tr>\n<tr>\n<td><img decoding=\"async\" class=\" size-full wp-image-5482\" src=\"https:\/\/fundesplai.org\/test-joomla\/wp-content\/uploads\/sites\/26\/2018\/05\/Foro6.jpg\" alt=\"Foro6\" width=\"100%\" height=\"NaN\"><\/td>\n<td><img decoding=\"async\" class=\" size-full wp-image-5493\" src=\"https:\/\/fundesplai.org\/test-joomla\/wp-content\/uploads\/sites\/26\/2018\/05\/Foro4.jpg\" alt=\"Foro Fundacion Esplai\" width=\"100%\" height=\"NaN\"><\/td>\n<\/tr>\n<tr>\n<td><img decoding=\"async\" class=\" size-full wp-image-5496\" src=\"https:\/\/fundesplai.org\/test-joomla\/wp-content\/uploads\/sites\/26\/2018\/05\/Foro5.jpg\" alt=\"Foro5\" width=\"100%\" height=\"NaN\"><\/td>\n<td><img decoding=\"async\" class=\" size-full wp-image-5502\" src=\"https:\/\/fundesplai.org\/test-joomla\/wp-content\/uploads\/sites\/26\/2018\/05\/Foro2.jpg\" alt=\"Foro2\" width=\"100%\" height=\"NaN\"><\/td>\n<\/tr>\n<\/tbody>\n<\/table>\n<p>En la jornada del domingo, durante la Gala de Premios a la Ciudadan\u00eda Comprometida, tres chicas representantes de todos y todas las participantes, leyeron el manifiesto \u00abJ\u00f3venes por la igualdad\u00bb con el que mostraron su compromiso por trabajar por la igualdad de g\u00e9nero en la promoci\u00f3n de la salud libre de sexismo, en el acceso y uso de las TIC con creatividad y respeto, desde la perspectiva intergeneracional y el respeto a la diversidad afectiva y sexual. Comprometi\u00e9ndose a trabajar por la igualdad de g\u00e9nero para construir una ciudadan\u00eda comprometida y una sociedad inclusiva.<\/p>\n<p>En palabras de N\u00faria Valls, directora general de Fundaci\u00f3n Esplai: \u00abConsideramos que para tener una sociedad plenamente igualitaria, comprometida e inclusiva, necesitamos que los j\u00f3venes sean abanderados de la igualdad de g\u00e9nero\u00bb.<\/p>\n<p><strong>Encuentro de j\u00f3venes, actividades y premios<\/strong><\/p>\n<p>Durante el s\u00e1bado tuvo lugar en Guadarrama (Madrid) un encuentro de j\u00f3venes, educadores, educadoras, y responsables de proyectos que impulsa Fundaci\u00f3n Esplai y que se desarrollan en entidades locales de distintos territorios.<\/p>\n<p>A lo largo de toda la ma\u00f1ana del domingo, en los espacios interiores y exteriores de la Casa del Lector, en el Matadero, Madrid, los y las j\u00f3venes participantes en el F\u00f2rum estuvieron dinamizando diferentes actividades dirigidas a toda la ciudadan\u00eda. En la clausura del F\u00f3rum se hizo la entrega de los IX Premios a la Ciudadan\u00eda Comprometida que reconocen la labor, las trayectorias y las iniciativas de personas voluntarias en el \u00e1mbito estatal para mejorar la sociedad y condiciones de vida de la ciudadan\u00eda, respondiendo a los mismos valores que promueve la Fundaci\u00f3n Catalana del Esplai.<\/p>\n<p>Los premiados en las tres categor\u00edas fueron: Paloma Rodr\u00edguez, de Madrid, en la categor\u00eda \u00abImpulso al Tercer Sector\u00bb; Pilar Garc\u00eda, de Madrid, en la categor\u00eda de \u00abAcci\u00f3n Socioeducativa\u00bb; Eduardo San Ruf Ecay, de Calahorra, La Rioja, en la categor\u00eda de \u00abTrabajo por la E-Inclusi\u00f3n\u00bb. En la categor\u00eda de \u00abImpulso al Tercer Sector\u00bb un acc\u00e9sit para Ibrahima Niang, de Galicia. En la categor\u00eda de Acci\u00f3n Socioeducativa \u00abun acc\u00e9sit para Albert Par\u00e9s, de Catalu\u00f1a.<\/p>\n","protected":false},"excerpt":{"rendered":"<p>El fin de semana del 26 y 27 de mayo se celebr\u00f3 en Madrid el Foro de Fundaci\u00f3 Esplai.<\/p>\n","protected":false},"author":9,"featured_media":0,"comment_status":"closed","ping_status":"closed","sticky":false,"template":"","format":"standard","meta":{"_et_pb_use_builder":"","_et_pb_old_content":"","_et_gb_content_width":"","footnotes":""},"categories":[937],"tags":[],"class_list":["post-47837","post","type-post","status-publish","format-standard","hentry","category-actualitat-es"],"yoast_head":"<!-- This site is optimized with the Yoast SEO plugin v27.4 - https:\/\/yoast.com\/product\/yoast-seo-wordpress\/ -->\n<title>El Foro de Fundaci\u00f3n Esplai re\u00fane a 250 j\u00f3venes por la igualdad de g\u00e9nero - Fundesplai<\/title>\n<meta name=\"robots\" content=\"index, follow, max-snippet:-1, max-image-preview:large, max-video-preview:-1\" \/>\n<link rel=\"canonical\" href=\"https:\/\/fundesplai.org\/es\/informa-t\/actualitat-es\/el-foro-de-fundacion-esplai-reune-a-250-jovenes-por-la-igualdad-de-genero\/\" \/>\n<meta property=\"og:locale\" content=\"es_ES\" \/>\n<meta property=\"og:type\" content=\"article\" \/>\n<meta property=\"og:title\" content=\"El Foro de Fundaci\u00f3n Esplai re\u00fane a 250 j\u00f3venes por la igualdad de g\u00e9nero - Fundesplai\" \/>\n<meta property=\"og:description\" content=\"El fin de semana del 26 y 27 de mayo se celebr\u00f3 en Madrid el Foro de Fundaci\u00f3 Esplai.\" \/>\n<meta property=\"og:url\" content=\"https:\/\/fundesplai.org\/es\/informa-t\/actualitat-es\/el-foro-de-fundacion-esplai-reune-a-250-jovenes-por-la-igualdad-de-genero\/\" \/>\n<meta property=\"og:site_name\" content=\"Fundesplai\" \/>\n<meta property=\"article:published_time\" content=\"2018-05-30T15:12:31+00:00\" \/>\n<meta property=\"og:image\" content=\"https:\/\/fundesplai.org\/test-joomla\/wp-content\/uploads\/sites\/26\/2018\/05\/Foro3.jpg\" \/>\n<meta name=\"author\" content=\"Alfons Valle\" \/>\n<meta name=\"twitter:card\" content=\"summary_large_image\" \/>\n<meta name=\"twitter:label1\" content=\"Escrito por\" \/>\n\t<meta name=\"twitter:data1\" content=\"Alfons Valle\" \/>\n\t<meta name=\"twitter:label2\" content=\"Tiempo de lectura\" \/>\n\t<meta name=\"twitter:data2\" content=\"2 minutos\" \/>\n<script type=\"application\/ld+json\" class=\"yoast-schema-graph\">{\"@context\":\"https:\\\/\\\/schema.org\",\"@graph\":[{\"@type\":\"Article\",\"@id\":\"https:\\\/\\\/fundesplai.org\\\/es\\\/informa-t\\\/actualitat-es\\\/el-foro-de-fundacion-esplai-reune-a-250-jovenes-por-la-igualdad-de-genero\\\/#article\",\"isPartOf\":{\"@id\":\"https:\\\/\\\/fundesplai.org\\\/es\\\/informa-t\\\/actualitat-es\\\/el-foro-de-fundacion-esplai-reune-a-250-jovenes-por-la-igualdad-de-genero\\\/\"},\"author\":{\"name\":\"Alfons Valle\",\"@id\":\"https:\\\/\\\/fundesplai.org\\\/es\\\/#\\\/schema\\\/person\\\/c0e9e7466bb8ac06f5264324a6109733\"},\"headline\":\"El Foro de Fundaci\u00f3n Esplai re\u00fane a 250 j\u00f3venes por la igualdad de g\u00e9nero\",\"datePublished\":\"2018-05-30T15:12:31+00:00\",\"mainEntityOfPage\":{\"@id\":\"https:\\\/\\\/fundesplai.org\\\/es\\\/informa-t\\\/actualitat-es\\\/el-foro-de-fundacion-esplai-reune-a-250-jovenes-por-la-igualdad-de-genero\\\/\"},\"wordCount\":471,\"image\":{\"@id\":\"https:\\\/\\\/fundesplai.org\\\/es\\\/informa-t\\\/actualitat-es\\\/el-foro-de-fundacion-esplai-reune-a-250-jovenes-por-la-igualdad-de-genero\\\/#primaryimage\"},\"thumbnailUrl\":\"https:\\\/\\\/fundesplai.org\\\/test-joomla\\\/wp-content\\\/uploads\\\/sites\\\/26\\\/2018\\\/05\\\/Foro3.jpg\",\"articleSection\":[\"Actualitat\"],\"inLanguage\":\"es\"},{\"@type\":\"WebPage\",\"@id\":\"https:\\\/\\\/fundesplai.org\\\/es\\\/informa-t\\\/actualitat-es\\\/el-foro-de-fundacion-esplai-reune-a-250-jovenes-por-la-igualdad-de-genero\\\/\",\"url\":\"https:\\\/\\\/fundesplai.org\\\/es\\\/informa-t\\\/actualitat-es\\\/el-foro-de-fundacion-esplai-reune-a-250-jovenes-por-la-igualdad-de-genero\\\/\",\"name\":\"El Foro de Fundaci\u00f3n Esplai re\u00fane a 250 j\u00f3venes por la igualdad de g\u00e9nero - Fundesplai\",\"isPartOf\":{\"@id\":\"https:\\\/\\\/fundesplai.org\\\/es\\\/#website\"},\"primaryImageOfPage\":{\"@id\":\"https:\\\/\\\/fundesplai.org\\\/es\\\/informa-t\\\/actualitat-es\\\/el-foro-de-fundacion-esplai-reune-a-250-jovenes-por-la-igualdad-de-genero\\\/#primaryimage\"},\"image\":{\"@id\":\"https:\\\/\\\/fundesplai.org\\\/es\\\/informa-t\\\/actualitat-es\\\/el-foro-de-fundacion-esplai-reune-a-250-jovenes-por-la-igualdad-de-genero\\\/#primaryimage\"},\"thumbnailUrl\":\"https:\\\/\\\/fundesplai.org\\\/test-joomla\\\/wp-content\\\/uploads\\\/sites\\\/26\\\/2018\\\/05\\\/Foro3.jpg\",\"datePublished\":\"2018-05-30T15:12:31+00:00\",\"author\":{\"@id\":\"https:\\\/\\\/fundesplai.org\\\/es\\\/#\\\/schema\\\/person\\\/c0e9e7466bb8ac06f5264324a6109733\"},\"breadcrumb\":{\"@id\":\"https:\\\/\\\/fundesplai.org\\\/es\\\/informa-t\\\/actualitat-es\\\/el-foro-de-fundacion-esplai-reune-a-250-jovenes-por-la-igualdad-de-genero\\\/#breadcrumb\"},\"inLanguage\":\"es\",\"potentialAction\":[{\"@type\":\"ReadAction\",\"target\":[\"https:\\\/\\\/fundesplai.org\\\/es\\\/informa-t\\\/actualitat-es\\\/el-foro-de-fundacion-esplai-reune-a-250-jovenes-por-la-igualdad-de-genero\\\/\"]}]},{\"@type\":\"ImageObject\",\"inLanguage\":\"es\",\"@id\":\"https:\\\/\\\/fundesplai.org\\\/es\\\/informa-t\\\/actualitat-es\\\/el-foro-de-fundacion-esplai-reune-a-250-jovenes-por-la-igualdad-de-genero\\\/#primaryimage\",\"url\":\"https:\\\/\\\/fundesplai.org\\\/test-joomla\\\/wp-content\\\/uploads\\\/sites\\\/26\\\/2018\\\/05\\\/Foro3.jpg\",\"contentUrl\":\"https:\\\/\\\/fundesplai.org\\\/test-joomla\\\/wp-content\\\/uploads\\\/sites\\\/26\\\/2018\\\/05\\\/Foro3.jpg\"},{\"@type\":\"BreadcrumbList\",\"@id\":\"https:\\\/\\\/fundesplai.org\\\/es\\\/informa-t\\\/actualitat-es\\\/el-foro-de-fundacion-esplai-reune-a-250-jovenes-por-la-igualdad-de-genero\\\/#breadcrumb\",\"itemListElement\":[{\"@type\":\"ListItem\",\"position\":1,\"name\":\"Inici\",\"item\":\"https:\\\/\\\/fundesplai.org\\\/es\\\/inicio\\\/\"},{\"@type\":\"ListItem\",\"position\":2,\"name\":\"Inf\u00f3rmate\",\"item\":\"https:\\\/\\\/fundesplai.org\\\/es\\\/informate\\\/\"},{\"@type\":\"ListItem\",\"position\":3,\"name\":\"Sin categor\u00eda\",\"item\":\"https:\\\/\\\/fundesplai.org\\\/es\\\/informa-t\\\/category\\\/sin-categoria\\\/\"},{\"@type\":\"ListItem\",\"position\":4,\"name\":\"El Foro de Fundaci\u00f3n Esplai re\u00fane a 250 j\u00f3venes por la igualdad de g\u00e9nero\"}]},{\"@type\":\"WebSite\",\"@id\":\"https:\\\/\\\/fundesplai.org\\\/es\\\/#website\",\"url\":\"https:\\\/\\\/fundesplai.org\\\/es\\\/\",\"name\":\"Fundesplai\",\"description\":\"Eduquem per la conviv\u00e8ncia i la sostenibilitat\",\"potentialAction\":[{\"@type\":\"SearchAction\",\"target\":{\"@type\":\"EntryPoint\",\"urlTemplate\":\"https:\\\/\\\/fundesplai.org\\\/es\\\/?s={search_term_string}\"},\"query-input\":{\"@type\":\"PropertyValueSpecification\",\"valueRequired\":true,\"valueName\":\"search_term_string\"}}],\"inLanguage\":\"es\"},{\"@type\":\"Person\",\"@id\":\"https:\\\/\\\/fundesplai.org\\\/es\\\/#\\\/schema\\\/person\\\/c0e9e7466bb8ac06f5264324a6109733\",\"name\":\"Alfons Valle\",\"image\":{\"@type\":\"ImageObject\",\"inLanguage\":\"es\",\"@id\":\"https:\\\/\\\/secure.gravatar.com\\\/avatar\\\/71d95a3f99a068ba570ac1314ed6911a59c5ae3f22ffcf23631cd1a861a640bc?s=96&d=mm&r=g\",\"url\":\"https:\\\/\\\/secure.gravatar.com\\\/avatar\\\/71d95a3f99a068ba570ac1314ed6911a59c5ae3f22ffcf23631cd1a861a640bc?s=96&d=mm&r=g\",\"contentUrl\":\"https:\\\/\\\/secure.gravatar.com\\\/avatar\\\/71d95a3f99a068ba570ac1314ed6911a59c5ae3f22ffcf23631cd1a861a640bc?s=96&d=mm&r=g\",\"caption\":\"Alfons Valle\"},\"url\":\"https:\\\/\\\/fundesplai.org\\\/es\\\/informa-t\\\/author\\\/avalle\\\/\"}]}<\/script>\n<!-- \/ Yoast SEO plugin. -->","yoast_head_json":{"title":"El Foro de Fundaci\u00f3n Esplai re\u00fane a 250 j\u00f3venes por la igualdad de g\u00e9nero - Fundesplai","robots":{"index":"index","follow":"follow","max-snippet":"max-snippet:-1","max-image-preview":"max-image-preview:large","max-video-preview":"max-video-preview:-1"},"canonical":"https:\/\/fundesplai.org\/es\/informa-t\/actualitat-es\/el-foro-de-fundacion-esplai-reune-a-250-jovenes-por-la-igualdad-de-genero\/","og_locale":"es_ES","og_type":"article","og_title":"El Foro de Fundaci\u00f3n Esplai re\u00fane a 250 j\u00f3venes por la igualdad de g\u00e9nero - Fundesplai","og_description":"El fin de semana del 26 y 27 de mayo se celebr\u00f3 en Madrid el Foro de Fundaci\u00f3 Esplai.","og_url":"https:\/\/fundesplai.org\/es\/informa-t\/actualitat-es\/el-foro-de-fundacion-esplai-reune-a-250-jovenes-por-la-igualdad-de-genero\/","og_site_name":"Fundesplai","article_published_time":"2018-05-30T15:12:31+00:00","og_image":[{"url":"https:\/\/fundesplai.org\/test-joomla\/wp-content\/uploads\/sites\/26\/2018\/05\/Foro3.jpg","type":"","width":"","height":""}],"author":"Alfons Valle","twitter_card":"summary_large_image","twitter_misc":{"Escrito por":"Alfons Valle","Tiempo de lectura":"2 minutos"},"schema":{"@context":"https:\/\/schema.org","@graph":[{"@type":"Article","@id":"https:\/\/fundesplai.org\/es\/informa-t\/actualitat-es\/el-foro-de-fundacion-esplai-reune-a-250-jovenes-por-la-igualdad-de-genero\/#article","isPartOf":{"@id":"https:\/\/fundesplai.org\/es\/informa-t\/actualitat-es\/el-foro-de-fundacion-esplai-reune-a-250-jovenes-por-la-igualdad-de-genero\/"},"author":{"name":"Alfons Valle","@id":"https:\/\/fundesplai.org\/es\/#\/schema\/person\/c0e9e7466bb8ac06f5264324a6109733"},"headline":"El Foro de Fundaci\u00f3n Esplai re\u00fane a 250 j\u00f3venes por la igualdad de g\u00e9nero","datePublished":"2018-05-30T15:12:31+00:00","mainEntityOfPage":{"@id":"https:\/\/fundesplai.org\/es\/informa-t\/actualitat-es\/el-foro-de-fundacion-esplai-reune-a-250-jovenes-por-la-igualdad-de-genero\/"},"wordCount":471,"image":{"@id":"https:\/\/fundesplai.org\/es\/informa-t\/actualitat-es\/el-foro-de-fundacion-esplai-reune-a-250-jovenes-por-la-igualdad-de-genero\/#primaryimage"},"thumbnailUrl":"https:\/\/fundesplai.org\/test-joomla\/wp-content\/uploads\/sites\/26\/2018\/05\/Foro3.jpg","articleSection":["Actualitat"],"inLanguage":"es"},{"@type":"WebPage","@id":"https:\/\/fundesplai.org\/es\/informa-t\/actualitat-es\/el-foro-de-fundacion-esplai-reune-a-250-jovenes-por-la-igualdad-de-genero\/","url":"https:\/\/fundesplai.org\/es\/informa-t\/actualitat-es\/el-foro-de-fundacion-esplai-reune-a-250-jovenes-por-la-igualdad-de-genero\/","name":"El Foro de Fundaci\u00f3n Esplai re\u00fane a 250 j\u00f3venes por la igualdad de g\u00e9nero - Fundesplai","isPartOf":{"@id":"https:\/\/fundesplai.org\/es\/#website"},"primaryImageOfPage":{"@id":"https:\/\/fundesplai.org\/es\/informa-t\/actualitat-es\/el-foro-de-fundacion-esplai-reune-a-250-jovenes-por-la-igualdad-de-genero\/#primaryimage"},"image":{"@id":"https:\/\/fundesplai.org\/es\/informa-t\/actualitat-es\/el-foro-de-fundacion-esplai-reune-a-250-jovenes-por-la-igualdad-de-genero\/#primaryimage"},"thumbnailUrl":"https:\/\/fundesplai.org\/test-joomla\/wp-content\/uploads\/sites\/26\/2018\/05\/Foro3.jpg","datePublished":"2018-05-30T15:12:31+00:00","author":{"@id":"https:\/\/fundesplai.org\/es\/#\/schema\/person\/c0e9e7466bb8ac06f5264324a6109733"},"breadcrumb":{"@id":"https:\/\/fundesplai.org\/es\/informa-t\/actualitat-es\/el-foro-de-fundacion-esplai-reune-a-250-jovenes-por-la-igualdad-de-genero\/#breadcrumb"},"inLanguage":"es","potentialAction":[{"@type":"ReadAction","target":["https:\/\/fundesplai.org\/es\/informa-t\/actualitat-es\/el-foro-de-fundacion-esplai-reune-a-250-jovenes-por-la-igualdad-de-genero\/"]}]},{"@type":"ImageObject","inLanguage":"es","@id":"https:\/\/fundesplai.org\/es\/informa-t\/actualitat-es\/el-foro-de-fundacion-esplai-reune-a-250-jovenes-por-la-igualdad-de-genero\/#primaryimage","url":"https:\/\/fundesplai.org\/test-joomla\/wp-content\/uploads\/sites\/26\/2018\/05\/Foro3.jpg","contentUrl":"https:\/\/fundesplai.org\/test-joomla\/wp-content\/uploads\/sites\/26\/2018\/05\/Foro3.jpg"},{"@type":"BreadcrumbList","@id":"https:\/\/fundesplai.org\/es\/informa-t\/actualitat-es\/el-foro-de-fundacion-esplai-reune-a-250-jovenes-por-la-igualdad-de-genero\/#breadcrumb","itemListElement":[{"@type":"ListItem","position":1,"name":"Inici","item":"https:\/\/fundesplai.org\/es\/inicio\/"},{"@type":"ListItem","position":2,"name":"Inf\u00f3rmate","item":"https:\/\/fundesplai.org\/es\/informate\/"},{"@type":"ListItem","position":3,"name":"Sin categor\u00eda","item":"https:\/\/fundesplai.org\/es\/informa-t\/category\/sin-categoria\/"},{"@type":"ListItem","position":4,"name":"El Foro de Fundaci\u00f3n Esplai re\u00fane a 250 j\u00f3venes por la igualdad de g\u00e9nero"}]},{"@type":"WebSite","@id":"https:\/\/fundesplai.org\/es\/#website","url":"https:\/\/fundesplai.org\/es\/","name":"Fundesplai","description":"Eduquem per la conviv\u00e8ncia i la sostenibilitat","potentialAction":[{"@type":"SearchAction","target":{"@type":"EntryPoint","urlTemplate":"https:\/\/fundesplai.org\/es\/?s={search_term_string}"},"query-input":{"@type":"PropertyValueSpecification","valueRequired":true,"valueName":"search_term_string"}}],"inLanguage":"es"},{"@type":"Person","@id":"https:\/\/fundesplai.org\/es\/#\/schema\/person\/c0e9e7466bb8ac06f5264324a6109733","name":"Alfons Valle","image":{"@type":"ImageObject","inLanguage":"es","@id":"https:\/\/secure.gravatar.com\/avatar\/71d95a3f99a068ba570ac1314ed6911a59c5ae3f22ffcf23631cd1a861a640bc?s=96&d=mm&r=g","url":"https:\/\/secure.gravatar.com\/avatar\/71d95a3f99a068ba570ac1314ed6911a59c5ae3f22ffcf23631cd1a861a640bc?s=96&d=mm&r=g","contentUrl":"https:\/\/secure.gravatar.com\/avatar\/71d95a3f99a068ba570ac1314ed6911a59c5ae3f22ffcf23631cd1a861a640bc?s=96&d=mm&r=g","caption":"Alfons Valle"},"url":"https:\/\/fundesplai.org\/es\/informa-t\/author\/avalle\/"}]}},"_links":{"self":[{"href":"https:\/\/fundesplai.org\/es\/wp-json\/wp\/v2\/posts\/47837","targetHints":{"allow":["GET"]}}],"collection":[{"href":"https:\/\/fundesplai.org\/es\/wp-json\/wp\/v2\/posts"}],"about":[{"href":"https:\/\/fundesplai.org\/es\/wp-json\/wp\/v2\/types\/post"}],"author":[{"embeddable":true,"href":"https:\/\/fundesplai.org\/es\/wp-json\/wp\/v2\/users\/9"}],"replies":[{"embeddable":true,"href":"https:\/\/fundesplai.org\/es\/wp-json\/wp\/v2\/comments?post=47837"}],"version-history":[{"count":0,"href":"https:\/\/fundesplai.org\/es\/wp-json\/wp\/v2\/posts\/47837\/revisions"}],"wp:attachment":[{"href":"https:\/\/fundesplai.org\/es\/wp-json\/wp\/v2\/media?parent=47837"}],"wp:term":[{"taxonomy":"category","embeddable":true,"href":"https:\/\/fundesplai.org\/es\/wp-json\/wp\/v2\/categories?post=47837"},{"taxonomy":"post_tag","embeddable":true,"href":"https:\/\/fundesplai.org\/es\/wp-json\/wp\/v2\/tags?post=47837"}],"curies":[{"name":"wp","href":"https:\/\/api.w.org\/{rel}","templated":true}]}}