{"id":47836,"date":"2018-05-30T16:30:16","date_gmt":"2018-05-30T14:30:16","guid":{"rendered":"https:\/\/fundesplai.org\/informa-t\/sense-categoria\/chicas-y-chicos-del-esplai-macedonia-castelldefels-hacen-propuestas-por-la-igualdad-de-genero\/"},"modified":"2018-05-30T16:30:16","modified_gmt":"2018-05-30T14:30:16","slug":"chicas-y-chicos-del-esplai-macedonia-castelldefels-hacen-propuestas-por-la-igualdad-de-genero","status":"publish","type":"post","link":"https:\/\/fundesplai.org\/es\/informa-t\/actualitat-es\/chicas-y-chicos-del-esplai-macedonia-castelldefels-hacen-propuestas-por-la-igualdad-de-genero\/","title":{"rendered":"Chicas y chicos del Esplai Macedonia (Castelldefels) hacen propuestas por la igualdad de g\u00e9nero"},"content":{"rendered":"<p>El Esplai Macedonia,&nbsp;Servicio de ocio ni\u00f1os y j\u00f3venes con diversidad funcional (Castelldefels), que gestiona Fundesplai desde hace 2 a\u00f1os y medio, dio a conocer&nbsp;dio a conocer ayer un mural que se ha plasmado en el patio del esparcimiento, donde j\u00f3venes han pintado valores y s\u00edmbolos relacionados con \u00abEncoratja&#8217;t\u00bb, la propuesta educativa por la igualdad de g\u00e9nero y la violencia cero.<\/p>\n<p><!--more--><\/p>\n<p><img decoding=\"async\" class=\" size-full wp-image-5470\" src=\"https:\/\/fundesplai.org\/test-joomla\/wp-content\/uploads\/sites\/26\/2018\/05\/macedonia_def.jpg\" alt=\"macedonia def\" width=\"100%\" height=\"NaN\"><\/p>\n<p><span>El Esplai Macedonia,&nbsp;Servicio de ocio ni\u00f1os y j\u00f3venes con diversidad funcional (Castelldefels), que gestiona Fundesplai desde hace 2 a\u00f1os y medio, dio a conocer ayer un mural que se ha plasmado en el patio del esparcimiento, donde los ni\u00f1os, j\u00f3venes y monitores \/se han pintado valores y s\u00edmbolos&nbsp;relacionados con \u00abEncoratja&#8217;t\u00bb, la propuesta educativa por la igualdad de g\u00e9nero y la violencia cero.. Para ello, han utilizado la tipograf\u00eda de Anna Vives, una chica con s\u00edndrome de down que ha dise\u00f1ado su propia letra,&nbsp;<\/span>y se ha hecho eco con algunas frases de su libro \u00abSi crees en m\u00ed, te sorprender\u00e9\u00bb. Anna Vives particip\u00f3 en el acto y firm\u00f3 el mural de la pared.<\/p>\n<p>Adem\u00e1s, durante el mismo acto tambi\u00e9n&nbsp;presentaron el proyecto de aprendizaje servicio \u201cmi barrio, Els Canyars\u201d donde a trav\u00e9s de diferentes acciones en el barrio (fotos denuncias, encuestas a los vecinos&#8230;) &nbsp;se han elaborado unos murales para hacer visibles estas propuestas y se ha construido una maqueta con los equipamientos que faltan, la mejora de la accesibilidad y ampliaci\u00f3n de zonas verdes. La maqueta y propuestas se har\u00e1n llegar personalmente a la Alcadesa.<\/p>\n<p>La jornada cont\u00f3 con la presencia de ni\u00f1os, j\u00f3venes, familias y educadores\/as del Esplai Macedonia.&nbsp; Tambi\u00e9n contaron con representaci\u00f3n del Instituto Mediterr\u00e1neo que a trav\u00e9s del servicio comunitario de algunos alumnos han colaborado en llevar a cabo ambos proyectos.<\/p>\n","protected":false},"excerpt":{"rendered":"<p>El Esplai Macedonia,&nbsp;Servicio de ocio ni\u00f1os y j\u00f3venes con diversidad funcional (Castelldefels), que gestiona Fundesplai desde hace 2 a\u00f1os y medio, dio a conocer&nbsp;dio a conocer ayer un mural que se ha plasmado en el patio del esparcimiento, donde j\u00f3venes han pintado valores y s\u00edmbolos relacionados con \u00abEncoratja&#8217;t\u00bb, la propuesta educativa por la igualdad de [&hellip;]<\/p>\n","protected":false},"author":4,"featured_media":0,"comment_status":"closed","ping_status":"closed","sticky":false,"template":"","format":"standard","meta":{"_et_pb_use_builder":"","_et_pb_old_content":"","_et_gb_content_width":"","footnotes":""},"categories":[937],"tags":[],"class_list":["post-47836","post","type-post","status-publish","format-standard","hentry","category-actualitat-es"],"yoast_head":"<!-- This site is optimized with the Yoast SEO plugin v27.4 - https:\/\/yoast.com\/product\/yoast-seo-wordpress\/ -->\n<title>Chicas y chicos del Esplai Macedonia (Castelldefels) hacen propuestas por la igualdad de g\u00e9nero - Fundesplai<\/title>\n<meta name=\"robots\" content=\"index, follow, max-snippet:-1, max-image-preview:large, max-video-preview:-1\" \/>\n<link rel=\"canonical\" href=\"https:\/\/fundesplai.org\/es\/informa-t\/actualitat-es\/chicas-y-chicos-del-esplai-macedonia-castelldefels-hacen-propuestas-por-la-igualdad-de-genero\/\" \/>\n<meta property=\"og:locale\" content=\"es_ES\" \/>\n<meta property=\"og:type\" content=\"article\" \/>\n<meta property=\"og:title\" content=\"Chicas y chicos del Esplai Macedonia (Castelldefels) hacen propuestas por la igualdad de g\u00e9nero - Fundesplai\" \/>\n<meta property=\"og:description\" content=\"El Esplai Macedonia,&nbsp;Servicio de ocio ni\u00f1os y j\u00f3venes con diversidad funcional (Castelldefels), que gestiona Fundesplai desde hace 2 a\u00f1os y medio, dio a conocer&nbsp;dio a conocer ayer un mural que se ha plasmado en el patio del esparcimiento, donde j\u00f3venes han pintado valores y s\u00edmbolos relacionados con \u00abEncoratja&#8217;t\u00bb, la propuesta educativa por la igualdad de [&hellip;]\" \/>\n<meta property=\"og:url\" content=\"https:\/\/fundesplai.org\/es\/informa-t\/actualitat-es\/chicas-y-chicos-del-esplai-macedonia-castelldefels-hacen-propuestas-por-la-igualdad-de-genero\/\" \/>\n<meta property=\"og:site_name\" content=\"Fundesplai\" \/>\n<meta property=\"article:published_time\" content=\"2018-05-30T14:30:16+00:00\" \/>\n<meta property=\"og:image\" content=\"https:\/\/fundesplai.org\/test-joomla\/wp-content\/uploads\/sites\/26\/2018\/05\/macedonia_def.jpg\" \/>\n<meta name=\"author\" content=\"Ferran\" \/>\n<meta name=\"twitter:card\" content=\"summary_large_image\" \/>\n<meta name=\"twitter:label1\" content=\"Escrito por\" \/>\n\t<meta name=\"twitter:data1\" content=\"Ferran\" \/>\n\t<meta name=\"twitter:label2\" content=\"Tiempo de lectura\" \/>\n\t<meta name=\"twitter:data2\" content=\"2 minutos\" \/>\n<script type=\"application\/ld+json\" class=\"yoast-schema-graph\">{\"@context\":\"https:\\\/\\\/schema.org\",\"@graph\":[{\"@type\":\"Article\",\"@id\":\"https:\\\/\\\/fundesplai.org\\\/es\\\/informa-t\\\/actualitat-es\\\/chicas-y-chicos-del-esplai-macedonia-castelldefels-hacen-propuestas-por-la-igualdad-de-genero\\\/#article\",\"isPartOf\":{\"@id\":\"https:\\\/\\\/fundesplai.org\\\/es\\\/informa-t\\\/actualitat-es\\\/chicas-y-chicos-del-esplai-macedonia-castelldefels-hacen-propuestas-por-la-igualdad-de-genero\\\/\"},\"author\":{\"name\":\"Ferran\",\"@id\":\"https:\\\/\\\/fundesplai.org\\\/es\\\/#\\\/schema\\\/person\\\/67e7825d8ec54561cc24e36ba6b0f633\"},\"headline\":\"Chicas y chicos del Esplai Macedonia (Castelldefels) hacen propuestas por la igualdad de g\u00e9nero\",\"datePublished\":\"2018-05-30T14:30:16+00:00\",\"mainEntityOfPage\":{\"@id\":\"https:\\\/\\\/fundesplai.org\\\/es\\\/informa-t\\\/actualitat-es\\\/chicas-y-chicos-del-esplai-macedonia-castelldefels-hacen-propuestas-por-la-igualdad-de-genero\\\/\"},\"wordCount\":340,\"image\":{\"@id\":\"https:\\\/\\\/fundesplai.org\\\/es\\\/informa-t\\\/actualitat-es\\\/chicas-y-chicos-del-esplai-macedonia-castelldefels-hacen-propuestas-por-la-igualdad-de-genero\\\/#primaryimage\"},\"thumbnailUrl\":\"https:\\\/\\\/fundesplai.org\\\/test-joomla\\\/wp-content\\\/uploads\\\/sites\\\/26\\\/2018\\\/05\\\/macedonia_def.jpg\",\"articleSection\":[\"Actualitat\"],\"inLanguage\":\"es\"},{\"@type\":\"WebPage\",\"@id\":\"https:\\\/\\\/fundesplai.org\\\/es\\\/informa-t\\\/actualitat-es\\\/chicas-y-chicos-del-esplai-macedonia-castelldefels-hacen-propuestas-por-la-igualdad-de-genero\\\/\",\"url\":\"https:\\\/\\\/fundesplai.org\\\/es\\\/informa-t\\\/actualitat-es\\\/chicas-y-chicos-del-esplai-macedonia-castelldefels-hacen-propuestas-por-la-igualdad-de-genero\\\/\",\"name\":\"Chicas y chicos del Esplai Macedonia (Castelldefels) hacen propuestas por la igualdad de g\u00e9nero - Fundesplai\",\"isPartOf\":{\"@id\":\"https:\\\/\\\/fundesplai.org\\\/es\\\/#website\"},\"primaryImageOfPage\":{\"@id\":\"https:\\\/\\\/fundesplai.org\\\/es\\\/informa-t\\\/actualitat-es\\\/chicas-y-chicos-del-esplai-macedonia-castelldefels-hacen-propuestas-por-la-igualdad-de-genero\\\/#primaryimage\"},\"image\":{\"@id\":\"https:\\\/\\\/fundesplai.org\\\/es\\\/informa-t\\\/actualitat-es\\\/chicas-y-chicos-del-esplai-macedonia-castelldefels-hacen-propuestas-por-la-igualdad-de-genero\\\/#primaryimage\"},\"thumbnailUrl\":\"https:\\\/\\\/fundesplai.org\\\/test-joomla\\\/wp-content\\\/uploads\\\/sites\\\/26\\\/2018\\\/05\\\/macedonia_def.jpg\",\"datePublished\":\"2018-05-30T14:30:16+00:00\",\"author\":{\"@id\":\"https:\\\/\\\/fundesplai.org\\\/es\\\/#\\\/schema\\\/person\\\/67e7825d8ec54561cc24e36ba6b0f633\"},\"breadcrumb\":{\"@id\":\"https:\\\/\\\/fundesplai.org\\\/es\\\/informa-t\\\/actualitat-es\\\/chicas-y-chicos-del-esplai-macedonia-castelldefels-hacen-propuestas-por-la-igualdad-de-genero\\\/#breadcrumb\"},\"inLanguage\":\"es\",\"potentialAction\":[{\"@type\":\"ReadAction\",\"target\":[\"https:\\\/\\\/fundesplai.org\\\/es\\\/informa-t\\\/actualitat-es\\\/chicas-y-chicos-del-esplai-macedonia-castelldefels-hacen-propuestas-por-la-igualdad-de-genero\\\/\"]}]},{\"@type\":\"ImageObject\",\"inLanguage\":\"es\",\"@id\":\"https:\\\/\\\/fundesplai.org\\\/es\\\/informa-t\\\/actualitat-es\\\/chicas-y-chicos-del-esplai-macedonia-castelldefels-hacen-propuestas-por-la-igualdad-de-genero\\\/#primaryimage\",\"url\":\"https:\\\/\\\/fundesplai.org\\\/test-joomla\\\/wp-content\\\/uploads\\\/sites\\\/26\\\/2018\\\/05\\\/macedonia_def.jpg\",\"contentUrl\":\"https:\\\/\\\/fundesplai.org\\\/test-joomla\\\/wp-content\\\/uploads\\\/sites\\\/26\\\/2018\\\/05\\\/macedonia_def.jpg\"},{\"@type\":\"BreadcrumbList\",\"@id\":\"https:\\\/\\\/fundesplai.org\\\/es\\\/informa-t\\\/actualitat-es\\\/chicas-y-chicos-del-esplai-macedonia-castelldefels-hacen-propuestas-por-la-igualdad-de-genero\\\/#breadcrumb\",\"itemListElement\":[{\"@type\":\"ListItem\",\"position\":1,\"name\":\"Inici\",\"item\":\"https:\\\/\\\/fundesplai.org\\\/es\\\/inicio\\\/\"},{\"@type\":\"ListItem\",\"position\":2,\"name\":\"Inf\u00f3rmate\",\"item\":\"https:\\\/\\\/fundesplai.org\\\/es\\\/informate\\\/\"},{\"@type\":\"ListItem\",\"position\":3,\"name\":\"Sin categor\u00eda\",\"item\":\"https:\\\/\\\/fundesplai.org\\\/es\\\/informa-t\\\/category\\\/sin-categoria\\\/\"},{\"@type\":\"ListItem\",\"position\":4,\"name\":\"Chicas y chicos del Esplai Macedonia (Castelldefels) hacen propuestas por la igualdad de g\u00e9nero\"}]},{\"@type\":\"WebSite\",\"@id\":\"https:\\\/\\\/fundesplai.org\\\/es\\\/#website\",\"url\":\"https:\\\/\\\/fundesplai.org\\\/es\\\/\",\"name\":\"Fundesplai\",\"description\":\"Eduquem per la conviv\u00e8ncia i la sostenibilitat\",\"potentialAction\":[{\"@type\":\"SearchAction\",\"target\":{\"@type\":\"EntryPoint\",\"urlTemplate\":\"https:\\\/\\\/fundesplai.org\\\/es\\\/?s={search_term_string}\"},\"query-input\":{\"@type\":\"PropertyValueSpecification\",\"valueRequired\":true,\"valueName\":\"search_term_string\"}}],\"inLanguage\":\"es\"},{\"@type\":\"Person\",\"@id\":\"https:\\\/\\\/fundesplai.org\\\/es\\\/#\\\/schema\\\/person\\\/67e7825d8ec54561cc24e36ba6b0f633\",\"name\":\"Ferran\",\"image\":{\"@type\":\"ImageObject\",\"inLanguage\":\"es\",\"@id\":\"https:\\\/\\\/secure.gravatar.com\\\/avatar\\\/a3510350976b58aae6eccd1e36f066b660a69ef63f97fde3cba8205db7db816a?s=96&d=mm&r=g\",\"url\":\"https:\\\/\\\/secure.gravatar.com\\\/avatar\\\/a3510350976b58aae6eccd1e36f066b660a69ef63f97fde3cba8205db7db816a?s=96&d=mm&r=g\",\"contentUrl\":\"https:\\\/\\\/secure.gravatar.com\\\/avatar\\\/a3510350976b58aae6eccd1e36f066b660a69ef63f97fde3cba8205db7db816a?s=96&d=mm&r=g\",\"caption\":\"Ferran\"},\"url\":\"https:\\\/\\\/fundesplai.org\\\/es\\\/informa-t\\\/author\\\/fvidal\\\/\"}]}<\/script>\n<!-- \/ Yoast SEO plugin. -->","yoast_head_json":{"title":"Chicas y chicos del Esplai Macedonia (Castelldefels) hacen propuestas por la igualdad de g\u00e9nero - Fundesplai","robots":{"index":"index","follow":"follow","max-snippet":"max-snippet:-1","max-image-preview":"max-image-preview:large","max-video-preview":"max-video-preview:-1"},"canonical":"https:\/\/fundesplai.org\/es\/informa-t\/actualitat-es\/chicas-y-chicos-del-esplai-macedonia-castelldefels-hacen-propuestas-por-la-igualdad-de-genero\/","og_locale":"es_ES","og_type":"article","og_title":"Chicas y chicos del Esplai Macedonia (Castelldefels) hacen propuestas por la igualdad de g\u00e9nero - Fundesplai","og_description":"El Esplai Macedonia,&nbsp;Servicio de ocio ni\u00f1os y j\u00f3venes con diversidad funcional (Castelldefels), que gestiona Fundesplai desde hace 2 a\u00f1os y medio, dio a conocer&nbsp;dio a conocer ayer un mural que se ha plasmado en el patio del esparcimiento, donde j\u00f3venes han pintado valores y s\u00edmbolos relacionados con \u00abEncoratja&#8217;t\u00bb, la propuesta educativa por la igualdad de [&hellip;]","og_url":"https:\/\/fundesplai.org\/es\/informa-t\/actualitat-es\/chicas-y-chicos-del-esplai-macedonia-castelldefels-hacen-propuestas-por-la-igualdad-de-genero\/","og_site_name":"Fundesplai","article_published_time":"2018-05-30T14:30:16+00:00","og_image":[{"url":"https:\/\/fundesplai.org\/test-joomla\/wp-content\/uploads\/sites\/26\/2018\/05\/macedonia_def.jpg","type":"","width":"","height":""}],"author":"Ferran","twitter_card":"summary_large_image","twitter_misc":{"Escrito por":"Ferran","Tiempo de lectura":"2 minutos"},"schema":{"@context":"https:\/\/schema.org","@graph":[{"@type":"Article","@id":"https:\/\/fundesplai.org\/es\/informa-t\/actualitat-es\/chicas-y-chicos-del-esplai-macedonia-castelldefels-hacen-propuestas-por-la-igualdad-de-genero\/#article","isPartOf":{"@id":"https:\/\/fundesplai.org\/es\/informa-t\/actualitat-es\/chicas-y-chicos-del-esplai-macedonia-castelldefels-hacen-propuestas-por-la-igualdad-de-genero\/"},"author":{"name":"Ferran","@id":"https:\/\/fundesplai.org\/es\/#\/schema\/person\/67e7825d8ec54561cc24e36ba6b0f633"},"headline":"Chicas y chicos del Esplai Macedonia (Castelldefels) hacen propuestas por la igualdad de g\u00e9nero","datePublished":"2018-05-30T14:30:16+00:00","mainEntityOfPage":{"@id":"https:\/\/fundesplai.org\/es\/informa-t\/actualitat-es\/chicas-y-chicos-del-esplai-macedonia-castelldefels-hacen-propuestas-por-la-igualdad-de-genero\/"},"wordCount":340,"image":{"@id":"https:\/\/fundesplai.org\/es\/informa-t\/actualitat-es\/chicas-y-chicos-del-esplai-macedonia-castelldefels-hacen-propuestas-por-la-igualdad-de-genero\/#primaryimage"},"thumbnailUrl":"https:\/\/fundesplai.org\/test-joomla\/wp-content\/uploads\/sites\/26\/2018\/05\/macedonia_def.jpg","articleSection":["Actualitat"],"inLanguage":"es"},{"@type":"WebPage","@id":"https:\/\/fundesplai.org\/es\/informa-t\/actualitat-es\/chicas-y-chicos-del-esplai-macedonia-castelldefels-hacen-propuestas-por-la-igualdad-de-genero\/","url":"https:\/\/fundesplai.org\/es\/informa-t\/actualitat-es\/chicas-y-chicos-del-esplai-macedonia-castelldefels-hacen-propuestas-por-la-igualdad-de-genero\/","name":"Chicas y chicos del Esplai Macedonia (Castelldefels) hacen propuestas por la igualdad de g\u00e9nero - Fundesplai","isPartOf":{"@id":"https:\/\/fundesplai.org\/es\/#website"},"primaryImageOfPage":{"@id":"https:\/\/fundesplai.org\/es\/informa-t\/actualitat-es\/chicas-y-chicos-del-esplai-macedonia-castelldefels-hacen-propuestas-por-la-igualdad-de-genero\/#primaryimage"},"image":{"@id":"https:\/\/fundesplai.org\/es\/informa-t\/actualitat-es\/chicas-y-chicos-del-esplai-macedonia-castelldefels-hacen-propuestas-por-la-igualdad-de-genero\/#primaryimage"},"thumbnailUrl":"https:\/\/fundesplai.org\/test-joomla\/wp-content\/uploads\/sites\/26\/2018\/05\/macedonia_def.jpg","datePublished":"2018-05-30T14:30:16+00:00","author":{"@id":"https:\/\/fundesplai.org\/es\/#\/schema\/person\/67e7825d8ec54561cc24e36ba6b0f633"},"breadcrumb":{"@id":"https:\/\/fundesplai.org\/es\/informa-t\/actualitat-es\/chicas-y-chicos-del-esplai-macedonia-castelldefels-hacen-propuestas-por-la-igualdad-de-genero\/#breadcrumb"},"inLanguage":"es","potentialAction":[{"@type":"ReadAction","target":["https:\/\/fundesplai.org\/es\/informa-t\/actualitat-es\/chicas-y-chicos-del-esplai-macedonia-castelldefels-hacen-propuestas-por-la-igualdad-de-genero\/"]}]},{"@type":"ImageObject","inLanguage":"es","@id":"https:\/\/fundesplai.org\/es\/informa-t\/actualitat-es\/chicas-y-chicos-del-esplai-macedonia-castelldefels-hacen-propuestas-por-la-igualdad-de-genero\/#primaryimage","url":"https:\/\/fundesplai.org\/test-joomla\/wp-content\/uploads\/sites\/26\/2018\/05\/macedonia_def.jpg","contentUrl":"https:\/\/fundesplai.org\/test-joomla\/wp-content\/uploads\/sites\/26\/2018\/05\/macedonia_def.jpg"},{"@type":"BreadcrumbList","@id":"https:\/\/fundesplai.org\/es\/informa-t\/actualitat-es\/chicas-y-chicos-del-esplai-macedonia-castelldefels-hacen-propuestas-por-la-igualdad-de-genero\/#breadcrumb","itemListElement":[{"@type":"ListItem","position":1,"name":"Inici","item":"https:\/\/fundesplai.org\/es\/inicio\/"},{"@type":"ListItem","position":2,"name":"Inf\u00f3rmate","item":"https:\/\/fundesplai.org\/es\/informate\/"},{"@type":"ListItem","position":3,"name":"Sin categor\u00eda","item":"https:\/\/fundesplai.org\/es\/informa-t\/category\/sin-categoria\/"},{"@type":"ListItem","position":4,"name":"Chicas y chicos del Esplai Macedonia (Castelldefels) hacen propuestas por la igualdad de g\u00e9nero"}]},{"@type":"WebSite","@id":"https:\/\/fundesplai.org\/es\/#website","url":"https:\/\/fundesplai.org\/es\/","name":"Fundesplai","description":"Eduquem per la conviv\u00e8ncia i la sostenibilitat","potentialAction":[{"@type":"SearchAction","target":{"@type":"EntryPoint","urlTemplate":"https:\/\/fundesplai.org\/es\/?s={search_term_string}"},"query-input":{"@type":"PropertyValueSpecification","valueRequired":true,"valueName":"search_term_string"}}],"inLanguage":"es"},{"@type":"Person","@id":"https:\/\/fundesplai.org\/es\/#\/schema\/person\/67e7825d8ec54561cc24e36ba6b0f633","name":"Ferran","image":{"@type":"ImageObject","inLanguage":"es","@id":"https:\/\/secure.gravatar.com\/avatar\/a3510350976b58aae6eccd1e36f066b660a69ef63f97fde3cba8205db7db816a?s=96&d=mm&r=g","url":"https:\/\/secure.gravatar.com\/avatar\/a3510350976b58aae6eccd1e36f066b660a69ef63f97fde3cba8205db7db816a?s=96&d=mm&r=g","contentUrl":"https:\/\/secure.gravatar.com\/avatar\/a3510350976b58aae6eccd1e36f066b660a69ef63f97fde3cba8205db7db816a?s=96&d=mm&r=g","caption":"Ferran"},"url":"https:\/\/fundesplai.org\/es\/informa-t\/author\/fvidal\/"}]}},"_links":{"self":[{"href":"https:\/\/fundesplai.org\/es\/wp-json\/wp\/v2\/posts\/47836","targetHints":{"allow":["GET"]}}],"collection":[{"href":"https:\/\/fundesplai.org\/es\/wp-json\/wp\/v2\/posts"}],"about":[{"href":"https:\/\/fundesplai.org\/es\/wp-json\/wp\/v2\/types\/post"}],"author":[{"embeddable":true,"href":"https:\/\/fundesplai.org\/es\/wp-json\/wp\/v2\/users\/4"}],"replies":[{"embeddable":true,"href":"https:\/\/fundesplai.org\/es\/wp-json\/wp\/v2\/comments?post=47836"}],"version-history":[{"count":0,"href":"https:\/\/fundesplai.org\/es\/wp-json\/wp\/v2\/posts\/47836\/revisions"}],"wp:attachment":[{"href":"https:\/\/fundesplai.org\/es\/wp-json\/wp\/v2\/media?parent=47836"}],"wp:term":[{"taxonomy":"category","embeddable":true,"href":"https:\/\/fundesplai.org\/es\/wp-json\/wp\/v2\/categories?post=47836"},{"taxonomy":"post_tag","embeddable":true,"href":"https:\/\/fundesplai.org\/es\/wp-json\/wp\/v2\/tags?post=47836"}],"curies":[{"name":"wp","href":"https:\/\/api.w.org\/{rel}","templated":true}]}}