{"id":47835,"date":"2018-05-18T10:29:50","date_gmt":"2018-05-18T08:29:50","guid":{"rendered":"https:\/\/fundesplai.org\/informa-t\/sense-categoria\/20-de-mayo-bioblitz-jornada-de-ciencia-ciudadana\/"},"modified":"2018-05-18T10:29:50","modified_gmt":"2018-05-18T08:29:50","slug":"20-de-mayo-bioblitz-jornada-de-ciencia-ciudadana","status":"publish","type":"post","link":"https:\/\/fundesplai.org\/es\/informa-t\/actualitat-es\/20-de-mayo-bioblitz-jornada-de-ciencia-ciudadana\/","title":{"rendered":"20 de mayo. Bioblitz, jornada de ciencia ciudadana"},"content":{"rendered":"<p>Organitzada por la<strong><a href=\"http:\/\/www.amb.cat\/s\/home.html\">\u00c1rea Metropolitana de Barcelona<\/a><\/strong>&nbsp;(AMB).<\/p>\n<p><!--more--><\/p>\n<p><img decoding=\"async\" class=\" size-full wp-image-5464\" src=\"https:\/\/fundesplai.org\/test-joomla\/wp-content\/uploads\/sites\/26\/2018\/05\/Bioblitz_web_px.jpg\" alt=\"Bioblitz, jornada de ciencia ciudadana. Domingo 20 de mayo\" width=\"100%\" height=\"NaN\"><\/p>\n<h3><strong>SE BUSCAN 1000 APASIONADOS DE LA NATURALEZA PARA HACER RECUENTO DE ESPECIES EN LOS ESPACIOS VERDES URBANOS<\/strong><\/h3>\n<p>Este domingo 20 de mayo la<strong><a href=\"http:\/\/www.amb.cat\/s\/home.html\">\u00c1rea Metropolitana de Barcelona<\/a><\/strong> (AMB) organiza el primer bioblitz metropolitano en la red de parques y en las playas metropolitanas<span style=\"background-color: transparent\">: una jornada<\/span> de ciencia ciudadana e investigaci\u00f3n naturalista <span style=\"background-color: transparent\">en el que la gente tendr\u00e1 la oportunidad de<\/span> conocer y valorar la gran biodiversidad urbana en estos espacios verdes<span style=\"background-color: transparent\">.<\/span><\/p>\n<p><strong> Un total de 35 jugatecambientals realizar\u00e1n actividades de forma simult\u00e1nea con propuestas muy <\/strong>diversas y enfoques de los censos de especies adaptados a las particularidades de cada espacio natural&nbsp; Fundesplai gestiona diferentes de estas jugatecas ambientales.<\/p>\n<p>Por ejemplo, en el parque del Litoral se har\u00e1 un censo de flora y fauna en la desembocadura del r\u00edo Bes\u00f2s, en el que los visitantes podr\u00e1n experimentar en propia piel que los espacios verdes urbanos, las playas metropolitanas y los cursos fluviales forman parte de una <strong>infraestructura verde y azul<\/strong> interconectada que sirve <strong>de h\u00e1bitat de muchas especies de p\u00e1jaros y de vegetaci\u00f3n<\/strong>.<\/p>\n<p><strong>Las actividades,<\/strong> que est\u00e1n a<strong>biertas a todo el mundo y no requieren una inscripci\u00f3n previa<\/strong>, se pueden consultar en la web <strong><a href=\"http:\/\/www.amb.cat\/jugatecambiental\">www.amb.cat\/jugatecambiental,<\/a><\/strong> donde hay un plano con las fichas correspondientes de todas las Jugatecambientals y sus programaciones espec\u00edficas.<\/p>\n<p><strong>Dia Mundial de la Biodiversidad<\/strong><\/p>\n<p><strong>Este bioblitz metropolitano se enmarca en el d\u00eda de Mundial de la Biodiversidad<\/strong>, que se celebrar\u00e1 el 22 de mayo en todo el planeta. <strong>Se trata de una actividad de ciencia ciudadana con el objetivo de que la gente viva en propia piel el trabajo de trabajo de campo que realizan los cient\u00edficos y al mismo tiempo permita el acercamiento del conocimiento cient\u00edfico<\/strong> a la sociedad de manera f\u00e1cil, did\u00e1ctica y pedag\u00f3gica a trav\u00e9s de la experimentaci\u00f3n. Se trata de un <strong>aprendizaje que sit\u00faa a las personas en el centro de este proceso<\/strong>, en el que los ni\u00f1os y ni\u00f1as se sienten involucrados y <strong>transmiten informaci\u00f3n y conocimiento que a posteriori es muy \u00fatil para investigaciones cient\u00edficas.<\/strong> <\/p>\n<p>En este sentido, <strong>todos los datos obtenidos durante esta jornada se volcar\u00e1n en las plataformas Ornitho y P\u00e1jaros del Jard\u00edn del Instituto Catal\u00e1n de Ornitolog\u00eda (ICO),<\/strong> las cuales tambi\u00e9n quedar\u00e1n reflejadas en la p\u00e1gina web del AMB a trav\u00e9s del <strong>visor de fauna<\/strong>: <a href=\"http:\/\/amb.ico-apps.org\/amb\">http:\/\/con.ico-apps.org\/con<\/a><\/p>\n<p><strong>Las redes sociales: el canal perfecto para la difusi\u00f3n del bioblitz<\/strong><\/p>\n<p>El AMB anima a los participantes a <strong>utilizar el twitter<\/strong> para <strong>dinamizar esta primera cita metropolitana de censo de especies<\/strong> con el objetivo de que las <strong>redes sociales sean un canal de comunicaci\u00f3n m\u00e1s para almacenar, transmitir y compartir informaci\u00f3n cient\u00edfica.<\/strong><\/p>\n<p>Las etiquetas <strong>#BioblitzAMB, #BioblitzMetropolit\u00e0, #Ci\u00e8nciaCiutadana i #JugatecambientalAMB<\/strong> y el perfil <strong>@JugatecaAMB<\/strong> servir\u00e1n para que los participantes puedan <strong>colgar im\u00e1genes de las diferentes especies que vayan encontrando<\/strong>, de tal modo que la ciencia ciudadana tambi\u00e9n estar\u00e1 bien viva y latente en el \u00e1mbito digital.era que la ci\u00e8ncia ciutadana tamb\u00e9 estar\u00e0 ben viva i latent en l\u2019\u00e0mbit digital.<\/p>\n","protected":false},"excerpt":{"rendered":"<p>Organitzada por la\u00c1rea Metropolitana de Barcelona&nbsp;(AMB).<\/p>\n","protected":false},"author":4,"featured_media":0,"comment_status":"closed","ping_status":"closed","sticky":false,"template":"","format":"standard","meta":{"_et_pb_use_builder":"","_et_pb_old_content":"","_et_gb_content_width":"","footnotes":""},"categories":[937],"tags":[],"class_list":["post-47835","post","type-post","status-publish","format-standard","hentry","category-actualitat-es"],"yoast_head":"<!-- This site is optimized with the Yoast SEO plugin v27.4 - https:\/\/yoast.com\/product\/yoast-seo-wordpress\/ -->\n<title>20 de mayo. Bioblitz, jornada de ciencia ciudadana - Fundesplai<\/title>\n<meta name=\"robots\" content=\"index, follow, max-snippet:-1, max-image-preview:large, max-video-preview:-1\" \/>\n<link rel=\"canonical\" href=\"https:\/\/fundesplai.org\/es\/informa-t\/actualitat-es\/20-de-mayo-bioblitz-jornada-de-ciencia-ciudadana\/\" \/>\n<meta property=\"og:locale\" content=\"es_ES\" \/>\n<meta property=\"og:type\" content=\"article\" \/>\n<meta property=\"og:title\" content=\"20 de mayo. Bioblitz, jornada de ciencia ciudadana - Fundesplai\" \/>\n<meta property=\"og:description\" content=\"Organitzada por la\u00c1rea Metropolitana de Barcelona&nbsp;(AMB).\" \/>\n<meta property=\"og:url\" content=\"https:\/\/fundesplai.org\/es\/informa-t\/actualitat-es\/20-de-mayo-bioblitz-jornada-de-ciencia-ciudadana\/\" \/>\n<meta property=\"og:site_name\" content=\"Fundesplai\" \/>\n<meta property=\"article:published_time\" content=\"2018-05-18T08:29:50+00:00\" \/>\n<meta property=\"og:image\" content=\"https:\/\/fundesplai.org\/test-joomla\/wp-content\/uploads\/sites\/26\/2018\/05\/Bioblitz_web_px.jpg\" \/>\n<meta name=\"author\" content=\"Ferran\" \/>\n<meta name=\"twitter:card\" content=\"summary_large_image\" \/>\n<meta name=\"twitter:label1\" content=\"Escrito por\" \/>\n\t<meta name=\"twitter:data1\" content=\"Ferran\" \/>\n\t<meta name=\"twitter:label2\" content=\"Tiempo de lectura\" \/>\n\t<meta name=\"twitter:data2\" content=\"3 minutos\" \/>\n<script type=\"application\/ld+json\" class=\"yoast-schema-graph\">{\"@context\":\"https:\\\/\\\/schema.org\",\"@graph\":[{\"@type\":\"Article\",\"@id\":\"https:\\\/\\\/fundesplai.org\\\/es\\\/informa-t\\\/actualitat-es\\\/20-de-mayo-bioblitz-jornada-de-ciencia-ciudadana\\\/#article\",\"isPartOf\":{\"@id\":\"https:\\\/\\\/fundesplai.org\\\/es\\\/informa-t\\\/actualitat-es\\\/20-de-mayo-bioblitz-jornada-de-ciencia-ciudadana\\\/\"},\"author\":{\"name\":\"Ferran\",\"@id\":\"https:\\\/\\\/fundesplai.org\\\/es\\\/#\\\/schema\\\/person\\\/67e7825d8ec54561cc24e36ba6b0f633\"},\"headline\":\"20 de mayo. Bioblitz, jornada de ciencia ciudadana\",\"datePublished\":\"2018-05-18T08:29:50+00:00\",\"mainEntityOfPage\":{\"@id\":\"https:\\\/\\\/fundesplai.org\\\/es\\\/informa-t\\\/actualitat-es\\\/20-de-mayo-bioblitz-jornada-de-ciencia-ciudadana\\\/\"},\"wordCount\":549,\"image\":{\"@id\":\"https:\\\/\\\/fundesplai.org\\\/es\\\/informa-t\\\/actualitat-es\\\/20-de-mayo-bioblitz-jornada-de-ciencia-ciudadana\\\/#primaryimage\"},\"thumbnailUrl\":\"https:\\\/\\\/fundesplai.org\\\/test-joomla\\\/wp-content\\\/uploads\\\/sites\\\/26\\\/2018\\\/05\\\/Bioblitz_web_px.jpg\",\"articleSection\":[\"Actualitat\"],\"inLanguage\":\"es\"},{\"@type\":\"WebPage\",\"@id\":\"https:\\\/\\\/fundesplai.org\\\/es\\\/informa-t\\\/actualitat-es\\\/20-de-mayo-bioblitz-jornada-de-ciencia-ciudadana\\\/\",\"url\":\"https:\\\/\\\/fundesplai.org\\\/es\\\/informa-t\\\/actualitat-es\\\/20-de-mayo-bioblitz-jornada-de-ciencia-ciudadana\\\/\",\"name\":\"20 de mayo. Bioblitz, jornada de ciencia ciudadana - Fundesplai\",\"isPartOf\":{\"@id\":\"https:\\\/\\\/fundesplai.org\\\/es\\\/#website\"},\"primaryImageOfPage\":{\"@id\":\"https:\\\/\\\/fundesplai.org\\\/es\\\/informa-t\\\/actualitat-es\\\/20-de-mayo-bioblitz-jornada-de-ciencia-ciudadana\\\/#primaryimage\"},\"image\":{\"@id\":\"https:\\\/\\\/fundesplai.org\\\/es\\\/informa-t\\\/actualitat-es\\\/20-de-mayo-bioblitz-jornada-de-ciencia-ciudadana\\\/#primaryimage\"},\"thumbnailUrl\":\"https:\\\/\\\/fundesplai.org\\\/test-joomla\\\/wp-content\\\/uploads\\\/sites\\\/26\\\/2018\\\/05\\\/Bioblitz_web_px.jpg\",\"datePublished\":\"2018-05-18T08:29:50+00:00\",\"author\":{\"@id\":\"https:\\\/\\\/fundesplai.org\\\/es\\\/#\\\/schema\\\/person\\\/67e7825d8ec54561cc24e36ba6b0f633\"},\"breadcrumb\":{\"@id\":\"https:\\\/\\\/fundesplai.org\\\/es\\\/informa-t\\\/actualitat-es\\\/20-de-mayo-bioblitz-jornada-de-ciencia-ciudadana\\\/#breadcrumb\"},\"inLanguage\":\"es\",\"potentialAction\":[{\"@type\":\"ReadAction\",\"target\":[\"https:\\\/\\\/fundesplai.org\\\/es\\\/informa-t\\\/actualitat-es\\\/20-de-mayo-bioblitz-jornada-de-ciencia-ciudadana\\\/\"]}]},{\"@type\":\"ImageObject\",\"inLanguage\":\"es\",\"@id\":\"https:\\\/\\\/fundesplai.org\\\/es\\\/informa-t\\\/actualitat-es\\\/20-de-mayo-bioblitz-jornada-de-ciencia-ciudadana\\\/#primaryimage\",\"url\":\"https:\\\/\\\/fundesplai.org\\\/test-joomla\\\/wp-content\\\/uploads\\\/sites\\\/26\\\/2018\\\/05\\\/Bioblitz_web_px.jpg\",\"contentUrl\":\"https:\\\/\\\/fundesplai.org\\\/test-joomla\\\/wp-content\\\/uploads\\\/sites\\\/26\\\/2018\\\/05\\\/Bioblitz_web_px.jpg\"},{\"@type\":\"BreadcrumbList\",\"@id\":\"https:\\\/\\\/fundesplai.org\\\/es\\\/informa-t\\\/actualitat-es\\\/20-de-mayo-bioblitz-jornada-de-ciencia-ciudadana\\\/#breadcrumb\",\"itemListElement\":[{\"@type\":\"ListItem\",\"position\":1,\"name\":\"Inici\",\"item\":\"https:\\\/\\\/fundesplai.org\\\/es\\\/inicio\\\/\"},{\"@type\":\"ListItem\",\"position\":2,\"name\":\"Inf\u00f3rmate\",\"item\":\"https:\\\/\\\/fundesplai.org\\\/es\\\/informate\\\/\"},{\"@type\":\"ListItem\",\"position\":3,\"name\":\"Sin categor\u00eda\",\"item\":\"https:\\\/\\\/fundesplai.org\\\/es\\\/informa-t\\\/category\\\/sin-categoria\\\/\"},{\"@type\":\"ListItem\",\"position\":4,\"name\":\"20 de mayo. Bioblitz, jornada de ciencia ciudadana\"}]},{\"@type\":\"WebSite\",\"@id\":\"https:\\\/\\\/fundesplai.org\\\/es\\\/#website\",\"url\":\"https:\\\/\\\/fundesplai.org\\\/es\\\/\",\"name\":\"Fundesplai\",\"description\":\"Eduquem per la conviv\u00e8ncia i la sostenibilitat\",\"potentialAction\":[{\"@type\":\"SearchAction\",\"target\":{\"@type\":\"EntryPoint\",\"urlTemplate\":\"https:\\\/\\\/fundesplai.org\\\/es\\\/?s={search_term_string}\"},\"query-input\":{\"@type\":\"PropertyValueSpecification\",\"valueRequired\":true,\"valueName\":\"search_term_string\"}}],\"inLanguage\":\"es\"},{\"@type\":\"Person\",\"@id\":\"https:\\\/\\\/fundesplai.org\\\/es\\\/#\\\/schema\\\/person\\\/67e7825d8ec54561cc24e36ba6b0f633\",\"name\":\"Ferran\",\"image\":{\"@type\":\"ImageObject\",\"inLanguage\":\"es\",\"@id\":\"https:\\\/\\\/secure.gravatar.com\\\/avatar\\\/a3510350976b58aae6eccd1e36f066b660a69ef63f97fde3cba8205db7db816a?s=96&d=mm&r=g\",\"url\":\"https:\\\/\\\/secure.gravatar.com\\\/avatar\\\/a3510350976b58aae6eccd1e36f066b660a69ef63f97fde3cba8205db7db816a?s=96&d=mm&r=g\",\"contentUrl\":\"https:\\\/\\\/secure.gravatar.com\\\/avatar\\\/a3510350976b58aae6eccd1e36f066b660a69ef63f97fde3cba8205db7db816a?s=96&d=mm&r=g\",\"caption\":\"Ferran\"},\"url\":\"https:\\\/\\\/fundesplai.org\\\/es\\\/informa-t\\\/author\\\/fvidal\\\/\"}]}<\/script>\n<!-- \/ Yoast SEO plugin. -->","yoast_head_json":{"title":"20 de mayo. Bioblitz, jornada de ciencia ciudadana - Fundesplai","robots":{"index":"index","follow":"follow","max-snippet":"max-snippet:-1","max-image-preview":"max-image-preview:large","max-video-preview":"max-video-preview:-1"},"canonical":"https:\/\/fundesplai.org\/es\/informa-t\/actualitat-es\/20-de-mayo-bioblitz-jornada-de-ciencia-ciudadana\/","og_locale":"es_ES","og_type":"article","og_title":"20 de mayo. Bioblitz, jornada de ciencia ciudadana - Fundesplai","og_description":"Organitzada por la\u00c1rea Metropolitana de Barcelona&nbsp;(AMB).","og_url":"https:\/\/fundesplai.org\/es\/informa-t\/actualitat-es\/20-de-mayo-bioblitz-jornada-de-ciencia-ciudadana\/","og_site_name":"Fundesplai","article_published_time":"2018-05-18T08:29:50+00:00","og_image":[{"url":"https:\/\/fundesplai.org\/test-joomla\/wp-content\/uploads\/sites\/26\/2018\/05\/Bioblitz_web_px.jpg","type":"","width":"","height":""}],"author":"Ferran","twitter_card":"summary_large_image","twitter_misc":{"Escrito por":"Ferran","Tiempo de lectura":"3 minutos"},"schema":{"@context":"https:\/\/schema.org","@graph":[{"@type":"Article","@id":"https:\/\/fundesplai.org\/es\/informa-t\/actualitat-es\/20-de-mayo-bioblitz-jornada-de-ciencia-ciudadana\/#article","isPartOf":{"@id":"https:\/\/fundesplai.org\/es\/informa-t\/actualitat-es\/20-de-mayo-bioblitz-jornada-de-ciencia-ciudadana\/"},"author":{"name":"Ferran","@id":"https:\/\/fundesplai.org\/es\/#\/schema\/person\/67e7825d8ec54561cc24e36ba6b0f633"},"headline":"20 de mayo. Bioblitz, jornada de ciencia ciudadana","datePublished":"2018-05-18T08:29:50+00:00","mainEntityOfPage":{"@id":"https:\/\/fundesplai.org\/es\/informa-t\/actualitat-es\/20-de-mayo-bioblitz-jornada-de-ciencia-ciudadana\/"},"wordCount":549,"image":{"@id":"https:\/\/fundesplai.org\/es\/informa-t\/actualitat-es\/20-de-mayo-bioblitz-jornada-de-ciencia-ciudadana\/#primaryimage"},"thumbnailUrl":"https:\/\/fundesplai.org\/test-joomla\/wp-content\/uploads\/sites\/26\/2018\/05\/Bioblitz_web_px.jpg","articleSection":["Actualitat"],"inLanguage":"es"},{"@type":"WebPage","@id":"https:\/\/fundesplai.org\/es\/informa-t\/actualitat-es\/20-de-mayo-bioblitz-jornada-de-ciencia-ciudadana\/","url":"https:\/\/fundesplai.org\/es\/informa-t\/actualitat-es\/20-de-mayo-bioblitz-jornada-de-ciencia-ciudadana\/","name":"20 de mayo. Bioblitz, jornada de ciencia ciudadana - Fundesplai","isPartOf":{"@id":"https:\/\/fundesplai.org\/es\/#website"},"primaryImageOfPage":{"@id":"https:\/\/fundesplai.org\/es\/informa-t\/actualitat-es\/20-de-mayo-bioblitz-jornada-de-ciencia-ciudadana\/#primaryimage"},"image":{"@id":"https:\/\/fundesplai.org\/es\/informa-t\/actualitat-es\/20-de-mayo-bioblitz-jornada-de-ciencia-ciudadana\/#primaryimage"},"thumbnailUrl":"https:\/\/fundesplai.org\/test-joomla\/wp-content\/uploads\/sites\/26\/2018\/05\/Bioblitz_web_px.jpg","datePublished":"2018-05-18T08:29:50+00:00","author":{"@id":"https:\/\/fundesplai.org\/es\/#\/schema\/person\/67e7825d8ec54561cc24e36ba6b0f633"},"breadcrumb":{"@id":"https:\/\/fundesplai.org\/es\/informa-t\/actualitat-es\/20-de-mayo-bioblitz-jornada-de-ciencia-ciudadana\/#breadcrumb"},"inLanguage":"es","potentialAction":[{"@type":"ReadAction","target":["https:\/\/fundesplai.org\/es\/informa-t\/actualitat-es\/20-de-mayo-bioblitz-jornada-de-ciencia-ciudadana\/"]}]},{"@type":"ImageObject","inLanguage":"es","@id":"https:\/\/fundesplai.org\/es\/informa-t\/actualitat-es\/20-de-mayo-bioblitz-jornada-de-ciencia-ciudadana\/#primaryimage","url":"https:\/\/fundesplai.org\/test-joomla\/wp-content\/uploads\/sites\/26\/2018\/05\/Bioblitz_web_px.jpg","contentUrl":"https:\/\/fundesplai.org\/test-joomla\/wp-content\/uploads\/sites\/26\/2018\/05\/Bioblitz_web_px.jpg"},{"@type":"BreadcrumbList","@id":"https:\/\/fundesplai.org\/es\/informa-t\/actualitat-es\/20-de-mayo-bioblitz-jornada-de-ciencia-ciudadana\/#breadcrumb","itemListElement":[{"@type":"ListItem","position":1,"name":"Inici","item":"https:\/\/fundesplai.org\/es\/inicio\/"},{"@type":"ListItem","position":2,"name":"Inf\u00f3rmate","item":"https:\/\/fundesplai.org\/es\/informate\/"},{"@type":"ListItem","position":3,"name":"Sin categor\u00eda","item":"https:\/\/fundesplai.org\/es\/informa-t\/category\/sin-categoria\/"},{"@type":"ListItem","position":4,"name":"20 de mayo. Bioblitz, jornada de ciencia ciudadana"}]},{"@type":"WebSite","@id":"https:\/\/fundesplai.org\/es\/#website","url":"https:\/\/fundesplai.org\/es\/","name":"Fundesplai","description":"Eduquem per la conviv\u00e8ncia i la sostenibilitat","potentialAction":[{"@type":"SearchAction","target":{"@type":"EntryPoint","urlTemplate":"https:\/\/fundesplai.org\/es\/?s={search_term_string}"},"query-input":{"@type":"PropertyValueSpecification","valueRequired":true,"valueName":"search_term_string"}}],"inLanguage":"es"},{"@type":"Person","@id":"https:\/\/fundesplai.org\/es\/#\/schema\/person\/67e7825d8ec54561cc24e36ba6b0f633","name":"Ferran","image":{"@type":"ImageObject","inLanguage":"es","@id":"https:\/\/secure.gravatar.com\/avatar\/a3510350976b58aae6eccd1e36f066b660a69ef63f97fde3cba8205db7db816a?s=96&d=mm&r=g","url":"https:\/\/secure.gravatar.com\/avatar\/a3510350976b58aae6eccd1e36f066b660a69ef63f97fde3cba8205db7db816a?s=96&d=mm&r=g","contentUrl":"https:\/\/secure.gravatar.com\/avatar\/a3510350976b58aae6eccd1e36f066b660a69ef63f97fde3cba8205db7db816a?s=96&d=mm&r=g","caption":"Ferran"},"url":"https:\/\/fundesplai.org\/es\/informa-t\/author\/fvidal\/"}]}},"_links":{"self":[{"href":"https:\/\/fundesplai.org\/es\/wp-json\/wp\/v2\/posts\/47835","targetHints":{"allow":["GET"]}}],"collection":[{"href":"https:\/\/fundesplai.org\/es\/wp-json\/wp\/v2\/posts"}],"about":[{"href":"https:\/\/fundesplai.org\/es\/wp-json\/wp\/v2\/types\/post"}],"author":[{"embeddable":true,"href":"https:\/\/fundesplai.org\/es\/wp-json\/wp\/v2\/users\/4"}],"replies":[{"embeddable":true,"href":"https:\/\/fundesplai.org\/es\/wp-json\/wp\/v2\/comments?post=47835"}],"version-history":[{"count":0,"href":"https:\/\/fundesplai.org\/es\/wp-json\/wp\/v2\/posts\/47835\/revisions"}],"wp:attachment":[{"href":"https:\/\/fundesplai.org\/es\/wp-json\/wp\/v2\/media?parent=47835"}],"wp:term":[{"taxonomy":"category","embeddable":true,"href":"https:\/\/fundesplai.org\/es\/wp-json\/wp\/v2\/categories?post=47835"},{"taxonomy":"post_tag","embeddable":true,"href":"https:\/\/fundesplai.org\/es\/wp-json\/wp\/v2\/tags?post=47835"}],"curies":[{"name":"wp","href":"https:\/\/api.w.org\/{rel}","templated":true}]}}