{"id":47832,"date":"2018-05-17T12:30:20","date_gmt":"2018-05-17T10:30:20","guid":{"rendered":"https:\/\/fundesplai.org\/informa-t\/sense-categoria\/100-jovenes-del-tresca-jove-visitan-centre-esplai-y-toman-parte-en-el-debate-sobre-participacion-de-fundacion-esplai\/"},"modified":"2018-05-17T12:30:20","modified_gmt":"2018-05-17T10:30:20","slug":"100-jovenes-del-tresca-jove-visitan-centre-esplai-y-toman-parte-en-el-debate-sobre-participacion-de-fundacion-esplai","status":"publish","type":"post","link":"https:\/\/fundesplai.org\/es\/informa-t\/actualitat-es\/100-jovenes-del-tresca-jove-visitan-centre-esplai-y-toman-parte-en-el-debate-sobre-participacion-de-fundacion-esplai\/","title":{"rendered":"100 j\u00f3venes del Tresca Jove visitan Centre Esplai y toman parte en el debate sobre participaci\u00f3n de Fundaci\u00f3n Esplai"},"content":{"rendered":"<p>El d\u00eda 2 de mayo, cerca de 100 j\u00f3venes del proyecto &nbsp;<a href=\"ca\/infants-i-joves\/projectes-infants-i-joves\/tresca-jove\">Tresca Jove<\/a>&nbsp; de diferentes localidades (Barcelona, \u200b\u200bGav\u00e0, Vilanova y la Geltr\u00fa y Sant Sadurn\u00ed d&#8217;Anoia) se reunieron en el Auditori de&nbsp;<a href=\"http:\/\/www.albergueesplaibarcelona.com\/ca\/\">Centre Esplai<\/a>, al Prat de Llobregat.<\/p>\n<p><!--more--><\/p>\n<p class=\"intro\">El d\u00eda 2 de mayo, cerca de 100 j\u00f3venes del proyecto <a href=\"ca\/infants-i-joves\/projectes-infants-i-joves\/tresca-jove\">Tresca Joven<\/a> de diferentes localidades (Barcelona, \u200b\u200bGav\u00e0, Vilanova y la Geltr\u00fa y Sant Sadurn\u00ed d&#8217;Anoia) se reunieron en el Auditori de <a href=\"http:\/\/www.albergueesplaibarcelona.com\/ca\/\">Centro Esplai<\/a>,en El Prat de Llobregat, en un encuentro conjunto para conocer las instalaciones de Fundesplai y los proyectos que se llevan a cabo, y participar del debate \u201cJuventutd y participaci\u00f3 pol\u00edtica\u201d promovido por Fundaci\u00f3n Esplai.<\/p>\n<table style=\"height: 38px;width: 100%\">\n<tbody>\n<tr>\n<td colspan=\"2\"><img decoding=\"async\" class=\" size-full wp-image-5448\" src=\"https:\/\/fundesplai.org\/test-joomla\/wp-content\/uploads\/sites\/26\/2018\/05\/foto-grupo.jpg\" alt=\"Foto de grupo de los j\u00f3venes del Tresca Jove\" width=\"100%\" height=\"NaN\"><\/td>\n<\/tr>\n<tr>\n<td><img decoding=\"async\" class=\" size-full wp-image-5452\" src=\"https:\/\/fundesplai.org\/test-joomla\/wp-content\/uploads\/sites\/26\/2018\/05\/Jove_2.jpg\" alt=\"Foto j\u00f3venes del Tresca Joven de Fundesplai\" width=\"100%\" height=\"NaN\"><\/td>\n<td><img decoding=\"async\" class=\" size-full wp-image-5453\" src=\"https:\/\/fundesplai.org\/test-joomla\/wp-content\/uploads\/sites\/26\/2018\/05\/Jove_3.jpg\" alt=\"Foto j\u00f3venes del Tresca Joven de Fundesplai\" width=\"100%\" height=\"NaN\"><\/td>\n<\/tr>\n<\/tbody>\n<\/table>\n<p>Estas personas j\u00f3venes forman parte del programa de Garant\u00eda Juvenil que re\u00fane a personas de entre 19 y 29 a\u00f1os que se encuentran en situaci\u00f3n de paro.<\/p>\n<p><strong>Debate con protagonismo joven<\/strong><\/p>\n<p>El mismo d\u00eda se llev\u00f3 a cabo el debate \u201cJuventud y Participaci\u00f3n Pol\u00edtica. Compromiso de transformaci\u00f3n comunitaria\u201d promovido por <a href=\"http:\/\/fundacionesplai.org\">Fundaci\u00f3n Esplai<\/a>, donde los j\u00f3venes tuvieron la oportunidad de dialogar sobre aspectos tan relevantes como la implicaci\u00f3n de la juventud en la construcci\u00f3n de la futura democracia. Una participaci\u00f3n pol\u00edtica entendida como aquellas actuaciones que promueven la transformaci\u00f3n social.<\/p>\n<p>El debate sirvi\u00f3 para visualizar las dificultades que tienen hoy en d\u00eda los j\u00f3venes para ser escuchados, para que sus ideas sean tenidas en cuenta y para que los j\u00f3venes puedan ser verdaderos agentes de cambio, en una sociedad que no se puede , ni debe construir excluyente a la juventud.<\/p>\n","protected":false},"excerpt":{"rendered":"<p>El d\u00eda 2 de mayo, cerca de 100 j\u00f3venes del proyecto &nbsp;Tresca Jove&nbsp; de diferentes localidades (Barcelona, \u200b\u200bGav\u00e0, Vilanova y la Geltr\u00fa y Sant Sadurn\u00ed d&#8217;Anoia) se reunieron en el Auditori de&nbsp;Centre Esplai, al Prat de Llobregat.<\/p>\n","protected":false},"author":9,"featured_media":0,"comment_status":"closed","ping_status":"closed","sticky":false,"template":"","format":"standard","meta":{"_et_pb_use_builder":"","_et_pb_old_content":"","_et_gb_content_width":"","footnotes":""},"categories":[937],"tags":[987,989],"class_list":["post-47832","post","type-post","status-publish","format-standard","hentry","category-actualitat-es","tag-jovenes-es","tag-tresca-joven"],"yoast_head":"<!-- This site is optimized with the Yoast SEO plugin v27.4 - https:\/\/yoast.com\/product\/yoast-seo-wordpress\/ -->\n<title>100 j\u00f3venes del Tresca Jove visitan Centre Esplai y toman parte en el debate sobre participaci\u00f3n de Fundaci\u00f3n Esplai - Fundesplai<\/title>\n<meta name=\"robots\" content=\"index, follow, max-snippet:-1, max-image-preview:large, max-video-preview:-1\" \/>\n<link rel=\"canonical\" href=\"https:\/\/fundesplai.org\/es\/informa-t\/actualitat-es\/100-jovenes-del-tresca-jove-visitan-centre-esplai-y-toman-parte-en-el-debate-sobre-participacion-de-fundacion-esplai\/\" \/>\n<meta property=\"og:locale\" content=\"es_ES\" \/>\n<meta property=\"og:type\" content=\"article\" \/>\n<meta property=\"og:title\" content=\"100 j\u00f3venes del Tresca Jove visitan Centre Esplai y toman parte en el debate sobre participaci\u00f3n de Fundaci\u00f3n Esplai - Fundesplai\" \/>\n<meta property=\"og:description\" content=\"El d\u00eda 2 de mayo, cerca de 100 j\u00f3venes del proyecto &nbsp;Tresca Jove&nbsp; de diferentes localidades (Barcelona, \u200b\u200bGav\u00e0, Vilanova y la Geltr\u00fa y Sant Sadurn\u00ed d&#8217;Anoia) se reunieron en el Auditori de&nbsp;Centre Esplai, al Prat de Llobregat.\" \/>\n<meta property=\"og:url\" content=\"https:\/\/fundesplai.org\/es\/informa-t\/actualitat-es\/100-jovenes-del-tresca-jove-visitan-centre-esplai-y-toman-parte-en-el-debate-sobre-participacion-de-fundacion-esplai\/\" \/>\n<meta property=\"og:site_name\" content=\"Fundesplai\" \/>\n<meta property=\"article:published_time\" content=\"2018-05-17T10:30:20+00:00\" \/>\n<meta property=\"og:image\" content=\"https:\/\/fundesplai.org\/test-joomla\/wp-content\/uploads\/sites\/26\/2018\/05\/foto-grupo.jpg\" \/>\n<meta name=\"author\" content=\"Alfons Valle\" \/>\n<meta name=\"twitter:card\" content=\"summary_large_image\" \/>\n<meta name=\"twitter:label1\" content=\"Escrito por\" \/>\n\t<meta name=\"twitter:data1\" content=\"Alfons Valle\" \/>\n\t<meta name=\"twitter:label2\" content=\"Tiempo de lectura\" \/>\n\t<meta name=\"twitter:data2\" content=\"1 minuto\" \/>\n<script type=\"application\/ld+json\" class=\"yoast-schema-graph\">{\"@context\":\"https:\\\/\\\/schema.org\",\"@graph\":[{\"@type\":\"Article\",\"@id\":\"https:\\\/\\\/fundesplai.org\\\/es\\\/informa-t\\\/actualitat-es\\\/100-jovenes-del-tresca-jove-visitan-centre-esplai-y-toman-parte-en-el-debate-sobre-participacion-de-fundacion-esplai\\\/#article\",\"isPartOf\":{\"@id\":\"https:\\\/\\\/fundesplai.org\\\/es\\\/informa-t\\\/actualitat-es\\\/100-jovenes-del-tresca-jove-visitan-centre-esplai-y-toman-parte-en-el-debate-sobre-participacion-de-fundacion-esplai\\\/\"},\"author\":{\"name\":\"Alfons Valle\",\"@id\":\"https:\\\/\\\/fundesplai.org\\\/es\\\/#\\\/schema\\\/person\\\/c0e9e7466bb8ac06f5264324a6109733\"},\"headline\":\"100 j\u00f3venes del Tresca Jove visitan Centre Esplai y toman parte en el debate sobre participaci\u00f3n de Fundaci\u00f3n Esplai\",\"datePublished\":\"2018-05-17T10:30:20+00:00\",\"mainEntityOfPage\":{\"@id\":\"https:\\\/\\\/fundesplai.org\\\/es\\\/informa-t\\\/actualitat-es\\\/100-jovenes-del-tresca-jove-visitan-centre-esplai-y-toman-parte-en-el-debate-sobre-participacion-de-fundacion-esplai\\\/\"},\"wordCount\":291,\"image\":{\"@id\":\"https:\\\/\\\/fundesplai.org\\\/es\\\/informa-t\\\/actualitat-es\\\/100-jovenes-del-tresca-jove-visitan-centre-esplai-y-toman-parte-en-el-debate-sobre-participacion-de-fundacion-esplai\\\/#primaryimage\"},\"thumbnailUrl\":\"https:\\\/\\\/fundesplai.org\\\/test-joomla\\\/wp-content\\\/uploads\\\/sites\\\/26\\\/2018\\\/05\\\/foto-grupo.jpg\",\"keywords\":[\"j\u00f3venes\",\"tresca joven\"],\"articleSection\":[\"Actualitat\"],\"inLanguage\":\"es\"},{\"@type\":\"WebPage\",\"@id\":\"https:\\\/\\\/fundesplai.org\\\/es\\\/informa-t\\\/actualitat-es\\\/100-jovenes-del-tresca-jove-visitan-centre-esplai-y-toman-parte-en-el-debate-sobre-participacion-de-fundacion-esplai\\\/\",\"url\":\"https:\\\/\\\/fundesplai.org\\\/es\\\/informa-t\\\/actualitat-es\\\/100-jovenes-del-tresca-jove-visitan-centre-esplai-y-toman-parte-en-el-debate-sobre-participacion-de-fundacion-esplai\\\/\",\"name\":\"100 j\u00f3venes del Tresca Jove visitan Centre Esplai y toman parte en el debate sobre participaci\u00f3n de Fundaci\u00f3n Esplai - Fundesplai\",\"isPartOf\":{\"@id\":\"https:\\\/\\\/fundesplai.org\\\/es\\\/#website\"},\"primaryImageOfPage\":{\"@id\":\"https:\\\/\\\/fundesplai.org\\\/es\\\/informa-t\\\/actualitat-es\\\/100-jovenes-del-tresca-jove-visitan-centre-esplai-y-toman-parte-en-el-debate-sobre-participacion-de-fundacion-esplai\\\/#primaryimage\"},\"image\":{\"@id\":\"https:\\\/\\\/fundesplai.org\\\/es\\\/informa-t\\\/actualitat-es\\\/100-jovenes-del-tresca-jove-visitan-centre-esplai-y-toman-parte-en-el-debate-sobre-participacion-de-fundacion-esplai\\\/#primaryimage\"},\"thumbnailUrl\":\"https:\\\/\\\/fundesplai.org\\\/test-joomla\\\/wp-content\\\/uploads\\\/sites\\\/26\\\/2018\\\/05\\\/foto-grupo.jpg\",\"datePublished\":\"2018-05-17T10:30:20+00:00\",\"author\":{\"@id\":\"https:\\\/\\\/fundesplai.org\\\/es\\\/#\\\/schema\\\/person\\\/c0e9e7466bb8ac06f5264324a6109733\"},\"breadcrumb\":{\"@id\":\"https:\\\/\\\/fundesplai.org\\\/es\\\/informa-t\\\/actualitat-es\\\/100-jovenes-del-tresca-jove-visitan-centre-esplai-y-toman-parte-en-el-debate-sobre-participacion-de-fundacion-esplai\\\/#breadcrumb\"},\"inLanguage\":\"es\",\"potentialAction\":[{\"@type\":\"ReadAction\",\"target\":[\"https:\\\/\\\/fundesplai.org\\\/es\\\/informa-t\\\/actualitat-es\\\/100-jovenes-del-tresca-jove-visitan-centre-esplai-y-toman-parte-en-el-debate-sobre-participacion-de-fundacion-esplai\\\/\"]}]},{\"@type\":\"ImageObject\",\"inLanguage\":\"es\",\"@id\":\"https:\\\/\\\/fundesplai.org\\\/es\\\/informa-t\\\/actualitat-es\\\/100-jovenes-del-tresca-jove-visitan-centre-esplai-y-toman-parte-en-el-debate-sobre-participacion-de-fundacion-esplai\\\/#primaryimage\",\"url\":\"https:\\\/\\\/fundesplai.org\\\/test-joomla\\\/wp-content\\\/uploads\\\/sites\\\/26\\\/2018\\\/05\\\/foto-grupo.jpg\",\"contentUrl\":\"https:\\\/\\\/fundesplai.org\\\/test-joomla\\\/wp-content\\\/uploads\\\/sites\\\/26\\\/2018\\\/05\\\/foto-grupo.jpg\"},{\"@type\":\"BreadcrumbList\",\"@id\":\"https:\\\/\\\/fundesplai.org\\\/es\\\/informa-t\\\/actualitat-es\\\/100-jovenes-del-tresca-jove-visitan-centre-esplai-y-toman-parte-en-el-debate-sobre-participacion-de-fundacion-esplai\\\/#breadcrumb\",\"itemListElement\":[{\"@type\":\"ListItem\",\"position\":1,\"name\":\"Inici\",\"item\":\"https:\\\/\\\/fundesplai.org\\\/es\\\/inicio\\\/\"},{\"@type\":\"ListItem\",\"position\":2,\"name\":\"Inf\u00f3rmate\",\"item\":\"https:\\\/\\\/fundesplai.org\\\/es\\\/informate\\\/\"},{\"@type\":\"ListItem\",\"position\":3,\"name\":\"Sin categor\u00eda\",\"item\":\"https:\\\/\\\/fundesplai.org\\\/es\\\/informa-t\\\/category\\\/sin-categoria\\\/\"},{\"@type\":\"ListItem\",\"position\":4,\"name\":\"100 j\u00f3venes del Tresca Jove visitan Centre Esplai y toman parte en el debate sobre participaci\u00f3n de Fundaci\u00f3n Esplai\"}]},{\"@type\":\"WebSite\",\"@id\":\"https:\\\/\\\/fundesplai.org\\\/es\\\/#website\",\"url\":\"https:\\\/\\\/fundesplai.org\\\/es\\\/\",\"name\":\"Fundesplai\",\"description\":\"Eduquem per la conviv\u00e8ncia i la sostenibilitat\",\"potentialAction\":[{\"@type\":\"SearchAction\",\"target\":{\"@type\":\"EntryPoint\",\"urlTemplate\":\"https:\\\/\\\/fundesplai.org\\\/es\\\/?s={search_term_string}\"},\"query-input\":{\"@type\":\"PropertyValueSpecification\",\"valueRequired\":true,\"valueName\":\"search_term_string\"}}],\"inLanguage\":\"es\"},{\"@type\":\"Person\",\"@id\":\"https:\\\/\\\/fundesplai.org\\\/es\\\/#\\\/schema\\\/person\\\/c0e9e7466bb8ac06f5264324a6109733\",\"name\":\"Alfons Valle\",\"image\":{\"@type\":\"ImageObject\",\"inLanguage\":\"es\",\"@id\":\"https:\\\/\\\/secure.gravatar.com\\\/avatar\\\/71d95a3f99a068ba570ac1314ed6911a59c5ae3f22ffcf23631cd1a861a640bc?s=96&d=mm&r=g\",\"url\":\"https:\\\/\\\/secure.gravatar.com\\\/avatar\\\/71d95a3f99a068ba570ac1314ed6911a59c5ae3f22ffcf23631cd1a861a640bc?s=96&d=mm&r=g\",\"contentUrl\":\"https:\\\/\\\/secure.gravatar.com\\\/avatar\\\/71d95a3f99a068ba570ac1314ed6911a59c5ae3f22ffcf23631cd1a861a640bc?s=96&d=mm&r=g\",\"caption\":\"Alfons Valle\"},\"url\":\"https:\\\/\\\/fundesplai.org\\\/es\\\/informa-t\\\/author\\\/avalle\\\/\"}]}<\/script>\n<!-- \/ Yoast SEO plugin. -->","yoast_head_json":{"title":"100 j\u00f3venes del Tresca Jove visitan Centre Esplai y toman parte en el debate sobre participaci\u00f3n de Fundaci\u00f3n Esplai - Fundesplai","robots":{"index":"index","follow":"follow","max-snippet":"max-snippet:-1","max-image-preview":"max-image-preview:large","max-video-preview":"max-video-preview:-1"},"canonical":"https:\/\/fundesplai.org\/es\/informa-t\/actualitat-es\/100-jovenes-del-tresca-jove-visitan-centre-esplai-y-toman-parte-en-el-debate-sobre-participacion-de-fundacion-esplai\/","og_locale":"es_ES","og_type":"article","og_title":"100 j\u00f3venes del Tresca Jove visitan Centre Esplai y toman parte en el debate sobre participaci\u00f3n de Fundaci\u00f3n Esplai - Fundesplai","og_description":"El d\u00eda 2 de mayo, cerca de 100 j\u00f3venes del proyecto &nbsp;Tresca Jove&nbsp; de diferentes localidades (Barcelona, \u200b\u200bGav\u00e0, Vilanova y la Geltr\u00fa y Sant Sadurn\u00ed d&#8217;Anoia) se reunieron en el Auditori de&nbsp;Centre Esplai, al Prat de Llobregat.","og_url":"https:\/\/fundesplai.org\/es\/informa-t\/actualitat-es\/100-jovenes-del-tresca-jove-visitan-centre-esplai-y-toman-parte-en-el-debate-sobre-participacion-de-fundacion-esplai\/","og_site_name":"Fundesplai","article_published_time":"2018-05-17T10:30:20+00:00","og_image":[{"url":"https:\/\/fundesplai.org\/test-joomla\/wp-content\/uploads\/sites\/26\/2018\/05\/foto-grupo.jpg","type":"","width":"","height":""}],"author":"Alfons Valle","twitter_card":"summary_large_image","twitter_misc":{"Escrito por":"Alfons Valle","Tiempo de lectura":"1 minuto"},"schema":{"@context":"https:\/\/schema.org","@graph":[{"@type":"Article","@id":"https:\/\/fundesplai.org\/es\/informa-t\/actualitat-es\/100-jovenes-del-tresca-jove-visitan-centre-esplai-y-toman-parte-en-el-debate-sobre-participacion-de-fundacion-esplai\/#article","isPartOf":{"@id":"https:\/\/fundesplai.org\/es\/informa-t\/actualitat-es\/100-jovenes-del-tresca-jove-visitan-centre-esplai-y-toman-parte-en-el-debate-sobre-participacion-de-fundacion-esplai\/"},"author":{"name":"Alfons Valle","@id":"https:\/\/fundesplai.org\/es\/#\/schema\/person\/c0e9e7466bb8ac06f5264324a6109733"},"headline":"100 j\u00f3venes del Tresca Jove visitan Centre Esplai y toman parte en el debate sobre participaci\u00f3n de Fundaci\u00f3n Esplai","datePublished":"2018-05-17T10:30:20+00:00","mainEntityOfPage":{"@id":"https:\/\/fundesplai.org\/es\/informa-t\/actualitat-es\/100-jovenes-del-tresca-jove-visitan-centre-esplai-y-toman-parte-en-el-debate-sobre-participacion-de-fundacion-esplai\/"},"wordCount":291,"image":{"@id":"https:\/\/fundesplai.org\/es\/informa-t\/actualitat-es\/100-jovenes-del-tresca-jove-visitan-centre-esplai-y-toman-parte-en-el-debate-sobre-participacion-de-fundacion-esplai\/#primaryimage"},"thumbnailUrl":"https:\/\/fundesplai.org\/test-joomla\/wp-content\/uploads\/sites\/26\/2018\/05\/foto-grupo.jpg","keywords":["j\u00f3venes","tresca joven"],"articleSection":["Actualitat"],"inLanguage":"es"},{"@type":"WebPage","@id":"https:\/\/fundesplai.org\/es\/informa-t\/actualitat-es\/100-jovenes-del-tresca-jove-visitan-centre-esplai-y-toman-parte-en-el-debate-sobre-participacion-de-fundacion-esplai\/","url":"https:\/\/fundesplai.org\/es\/informa-t\/actualitat-es\/100-jovenes-del-tresca-jove-visitan-centre-esplai-y-toman-parte-en-el-debate-sobre-participacion-de-fundacion-esplai\/","name":"100 j\u00f3venes del Tresca Jove visitan Centre Esplai y toman parte en el debate sobre participaci\u00f3n de Fundaci\u00f3n Esplai - Fundesplai","isPartOf":{"@id":"https:\/\/fundesplai.org\/es\/#website"},"primaryImageOfPage":{"@id":"https:\/\/fundesplai.org\/es\/informa-t\/actualitat-es\/100-jovenes-del-tresca-jove-visitan-centre-esplai-y-toman-parte-en-el-debate-sobre-participacion-de-fundacion-esplai\/#primaryimage"},"image":{"@id":"https:\/\/fundesplai.org\/es\/informa-t\/actualitat-es\/100-jovenes-del-tresca-jove-visitan-centre-esplai-y-toman-parte-en-el-debate-sobre-participacion-de-fundacion-esplai\/#primaryimage"},"thumbnailUrl":"https:\/\/fundesplai.org\/test-joomla\/wp-content\/uploads\/sites\/26\/2018\/05\/foto-grupo.jpg","datePublished":"2018-05-17T10:30:20+00:00","author":{"@id":"https:\/\/fundesplai.org\/es\/#\/schema\/person\/c0e9e7466bb8ac06f5264324a6109733"},"breadcrumb":{"@id":"https:\/\/fundesplai.org\/es\/informa-t\/actualitat-es\/100-jovenes-del-tresca-jove-visitan-centre-esplai-y-toman-parte-en-el-debate-sobre-participacion-de-fundacion-esplai\/#breadcrumb"},"inLanguage":"es","potentialAction":[{"@type":"ReadAction","target":["https:\/\/fundesplai.org\/es\/informa-t\/actualitat-es\/100-jovenes-del-tresca-jove-visitan-centre-esplai-y-toman-parte-en-el-debate-sobre-participacion-de-fundacion-esplai\/"]}]},{"@type":"ImageObject","inLanguage":"es","@id":"https:\/\/fundesplai.org\/es\/informa-t\/actualitat-es\/100-jovenes-del-tresca-jove-visitan-centre-esplai-y-toman-parte-en-el-debate-sobre-participacion-de-fundacion-esplai\/#primaryimage","url":"https:\/\/fundesplai.org\/test-joomla\/wp-content\/uploads\/sites\/26\/2018\/05\/foto-grupo.jpg","contentUrl":"https:\/\/fundesplai.org\/test-joomla\/wp-content\/uploads\/sites\/26\/2018\/05\/foto-grupo.jpg"},{"@type":"BreadcrumbList","@id":"https:\/\/fundesplai.org\/es\/informa-t\/actualitat-es\/100-jovenes-del-tresca-jove-visitan-centre-esplai-y-toman-parte-en-el-debate-sobre-participacion-de-fundacion-esplai\/#breadcrumb","itemListElement":[{"@type":"ListItem","position":1,"name":"Inici","item":"https:\/\/fundesplai.org\/es\/inicio\/"},{"@type":"ListItem","position":2,"name":"Inf\u00f3rmate","item":"https:\/\/fundesplai.org\/es\/informate\/"},{"@type":"ListItem","position":3,"name":"Sin categor\u00eda","item":"https:\/\/fundesplai.org\/es\/informa-t\/category\/sin-categoria\/"},{"@type":"ListItem","position":4,"name":"100 j\u00f3venes del Tresca Jove visitan Centre Esplai y toman parte en el debate sobre participaci\u00f3n de Fundaci\u00f3n Esplai"}]},{"@type":"WebSite","@id":"https:\/\/fundesplai.org\/es\/#website","url":"https:\/\/fundesplai.org\/es\/","name":"Fundesplai","description":"Eduquem per la conviv\u00e8ncia i la sostenibilitat","potentialAction":[{"@type":"SearchAction","target":{"@type":"EntryPoint","urlTemplate":"https:\/\/fundesplai.org\/es\/?s={search_term_string}"},"query-input":{"@type":"PropertyValueSpecification","valueRequired":true,"valueName":"search_term_string"}}],"inLanguage":"es"},{"@type":"Person","@id":"https:\/\/fundesplai.org\/es\/#\/schema\/person\/c0e9e7466bb8ac06f5264324a6109733","name":"Alfons Valle","image":{"@type":"ImageObject","inLanguage":"es","@id":"https:\/\/secure.gravatar.com\/avatar\/71d95a3f99a068ba570ac1314ed6911a59c5ae3f22ffcf23631cd1a861a640bc?s=96&d=mm&r=g","url":"https:\/\/secure.gravatar.com\/avatar\/71d95a3f99a068ba570ac1314ed6911a59c5ae3f22ffcf23631cd1a861a640bc?s=96&d=mm&r=g","contentUrl":"https:\/\/secure.gravatar.com\/avatar\/71d95a3f99a068ba570ac1314ed6911a59c5ae3f22ffcf23631cd1a861a640bc?s=96&d=mm&r=g","caption":"Alfons Valle"},"url":"https:\/\/fundesplai.org\/es\/informa-t\/author\/avalle\/"}]}},"_links":{"self":[{"href":"https:\/\/fundesplai.org\/es\/wp-json\/wp\/v2\/posts\/47832","targetHints":{"allow":["GET"]}}],"collection":[{"href":"https:\/\/fundesplai.org\/es\/wp-json\/wp\/v2\/posts"}],"about":[{"href":"https:\/\/fundesplai.org\/es\/wp-json\/wp\/v2\/types\/post"}],"author":[{"embeddable":true,"href":"https:\/\/fundesplai.org\/es\/wp-json\/wp\/v2\/users\/9"}],"replies":[{"embeddable":true,"href":"https:\/\/fundesplai.org\/es\/wp-json\/wp\/v2\/comments?post=47832"}],"version-history":[{"count":0,"href":"https:\/\/fundesplai.org\/es\/wp-json\/wp\/v2\/posts\/47832\/revisions"}],"wp:attachment":[{"href":"https:\/\/fundesplai.org\/es\/wp-json\/wp\/v2\/media?parent=47832"}],"wp:term":[{"taxonomy":"category","embeddable":true,"href":"https:\/\/fundesplai.org\/es\/wp-json\/wp\/v2\/categories?post=47832"},{"taxonomy":"post_tag","embeddable":true,"href":"https:\/\/fundesplai.org\/es\/wp-json\/wp\/v2\/tags?post=47832"}],"curies":[{"name":"wp","href":"https:\/\/api.w.org\/{rel}","templated":true}]}}