{"id":47831,"date":"2018-05-16T16:22:46","date_gmt":"2018-05-16T14:22:46","guid":{"rendered":"https:\/\/fundesplai.org\/informa-t\/sense-categoria\/2a-edicion-de-edufilms-festival-de-cinema-jove-para-la-transformacion-social\/"},"modified":"2018-05-16T16:22:46","modified_gmt":"2018-05-16T14:22:46","slug":"2a-edicion-de-edufilms-festival-de-cinema-jove-para-la-transformacion-social","status":"publish","type":"post","link":"https:\/\/fundesplai.org\/es\/informa-t\/actualitat-es\/2a-edicion-de-edufilms-festival-de-cinema-jove-para-la-transformacion-social\/","title":{"rendered":"2a edici\u00f3n de EduFilms: Festival de Cinema Jove para la transformaci\u00f3n social"},"content":{"rendered":"<p>Lunes 11 de junio, en la Filmoteca de Catalu\u00f1a 2\u00aa edici\u00f3n de EduFilms: Festival de Cinema Jove para la transformaci\u00f3n social. &nbsp;Se presentar\u00e1n 14 cortometrajes de tem\u00e1tica social en torno a las violencias en general y con mirada de g\u00e9nero.<\/p>\n<p><!--more--><\/p>\n<p><a href=\"https:\/\/vimeo.com\/269645476\"><img decoding=\"async\" class=\" size-full wp-image-5443\" src=\"https:\/\/fundesplai.org\/test-joomla\/wp-content\/uploads\/sites\/26\/2018\/05\/Edufilms_2018.jpg\" alt=\"Edufilms 2018\" width=\"100%\" height=\"NaN\"><\/a><\/p>\n<p>Este a\u00f1o se organiza la <strong><a href=\"https:\/\/esplai.fundesplai.org\/edufilms\/\">II edici\u00f3n del Festival EduFilms<\/a> <a href=\"https:\/\/esplai.fundesplai.org\/edufilms\/\">: Festival de Cinema Joven para la transformaci\u00f3n social<\/a><\/strong>&nbsp;, que impulsan la Federaci\u00f3n Catalana del Esplai y Fundesplai gracias a la colaboraci\u00f3n de la Obra Social \u00abLa Caixa\u00bb.<\/p>\n<p>Tendr\u00e1 lugar en la Filmoteca Catalunya, el pr\u00f3ximo 11 de junio de 2018, entre las 17:30 y las 19:30h. Se presentar\u00e1n 14 cortometrajes de tem\u00e1tica social en torno a las violencias en general y con mirada de g\u00e9nero. Adem\u00e1s, participar\u00e1 el \u201ccorto invitado\u201d a cargo de la Plataforma Unitaria Contra las Violencias de G\u00e9nero.<\/p>\n<h3>Temas que preocupan a los j\u00f3venes<\/h3>\n<p>El Festival Edufilms es una muestra de las producciones audiovisuales hechas por j\u00f3venes y tiene por finalidad dar visibilidad a las capacidades y potencialidades de la juventud para influir positivamente en la sociedad as\u00ed como sensibilizar a la ciudadan\u00eda sobre los temas que preocupan a los m\u00e1s j\u00f3venes<\/p>\n<p><a href=\"https:\/\/esplai.fundesplai.org\/edufilms\/\"><span>M\u00e1s informaci\u00f3n<\/span><\/a><\/p>\n","protected":false},"excerpt":{"rendered":"<p>Lunes 11 de junio, en la Filmoteca de Catalu\u00f1a 2\u00aa edici\u00f3n de EduFilms: Festival de Cinema Jove para la transformaci\u00f3n social. &nbsp;Se presentar\u00e1n 14 cortometrajes de tem\u00e1tica social en torno a las violencias en general y con mirada de g\u00e9nero.<\/p>\n","protected":false},"author":9,"featured_media":0,"comment_status":"closed","ping_status":"closed","sticky":false,"template":"","format":"standard","meta":{"_et_pb_use_builder":"","_et_pb_old_content":"","_et_gb_content_width":"","footnotes":""},"categories":[937],"tags":[962,987],"class_list":["post-47831","post","type-post","status-publish","format-standard","hentry","category-actualitat-es","tag-fundesplai-es","tag-jovenes-es"],"yoast_head":"<!-- This site is optimized with the Yoast SEO plugin v27.4 - https:\/\/yoast.com\/product\/yoast-seo-wordpress\/ -->\n<title>2a edici\u00f3n de EduFilms: Festival de Cinema Jove para la transformaci\u00f3n social - Fundesplai<\/title>\n<meta name=\"robots\" content=\"index, follow, max-snippet:-1, max-image-preview:large, max-video-preview:-1\" \/>\n<link rel=\"canonical\" href=\"https:\/\/fundesplai.org\/es\/informa-t\/actualitat-es\/2a-edicion-de-edufilms-festival-de-cinema-jove-para-la-transformacion-social\/\" \/>\n<meta property=\"og:locale\" content=\"es_ES\" \/>\n<meta property=\"og:type\" content=\"article\" \/>\n<meta property=\"og:title\" content=\"2a edici\u00f3n de EduFilms: Festival de Cinema Jove para la transformaci\u00f3n social - Fundesplai\" \/>\n<meta property=\"og:description\" content=\"Lunes 11 de junio, en la Filmoteca de Catalu\u00f1a 2\u00aa edici\u00f3n de EduFilms: Festival de Cinema Jove para la transformaci\u00f3n social. &nbsp;Se presentar\u00e1n 14 cortometrajes de tem\u00e1tica social en torno a las violencias en general y con mirada de g\u00e9nero.\" \/>\n<meta property=\"og:url\" content=\"https:\/\/fundesplai.org\/es\/informa-t\/actualitat-es\/2a-edicion-de-edufilms-festival-de-cinema-jove-para-la-transformacion-social\/\" \/>\n<meta property=\"og:site_name\" content=\"Fundesplai\" \/>\n<meta property=\"article:published_time\" content=\"2018-05-16T14:22:46+00:00\" \/>\n<meta property=\"og:image\" content=\"https:\/\/fundesplai.org\/test-joomla\/wp-content\/uploads\/sites\/26\/2018\/05\/Edufilms_2018.jpg\" \/>\n<meta name=\"author\" content=\"Alfons Valle\" \/>\n<meta name=\"twitter:card\" content=\"summary_large_image\" \/>\n<meta name=\"twitter:label1\" content=\"Escrito por\" \/>\n\t<meta name=\"twitter:data1\" content=\"Alfons Valle\" \/>\n\t<meta name=\"twitter:label2\" content=\"Tiempo de lectura\" \/>\n\t<meta name=\"twitter:data2\" content=\"1 minuto\" \/>\n<script type=\"application\/ld+json\" class=\"yoast-schema-graph\">{\"@context\":\"https:\\\/\\\/schema.org\",\"@graph\":[{\"@type\":\"Article\",\"@id\":\"https:\\\/\\\/fundesplai.org\\\/es\\\/informa-t\\\/actualitat-es\\\/2a-edicion-de-edufilms-festival-de-cinema-jove-para-la-transformacion-social\\\/#article\",\"isPartOf\":{\"@id\":\"https:\\\/\\\/fundesplai.org\\\/es\\\/informa-t\\\/actualitat-es\\\/2a-edicion-de-edufilms-festival-de-cinema-jove-para-la-transformacion-social\\\/\"},\"author\":{\"name\":\"Alfons Valle\",\"@id\":\"https:\\\/\\\/fundesplai.org\\\/es\\\/#\\\/schema\\\/person\\\/c0e9e7466bb8ac06f5264324a6109733\"},\"headline\":\"2a edici\u00f3n de EduFilms: Festival de Cinema Jove para la transformaci\u00f3n social\",\"datePublished\":\"2018-05-16T14:22:46+00:00\",\"mainEntityOfPage\":{\"@id\":\"https:\\\/\\\/fundesplai.org\\\/es\\\/informa-t\\\/actualitat-es\\\/2a-edicion-de-edufilms-festival-de-cinema-jove-para-la-transformacion-social\\\/\"},\"wordCount\":220,\"image\":{\"@id\":\"https:\\\/\\\/fundesplai.org\\\/es\\\/informa-t\\\/actualitat-es\\\/2a-edicion-de-edufilms-festival-de-cinema-jove-para-la-transformacion-social\\\/#primaryimage\"},\"thumbnailUrl\":\"https:\\\/\\\/fundesplai.org\\\/test-joomla\\\/wp-content\\\/uploads\\\/sites\\\/26\\\/2018\\\/05\\\/Edufilms_2018.jpg\",\"keywords\":[\"fundesplai\",\"j\u00f3venes\"],\"articleSection\":[\"Actualitat\"],\"inLanguage\":\"es\"},{\"@type\":\"WebPage\",\"@id\":\"https:\\\/\\\/fundesplai.org\\\/es\\\/informa-t\\\/actualitat-es\\\/2a-edicion-de-edufilms-festival-de-cinema-jove-para-la-transformacion-social\\\/\",\"url\":\"https:\\\/\\\/fundesplai.org\\\/es\\\/informa-t\\\/actualitat-es\\\/2a-edicion-de-edufilms-festival-de-cinema-jove-para-la-transformacion-social\\\/\",\"name\":\"2a edici\u00f3n de EduFilms: Festival de Cinema Jove para la transformaci\u00f3n social - Fundesplai\",\"isPartOf\":{\"@id\":\"https:\\\/\\\/fundesplai.org\\\/es\\\/#website\"},\"primaryImageOfPage\":{\"@id\":\"https:\\\/\\\/fundesplai.org\\\/es\\\/informa-t\\\/actualitat-es\\\/2a-edicion-de-edufilms-festival-de-cinema-jove-para-la-transformacion-social\\\/#primaryimage\"},\"image\":{\"@id\":\"https:\\\/\\\/fundesplai.org\\\/es\\\/informa-t\\\/actualitat-es\\\/2a-edicion-de-edufilms-festival-de-cinema-jove-para-la-transformacion-social\\\/#primaryimage\"},\"thumbnailUrl\":\"https:\\\/\\\/fundesplai.org\\\/test-joomla\\\/wp-content\\\/uploads\\\/sites\\\/26\\\/2018\\\/05\\\/Edufilms_2018.jpg\",\"datePublished\":\"2018-05-16T14:22:46+00:00\",\"author\":{\"@id\":\"https:\\\/\\\/fundesplai.org\\\/es\\\/#\\\/schema\\\/person\\\/c0e9e7466bb8ac06f5264324a6109733\"},\"breadcrumb\":{\"@id\":\"https:\\\/\\\/fundesplai.org\\\/es\\\/informa-t\\\/actualitat-es\\\/2a-edicion-de-edufilms-festival-de-cinema-jove-para-la-transformacion-social\\\/#breadcrumb\"},\"inLanguage\":\"es\",\"potentialAction\":[{\"@type\":\"ReadAction\",\"target\":[\"https:\\\/\\\/fundesplai.org\\\/es\\\/informa-t\\\/actualitat-es\\\/2a-edicion-de-edufilms-festival-de-cinema-jove-para-la-transformacion-social\\\/\"]}]},{\"@type\":\"ImageObject\",\"inLanguage\":\"es\",\"@id\":\"https:\\\/\\\/fundesplai.org\\\/es\\\/informa-t\\\/actualitat-es\\\/2a-edicion-de-edufilms-festival-de-cinema-jove-para-la-transformacion-social\\\/#primaryimage\",\"url\":\"https:\\\/\\\/fundesplai.org\\\/test-joomla\\\/wp-content\\\/uploads\\\/sites\\\/26\\\/2018\\\/05\\\/Edufilms_2018.jpg\",\"contentUrl\":\"https:\\\/\\\/fundesplai.org\\\/test-joomla\\\/wp-content\\\/uploads\\\/sites\\\/26\\\/2018\\\/05\\\/Edufilms_2018.jpg\"},{\"@type\":\"BreadcrumbList\",\"@id\":\"https:\\\/\\\/fundesplai.org\\\/es\\\/informa-t\\\/actualitat-es\\\/2a-edicion-de-edufilms-festival-de-cinema-jove-para-la-transformacion-social\\\/#breadcrumb\",\"itemListElement\":[{\"@type\":\"ListItem\",\"position\":1,\"name\":\"Inici\",\"item\":\"https:\\\/\\\/fundesplai.org\\\/es\\\/inicio\\\/\"},{\"@type\":\"ListItem\",\"position\":2,\"name\":\"Inf\u00f3rmate\",\"item\":\"https:\\\/\\\/fundesplai.org\\\/es\\\/informate\\\/\"},{\"@type\":\"ListItem\",\"position\":3,\"name\":\"Sin categor\u00eda\",\"item\":\"https:\\\/\\\/fundesplai.org\\\/es\\\/informa-t\\\/category\\\/sin-categoria\\\/\"},{\"@type\":\"ListItem\",\"position\":4,\"name\":\"2a edici\u00f3n de EduFilms: Festival de Cinema Jove para la transformaci\u00f3n social\"}]},{\"@type\":\"WebSite\",\"@id\":\"https:\\\/\\\/fundesplai.org\\\/es\\\/#website\",\"url\":\"https:\\\/\\\/fundesplai.org\\\/es\\\/\",\"name\":\"Fundesplai\",\"description\":\"Eduquem per la conviv\u00e8ncia i la sostenibilitat\",\"potentialAction\":[{\"@type\":\"SearchAction\",\"target\":{\"@type\":\"EntryPoint\",\"urlTemplate\":\"https:\\\/\\\/fundesplai.org\\\/es\\\/?s={search_term_string}\"},\"query-input\":{\"@type\":\"PropertyValueSpecification\",\"valueRequired\":true,\"valueName\":\"search_term_string\"}}],\"inLanguage\":\"es\"},{\"@type\":\"Person\",\"@id\":\"https:\\\/\\\/fundesplai.org\\\/es\\\/#\\\/schema\\\/person\\\/c0e9e7466bb8ac06f5264324a6109733\",\"name\":\"Alfons Valle\",\"image\":{\"@type\":\"ImageObject\",\"inLanguage\":\"es\",\"@id\":\"https:\\\/\\\/secure.gravatar.com\\\/avatar\\\/71d95a3f99a068ba570ac1314ed6911a59c5ae3f22ffcf23631cd1a861a640bc?s=96&d=mm&r=g\",\"url\":\"https:\\\/\\\/secure.gravatar.com\\\/avatar\\\/71d95a3f99a068ba570ac1314ed6911a59c5ae3f22ffcf23631cd1a861a640bc?s=96&d=mm&r=g\",\"contentUrl\":\"https:\\\/\\\/secure.gravatar.com\\\/avatar\\\/71d95a3f99a068ba570ac1314ed6911a59c5ae3f22ffcf23631cd1a861a640bc?s=96&d=mm&r=g\",\"caption\":\"Alfons Valle\"},\"url\":\"https:\\\/\\\/fundesplai.org\\\/es\\\/informa-t\\\/author\\\/avalle\\\/\"}]}<\/script>\n<!-- \/ Yoast SEO plugin. -->","yoast_head_json":{"title":"2a edici\u00f3n de EduFilms: Festival de Cinema Jove para la transformaci\u00f3n social - Fundesplai","robots":{"index":"index","follow":"follow","max-snippet":"max-snippet:-1","max-image-preview":"max-image-preview:large","max-video-preview":"max-video-preview:-1"},"canonical":"https:\/\/fundesplai.org\/es\/informa-t\/actualitat-es\/2a-edicion-de-edufilms-festival-de-cinema-jove-para-la-transformacion-social\/","og_locale":"es_ES","og_type":"article","og_title":"2a edici\u00f3n de EduFilms: Festival de Cinema Jove para la transformaci\u00f3n social - Fundesplai","og_description":"Lunes 11 de junio, en la Filmoteca de Catalu\u00f1a 2\u00aa edici\u00f3n de EduFilms: Festival de Cinema Jove para la transformaci\u00f3n social. &nbsp;Se presentar\u00e1n 14 cortometrajes de tem\u00e1tica social en torno a las violencias en general y con mirada de g\u00e9nero.","og_url":"https:\/\/fundesplai.org\/es\/informa-t\/actualitat-es\/2a-edicion-de-edufilms-festival-de-cinema-jove-para-la-transformacion-social\/","og_site_name":"Fundesplai","article_published_time":"2018-05-16T14:22:46+00:00","og_image":[{"url":"https:\/\/fundesplai.org\/test-joomla\/wp-content\/uploads\/sites\/26\/2018\/05\/Edufilms_2018.jpg","type":"","width":"","height":""}],"author":"Alfons Valle","twitter_card":"summary_large_image","twitter_misc":{"Escrito por":"Alfons Valle","Tiempo de lectura":"1 minuto"},"schema":{"@context":"https:\/\/schema.org","@graph":[{"@type":"Article","@id":"https:\/\/fundesplai.org\/es\/informa-t\/actualitat-es\/2a-edicion-de-edufilms-festival-de-cinema-jove-para-la-transformacion-social\/#article","isPartOf":{"@id":"https:\/\/fundesplai.org\/es\/informa-t\/actualitat-es\/2a-edicion-de-edufilms-festival-de-cinema-jove-para-la-transformacion-social\/"},"author":{"name":"Alfons Valle","@id":"https:\/\/fundesplai.org\/es\/#\/schema\/person\/c0e9e7466bb8ac06f5264324a6109733"},"headline":"2a edici\u00f3n de EduFilms: Festival de Cinema Jove para la transformaci\u00f3n social","datePublished":"2018-05-16T14:22:46+00:00","mainEntityOfPage":{"@id":"https:\/\/fundesplai.org\/es\/informa-t\/actualitat-es\/2a-edicion-de-edufilms-festival-de-cinema-jove-para-la-transformacion-social\/"},"wordCount":220,"image":{"@id":"https:\/\/fundesplai.org\/es\/informa-t\/actualitat-es\/2a-edicion-de-edufilms-festival-de-cinema-jove-para-la-transformacion-social\/#primaryimage"},"thumbnailUrl":"https:\/\/fundesplai.org\/test-joomla\/wp-content\/uploads\/sites\/26\/2018\/05\/Edufilms_2018.jpg","keywords":["fundesplai","j\u00f3venes"],"articleSection":["Actualitat"],"inLanguage":"es"},{"@type":"WebPage","@id":"https:\/\/fundesplai.org\/es\/informa-t\/actualitat-es\/2a-edicion-de-edufilms-festival-de-cinema-jove-para-la-transformacion-social\/","url":"https:\/\/fundesplai.org\/es\/informa-t\/actualitat-es\/2a-edicion-de-edufilms-festival-de-cinema-jove-para-la-transformacion-social\/","name":"2a edici\u00f3n de EduFilms: Festival de Cinema Jove para la transformaci\u00f3n social - Fundesplai","isPartOf":{"@id":"https:\/\/fundesplai.org\/es\/#website"},"primaryImageOfPage":{"@id":"https:\/\/fundesplai.org\/es\/informa-t\/actualitat-es\/2a-edicion-de-edufilms-festival-de-cinema-jove-para-la-transformacion-social\/#primaryimage"},"image":{"@id":"https:\/\/fundesplai.org\/es\/informa-t\/actualitat-es\/2a-edicion-de-edufilms-festival-de-cinema-jove-para-la-transformacion-social\/#primaryimage"},"thumbnailUrl":"https:\/\/fundesplai.org\/test-joomla\/wp-content\/uploads\/sites\/26\/2018\/05\/Edufilms_2018.jpg","datePublished":"2018-05-16T14:22:46+00:00","author":{"@id":"https:\/\/fundesplai.org\/es\/#\/schema\/person\/c0e9e7466bb8ac06f5264324a6109733"},"breadcrumb":{"@id":"https:\/\/fundesplai.org\/es\/informa-t\/actualitat-es\/2a-edicion-de-edufilms-festival-de-cinema-jove-para-la-transformacion-social\/#breadcrumb"},"inLanguage":"es","potentialAction":[{"@type":"ReadAction","target":["https:\/\/fundesplai.org\/es\/informa-t\/actualitat-es\/2a-edicion-de-edufilms-festival-de-cinema-jove-para-la-transformacion-social\/"]}]},{"@type":"ImageObject","inLanguage":"es","@id":"https:\/\/fundesplai.org\/es\/informa-t\/actualitat-es\/2a-edicion-de-edufilms-festival-de-cinema-jove-para-la-transformacion-social\/#primaryimage","url":"https:\/\/fundesplai.org\/test-joomla\/wp-content\/uploads\/sites\/26\/2018\/05\/Edufilms_2018.jpg","contentUrl":"https:\/\/fundesplai.org\/test-joomla\/wp-content\/uploads\/sites\/26\/2018\/05\/Edufilms_2018.jpg"},{"@type":"BreadcrumbList","@id":"https:\/\/fundesplai.org\/es\/informa-t\/actualitat-es\/2a-edicion-de-edufilms-festival-de-cinema-jove-para-la-transformacion-social\/#breadcrumb","itemListElement":[{"@type":"ListItem","position":1,"name":"Inici","item":"https:\/\/fundesplai.org\/es\/inicio\/"},{"@type":"ListItem","position":2,"name":"Inf\u00f3rmate","item":"https:\/\/fundesplai.org\/es\/informate\/"},{"@type":"ListItem","position":3,"name":"Sin categor\u00eda","item":"https:\/\/fundesplai.org\/es\/informa-t\/category\/sin-categoria\/"},{"@type":"ListItem","position":4,"name":"2a edici\u00f3n de EduFilms: Festival de Cinema Jove para la transformaci\u00f3n social"}]},{"@type":"WebSite","@id":"https:\/\/fundesplai.org\/es\/#website","url":"https:\/\/fundesplai.org\/es\/","name":"Fundesplai","description":"Eduquem per la conviv\u00e8ncia i la sostenibilitat","potentialAction":[{"@type":"SearchAction","target":{"@type":"EntryPoint","urlTemplate":"https:\/\/fundesplai.org\/es\/?s={search_term_string}"},"query-input":{"@type":"PropertyValueSpecification","valueRequired":true,"valueName":"search_term_string"}}],"inLanguage":"es"},{"@type":"Person","@id":"https:\/\/fundesplai.org\/es\/#\/schema\/person\/c0e9e7466bb8ac06f5264324a6109733","name":"Alfons Valle","image":{"@type":"ImageObject","inLanguage":"es","@id":"https:\/\/secure.gravatar.com\/avatar\/71d95a3f99a068ba570ac1314ed6911a59c5ae3f22ffcf23631cd1a861a640bc?s=96&d=mm&r=g","url":"https:\/\/secure.gravatar.com\/avatar\/71d95a3f99a068ba570ac1314ed6911a59c5ae3f22ffcf23631cd1a861a640bc?s=96&d=mm&r=g","contentUrl":"https:\/\/secure.gravatar.com\/avatar\/71d95a3f99a068ba570ac1314ed6911a59c5ae3f22ffcf23631cd1a861a640bc?s=96&d=mm&r=g","caption":"Alfons Valle"},"url":"https:\/\/fundesplai.org\/es\/informa-t\/author\/avalle\/"}]}},"_links":{"self":[{"href":"https:\/\/fundesplai.org\/es\/wp-json\/wp\/v2\/posts\/47831","targetHints":{"allow":["GET"]}}],"collection":[{"href":"https:\/\/fundesplai.org\/es\/wp-json\/wp\/v2\/posts"}],"about":[{"href":"https:\/\/fundesplai.org\/es\/wp-json\/wp\/v2\/types\/post"}],"author":[{"embeddable":true,"href":"https:\/\/fundesplai.org\/es\/wp-json\/wp\/v2\/users\/9"}],"replies":[{"embeddable":true,"href":"https:\/\/fundesplai.org\/es\/wp-json\/wp\/v2\/comments?post=47831"}],"version-history":[{"count":0,"href":"https:\/\/fundesplai.org\/es\/wp-json\/wp\/v2\/posts\/47831\/revisions"}],"wp:attachment":[{"href":"https:\/\/fundesplai.org\/es\/wp-json\/wp\/v2\/media?parent=47831"}],"wp:term":[{"taxonomy":"category","embeddable":true,"href":"https:\/\/fundesplai.org\/es\/wp-json\/wp\/v2\/categories?post=47831"},{"taxonomy":"post_tag","embeddable":true,"href":"https:\/\/fundesplai.org\/es\/wp-json\/wp\/v2\/tags?post=47831"}],"curies":[{"name":"wp","href":"https:\/\/api.w.org\/{rel}","templated":true}]}}