{"id":47828,"date":"2018-04-25T11:45:36","date_gmt":"2018-04-25T09:45:36","guid":{"rendered":"https:\/\/fundesplai.org\/informa-t\/sense-categoria\/el-encuentro-joven-se-centro-en-encoratjat\/"},"modified":"2023-10-02T12:32:34","modified_gmt":"2023-10-02T10:32:34","slug":"el-encuentro-joven-se-centro-en-encoratjat","status":"publish","type":"post","link":"https:\/\/fundesplai.org\/es\/informa-t\/actualitat-es\/el-encuentro-joven-se-centro-en-encoratjat\/","title":{"rendered":"El Encuentro Joven se centr\u00f3 en &#8216;\u00bbEncoratja&#8217;t\u00bb"},"content":{"rendered":"<p>El pasado s\u00e1bado 7 y 8 de abril se organiz\u00f3 la  &nbsp;\u00ab<strong>Encuentro Joven Encoratja&#8217;t\u00bb<\/strong>, una salida de dos d\u00edas que entre diferentes entidades que conforman la Federaci\u00f3n Catalana del Esplai y que tuvo lugar en el complejo de Vilanova de Sau.<\/p>\n<p><!--more--><\/p>\n<p><img decoding=\"async\" class=\" size-full wp-image-5396\" src=\"https:\/\/fundesplai.org\/test-joomla\/wp-content\/uploads\/sites\/26\/2018\/04\/TrobadaJove.jpg\" alt=\"EncuentroJoven\" width=\"100%\" height=\"NaN\">El pasado s\u00e1bado 7 y 8 de abril se organiz\u00f3 la  &nbsp;\u00ab<strong>Encuentro Joven Encoratja&#8217;t\u00bb<\/strong>, una salida de dos d\u00edas que entre diferentes entidades que conforman la Federaci\u00f3n Catalana del Esplai y que tuvo lugar en el complejo de Vilanova de Sau.<\/p>\n<p>Esta actividad pretende consolidar el sentimiento de pertenencia a la Federaci\u00f3n de los y las j\u00f3venes dentro del proyecto de la comisi\u00f3n&nbsp;<strong>Movijove<\/strong>,fomentando as\u00ed el conocimiento de otras iniciativas, colectivos y entidades diversas. Uno de los aspectos que se impuls\u00f3 durante la salida es el conocimiento de la propuesta educativa&nbsp;<a href=\"http:\/\/projectes.fundesplai.org\/encoratjat\/\">\u00abEncoratja&#8217;t\u00bb<\/a>.&nbsp;<\/p>\n<p><strong>Romper estereotipos de g\u00e9nero<\/strong><\/p>\n<p>Los y las j\u00f3venes reflexionaron en torno a los estereotipos de g\u00e9nero que asocian a los modelos de masculinidad y feminidad hegem\u00f3nica, trabajaron para hacer un cambio de mirada y sean j\u00f3venes EnCORatjats y EnCoratjades que no aceptan la violencia y que se posicionan junto a la persona que sufre.<\/p>\n<p>Sin embargo, el Encuentro Joven, sirvi\u00f3 para crear un espacio para y de los y las j\u00f3venes, donde se reforzaron las finalidades educativas y sociales que las entidades participantes trabajan en sus actividades, favoreciendo as\u00ed el aprendizaje, la autogesti\u00f3n y el organizaci\u00f3n de los j\u00f3venes. Participaron 184 j\u00f3venes y 56 mointores de diversas entidades.<\/p>\n","protected":false},"excerpt":{"rendered":"<p>El pasado s\u00e1bado 7 y 8 de abril se organiz\u00f3 la &nbsp;\u00abEncuentro Joven Encoratja&#8217;t\u00bb, una salida de dos d\u00edas que entre diferentes entidades que conforman la Federaci\u00f3n Catalana del Esplai y que tuvo lugar en el complejo de Vilanova de Sau.<\/p>\n","protected":false},"author":4,"featured_media":0,"comment_status":"closed","ping_status":"closed","sticky":false,"template":"","format":"standard","meta":{"_et_pb_use_builder":"","_et_pb_old_content":"","_et_gb_content_width":"","footnotes":""},"categories":[937],"tags":[],"class_list":["post-47828","post","type-post","status-publish","format-standard","hentry","category-actualitat-es"],"yoast_head":"<!-- This site is optimized with the Yoast SEO plugin v27.4 - https:\/\/yoast.com\/product\/yoast-seo-wordpress\/ -->\n<title>El Encuentro Joven se centr\u00f3 en &#039;&quot;Encoratja&#039;t&quot; - Fundesplai<\/title>\n<meta name=\"robots\" content=\"index, follow, max-snippet:-1, max-image-preview:large, max-video-preview:-1\" \/>\n<link rel=\"canonical\" href=\"https:\/\/fundesplai.org\/es\/informa-t\/actualitat-es\/el-encuentro-joven-se-centro-en-encoratjat\/\" \/>\n<meta property=\"og:locale\" content=\"es_ES\" \/>\n<meta property=\"og:type\" content=\"article\" \/>\n<meta property=\"og:title\" content=\"El Encuentro Joven se centr\u00f3 en &#039;&quot;Encoratja&#039;t&quot; - Fundesplai\" \/>\n<meta property=\"og:description\" content=\"El pasado s\u00e1bado 7 y 8 de abril se organiz\u00f3 la &nbsp;\u00abEncuentro Joven Encoratja&#8217;t\u00bb, una salida de dos d\u00edas que entre diferentes entidades que conforman la Federaci\u00f3n Catalana del Esplai y que tuvo lugar en el complejo de Vilanova de Sau.\" \/>\n<meta property=\"og:url\" content=\"https:\/\/fundesplai.org\/es\/informa-t\/actualitat-es\/el-encuentro-joven-se-centro-en-encoratjat\/\" \/>\n<meta property=\"og:site_name\" content=\"Fundesplai\" \/>\n<meta property=\"article:published_time\" content=\"2018-04-25T09:45:36+00:00\" \/>\n<meta property=\"article:modified_time\" content=\"2023-10-02T10:32:34+00:00\" \/>\n<meta property=\"og:image\" content=\"https:\/\/fundesplai.org\/test-joomla\/wp-content\/uploads\/sites\/26\/2018\/04\/TrobadaJove.jpg\" \/>\n<meta name=\"author\" content=\"Ferran\" \/>\n<meta name=\"twitter:card\" content=\"summary_large_image\" \/>\n<meta name=\"twitter:label1\" content=\"Escrito por\" \/>\n\t<meta name=\"twitter:data1\" content=\"Ferran\" \/>\n\t<meta name=\"twitter:label2\" content=\"Tiempo de lectura\" \/>\n\t<meta name=\"twitter:data2\" content=\"1 minuto\" \/>\n<script type=\"application\/ld+json\" class=\"yoast-schema-graph\">{\"@context\":\"https:\\\/\\\/schema.org\",\"@graph\":[{\"@type\":\"Article\",\"@id\":\"https:\\\/\\\/fundesplai.org\\\/es\\\/informa-t\\\/actualitat-es\\\/el-encuentro-joven-se-centro-en-encoratjat\\\/#article\",\"isPartOf\":{\"@id\":\"https:\\\/\\\/fundesplai.org\\\/es\\\/informa-t\\\/actualitat-es\\\/el-encuentro-joven-se-centro-en-encoratjat\\\/\"},\"author\":{\"name\":\"Ferran\",\"@id\":\"https:\\\/\\\/fundesplai.org\\\/es\\\/#\\\/schema\\\/person\\\/67e7825d8ec54561cc24e36ba6b0f633\"},\"headline\":\"El Encuentro Joven se centr\u00f3 en &#8216;\u00bbEncoratja&#8217;t\u00bb\",\"datePublished\":\"2018-04-25T09:45:36+00:00\",\"dateModified\":\"2023-10-02T10:32:34+00:00\",\"mainEntityOfPage\":{\"@id\":\"https:\\\/\\\/fundesplai.org\\\/es\\\/informa-t\\\/actualitat-es\\\/el-encuentro-joven-se-centro-en-encoratjat\\\/\"},\"wordCount\":271,\"image\":{\"@id\":\"https:\\\/\\\/fundesplai.org\\\/es\\\/informa-t\\\/actualitat-es\\\/el-encuentro-joven-se-centro-en-encoratjat\\\/#primaryimage\"},\"thumbnailUrl\":\"https:\\\/\\\/fundesplai.org\\\/test-joomla\\\/wp-content\\\/uploads\\\/sites\\\/26\\\/2018\\\/04\\\/TrobadaJove.jpg\",\"articleSection\":[\"Actualitat\"],\"inLanguage\":\"es\"},{\"@type\":\"WebPage\",\"@id\":\"https:\\\/\\\/fundesplai.org\\\/es\\\/informa-t\\\/actualitat-es\\\/el-encuentro-joven-se-centro-en-encoratjat\\\/\",\"url\":\"https:\\\/\\\/fundesplai.org\\\/es\\\/informa-t\\\/actualitat-es\\\/el-encuentro-joven-se-centro-en-encoratjat\\\/\",\"name\":\"El Encuentro Joven se centr\u00f3 en '\\\"Encoratja't\\\" - Fundesplai\",\"isPartOf\":{\"@id\":\"https:\\\/\\\/fundesplai.org\\\/es\\\/#website\"},\"primaryImageOfPage\":{\"@id\":\"https:\\\/\\\/fundesplai.org\\\/es\\\/informa-t\\\/actualitat-es\\\/el-encuentro-joven-se-centro-en-encoratjat\\\/#primaryimage\"},\"image\":{\"@id\":\"https:\\\/\\\/fundesplai.org\\\/es\\\/informa-t\\\/actualitat-es\\\/el-encuentro-joven-se-centro-en-encoratjat\\\/#primaryimage\"},\"thumbnailUrl\":\"https:\\\/\\\/fundesplai.org\\\/test-joomla\\\/wp-content\\\/uploads\\\/sites\\\/26\\\/2018\\\/04\\\/TrobadaJove.jpg\",\"datePublished\":\"2018-04-25T09:45:36+00:00\",\"dateModified\":\"2023-10-02T10:32:34+00:00\",\"author\":{\"@id\":\"https:\\\/\\\/fundesplai.org\\\/es\\\/#\\\/schema\\\/person\\\/67e7825d8ec54561cc24e36ba6b0f633\"},\"breadcrumb\":{\"@id\":\"https:\\\/\\\/fundesplai.org\\\/es\\\/informa-t\\\/actualitat-es\\\/el-encuentro-joven-se-centro-en-encoratjat\\\/#breadcrumb\"},\"inLanguage\":\"es\",\"potentialAction\":[{\"@type\":\"ReadAction\",\"target\":[\"https:\\\/\\\/fundesplai.org\\\/es\\\/informa-t\\\/actualitat-es\\\/el-encuentro-joven-se-centro-en-encoratjat\\\/\"]}]},{\"@type\":\"ImageObject\",\"inLanguage\":\"es\",\"@id\":\"https:\\\/\\\/fundesplai.org\\\/es\\\/informa-t\\\/actualitat-es\\\/el-encuentro-joven-se-centro-en-encoratjat\\\/#primaryimage\",\"url\":\"https:\\\/\\\/fundesplai.org\\\/test-joomla\\\/wp-content\\\/uploads\\\/sites\\\/26\\\/2018\\\/04\\\/TrobadaJove.jpg\",\"contentUrl\":\"https:\\\/\\\/fundesplai.org\\\/test-joomla\\\/wp-content\\\/uploads\\\/sites\\\/26\\\/2018\\\/04\\\/TrobadaJove.jpg\"},{\"@type\":\"BreadcrumbList\",\"@id\":\"https:\\\/\\\/fundesplai.org\\\/es\\\/informa-t\\\/actualitat-es\\\/el-encuentro-joven-se-centro-en-encoratjat\\\/#breadcrumb\",\"itemListElement\":[{\"@type\":\"ListItem\",\"position\":1,\"name\":\"Inici\",\"item\":\"https:\\\/\\\/fundesplai.org\\\/es\\\/inicio\\\/\"},{\"@type\":\"ListItem\",\"position\":2,\"name\":\"Inf\u00f3rmate\",\"item\":\"https:\\\/\\\/fundesplai.org\\\/es\\\/informate\\\/\"},{\"@type\":\"ListItem\",\"position\":3,\"name\":\"Actualitat\",\"item\":\"https:\\\/\\\/fundesplai.org\\\/es\\\/informa-t\\\/category\\\/actualitat-es\\\/\"},{\"@type\":\"ListItem\",\"position\":4,\"name\":\"El Encuentro Joven se centr\u00f3 en &#8216;&#8221;Encoratja&#8217;t&#8221;\"}]},{\"@type\":\"WebSite\",\"@id\":\"https:\\\/\\\/fundesplai.org\\\/es\\\/#website\",\"url\":\"https:\\\/\\\/fundesplai.org\\\/es\\\/\",\"name\":\"Fundesplai\",\"description\":\"Eduquem per la conviv\u00e8ncia i la sostenibilitat\",\"potentialAction\":[{\"@type\":\"SearchAction\",\"target\":{\"@type\":\"EntryPoint\",\"urlTemplate\":\"https:\\\/\\\/fundesplai.org\\\/es\\\/?s={search_term_string}\"},\"query-input\":{\"@type\":\"PropertyValueSpecification\",\"valueRequired\":true,\"valueName\":\"search_term_string\"}}],\"inLanguage\":\"es\"},{\"@type\":\"Person\",\"@id\":\"https:\\\/\\\/fundesplai.org\\\/es\\\/#\\\/schema\\\/person\\\/67e7825d8ec54561cc24e36ba6b0f633\",\"name\":\"Ferran\",\"image\":{\"@type\":\"ImageObject\",\"inLanguage\":\"es\",\"@id\":\"https:\\\/\\\/secure.gravatar.com\\\/avatar\\\/a3510350976b58aae6eccd1e36f066b660a69ef63f97fde3cba8205db7db816a?s=96&d=mm&r=g\",\"url\":\"https:\\\/\\\/secure.gravatar.com\\\/avatar\\\/a3510350976b58aae6eccd1e36f066b660a69ef63f97fde3cba8205db7db816a?s=96&d=mm&r=g\",\"contentUrl\":\"https:\\\/\\\/secure.gravatar.com\\\/avatar\\\/a3510350976b58aae6eccd1e36f066b660a69ef63f97fde3cba8205db7db816a?s=96&d=mm&r=g\",\"caption\":\"Ferran\"},\"url\":\"https:\\\/\\\/fundesplai.org\\\/es\\\/informa-t\\\/author\\\/fvidal\\\/\"}]}<\/script>\n<!-- \/ Yoast SEO plugin. -->","yoast_head_json":{"title":"El Encuentro Joven se centr\u00f3 en '\"Encoratja't\" - Fundesplai","robots":{"index":"index","follow":"follow","max-snippet":"max-snippet:-1","max-image-preview":"max-image-preview:large","max-video-preview":"max-video-preview:-1"},"canonical":"https:\/\/fundesplai.org\/es\/informa-t\/actualitat-es\/el-encuentro-joven-se-centro-en-encoratjat\/","og_locale":"es_ES","og_type":"article","og_title":"El Encuentro Joven se centr\u00f3 en '\"Encoratja't\" - Fundesplai","og_description":"El pasado s\u00e1bado 7 y 8 de abril se organiz\u00f3 la &nbsp;\u00abEncuentro Joven Encoratja&#8217;t\u00bb, una salida de dos d\u00edas que entre diferentes entidades que conforman la Federaci\u00f3n Catalana del Esplai y que tuvo lugar en el complejo de Vilanova de Sau.","og_url":"https:\/\/fundesplai.org\/es\/informa-t\/actualitat-es\/el-encuentro-joven-se-centro-en-encoratjat\/","og_site_name":"Fundesplai","article_published_time":"2018-04-25T09:45:36+00:00","article_modified_time":"2023-10-02T10:32:34+00:00","og_image":[{"url":"https:\/\/fundesplai.org\/test-joomla\/wp-content\/uploads\/sites\/26\/2018\/04\/TrobadaJove.jpg","type":"","width":"","height":""}],"author":"Ferran","twitter_card":"summary_large_image","twitter_misc":{"Escrito por":"Ferran","Tiempo de lectura":"1 minuto"},"schema":{"@context":"https:\/\/schema.org","@graph":[{"@type":"Article","@id":"https:\/\/fundesplai.org\/es\/informa-t\/actualitat-es\/el-encuentro-joven-se-centro-en-encoratjat\/#article","isPartOf":{"@id":"https:\/\/fundesplai.org\/es\/informa-t\/actualitat-es\/el-encuentro-joven-se-centro-en-encoratjat\/"},"author":{"name":"Ferran","@id":"https:\/\/fundesplai.org\/es\/#\/schema\/person\/67e7825d8ec54561cc24e36ba6b0f633"},"headline":"El Encuentro Joven se centr\u00f3 en &#8216;\u00bbEncoratja&#8217;t\u00bb","datePublished":"2018-04-25T09:45:36+00:00","dateModified":"2023-10-02T10:32:34+00:00","mainEntityOfPage":{"@id":"https:\/\/fundesplai.org\/es\/informa-t\/actualitat-es\/el-encuentro-joven-se-centro-en-encoratjat\/"},"wordCount":271,"image":{"@id":"https:\/\/fundesplai.org\/es\/informa-t\/actualitat-es\/el-encuentro-joven-se-centro-en-encoratjat\/#primaryimage"},"thumbnailUrl":"https:\/\/fundesplai.org\/test-joomla\/wp-content\/uploads\/sites\/26\/2018\/04\/TrobadaJove.jpg","articleSection":["Actualitat"],"inLanguage":"es"},{"@type":"WebPage","@id":"https:\/\/fundesplai.org\/es\/informa-t\/actualitat-es\/el-encuentro-joven-se-centro-en-encoratjat\/","url":"https:\/\/fundesplai.org\/es\/informa-t\/actualitat-es\/el-encuentro-joven-se-centro-en-encoratjat\/","name":"El Encuentro Joven se centr\u00f3 en '\"Encoratja't\" - Fundesplai","isPartOf":{"@id":"https:\/\/fundesplai.org\/es\/#website"},"primaryImageOfPage":{"@id":"https:\/\/fundesplai.org\/es\/informa-t\/actualitat-es\/el-encuentro-joven-se-centro-en-encoratjat\/#primaryimage"},"image":{"@id":"https:\/\/fundesplai.org\/es\/informa-t\/actualitat-es\/el-encuentro-joven-se-centro-en-encoratjat\/#primaryimage"},"thumbnailUrl":"https:\/\/fundesplai.org\/test-joomla\/wp-content\/uploads\/sites\/26\/2018\/04\/TrobadaJove.jpg","datePublished":"2018-04-25T09:45:36+00:00","dateModified":"2023-10-02T10:32:34+00:00","author":{"@id":"https:\/\/fundesplai.org\/es\/#\/schema\/person\/67e7825d8ec54561cc24e36ba6b0f633"},"breadcrumb":{"@id":"https:\/\/fundesplai.org\/es\/informa-t\/actualitat-es\/el-encuentro-joven-se-centro-en-encoratjat\/#breadcrumb"},"inLanguage":"es","potentialAction":[{"@type":"ReadAction","target":["https:\/\/fundesplai.org\/es\/informa-t\/actualitat-es\/el-encuentro-joven-se-centro-en-encoratjat\/"]}]},{"@type":"ImageObject","inLanguage":"es","@id":"https:\/\/fundesplai.org\/es\/informa-t\/actualitat-es\/el-encuentro-joven-se-centro-en-encoratjat\/#primaryimage","url":"https:\/\/fundesplai.org\/test-joomla\/wp-content\/uploads\/sites\/26\/2018\/04\/TrobadaJove.jpg","contentUrl":"https:\/\/fundesplai.org\/test-joomla\/wp-content\/uploads\/sites\/26\/2018\/04\/TrobadaJove.jpg"},{"@type":"BreadcrumbList","@id":"https:\/\/fundesplai.org\/es\/informa-t\/actualitat-es\/el-encuentro-joven-se-centro-en-encoratjat\/#breadcrumb","itemListElement":[{"@type":"ListItem","position":1,"name":"Inici","item":"https:\/\/fundesplai.org\/es\/inicio\/"},{"@type":"ListItem","position":2,"name":"Inf\u00f3rmate","item":"https:\/\/fundesplai.org\/es\/informate\/"},{"@type":"ListItem","position":3,"name":"Actualitat","item":"https:\/\/fundesplai.org\/es\/informa-t\/category\/actualitat-es\/"},{"@type":"ListItem","position":4,"name":"El Encuentro Joven se centr\u00f3 en &#8216;&#8221;Encoratja&#8217;t&#8221;"}]},{"@type":"WebSite","@id":"https:\/\/fundesplai.org\/es\/#website","url":"https:\/\/fundesplai.org\/es\/","name":"Fundesplai","description":"Eduquem per la conviv\u00e8ncia i la sostenibilitat","potentialAction":[{"@type":"SearchAction","target":{"@type":"EntryPoint","urlTemplate":"https:\/\/fundesplai.org\/es\/?s={search_term_string}"},"query-input":{"@type":"PropertyValueSpecification","valueRequired":true,"valueName":"search_term_string"}}],"inLanguage":"es"},{"@type":"Person","@id":"https:\/\/fundesplai.org\/es\/#\/schema\/person\/67e7825d8ec54561cc24e36ba6b0f633","name":"Ferran","image":{"@type":"ImageObject","inLanguage":"es","@id":"https:\/\/secure.gravatar.com\/avatar\/a3510350976b58aae6eccd1e36f066b660a69ef63f97fde3cba8205db7db816a?s=96&d=mm&r=g","url":"https:\/\/secure.gravatar.com\/avatar\/a3510350976b58aae6eccd1e36f066b660a69ef63f97fde3cba8205db7db816a?s=96&d=mm&r=g","contentUrl":"https:\/\/secure.gravatar.com\/avatar\/a3510350976b58aae6eccd1e36f066b660a69ef63f97fde3cba8205db7db816a?s=96&d=mm&r=g","caption":"Ferran"},"url":"https:\/\/fundesplai.org\/es\/informa-t\/author\/fvidal\/"}]}},"_links":{"self":[{"href":"https:\/\/fundesplai.org\/es\/wp-json\/wp\/v2\/posts\/47828","targetHints":{"allow":["GET"]}}],"collection":[{"href":"https:\/\/fundesplai.org\/es\/wp-json\/wp\/v2\/posts"}],"about":[{"href":"https:\/\/fundesplai.org\/es\/wp-json\/wp\/v2\/types\/post"}],"author":[{"embeddable":true,"href":"https:\/\/fundesplai.org\/es\/wp-json\/wp\/v2\/users\/4"}],"replies":[{"embeddable":true,"href":"https:\/\/fundesplai.org\/es\/wp-json\/wp\/v2\/comments?post=47828"}],"version-history":[{"count":2,"href":"https:\/\/fundesplai.org\/es\/wp-json\/wp\/v2\/posts\/47828\/revisions"}],"predecessor-version":[{"id":56141,"href":"https:\/\/fundesplai.org\/es\/wp-json\/wp\/v2\/posts\/47828\/revisions\/56141"}],"wp:attachment":[{"href":"https:\/\/fundesplai.org\/es\/wp-json\/wp\/v2\/media?parent=47828"}],"wp:term":[{"taxonomy":"category","embeddable":true,"href":"https:\/\/fundesplai.org\/es\/wp-json\/wp\/v2\/categories?post=47828"},{"taxonomy":"post_tag","embeddable":true,"href":"https:\/\/fundesplai.org\/es\/wp-json\/wp\/v2\/tags?post=47828"}],"curies":[{"name":"wp","href":"https:\/\/api.w.org\/{rel}","templated":true}]}}