{"id":47820,"date":"2018-04-16T13:32:58","date_gmt":"2018-04-16T11:32:58","guid":{"rendered":"https:\/\/fundesplai.org\/informa-t\/sense-categoria\/una-delegacion-de-italia-visita-la-ama-acompanamiento-a-madres-adolescentes\/"},"modified":"2018-04-16T13:32:58","modified_gmt":"2018-04-16T11:32:58","slug":"una-delegacion-de-italia-visita-la-ama-acompanamiento-a-madres-adolescentes","status":"publish","type":"post","link":"https:\/\/fundesplai.org\/es\/informa-t\/actualitat-es\/una-delegacion-de-italia-visita-la-ama-acompanamiento-a-madres-adolescentes\/","title":{"rendered":"Una delegaci\u00f3n de Italia visita la AMA, acompa\u00f1amiento a madres adolescentes"},"content":{"rendered":"<p>El pasado 11 de abril recibimos la visita de una Delegaci\u00f3n de Italia en el programa AMA, acompa\u00f1amiento a madres adolescentes y j\u00f3venes, ven\u00edan de la mano de la entidad Salud y Familia con la que desde el programa AMA mantenemos una buena cooperaci\u00f3n. La AMA es una iniciativa que impulsa Fundesplai.<\/p>\n<p><!--more--><\/p>\n<p class=\"intro\">El pasado 11 de abril recibimos la visita de una Delegaci\u00f3n de Italia al programa AMA, acompa\u00f1amiento a madres adolescentes y j\u00f3venes, ven\u00edan de la mano de la entidad <a href=\"http:\/\/www.saludyfamilia.es\/es\">Salud y Familia<\/a> con la que desde el programa AMA mantenemos una buena cooperaci\u00f3n. La AMA es una iniciativa que impulsa Fundesplai.<\/p>\n<table style=\"height: 37px;width: 100%\">\n<tbody>\n<tr>\n<td><img decoding=\"async\" class=\" size-full wp-image-5350\" src=\"https:\/\/fundesplai.org\/test-joomla\/wp-content\/uploads\/sites\/26\/2018\/04\/ama_italia.jpg\" alt=\"ama italia\" width=\"100%\" height=\"NaN\"><\/td>\n<td><img decoding=\"async\" class=\" size-full wp-image-5352\" src=\"https:\/\/fundesplai.org\/test-joomla\/wp-content\/uploads\/sites\/26\/2018\/04\/ama_italia2.jpg\" alt=\"ama italia2\" width=\"100%\" height=\"NaN\"><\/td>\n<\/tr>\n<tr>\n<td colspan=\"2\"><img decoding=\"async\" class=\" size-full wp-image-5355\" src=\"https:\/\/fundesplai.org\/test-joomla\/wp-content\/uploads\/sites\/26\/2018\/04\/ama_italia3.jpg\" alt=\"ama italia3\" width=\"100%\" height=\"NaN\"><\/td>\n<\/tr>\n<\/tbody>\n<\/table>\n<p>La visita forma parte de una acci\u00f3n en el marco <strong>del proyecto Europeo: \u201cIntegration\/ legal migration\u201d,<\/strong> en el que una delegaci\u00f3n de profesionales de diferentes entidades italianas, todas ellas miembros del proyecto \u201cGEA\u201d, realiza una serie&nbsp; de visitas y de intercambio de experiencias en Barcelona, \u200b\u200bcoordinadas por <strong>Salud y Familia<\/strong> con el objetivo de realizar una prospecci\u00f3n sobre el terreno de los diferentes proyectos y programas que se desarrollan en el marco de la inmigraci\u00f3n e integraci\u00f3n.<\/p>\n<p>Para AMA ha sido un placer poder compartir nuestra experiencia de trabajo con mujeres.<\/p>\n","protected":false},"excerpt":{"rendered":"<p>El pasado 11 de abril recibimos la visita de una Delegaci\u00f3n de Italia en el programa AMA, acompa\u00f1amiento a madres adolescentes y j\u00f3venes, ven\u00edan de la mano de la entidad Salud y Familia con la que desde el programa AMA mantenemos una buena cooperaci\u00f3n. La AMA es una iniciativa que impulsa Fundesplai.<\/p>\n","protected":false},"author":4,"featured_media":0,"comment_status":"closed","ping_status":"closed","sticky":false,"template":"","format":"standard","meta":{"_et_pb_use_builder":"","_et_pb_old_content":"","_et_gb_content_width":"","footnotes":""},"categories":[937],"tags":[],"class_list":["post-47820","post","type-post","status-publish","format-standard","hentry","category-actualitat-es"],"yoast_head":"<!-- This site is optimized with the Yoast SEO plugin v27.4 - https:\/\/yoast.com\/product\/yoast-seo-wordpress\/ -->\n<title>Una delegaci\u00f3n de Italia visita la AMA, acompa\u00f1amiento a madres adolescentes - Fundesplai<\/title>\n<meta name=\"robots\" content=\"index, follow, max-snippet:-1, max-image-preview:large, max-video-preview:-1\" \/>\n<link rel=\"canonical\" href=\"https:\/\/fundesplai.org\/es\/informa-t\/actualitat-es\/una-delegacion-de-italia-visita-la-ama-acompanamiento-a-madres-adolescentes\/\" \/>\n<meta property=\"og:locale\" content=\"es_ES\" \/>\n<meta property=\"og:type\" content=\"article\" \/>\n<meta property=\"og:title\" content=\"Una delegaci\u00f3n de Italia visita la AMA, acompa\u00f1amiento a madres adolescentes - Fundesplai\" \/>\n<meta property=\"og:description\" content=\"El pasado 11 de abril recibimos la visita de una Delegaci\u00f3n de Italia en el programa AMA, acompa\u00f1amiento a madres adolescentes y j\u00f3venes, ven\u00edan de la mano de la entidad Salud y Familia con la que desde el programa AMA mantenemos una buena cooperaci\u00f3n. La AMA es una iniciativa que impulsa Fundesplai.\" \/>\n<meta property=\"og:url\" content=\"https:\/\/fundesplai.org\/es\/informa-t\/actualitat-es\/una-delegacion-de-italia-visita-la-ama-acompanamiento-a-madres-adolescentes\/\" \/>\n<meta property=\"og:site_name\" content=\"Fundesplai\" \/>\n<meta property=\"article:published_time\" content=\"2018-04-16T11:32:58+00:00\" \/>\n<meta property=\"og:image\" content=\"https:\/\/fundesplai.org\/test-joomla\/wp-content\/uploads\/sites\/26\/2018\/04\/ama_italia.jpg\" \/>\n<meta name=\"author\" content=\"Ferran\" \/>\n<meta name=\"twitter:card\" content=\"summary_large_image\" \/>\n<meta name=\"twitter:label1\" content=\"Escrito por\" \/>\n\t<meta name=\"twitter:data1\" content=\"Ferran\" \/>\n\t<meta name=\"twitter:label2\" content=\"Tiempo de lectura\" \/>\n\t<meta name=\"twitter:data2\" content=\"1 minuto\" \/>\n<script type=\"application\/ld+json\" class=\"yoast-schema-graph\">{\"@context\":\"https:\\\/\\\/schema.org\",\"@graph\":[{\"@type\":\"Article\",\"@id\":\"https:\\\/\\\/fundesplai.org\\\/es\\\/informa-t\\\/actualitat-es\\\/una-delegacion-de-italia-visita-la-ama-acompanamiento-a-madres-adolescentes\\\/#article\",\"isPartOf\":{\"@id\":\"https:\\\/\\\/fundesplai.org\\\/es\\\/informa-t\\\/actualitat-es\\\/una-delegacion-de-italia-visita-la-ama-acompanamiento-a-madres-adolescentes\\\/\"},\"author\":{\"name\":\"Ferran\",\"@id\":\"https:\\\/\\\/fundesplai.org\\\/es\\\/#\\\/schema\\\/person\\\/67e7825d8ec54561cc24e36ba6b0f633\"},\"headline\":\"Una delegaci\u00f3n de Italia visita la AMA, acompa\u00f1amiento a madres adolescentes\",\"datePublished\":\"2018-04-16T11:32:58+00:00\",\"mainEntityOfPage\":{\"@id\":\"https:\\\/\\\/fundesplai.org\\\/es\\\/informa-t\\\/actualitat-es\\\/una-delegacion-de-italia-visita-la-ama-acompanamiento-a-madres-adolescentes\\\/\"},\"wordCount\":221,\"image\":{\"@id\":\"https:\\\/\\\/fundesplai.org\\\/es\\\/informa-t\\\/actualitat-es\\\/una-delegacion-de-italia-visita-la-ama-acompanamiento-a-madres-adolescentes\\\/#primaryimage\"},\"thumbnailUrl\":\"https:\\\/\\\/fundesplai.org\\\/test-joomla\\\/wp-content\\\/uploads\\\/sites\\\/26\\\/2018\\\/04\\\/ama_italia.jpg\",\"articleSection\":[\"Actualitat\"],\"inLanguage\":\"es\"},{\"@type\":\"WebPage\",\"@id\":\"https:\\\/\\\/fundesplai.org\\\/es\\\/informa-t\\\/actualitat-es\\\/una-delegacion-de-italia-visita-la-ama-acompanamiento-a-madres-adolescentes\\\/\",\"url\":\"https:\\\/\\\/fundesplai.org\\\/es\\\/informa-t\\\/actualitat-es\\\/una-delegacion-de-italia-visita-la-ama-acompanamiento-a-madres-adolescentes\\\/\",\"name\":\"Una delegaci\u00f3n de Italia visita la AMA, acompa\u00f1amiento a madres adolescentes - Fundesplai\",\"isPartOf\":{\"@id\":\"https:\\\/\\\/fundesplai.org\\\/es\\\/#website\"},\"primaryImageOfPage\":{\"@id\":\"https:\\\/\\\/fundesplai.org\\\/es\\\/informa-t\\\/actualitat-es\\\/una-delegacion-de-italia-visita-la-ama-acompanamiento-a-madres-adolescentes\\\/#primaryimage\"},\"image\":{\"@id\":\"https:\\\/\\\/fundesplai.org\\\/es\\\/informa-t\\\/actualitat-es\\\/una-delegacion-de-italia-visita-la-ama-acompanamiento-a-madres-adolescentes\\\/#primaryimage\"},\"thumbnailUrl\":\"https:\\\/\\\/fundesplai.org\\\/test-joomla\\\/wp-content\\\/uploads\\\/sites\\\/26\\\/2018\\\/04\\\/ama_italia.jpg\",\"datePublished\":\"2018-04-16T11:32:58+00:00\",\"author\":{\"@id\":\"https:\\\/\\\/fundesplai.org\\\/es\\\/#\\\/schema\\\/person\\\/67e7825d8ec54561cc24e36ba6b0f633\"},\"breadcrumb\":{\"@id\":\"https:\\\/\\\/fundesplai.org\\\/es\\\/informa-t\\\/actualitat-es\\\/una-delegacion-de-italia-visita-la-ama-acompanamiento-a-madres-adolescentes\\\/#breadcrumb\"},\"inLanguage\":\"es\",\"potentialAction\":[{\"@type\":\"ReadAction\",\"target\":[\"https:\\\/\\\/fundesplai.org\\\/es\\\/informa-t\\\/actualitat-es\\\/una-delegacion-de-italia-visita-la-ama-acompanamiento-a-madres-adolescentes\\\/\"]}]},{\"@type\":\"ImageObject\",\"inLanguage\":\"es\",\"@id\":\"https:\\\/\\\/fundesplai.org\\\/es\\\/informa-t\\\/actualitat-es\\\/una-delegacion-de-italia-visita-la-ama-acompanamiento-a-madres-adolescentes\\\/#primaryimage\",\"url\":\"https:\\\/\\\/fundesplai.org\\\/test-joomla\\\/wp-content\\\/uploads\\\/sites\\\/26\\\/2018\\\/04\\\/ama_italia.jpg\",\"contentUrl\":\"https:\\\/\\\/fundesplai.org\\\/test-joomla\\\/wp-content\\\/uploads\\\/sites\\\/26\\\/2018\\\/04\\\/ama_italia.jpg\"},{\"@type\":\"BreadcrumbList\",\"@id\":\"https:\\\/\\\/fundesplai.org\\\/es\\\/informa-t\\\/actualitat-es\\\/una-delegacion-de-italia-visita-la-ama-acompanamiento-a-madres-adolescentes\\\/#breadcrumb\",\"itemListElement\":[{\"@type\":\"ListItem\",\"position\":1,\"name\":\"Inici\",\"item\":\"https:\\\/\\\/fundesplai.org\\\/es\\\/inicio\\\/\"},{\"@type\":\"ListItem\",\"position\":2,\"name\":\"Inf\u00f3rmate\",\"item\":\"https:\\\/\\\/fundesplai.org\\\/es\\\/informate\\\/\"},{\"@type\":\"ListItem\",\"position\":3,\"name\":\"Sin categor\u00eda\",\"item\":\"https:\\\/\\\/fundesplai.org\\\/es\\\/informa-t\\\/category\\\/sin-categoria\\\/\"},{\"@type\":\"ListItem\",\"position\":4,\"name\":\"Una delegaci\u00f3n de Italia visita la AMA, acompa\u00f1amiento a madres adolescentes\"}]},{\"@type\":\"WebSite\",\"@id\":\"https:\\\/\\\/fundesplai.org\\\/es\\\/#website\",\"url\":\"https:\\\/\\\/fundesplai.org\\\/es\\\/\",\"name\":\"Fundesplai\",\"description\":\"Eduquem per la conviv\u00e8ncia i la sostenibilitat\",\"potentialAction\":[{\"@type\":\"SearchAction\",\"target\":{\"@type\":\"EntryPoint\",\"urlTemplate\":\"https:\\\/\\\/fundesplai.org\\\/es\\\/?s={search_term_string}\"},\"query-input\":{\"@type\":\"PropertyValueSpecification\",\"valueRequired\":true,\"valueName\":\"search_term_string\"}}],\"inLanguage\":\"es\"},{\"@type\":\"Person\",\"@id\":\"https:\\\/\\\/fundesplai.org\\\/es\\\/#\\\/schema\\\/person\\\/67e7825d8ec54561cc24e36ba6b0f633\",\"name\":\"Ferran\",\"image\":{\"@type\":\"ImageObject\",\"inLanguage\":\"es\",\"@id\":\"https:\\\/\\\/secure.gravatar.com\\\/avatar\\\/a3510350976b58aae6eccd1e36f066b660a69ef63f97fde3cba8205db7db816a?s=96&d=mm&r=g\",\"url\":\"https:\\\/\\\/secure.gravatar.com\\\/avatar\\\/a3510350976b58aae6eccd1e36f066b660a69ef63f97fde3cba8205db7db816a?s=96&d=mm&r=g\",\"contentUrl\":\"https:\\\/\\\/secure.gravatar.com\\\/avatar\\\/a3510350976b58aae6eccd1e36f066b660a69ef63f97fde3cba8205db7db816a?s=96&d=mm&r=g\",\"caption\":\"Ferran\"},\"url\":\"https:\\\/\\\/fundesplai.org\\\/es\\\/informa-t\\\/author\\\/fvidal\\\/\"}]}<\/script>\n<!-- \/ Yoast SEO plugin. -->","yoast_head_json":{"title":"Una delegaci\u00f3n de Italia visita la AMA, acompa\u00f1amiento a madres adolescentes - Fundesplai","robots":{"index":"index","follow":"follow","max-snippet":"max-snippet:-1","max-image-preview":"max-image-preview:large","max-video-preview":"max-video-preview:-1"},"canonical":"https:\/\/fundesplai.org\/es\/informa-t\/actualitat-es\/una-delegacion-de-italia-visita-la-ama-acompanamiento-a-madres-adolescentes\/","og_locale":"es_ES","og_type":"article","og_title":"Una delegaci\u00f3n de Italia visita la AMA, acompa\u00f1amiento a madres adolescentes - Fundesplai","og_description":"El pasado 11 de abril recibimos la visita de una Delegaci\u00f3n de Italia en el programa AMA, acompa\u00f1amiento a madres adolescentes y j\u00f3venes, ven\u00edan de la mano de la entidad Salud y Familia con la que desde el programa AMA mantenemos una buena cooperaci\u00f3n. La AMA es una iniciativa que impulsa Fundesplai.","og_url":"https:\/\/fundesplai.org\/es\/informa-t\/actualitat-es\/una-delegacion-de-italia-visita-la-ama-acompanamiento-a-madres-adolescentes\/","og_site_name":"Fundesplai","article_published_time":"2018-04-16T11:32:58+00:00","og_image":[{"url":"https:\/\/fundesplai.org\/test-joomla\/wp-content\/uploads\/sites\/26\/2018\/04\/ama_italia.jpg","type":"","width":"","height":""}],"author":"Ferran","twitter_card":"summary_large_image","twitter_misc":{"Escrito por":"Ferran","Tiempo de lectura":"1 minuto"},"schema":{"@context":"https:\/\/schema.org","@graph":[{"@type":"Article","@id":"https:\/\/fundesplai.org\/es\/informa-t\/actualitat-es\/una-delegacion-de-italia-visita-la-ama-acompanamiento-a-madres-adolescentes\/#article","isPartOf":{"@id":"https:\/\/fundesplai.org\/es\/informa-t\/actualitat-es\/una-delegacion-de-italia-visita-la-ama-acompanamiento-a-madres-adolescentes\/"},"author":{"name":"Ferran","@id":"https:\/\/fundesplai.org\/es\/#\/schema\/person\/67e7825d8ec54561cc24e36ba6b0f633"},"headline":"Una delegaci\u00f3n de Italia visita la AMA, acompa\u00f1amiento a madres adolescentes","datePublished":"2018-04-16T11:32:58+00:00","mainEntityOfPage":{"@id":"https:\/\/fundesplai.org\/es\/informa-t\/actualitat-es\/una-delegacion-de-italia-visita-la-ama-acompanamiento-a-madres-adolescentes\/"},"wordCount":221,"image":{"@id":"https:\/\/fundesplai.org\/es\/informa-t\/actualitat-es\/una-delegacion-de-italia-visita-la-ama-acompanamiento-a-madres-adolescentes\/#primaryimage"},"thumbnailUrl":"https:\/\/fundesplai.org\/test-joomla\/wp-content\/uploads\/sites\/26\/2018\/04\/ama_italia.jpg","articleSection":["Actualitat"],"inLanguage":"es"},{"@type":"WebPage","@id":"https:\/\/fundesplai.org\/es\/informa-t\/actualitat-es\/una-delegacion-de-italia-visita-la-ama-acompanamiento-a-madres-adolescentes\/","url":"https:\/\/fundesplai.org\/es\/informa-t\/actualitat-es\/una-delegacion-de-italia-visita-la-ama-acompanamiento-a-madres-adolescentes\/","name":"Una delegaci\u00f3n de Italia visita la AMA, acompa\u00f1amiento a madres adolescentes - Fundesplai","isPartOf":{"@id":"https:\/\/fundesplai.org\/es\/#website"},"primaryImageOfPage":{"@id":"https:\/\/fundesplai.org\/es\/informa-t\/actualitat-es\/una-delegacion-de-italia-visita-la-ama-acompanamiento-a-madres-adolescentes\/#primaryimage"},"image":{"@id":"https:\/\/fundesplai.org\/es\/informa-t\/actualitat-es\/una-delegacion-de-italia-visita-la-ama-acompanamiento-a-madres-adolescentes\/#primaryimage"},"thumbnailUrl":"https:\/\/fundesplai.org\/test-joomla\/wp-content\/uploads\/sites\/26\/2018\/04\/ama_italia.jpg","datePublished":"2018-04-16T11:32:58+00:00","author":{"@id":"https:\/\/fundesplai.org\/es\/#\/schema\/person\/67e7825d8ec54561cc24e36ba6b0f633"},"breadcrumb":{"@id":"https:\/\/fundesplai.org\/es\/informa-t\/actualitat-es\/una-delegacion-de-italia-visita-la-ama-acompanamiento-a-madres-adolescentes\/#breadcrumb"},"inLanguage":"es","potentialAction":[{"@type":"ReadAction","target":["https:\/\/fundesplai.org\/es\/informa-t\/actualitat-es\/una-delegacion-de-italia-visita-la-ama-acompanamiento-a-madres-adolescentes\/"]}]},{"@type":"ImageObject","inLanguage":"es","@id":"https:\/\/fundesplai.org\/es\/informa-t\/actualitat-es\/una-delegacion-de-italia-visita-la-ama-acompanamiento-a-madres-adolescentes\/#primaryimage","url":"https:\/\/fundesplai.org\/test-joomla\/wp-content\/uploads\/sites\/26\/2018\/04\/ama_italia.jpg","contentUrl":"https:\/\/fundesplai.org\/test-joomla\/wp-content\/uploads\/sites\/26\/2018\/04\/ama_italia.jpg"},{"@type":"BreadcrumbList","@id":"https:\/\/fundesplai.org\/es\/informa-t\/actualitat-es\/una-delegacion-de-italia-visita-la-ama-acompanamiento-a-madres-adolescentes\/#breadcrumb","itemListElement":[{"@type":"ListItem","position":1,"name":"Inici","item":"https:\/\/fundesplai.org\/es\/inicio\/"},{"@type":"ListItem","position":2,"name":"Inf\u00f3rmate","item":"https:\/\/fundesplai.org\/es\/informate\/"},{"@type":"ListItem","position":3,"name":"Sin categor\u00eda","item":"https:\/\/fundesplai.org\/es\/informa-t\/category\/sin-categoria\/"},{"@type":"ListItem","position":4,"name":"Una delegaci\u00f3n de Italia visita la AMA, acompa\u00f1amiento a madres adolescentes"}]},{"@type":"WebSite","@id":"https:\/\/fundesplai.org\/es\/#website","url":"https:\/\/fundesplai.org\/es\/","name":"Fundesplai","description":"Eduquem per la conviv\u00e8ncia i la sostenibilitat","potentialAction":[{"@type":"SearchAction","target":{"@type":"EntryPoint","urlTemplate":"https:\/\/fundesplai.org\/es\/?s={search_term_string}"},"query-input":{"@type":"PropertyValueSpecification","valueRequired":true,"valueName":"search_term_string"}}],"inLanguage":"es"},{"@type":"Person","@id":"https:\/\/fundesplai.org\/es\/#\/schema\/person\/67e7825d8ec54561cc24e36ba6b0f633","name":"Ferran","image":{"@type":"ImageObject","inLanguage":"es","@id":"https:\/\/secure.gravatar.com\/avatar\/a3510350976b58aae6eccd1e36f066b660a69ef63f97fde3cba8205db7db816a?s=96&d=mm&r=g","url":"https:\/\/secure.gravatar.com\/avatar\/a3510350976b58aae6eccd1e36f066b660a69ef63f97fde3cba8205db7db816a?s=96&d=mm&r=g","contentUrl":"https:\/\/secure.gravatar.com\/avatar\/a3510350976b58aae6eccd1e36f066b660a69ef63f97fde3cba8205db7db816a?s=96&d=mm&r=g","caption":"Ferran"},"url":"https:\/\/fundesplai.org\/es\/informa-t\/author\/fvidal\/"}]}},"_links":{"self":[{"href":"https:\/\/fundesplai.org\/es\/wp-json\/wp\/v2\/posts\/47820","targetHints":{"allow":["GET"]}}],"collection":[{"href":"https:\/\/fundesplai.org\/es\/wp-json\/wp\/v2\/posts"}],"about":[{"href":"https:\/\/fundesplai.org\/es\/wp-json\/wp\/v2\/types\/post"}],"author":[{"embeddable":true,"href":"https:\/\/fundesplai.org\/es\/wp-json\/wp\/v2\/users\/4"}],"replies":[{"embeddable":true,"href":"https:\/\/fundesplai.org\/es\/wp-json\/wp\/v2\/comments?post=47820"}],"version-history":[{"count":0,"href":"https:\/\/fundesplai.org\/es\/wp-json\/wp\/v2\/posts\/47820\/revisions"}],"wp:attachment":[{"href":"https:\/\/fundesplai.org\/es\/wp-json\/wp\/v2\/media?parent=47820"}],"wp:term":[{"taxonomy":"category","embeddable":true,"href":"https:\/\/fundesplai.org\/es\/wp-json\/wp\/v2\/categories?post=47820"},{"taxonomy":"post_tag","embeddable":true,"href":"https:\/\/fundesplai.org\/es\/wp-json\/wp\/v2\/tags?post=47820"}],"curies":[{"name":"wp","href":"https:\/\/api.w.org\/{rel}","templated":true}]}}