{"id":47819,"date":"2018-04-16T13:07:42","date_gmt":"2018-04-16T11:07:42","guid":{"rendered":"https:\/\/fundesplai.org\/informa-t\/sense-categoria\/entrega-de-certificados-a-los-jovenes-del-proyecto-mirall\/"},"modified":"2023-09-20T09:09:45","modified_gmt":"2023-09-20T07:09:45","slug":"entrega-de-certificados-a-los-jovenes-del-proyecto-mirall","status":"publish","type":"post","link":"https:\/\/fundesplai.org\/es\/informa-t\/actualitat-es\/entrega-de-certificados-a-los-jovenes-del-proyecto-mirall\/","title":{"rendered":"Entrega de certificados a los j\u00f3venes del proyecto Mirall"},"content":{"rendered":"<p>El pasado 9 de abril los j\u00f3venes del proyecto<a href=\"https:\/\/fundesplai.org\/test-joomla\/wp-content\/uploads\/sites\/26\/2018\/04\/Diari_78_web.pdf\">\u00a0 <strong>Mirall, igualdad de oportunidades<\/strong> \u00a0 <strong>en la educaci\u00f3n<\/strong><\/a>\u00a0recibieron el certificado del programa PRT (programa de reincorporaci\u00f3n al trabajo) de la Secretar\u00eda de Igualdad, Migraciones y Ciudadan\u00eda de la Generalidad de la mano del Secretario Oriol Amor\u00f3s.<\/p>\n<p><!--more--><\/p>\n<p><img loading=\"lazy\" decoding=\"async\" class=\" alignleft size-full wp-image-5343\" style=\"margin: 5px;float: left\" src=\"https:\/\/fundesplai.org\/test-joomla\/wp-content\/uploads\/sites\/26\/2018\/04\/mirall.jpg\" alt=\"mirall\" width=\"350\" height=\"308\" \/>El pasado 9 de abril los j\u00f3venes del proyecto <a href=\"https:\/\/fundesplai.org\/test-joomla\/wp-content\/uploads\/sites\/26\/2018\/04\/Diari_78_web.pdf\"><strong>Mirall, igualdad de oportunides<\/strong> <strong>en la educaci\u00f3n<\/strong><\/a> recibieron el certificado del programa PRT (programa de reincorporaci\u00f3n al trabajo) de la Secretar\u00eda de Igualdad, Migraciones y Ciudadan\u00eda de la Generalidad de la mano del Secretario Oriol Amor\u00f3s. Esta iniciativa trabaja con personas j\u00f3venes inmigrantes que se encuentran en situaciones espec\u00edficas de vulnerabilidad.<\/p>\n<p>En la propuesta de este a\u00f1o de Fundesplai han participado un total de 40 j\u00f3venes, en dos grupos, uno en Barcelona y otro en Hospitalet de Llobregat realizando un proceso de acompa\u00f1amiento y formativo en lengua y cultura catalana y el curso de monitores \/s de ocio infantil y juvenil.<\/p>\n<p>Expertos indican que las causas que hacen que una persona inicie un proceso migratorio es que su pa\u00eds de origen est\u00e9 en guerra, que haya conflictos pol\u00edticos, pobreza econ\u00f3mica, carencia de oportunidades y\/o razones acad\u00e9micas o familiares&#8230;<\/p>\n<p>Y las consecuencias de hacerlo son diversas: hacer frente a un proceso como \u00e9ste en soledad es todo un reto para las personas j\u00f3venes y supone un crecimiento personal y madurativo nada f\u00e1cil. Desde el proyecto y el trabajo en grupo, la participaci\u00f3n, el acompa\u00f1amiento, el sentimiento de pertenencia y las experiencias de cada uno conseguimos crear una familia de apoyo para posibilitar futuras y presentes oportunidades de inclusi\u00f3n.<\/p>\n<p>El acto de entrega de los certificados supone un reconocimiento para ellos\/as y un fuerte impulso.<\/p>\n","protected":false},"excerpt":{"rendered":"<p>El pasado 9 de abril los j\u00f3venes del proyecto\u00a0 Mirall, igualdad de oportunidades \u00a0 en la educaci\u00f3n\u00a0recibieron el certificado del programa PRT (programa de reincorporaci\u00f3n al trabajo) de la Secretar\u00eda de Igualdad, Migraciones y Ciudadan\u00eda de la Generalidad de la mano del Secretario Oriol Amor\u00f3s.<\/p>\n","protected":false},"author":4,"featured_media":0,"comment_status":"closed","ping_status":"closed","sticky":false,"template":"","format":"standard","meta":{"_et_pb_use_builder":"","_et_pb_old_content":"","_et_gb_content_width":"","footnotes":""},"categories":[937],"tags":[987],"class_list":["post-47819","post","type-post","status-publish","format-standard","hentry","category-actualitat-es","tag-jovenes-es"],"yoast_head":"<!-- This site is optimized with the Yoast SEO plugin v27.4 - https:\/\/yoast.com\/product\/yoast-seo-wordpress\/ -->\n<title>Entrega de certificados a los j\u00f3venes del proyecto Mirall - Fundesplai<\/title>\n<meta name=\"robots\" content=\"index, follow, max-snippet:-1, max-image-preview:large, max-video-preview:-1\" \/>\n<link rel=\"canonical\" href=\"https:\/\/fundesplai.org\/es\/informa-t\/actualitat-es\/entrega-de-certificados-a-los-jovenes-del-proyecto-mirall\/\" \/>\n<meta property=\"og:locale\" content=\"es_ES\" \/>\n<meta property=\"og:type\" content=\"article\" \/>\n<meta property=\"og:title\" content=\"Entrega de certificados a los j\u00f3venes del proyecto Mirall - Fundesplai\" \/>\n<meta property=\"og:description\" content=\"El pasado 9 de abril los j\u00f3venes del proyecto\u00a0 Mirall, igualdad de oportunidades \u00a0 en la educaci\u00f3n\u00a0recibieron el certificado del programa PRT (programa de reincorporaci\u00f3n al trabajo) de la Secretar\u00eda de Igualdad, Migraciones y Ciudadan\u00eda de la Generalidad de la mano del Secretario Oriol Amor\u00f3s.\" \/>\n<meta property=\"og:url\" content=\"https:\/\/fundesplai.org\/es\/informa-t\/actualitat-es\/entrega-de-certificados-a-los-jovenes-del-proyecto-mirall\/\" \/>\n<meta property=\"og:site_name\" content=\"Fundesplai\" \/>\n<meta property=\"article:published_time\" content=\"2018-04-16T11:07:42+00:00\" \/>\n<meta property=\"article:modified_time\" content=\"2023-09-20T07:09:45+00:00\" \/>\n<meta property=\"og:image\" content=\"https:\/\/fundesplai.org\/test-joomla\/wp-content\/uploads\/sites\/26\/2018\/04\/mirall.jpg\" \/>\n<meta name=\"author\" content=\"Ferran\" \/>\n<meta name=\"twitter:card\" content=\"summary_large_image\" \/>\n<meta name=\"twitter:label1\" content=\"Escrito por\" \/>\n\t<meta name=\"twitter:data1\" content=\"Ferran\" \/>\n\t<meta name=\"twitter:label2\" content=\"Tiempo de lectura\" \/>\n\t<meta name=\"twitter:data2\" content=\"2 minutos\" \/>\n<script type=\"application\/ld+json\" class=\"yoast-schema-graph\">{\"@context\":\"https:\\\/\\\/schema.org\",\"@graph\":[{\"@type\":\"Article\",\"@id\":\"https:\\\/\\\/fundesplai.org\\\/es\\\/informa-t\\\/actualitat-es\\\/entrega-de-certificados-a-los-jovenes-del-proyecto-mirall\\\/#article\",\"isPartOf\":{\"@id\":\"https:\\\/\\\/fundesplai.org\\\/es\\\/informa-t\\\/actualitat-es\\\/entrega-de-certificados-a-los-jovenes-del-proyecto-mirall\\\/\"},\"author\":{\"name\":\"Ferran\",\"@id\":\"https:\\\/\\\/fundesplai.org\\\/es\\\/#\\\/schema\\\/person\\\/67e7825d8ec54561cc24e36ba6b0f633\"},\"headline\":\"Entrega de certificados a los j\u00f3venes del proyecto Mirall\",\"datePublished\":\"2018-04-16T11:07:42+00:00\",\"dateModified\":\"2023-09-20T07:09:45+00:00\",\"mainEntityOfPage\":{\"@id\":\"https:\\\/\\\/fundesplai.org\\\/es\\\/informa-t\\\/actualitat-es\\\/entrega-de-certificados-a-los-jovenes-del-proyecto-mirall\\\/\"},\"wordCount\":312,\"image\":{\"@id\":\"https:\\\/\\\/fundesplai.org\\\/es\\\/informa-t\\\/actualitat-es\\\/entrega-de-certificados-a-los-jovenes-del-proyecto-mirall\\\/#primaryimage\"},\"thumbnailUrl\":\"https:\\\/\\\/fundesplai.org\\\/test-joomla\\\/wp-content\\\/uploads\\\/sites\\\/26\\\/2018\\\/04\\\/mirall.jpg\",\"keywords\":[\"j\u00f3venes\"],\"articleSection\":[\"Actualitat\"],\"inLanguage\":\"es\"},{\"@type\":\"WebPage\",\"@id\":\"https:\\\/\\\/fundesplai.org\\\/es\\\/informa-t\\\/actualitat-es\\\/entrega-de-certificados-a-los-jovenes-del-proyecto-mirall\\\/\",\"url\":\"https:\\\/\\\/fundesplai.org\\\/es\\\/informa-t\\\/actualitat-es\\\/entrega-de-certificados-a-los-jovenes-del-proyecto-mirall\\\/\",\"name\":\"Entrega de certificados a los j\u00f3venes del proyecto Mirall - Fundesplai\",\"isPartOf\":{\"@id\":\"https:\\\/\\\/fundesplai.org\\\/es\\\/#website\"},\"primaryImageOfPage\":{\"@id\":\"https:\\\/\\\/fundesplai.org\\\/es\\\/informa-t\\\/actualitat-es\\\/entrega-de-certificados-a-los-jovenes-del-proyecto-mirall\\\/#primaryimage\"},\"image\":{\"@id\":\"https:\\\/\\\/fundesplai.org\\\/es\\\/informa-t\\\/actualitat-es\\\/entrega-de-certificados-a-los-jovenes-del-proyecto-mirall\\\/#primaryimage\"},\"thumbnailUrl\":\"https:\\\/\\\/fundesplai.org\\\/test-joomla\\\/wp-content\\\/uploads\\\/sites\\\/26\\\/2018\\\/04\\\/mirall.jpg\",\"datePublished\":\"2018-04-16T11:07:42+00:00\",\"dateModified\":\"2023-09-20T07:09:45+00:00\",\"author\":{\"@id\":\"https:\\\/\\\/fundesplai.org\\\/es\\\/#\\\/schema\\\/person\\\/67e7825d8ec54561cc24e36ba6b0f633\"},\"breadcrumb\":{\"@id\":\"https:\\\/\\\/fundesplai.org\\\/es\\\/informa-t\\\/actualitat-es\\\/entrega-de-certificados-a-los-jovenes-del-proyecto-mirall\\\/#breadcrumb\"},\"inLanguage\":\"es\",\"potentialAction\":[{\"@type\":\"ReadAction\",\"target\":[\"https:\\\/\\\/fundesplai.org\\\/es\\\/informa-t\\\/actualitat-es\\\/entrega-de-certificados-a-los-jovenes-del-proyecto-mirall\\\/\"]}]},{\"@type\":\"ImageObject\",\"inLanguage\":\"es\",\"@id\":\"https:\\\/\\\/fundesplai.org\\\/es\\\/informa-t\\\/actualitat-es\\\/entrega-de-certificados-a-los-jovenes-del-proyecto-mirall\\\/#primaryimage\",\"url\":\"https:\\\/\\\/fundesplai.org\\\/test-joomla\\\/wp-content\\\/uploads\\\/sites\\\/26\\\/2018\\\/04\\\/mirall.jpg\",\"contentUrl\":\"https:\\\/\\\/fundesplai.org\\\/test-joomla\\\/wp-content\\\/uploads\\\/sites\\\/26\\\/2018\\\/04\\\/mirall.jpg\"},{\"@type\":\"BreadcrumbList\",\"@id\":\"https:\\\/\\\/fundesplai.org\\\/es\\\/informa-t\\\/actualitat-es\\\/entrega-de-certificados-a-los-jovenes-del-proyecto-mirall\\\/#breadcrumb\",\"itemListElement\":[{\"@type\":\"ListItem\",\"position\":1,\"name\":\"Inici\",\"item\":\"https:\\\/\\\/fundesplai.org\\\/es\\\/inicio\\\/\"},{\"@type\":\"ListItem\",\"position\":2,\"name\":\"Inf\u00f3rmate\",\"item\":\"https:\\\/\\\/fundesplai.org\\\/es\\\/informate\\\/\"},{\"@type\":\"ListItem\",\"position\":3,\"name\":\"Actualitat\",\"item\":\"https:\\\/\\\/fundesplai.org\\\/es\\\/informa-t\\\/category\\\/actualitat-es\\\/\"},{\"@type\":\"ListItem\",\"position\":4,\"name\":\"Entrega de certificados a los j\u00f3venes del proyecto Mirall\"}]},{\"@type\":\"WebSite\",\"@id\":\"https:\\\/\\\/fundesplai.org\\\/es\\\/#website\",\"url\":\"https:\\\/\\\/fundesplai.org\\\/es\\\/\",\"name\":\"Fundesplai\",\"description\":\"Eduquem per la conviv\u00e8ncia i la sostenibilitat\",\"potentialAction\":[{\"@type\":\"SearchAction\",\"target\":{\"@type\":\"EntryPoint\",\"urlTemplate\":\"https:\\\/\\\/fundesplai.org\\\/es\\\/?s={search_term_string}\"},\"query-input\":{\"@type\":\"PropertyValueSpecification\",\"valueRequired\":true,\"valueName\":\"search_term_string\"}}],\"inLanguage\":\"es\"},{\"@type\":\"Person\",\"@id\":\"https:\\\/\\\/fundesplai.org\\\/es\\\/#\\\/schema\\\/person\\\/67e7825d8ec54561cc24e36ba6b0f633\",\"name\":\"Ferran\",\"image\":{\"@type\":\"ImageObject\",\"inLanguage\":\"es\",\"@id\":\"https:\\\/\\\/secure.gravatar.com\\\/avatar\\\/a3510350976b58aae6eccd1e36f066b660a69ef63f97fde3cba8205db7db816a?s=96&d=mm&r=g\",\"url\":\"https:\\\/\\\/secure.gravatar.com\\\/avatar\\\/a3510350976b58aae6eccd1e36f066b660a69ef63f97fde3cba8205db7db816a?s=96&d=mm&r=g\",\"contentUrl\":\"https:\\\/\\\/secure.gravatar.com\\\/avatar\\\/a3510350976b58aae6eccd1e36f066b660a69ef63f97fde3cba8205db7db816a?s=96&d=mm&r=g\",\"caption\":\"Ferran\"},\"url\":\"https:\\\/\\\/fundesplai.org\\\/es\\\/informa-t\\\/author\\\/fvidal\\\/\"}]}<\/script>\n<!-- \/ Yoast SEO plugin. -->","yoast_head_json":{"title":"Entrega de certificados a los j\u00f3venes del proyecto Mirall - Fundesplai","robots":{"index":"index","follow":"follow","max-snippet":"max-snippet:-1","max-image-preview":"max-image-preview:large","max-video-preview":"max-video-preview:-1"},"canonical":"https:\/\/fundesplai.org\/es\/informa-t\/actualitat-es\/entrega-de-certificados-a-los-jovenes-del-proyecto-mirall\/","og_locale":"es_ES","og_type":"article","og_title":"Entrega de certificados a los j\u00f3venes del proyecto Mirall - Fundesplai","og_description":"El pasado 9 de abril los j\u00f3venes del proyecto\u00a0 Mirall, igualdad de oportunidades \u00a0 en la educaci\u00f3n\u00a0recibieron el certificado del programa PRT (programa de reincorporaci\u00f3n al trabajo) de la Secretar\u00eda de Igualdad, Migraciones y Ciudadan\u00eda de la Generalidad de la mano del Secretario Oriol Amor\u00f3s.","og_url":"https:\/\/fundesplai.org\/es\/informa-t\/actualitat-es\/entrega-de-certificados-a-los-jovenes-del-proyecto-mirall\/","og_site_name":"Fundesplai","article_published_time":"2018-04-16T11:07:42+00:00","article_modified_time":"2023-09-20T07:09:45+00:00","og_image":[{"url":"https:\/\/fundesplai.org\/test-joomla\/wp-content\/uploads\/sites\/26\/2018\/04\/mirall.jpg","type":"","width":"","height":""}],"author":"Ferran","twitter_card":"summary_large_image","twitter_misc":{"Escrito por":"Ferran","Tiempo de lectura":"2 minutos"},"schema":{"@context":"https:\/\/schema.org","@graph":[{"@type":"Article","@id":"https:\/\/fundesplai.org\/es\/informa-t\/actualitat-es\/entrega-de-certificados-a-los-jovenes-del-proyecto-mirall\/#article","isPartOf":{"@id":"https:\/\/fundesplai.org\/es\/informa-t\/actualitat-es\/entrega-de-certificados-a-los-jovenes-del-proyecto-mirall\/"},"author":{"name":"Ferran","@id":"https:\/\/fundesplai.org\/es\/#\/schema\/person\/67e7825d8ec54561cc24e36ba6b0f633"},"headline":"Entrega de certificados a los j\u00f3venes del proyecto Mirall","datePublished":"2018-04-16T11:07:42+00:00","dateModified":"2023-09-20T07:09:45+00:00","mainEntityOfPage":{"@id":"https:\/\/fundesplai.org\/es\/informa-t\/actualitat-es\/entrega-de-certificados-a-los-jovenes-del-proyecto-mirall\/"},"wordCount":312,"image":{"@id":"https:\/\/fundesplai.org\/es\/informa-t\/actualitat-es\/entrega-de-certificados-a-los-jovenes-del-proyecto-mirall\/#primaryimage"},"thumbnailUrl":"https:\/\/fundesplai.org\/test-joomla\/wp-content\/uploads\/sites\/26\/2018\/04\/mirall.jpg","keywords":["j\u00f3venes"],"articleSection":["Actualitat"],"inLanguage":"es"},{"@type":"WebPage","@id":"https:\/\/fundesplai.org\/es\/informa-t\/actualitat-es\/entrega-de-certificados-a-los-jovenes-del-proyecto-mirall\/","url":"https:\/\/fundesplai.org\/es\/informa-t\/actualitat-es\/entrega-de-certificados-a-los-jovenes-del-proyecto-mirall\/","name":"Entrega de certificados a los j\u00f3venes del proyecto Mirall - Fundesplai","isPartOf":{"@id":"https:\/\/fundesplai.org\/es\/#website"},"primaryImageOfPage":{"@id":"https:\/\/fundesplai.org\/es\/informa-t\/actualitat-es\/entrega-de-certificados-a-los-jovenes-del-proyecto-mirall\/#primaryimage"},"image":{"@id":"https:\/\/fundesplai.org\/es\/informa-t\/actualitat-es\/entrega-de-certificados-a-los-jovenes-del-proyecto-mirall\/#primaryimage"},"thumbnailUrl":"https:\/\/fundesplai.org\/test-joomla\/wp-content\/uploads\/sites\/26\/2018\/04\/mirall.jpg","datePublished":"2018-04-16T11:07:42+00:00","dateModified":"2023-09-20T07:09:45+00:00","author":{"@id":"https:\/\/fundesplai.org\/es\/#\/schema\/person\/67e7825d8ec54561cc24e36ba6b0f633"},"breadcrumb":{"@id":"https:\/\/fundesplai.org\/es\/informa-t\/actualitat-es\/entrega-de-certificados-a-los-jovenes-del-proyecto-mirall\/#breadcrumb"},"inLanguage":"es","potentialAction":[{"@type":"ReadAction","target":["https:\/\/fundesplai.org\/es\/informa-t\/actualitat-es\/entrega-de-certificados-a-los-jovenes-del-proyecto-mirall\/"]}]},{"@type":"ImageObject","inLanguage":"es","@id":"https:\/\/fundesplai.org\/es\/informa-t\/actualitat-es\/entrega-de-certificados-a-los-jovenes-del-proyecto-mirall\/#primaryimage","url":"https:\/\/fundesplai.org\/test-joomla\/wp-content\/uploads\/sites\/26\/2018\/04\/mirall.jpg","contentUrl":"https:\/\/fundesplai.org\/test-joomla\/wp-content\/uploads\/sites\/26\/2018\/04\/mirall.jpg"},{"@type":"BreadcrumbList","@id":"https:\/\/fundesplai.org\/es\/informa-t\/actualitat-es\/entrega-de-certificados-a-los-jovenes-del-proyecto-mirall\/#breadcrumb","itemListElement":[{"@type":"ListItem","position":1,"name":"Inici","item":"https:\/\/fundesplai.org\/es\/inicio\/"},{"@type":"ListItem","position":2,"name":"Inf\u00f3rmate","item":"https:\/\/fundesplai.org\/es\/informate\/"},{"@type":"ListItem","position":3,"name":"Actualitat","item":"https:\/\/fundesplai.org\/es\/informa-t\/category\/actualitat-es\/"},{"@type":"ListItem","position":4,"name":"Entrega de certificados a los j\u00f3venes del proyecto Mirall"}]},{"@type":"WebSite","@id":"https:\/\/fundesplai.org\/es\/#website","url":"https:\/\/fundesplai.org\/es\/","name":"Fundesplai","description":"Eduquem per la conviv\u00e8ncia i la sostenibilitat","potentialAction":[{"@type":"SearchAction","target":{"@type":"EntryPoint","urlTemplate":"https:\/\/fundesplai.org\/es\/?s={search_term_string}"},"query-input":{"@type":"PropertyValueSpecification","valueRequired":true,"valueName":"search_term_string"}}],"inLanguage":"es"},{"@type":"Person","@id":"https:\/\/fundesplai.org\/es\/#\/schema\/person\/67e7825d8ec54561cc24e36ba6b0f633","name":"Ferran","image":{"@type":"ImageObject","inLanguage":"es","@id":"https:\/\/secure.gravatar.com\/avatar\/a3510350976b58aae6eccd1e36f066b660a69ef63f97fde3cba8205db7db816a?s=96&d=mm&r=g","url":"https:\/\/secure.gravatar.com\/avatar\/a3510350976b58aae6eccd1e36f066b660a69ef63f97fde3cba8205db7db816a?s=96&d=mm&r=g","contentUrl":"https:\/\/secure.gravatar.com\/avatar\/a3510350976b58aae6eccd1e36f066b660a69ef63f97fde3cba8205db7db816a?s=96&d=mm&r=g","caption":"Ferran"},"url":"https:\/\/fundesplai.org\/es\/informa-t\/author\/fvidal\/"}]}},"_links":{"self":[{"href":"https:\/\/fundesplai.org\/es\/wp-json\/wp\/v2\/posts\/47819","targetHints":{"allow":["GET"]}}],"collection":[{"href":"https:\/\/fundesplai.org\/es\/wp-json\/wp\/v2\/posts"}],"about":[{"href":"https:\/\/fundesplai.org\/es\/wp-json\/wp\/v2\/types\/post"}],"author":[{"embeddable":true,"href":"https:\/\/fundesplai.org\/es\/wp-json\/wp\/v2\/users\/4"}],"replies":[{"embeddable":true,"href":"https:\/\/fundesplai.org\/es\/wp-json\/wp\/v2\/comments?post=47819"}],"version-history":[{"count":1,"href":"https:\/\/fundesplai.org\/es\/wp-json\/wp\/v2\/posts\/47819\/revisions"}],"predecessor-version":[{"id":54585,"href":"https:\/\/fundesplai.org\/es\/wp-json\/wp\/v2\/posts\/47819\/revisions\/54585"}],"wp:attachment":[{"href":"https:\/\/fundesplai.org\/es\/wp-json\/wp\/v2\/media?parent=47819"}],"wp:term":[{"taxonomy":"category","embeddable":true,"href":"https:\/\/fundesplai.org\/es\/wp-json\/wp\/v2\/categories?post=47819"},{"taxonomy":"post_tag","embeddable":true,"href":"https:\/\/fundesplai.org\/es\/wp-json\/wp\/v2\/tags?post=47819"}],"curies":[{"name":"wp","href":"https:\/\/api.w.org\/{rel}","templated":true}]}}